{"id":72420,"date":"2026-01-09T08:42:36","date_gmt":"2026-01-09T14:42:36","guid":{"rendered":"https:\/\/www.bbmnoticias.com\/labravaradiofm\/2026\/01\/09\/vinculacion-de-celulares-con-curp-biometrica-2026-que-pasa-si-tengo-un-telefono-de-mi-trabajo\/"},"modified":"2026-01-09T08:42:40","modified_gmt":"2026-01-09T14:42:40","slug":"vinculacion-de-celulares-con-curp-biometrica-2026-que-pasa-si-tengo-un-telefono-de-mi-trabajo","status":"publish","type":"post","link":"https:\/\/www.bbmnoticias.com\/labravaradiofm\/2026\/01\/09\/vinculacion-de-celulares-con-curp-biometrica-2026-que-pasa-si-tengo-un-telefono-de-mi-trabajo\/","title":{"rendered":"Vinculaci\u00f3n de celulares con CURP Biom\u00e9trica 2026, \u00bfqu\u00e9 pasa si tengo un tel\u00e9fono de mi trabajo?"},"content":{"rendered":"<div style=\"margin-top: 0px; margin-bottom: 0px;\" class=\"sharethis-inline-share-buttons\" ><\/div>\n<p>A partir de este <strong>viernes 9 de enero de 2026<\/strong> inicia el registro para vincular la <strong>l\u00ednea de tel\u00e9fonos celulares con la Clave \u00danica de Registro de Poblaci\u00f3n (CURP)<\/strong> certificada o<strong> biom\u00e9trica, <\/strong>como parte de la\u00a0Ley General del Sistema Nacional de Seguridad P\u00fablica. Sin embargo, a\u00fan existen muchas dudas en torno a c\u00f3mo hacerlo, qui\u00e9nes y por qu\u00e9 deben de hacerlo, es por ello que aqu\u00ed te despejaremos una duda sobre las<strong> personas que tienen una l\u00ednea por parte de su empresa.<\/strong><\/p>\n\n\n\n<p>Es importante que sepas que esta medida se debe de realizar para todos aquellos que tienen una l\u00ednea de pre o pospago en telef\u00f3nicas como:<\/p>\n\n\n\n<ul class=\"wp-block-list\">\n<li>Telcel<\/li>\n\n\n\n<li>Bait<\/li>\n\n\n\n<li>Virgin<\/li>\n\n\n\n<li>Movistar<\/li>\n\n\n\n<li>AT&amp;T<\/li>\n<\/ul>\n\n\n\n<figure class=\"wp-block-image\"><img decoding=\"async\" src=\"https:\/\/heraldodemexico.com.mx\/u\/fotografias\/m\/2025\/12\/3\/f768x1-1217802_1217929_5050.jpg\" alt=\"\"\/><figcaption class=\"wp-element-caption\">\u00bfTienes un celular de tu empresa?<br>????<\/figcaption><\/figure>\n\n\n\n<p>La vinculaci\u00f3n de celulares con la CURP del usuario se debe a que la\u00a0Ley General del Sistema Nacional de Seguridad P\u00fablica busca evitar extorsiones, robo de identidad, as\u00ed como clonaci\u00f3n de tarjetas bancarias, por lo que a partir de hoy y hasta el 30 de junio de 2026 es que debes de realizar este tr\u00e1mite de la siguiente manera.<\/p>\n\n\n\n<ul class=\"wp-block-list\">\n<li><strong>Tr\u00e1mite presencial:<\/strong> debes acudir a un Centro de Atenci\u00f3n a Clientes de tu compa\u00f1\u00eda telef\u00f3nica con credencial del INE o pasaporte, tu CURP certificada o biom\u00e9trica y un comprobante de domicilio reciente.<\/li>\n\n\n\n<li><strong>Tr\u00e1mite en l\u00ednea:<\/strong> debes tener a la mano los mismos documentos, pero adem\u00e1s algunas compa\u00f1\u00edas como Telcel, te pedir\u00e1n una fotograf\u00eda tipo selfie como prueba de vida para saber que eres una persona real. S\u00f3lo debes de ir a la p\u00e1gina web oficial de tu compa\u00f1\u00eda e iniciar el tr\u00e1mite al registrarte con un correo electr\u00f3nico.\u00a0<\/li>\n<\/ul>\n\n\n\n<h2 class=\"wp-block-heading\">\u00bfEmpleado o empleado? Qui\u00e9n debe realizar la vinculaci\u00f3n de celular con CURP biom\u00e9trica<\/h2>\n\n\n\n<p>Pero muchas personas tienen una l\u00ednea de tel\u00e9fono proporcionada por su patr\u00f3n, entonces <strong>\u00bfqui\u00e9n debe realizar la vinculaci\u00f3n? \u00bfEl empleado o la empresa? <\/strong>En este caso la empresa debe de realizar el tr\u00e1mite con el Registro Federal de Contribuyentes (RFC) como la persona moral que es, de acuerdo con lo se\u00f1alado por la&nbsp;Comisi\u00f3n Reguladora de Telecomunicaciones (CRT).<\/p>\n\n\n\n<p>Recuerda que debes de realizar esta vi<strong>nculaci\u00f3n a m\u00e1s tardar el 29 de junio pr\u00f3ximo<\/strong>, pues de lo contrario te quedar\u00e1s sin l\u00ednea de celular.<\/p>\n","protected":false},"excerpt":{"rendered":"<p>A partir de este viernes 9 de enero de 2026 inicia el registro para vincular la l\u00ednea de tel\u00e9fonos celulares con la Clave \u00danica de Registro de Poblaci\u00f3n (CURP) certificada o biom\u00e9trica, como parte de la\u00a0Ley General del Sistema Nacional de Seguridad P\u00fablica. Sin embargo, a\u00fan existen muchas dudas en torno a c\u00f3mo hacerlo, qui\u00e9nes [&hellip;]<\/p>\n","protected":false},"author":4,"featured_media":72422,"comment_status":"closed","ping_status":"","sticky":false,"template":"","format":"standard","meta":{"footnotes":""},"categories":[2,19],"tags":[],"class_list":{"0":"post-72420","1":"post","2":"type-post","3":"status-publish","4":"format-standard","5":"has-post-thumbnail","7":"category-oaxaca","8":"category-nacional"},"yoast_head":"<!-- This site is optimized with the Yoast SEO plugin v27.4 - https:\/\/yoast.com\/product\/yoast-seo-wordpress\/ -->\n<title>Vinculaci\u00f3n de celulares con CURP Biom\u00e9trica 2026, \u00bfqu\u00e9 pasa si tengo un tel\u00e9fono de mi trabajo? - LA BRAVA RADIO<\/title>\n<meta name=\"robots\" content=\"index, follow, max-snippet:-1, max-image-preview:large, max-video-preview:-1\" \/>\n<link rel=\"canonical\" href=\"https:\/\/www.bbmnoticias.com\/vinculacion-de-celulares-con-curp-biometrica-2026-que-pasa-si-tengo-un-telefono-de-mi-trabajo\/\" \/>\n<meta property=\"og:locale\" content=\"es_MX\" \/>\n<meta property=\"og:type\" content=\"article\" \/>\n<meta property=\"og:title\" content=\"Vinculaci\u00f3n de celulares con CURP Biom\u00e9trica 2026, \u00bfqu\u00e9 pasa si tengo un tel\u00e9fono de mi trabajo? - LA BRAVA RADIO\" \/>\n<meta property=\"og:description\" content=\"A partir de este viernes 9 de enero de 2026 inicia el registro para vincular la l\u00ednea de tel\u00e9fonos celulares con la Clave \u00danica de Registro de Poblaci\u00f3n (CURP) certificada o biom\u00e9trica, como parte de la\u00a0Ley General del Sistema Nacional de Seguridad P\u00fablica. Sin embargo, a\u00fan existen muchas dudas en torno a c\u00f3mo hacerlo, qui\u00e9nes [&hellip;]\" \/>\n<meta property=\"og:url\" content=\"https:\/\/www.bbmnoticias.com\/vinculacion-de-celulares-con-curp-biometrica-2026-que-pasa-si-tengo-un-telefono-de-mi-trabajo\/\" \/>\n<meta property=\"og:site_name\" content=\"LA BRAVA RADIO\" \/>\n<meta property=\"article:published_time\" content=\"2026-01-09T14:42:36+00:00\" \/>\n<meta property=\"article:modified_time\" content=\"2026-01-09T14:42:40+00:00\" \/>\n<meta property=\"og:image\" content=\"https:\/\/www.bbmnoticias.com\/labravaradiofm\/wp-content\/uploads\/sites\/5\/2026\/01\/celular_trabajo.jpg\" \/>\n\t<meta property=\"og:image:width\" content=\"848\" \/>\n\t<meta property=\"og:image:height\" content=\"477\" \/>\n\t<meta property=\"og:image:type\" content=\"image\/jpeg\" \/>\n<meta name=\"author\" content=\"Agencias\" \/>\n<meta name=\"twitter:card\" content=\"summary_large_image\" \/>\n<meta name=\"twitter:label1\" content=\"Escrito por\" \/>\n\t<meta name=\"twitter:data1\" content=\"Agencias\" \/>\n\t<meta name=\"twitter:label2\" content=\"Tiempo de lectura\" \/>\n\t<meta name=\"twitter:data2\" content=\"2 minutos\" \/>\n<script type=\"application\/ld+json\" class=\"yoast-schema-graph\">{\"@context\":\"https:\\\/\\\/schema.org\",\"@graph\":[{\"@type\":\"Article\",\"@id\":\"https:\\\/\\\/www.bbmnoticias.com\\\/vinculacion-de-celulares-con-curp-biometrica-2026-que-pasa-si-tengo-un-telefono-de-mi-trabajo\\\/#article\",\"isPartOf\":{\"@id\":\"https:\\\/\\\/www.bbmnoticias.com\\\/labravaradiofm\\\/2026\\\/01\\\/09\\\/vinculacion-de-celulares-con-curp-biometrica-2026-que-pasa-si-tengo-un-telefono-de-mi-trabajo\\\/\"},\"author\":{\"name\":\"Agencias\",\"@id\":\"https:\\\/\\\/www.bbmnoticias.com\\\/labravaradiofm\\\/#\\\/schema\\\/person\\\/000bdaf0a8fb5bff0d537c4d0778e33f\"},\"headline\":\"Vinculaci\u00f3n de celulares con CURP Biom\u00e9trica 2026, \u00bfqu\u00e9 pasa si tengo un tel\u00e9fono de mi trabajo?\",\"datePublished\":\"2026-01-09T14:42:36+00:00\",\"dateModified\":\"2026-01-09T14:42:40+00:00\",\"mainEntityOfPage\":{\"@id\":\"https:\\\/\\\/www.bbmnoticias.com\\\/labravaradiofm\\\/2026\\\/01\\\/09\\\/vinculacion-de-celulares-con-curp-biometrica-2026-que-pasa-si-tengo-un-telefono-de-mi-trabajo\\\/\"},\"wordCount\":426,\"image\":{\"@id\":\"https:\\\/\\\/www.bbmnoticias.com\\\/vinculacion-de-celulares-con-curp-biometrica-2026-que-pasa-si-tengo-un-telefono-de-mi-trabajo\\\/#primaryimage\"},\"thumbnailUrl\":\"https:\\\/\\\/www.bbmnoticias.com\\\/labravaradiofm\\\/wp-content\\\/uploads\\\/sites\\\/5\\\/2026\\\/01\\\/celular_trabajo.jpg\",\"articleSection\":[\"LOCAL\",\"NACIONAL\"],\"inLanguage\":\"es\"},{\"@type\":\"WebPage\",\"@id\":\"https:\\\/\\\/www.bbmnoticias.com\\\/labravaradiofm\\\/2026\\\/01\\\/09\\\/vinculacion-de-celulares-con-curp-biometrica-2026-que-pasa-si-tengo-un-telefono-de-mi-trabajo\\\/\",\"url\":\"https:\\\/\\\/www.bbmnoticias.com\\\/vinculacion-de-celulares-con-curp-biometrica-2026-que-pasa-si-tengo-un-telefono-de-mi-trabajo\\\/\",\"name\":\"Vinculaci\u00f3n de celulares con CURP Biom\u00e9trica 2026, \u00bfqu\u00e9 pasa si tengo un tel\u00e9fono de mi trabajo? - LA BRAVA RADIO\",\"isPartOf\":{\"@id\":\"https:\\\/\\\/www.bbmnoticias.com\\\/labravaradiofm\\\/#website\"},\"primaryImageOfPage\":{\"@id\":\"https:\\\/\\\/www.bbmnoticias.com\\\/vinculacion-de-celulares-con-curp-biometrica-2026-que-pasa-si-tengo-un-telefono-de-mi-trabajo\\\/#primaryimage\"},\"image\":{\"@id\":\"https:\\\/\\\/www.bbmnoticias.com\\\/vinculacion-de-celulares-con-curp-biometrica-2026-que-pasa-si-tengo-un-telefono-de-mi-trabajo\\\/#primaryimage\"},\"thumbnailUrl\":\"https:\\\/\\\/www.bbmnoticias.com\\\/labravaradiofm\\\/wp-content\\\/uploads\\\/sites\\\/5\\\/2026\\\/01\\\/celular_trabajo.jpg\",\"datePublished\":\"2026-01-09T14:42:36+00:00\",\"dateModified\":\"2026-01-09T14:42:40+00:00\",\"author\":{\"@id\":\"https:\\\/\\\/www.bbmnoticias.com\\\/labravaradiofm\\\/#\\\/schema\\\/person\\\/000bdaf0a8fb5bff0d537c4d0778e33f\"},\"breadcrumb\":{\"@id\":\"https:\\\/\\\/www.bbmnoticias.com\\\/vinculacion-de-celulares-con-curp-biometrica-2026-que-pasa-si-tengo-un-telefono-de-mi-trabajo\\\/#breadcrumb\"},\"inLanguage\":\"es\",\"potentialAction\":[{\"@type\":\"ReadAction\",\"target\":[\"https:\\\/\\\/www.bbmnoticias.com\\\/vinculacion-de-celulares-con-curp-biometrica-2026-que-pasa-si-tengo-un-telefono-de-mi-trabajo\\\/\"]}]},{\"@type\":\"ImageObject\",\"inLanguage\":\"es\",\"@id\":\"https:\\\/\\\/www.bbmnoticias.com\\\/vinculacion-de-celulares-con-curp-biometrica-2026-que-pasa-si-tengo-un-telefono-de-mi-trabajo\\\/#primaryimage\",\"url\":\"https:\\\/\\\/www.bbmnoticias.com\\\/labravaradiofm\\\/wp-content\\\/uploads\\\/sites\\\/5\\\/2026\\\/01\\\/celular_trabajo.jpg\",\"contentUrl\":\"https:\\\/\\\/www.bbmnoticias.com\\\/labravaradiofm\\\/wp-content\\\/uploads\\\/sites\\\/5\\\/2026\\\/01\\\/celular_trabajo.jpg\",\"width\":848,\"height\":477},{\"@type\":\"BreadcrumbList\",\"@id\":\"https:\\\/\\\/www.bbmnoticias.com\\\/vinculacion-de-celulares-con-curp-biometrica-2026-que-pasa-si-tengo-un-telefono-de-mi-trabajo\\\/#breadcrumb\",\"itemListElement\":[{\"@type\":\"ListItem\",\"position\":1,\"name\":\"Inicio\",\"item\":\"https:\\\/\\\/www.bbmnoticias.com\\\/labravaradiofm\\\/\"},{\"@type\":\"ListItem\",\"position\":2,\"name\":\"Vinculaci\u00f3n de celulares con CURP Biom\u00e9trica 2026, \u00bfqu\u00e9 pasa si tengo un tel\u00e9fono de mi trabajo?\"}]},{\"@type\":\"WebSite\",\"@id\":\"https:\\\/\\\/www.bbmnoticias.com\\\/labravaradiofm\\\/#website\",\"url\":\"https:\\\/\\\/www.bbmnoticias.com\\\/labravaradiofm\\\/\",\"name\":\"LA BRAVA RADIO\",\"description\":\"Empresa productora de medios, Radiodifusi\u00f3n, Noticias, tendencias y todo lo que necesitas saber de la pol\u00edtica mexicana e internacional; entretenimiento, espect\u00e1culos, salud y mucho m\u00e1s.\",\"potentialAction\":[{\"@type\":\"SearchAction\",\"target\":{\"@type\":\"EntryPoint\",\"urlTemplate\":\"https:\\\/\\\/www.bbmnoticias.com\\\/labravaradiofm\\\/?s={search_term_string}\"},\"query-input\":{\"@type\":\"PropertyValueSpecification\",\"valueRequired\":true,\"valueName\":\"search_term_string\"}}],\"inLanguage\":\"es\"},{\"@type\":\"Person\",\"@id\":\"https:\\\/\\\/www.bbmnoticias.com\\\/labravaradiofm\\\/#\\\/schema\\\/person\\\/000bdaf0a8fb5bff0d537c4d0778e33f\",\"name\":\"Agencias\",\"image\":{\"@type\":\"ImageObject\",\"inLanguage\":\"es\",\"@id\":\"https:\\\/\\\/secure.gravatar.com\\\/avatar\\\/739e0b61adf9e398b425c36718c8752286da0e8cd90f20ce9a86678abc26aa0d?s=96&d=mm&r=g\",\"url\":\"https:\\\/\\\/secure.gravatar.com\\\/avatar\\\/739e0b61adf9e398b425c36718c8752286da0e8cd90f20ce9a86678abc26aa0d?s=96&d=mm&r=g\",\"contentUrl\":\"https:\\\/\\\/secure.gravatar.com\\\/avatar\\\/739e0b61adf9e398b425c36718c8752286da0e8cd90f20ce9a86678abc26aa0d?s=96&d=mm&r=g\",\"caption\":\"Agencias\"},\"url\":\"https:\\\/\\\/www.bbmnoticias.com\\\/labravaradiofm\\\/author\\\/agencias\\\/\"}]}<\/script>\n<!-- \/ Yoast SEO plugin. -->","yoast_head_json":{"title":"Vinculaci\u00f3n de celulares con CURP Biom\u00e9trica 2026, \u00bfqu\u00e9 pasa si tengo un tel\u00e9fono de mi trabajo? - LA BRAVA RADIO","robots":{"index":"index","follow":"follow","max-snippet":"max-snippet:-1","max-image-preview":"max-image-preview:large","max-video-preview":"max-video-preview:-1"},"canonical":"https:\/\/www.bbmnoticias.com\/vinculacion-de-celulares-con-curp-biometrica-2026-que-pasa-si-tengo-un-telefono-de-mi-trabajo\/","og_locale":"es_MX","og_type":"article","og_title":"Vinculaci\u00f3n de celulares con CURP Biom\u00e9trica 2026, \u00bfqu\u00e9 pasa si tengo un tel\u00e9fono de mi trabajo? - LA BRAVA RADIO","og_description":"A partir de este viernes 9 de enero de 2026 inicia el registro para vincular la l\u00ednea de tel\u00e9fonos celulares con la Clave \u00danica de Registro de Poblaci\u00f3n (CURP) certificada o biom\u00e9trica, como parte de la\u00a0Ley General del Sistema Nacional de Seguridad P\u00fablica. Sin embargo, a\u00fan existen muchas dudas en torno a c\u00f3mo hacerlo, qui\u00e9nes [&hellip;]","og_url":"https:\/\/www.bbmnoticias.com\/vinculacion-de-celulares-con-curp-biometrica-2026-que-pasa-si-tengo-un-telefono-de-mi-trabajo\/","og_site_name":"LA BRAVA RADIO","article_published_time":"2026-01-09T14:42:36+00:00","article_modified_time":"2026-01-09T14:42:40+00:00","og_image":[{"width":848,"height":477,"url":"https:\/\/www.bbmnoticias.com\/labravaradiofm\/wp-content\/uploads\/sites\/5\/2026\/01\/celular_trabajo.jpg","type":"image\/jpeg"}],"author":"Agencias","twitter_card":"summary_large_image","twitter_misc":{"Escrito por":"Agencias","Tiempo de lectura":"2 minutos"},"schema":{"@context":"https:\/\/schema.org","@graph":[{"@type":"Article","@id":"https:\/\/www.bbmnoticias.com\/vinculacion-de-celulares-con-curp-biometrica-2026-que-pasa-si-tengo-un-telefono-de-mi-trabajo\/#article","isPartOf":{"@id":"https:\/\/www.bbmnoticias.com\/labravaradiofm\/2026\/01\/09\/vinculacion-de-celulares-con-curp-biometrica-2026-que-pasa-si-tengo-un-telefono-de-mi-trabajo\/"},"author":{"name":"Agencias","@id":"https:\/\/www.bbmnoticias.com\/labravaradiofm\/#\/schema\/person\/000bdaf0a8fb5bff0d537c4d0778e33f"},"headline":"Vinculaci\u00f3n de celulares con CURP Biom\u00e9trica 2026, \u00bfqu\u00e9 pasa si tengo un tel\u00e9fono de mi trabajo?","datePublished":"2026-01-09T14:42:36+00:00","dateModified":"2026-01-09T14:42:40+00:00","mainEntityOfPage":{"@id":"https:\/\/www.bbmnoticias.com\/labravaradiofm\/2026\/01\/09\/vinculacion-de-celulares-con-curp-biometrica-2026-que-pasa-si-tengo-un-telefono-de-mi-trabajo\/"},"wordCount":426,"image":{"@id":"https:\/\/www.bbmnoticias.com\/vinculacion-de-celulares-con-curp-biometrica-2026-que-pasa-si-tengo-un-telefono-de-mi-trabajo\/#primaryimage"},"thumbnailUrl":"https:\/\/www.bbmnoticias.com\/labravaradiofm\/wp-content\/uploads\/sites\/5\/2026\/01\/celular_trabajo.jpg","articleSection":["LOCAL","NACIONAL"],"inLanguage":"es"},{"@type":"WebPage","@id":"https:\/\/www.bbmnoticias.com\/labravaradiofm\/2026\/01\/09\/vinculacion-de-celulares-con-curp-biometrica-2026-que-pasa-si-tengo-un-telefono-de-mi-trabajo\/","url":"https:\/\/www.bbmnoticias.com\/vinculacion-de-celulares-con-curp-biometrica-2026-que-pasa-si-tengo-un-telefono-de-mi-trabajo\/","name":"Vinculaci\u00f3n de celulares con CURP Biom\u00e9trica 2026, \u00bfqu\u00e9 pasa si tengo un tel\u00e9fono de mi trabajo? - LA BRAVA RADIO","isPartOf":{"@id":"https:\/\/www.bbmnoticias.com\/labravaradiofm\/#website"},"primaryImageOfPage":{"@id":"https:\/\/www.bbmnoticias.com\/vinculacion-de-celulares-con-curp-biometrica-2026-que-pasa-si-tengo-un-telefono-de-mi-trabajo\/#primaryimage"},"image":{"@id":"https:\/\/www.bbmnoticias.com\/vinculacion-de-celulares-con-curp-biometrica-2026-que-pasa-si-tengo-un-telefono-de-mi-trabajo\/#primaryimage"},"thumbnailUrl":"https:\/\/www.bbmnoticias.com\/labravaradiofm\/wp-content\/uploads\/sites\/5\/2026\/01\/celular_trabajo.jpg","datePublished":"2026-01-09T14:42:36+00:00","dateModified":"2026-01-09T14:42:40+00:00","author":{"@id":"https:\/\/www.bbmnoticias.com\/labravaradiofm\/#\/schema\/person\/000bdaf0a8fb5bff0d537c4d0778e33f"},"breadcrumb":{"@id":"https:\/\/www.bbmnoticias.com\/vinculacion-de-celulares-con-curp-biometrica-2026-que-pasa-si-tengo-un-telefono-de-mi-trabajo\/#breadcrumb"},"inLanguage":"es","potentialAction":[{"@type":"ReadAction","target":["https:\/\/www.bbmnoticias.com\/vinculacion-de-celulares-con-curp-biometrica-2026-que-pasa-si-tengo-un-telefono-de-mi-trabajo\/"]}]},{"@type":"ImageObject","inLanguage":"es","@id":"https:\/\/www.bbmnoticias.com\/vinculacion-de-celulares-con-curp-biometrica-2026-que-pasa-si-tengo-un-telefono-de-mi-trabajo\/#primaryimage","url":"https:\/\/www.bbmnoticias.com\/labravaradiofm\/wp-content\/uploads\/sites\/5\/2026\/01\/celular_trabajo.jpg","contentUrl":"https:\/\/www.bbmnoticias.com\/labravaradiofm\/wp-content\/uploads\/sites\/5\/2026\/01\/celular_trabajo.jpg","width":848,"height":477},{"@type":"BreadcrumbList","@id":"https:\/\/www.bbmnoticias.com\/vinculacion-de-celulares-con-curp-biometrica-2026-que-pasa-si-tengo-un-telefono-de-mi-trabajo\/#breadcrumb","itemListElement":[{"@type":"ListItem","position":1,"name":"Inicio","item":"https:\/\/www.bbmnoticias.com\/labravaradiofm\/"},{"@type":"ListItem","position":2,"name":"Vinculaci\u00f3n de celulares con CURP Biom\u00e9trica 2026, \u00bfqu\u00e9 pasa si tengo un tel\u00e9fono de mi trabajo?"}]},{"@type":"WebSite","@id":"https:\/\/www.bbmnoticias.com\/labravaradiofm\/#website","url":"https:\/\/www.bbmnoticias.com\/labravaradiofm\/","name":"LA BRAVA RADIO","description":"Empresa productora de medios, Radiodifusi\u00f3n, Noticias, tendencias y todo lo que necesitas saber de la pol\u00edtica mexicana e internacional; entretenimiento, espect\u00e1culos, salud y mucho m\u00e1s.","potentialAction":[{"@type":"SearchAction","target":{"@type":"EntryPoint","urlTemplate":"https:\/\/www.bbmnoticias.com\/labravaradiofm\/?s={search_term_string}"},"query-input":{"@type":"PropertyValueSpecification","valueRequired":true,"valueName":"search_term_string"}}],"inLanguage":"es"},{"@type":"Person","@id":"https:\/\/www.bbmnoticias.com\/labravaradiofm\/#\/schema\/person\/000bdaf0a8fb5bff0d537c4d0778e33f","name":"Agencias","image":{"@type":"ImageObject","inLanguage":"es","@id":"https:\/\/secure.gravatar.com\/avatar\/739e0b61adf9e398b425c36718c8752286da0e8cd90f20ce9a86678abc26aa0d?s=96&d=mm&r=g","url":"https:\/\/secure.gravatar.com\/avatar\/739e0b61adf9e398b425c36718c8752286da0e8cd90f20ce9a86678abc26aa0d?s=96&d=mm&r=g","contentUrl":"https:\/\/secure.gravatar.com\/avatar\/739e0b61adf9e398b425c36718c8752286da0e8cd90f20ce9a86678abc26aa0d?s=96&d=mm&r=g","caption":"Agencias"},"url":"https:\/\/www.bbmnoticias.com\/labravaradiofm\/author\/agencias\/"}]}},"_links":{"self":[{"href":"https:\/\/www.bbmnoticias.com\/labravaradiofm\/wp-json\/wp\/v2\/posts\/72420","targetHints":{"allow":["GET"]}}],"collection":[{"href":"https:\/\/www.bbmnoticias.com\/labravaradiofm\/wp-json\/wp\/v2\/posts"}],"about":[{"href":"https:\/\/www.bbmnoticias.com\/labravaradiofm\/wp-json\/wp\/v2\/types\/post"}],"author":[{"embeddable":true,"href":"https:\/\/www.bbmnoticias.com\/labravaradiofm\/wp-json\/wp\/v2\/users\/4"}],"replies":[{"embeddable":true,"href":"https:\/\/www.bbmnoticias.com\/labravaradiofm\/wp-json\/wp\/v2\/comments?post=72420"}],"version-history":[{"count":0,"href":"https:\/\/www.bbmnoticias.com\/labravaradiofm\/wp-json\/wp\/v2\/posts\/72420\/revisions"}],"wp:featuredmedia":[{"embeddable":true,"href":"https:\/\/www.bbmnoticias.com\/labravaradiofm\/wp-json\/wp\/v2\/media\/72422"}],"wp:attachment":[{"href":"https:\/\/www.bbmnoticias.com\/labravaradiofm\/wp-json\/wp\/v2\/media?parent=72420"}],"wp:term":[{"taxonomy":"category","embeddable":true,"href":"https:\/\/www.bbmnoticias.com\/labravaradiofm\/wp-json\/wp\/v2\/categories?post=72420"},{"taxonomy":"post_tag","embeddable":true,"href":"https:\/\/www.bbmnoticias.com\/labravaradiofm\/wp-json\/wp\/v2\/tags?post=72420"}],"curies":[{"name":"wp","href":"https:\/\/api.w.org\/{rel}","templated":true}]}}