{"id":72374,"date":"2026-01-08T10:03:17","date_gmt":"2026-01-08T16:03:17","guid":{"rendered":"https:\/\/www.bbmnoticias.com\/labravaradiofm\/2026\/01\/08\/fuco-se-reporta-listo-para-ratificar-mandato-del-gobernador-salomon-jara\/"},"modified":"2026-01-08T10:03:27","modified_gmt":"2026-01-08T16:03:27","slug":"fuco-se-reporta-listo-para-ratificar-mandato-del-gobernador-salomon-jara","status":"publish","type":"post","link":"https:\/\/www.bbmnoticias.com\/labravaradiofm\/2026\/01\/08\/fuco-se-reporta-listo-para-ratificar-mandato-del-gobernador-salomon-jara\/","title":{"rendered":"Fuco se reporta listo para ratificar mandato del gobernador Salom\u00f3n Jara"},"content":{"rendered":"<div style=\"margin-top: 0px; margin-bottom: 0px;\" class=\"sharethis-inline-share-buttons\" ><\/div>\n<p>Militantes del Frente Unido de Comunidades Oaxaque\u00f1as, (FUCO), se reportaron listos para participar activamente en el proceso de ratificaci\u00f3n de mandato del gobernador Salom\u00f3n Jara Cruz.<\/p>\n\n\n\n<p>Al respecto, el Presidente estatal de la organizaci\u00f3n Pedro Bladimir V\u00e1squez L\u00f3pez #ChepeFuco, se\u00f1al\u00f3 que las y los militantes de Fuco, organizaci\u00f3n social que tiene presencia en todo el estado, est\u00e1n preparados para salir a las calles y ratificar el voto a favor de la Primavera Oaxaque\u00f1a.<\/p>\n\n\n\n<p>Indic\u00f3 que guiados por el senador de la Rep\u00fablica Antonino Morales Toledo, los agremiados de Fuco, est\u00e1n atentos para participar en las ocho regiones, siempre firmes y leales con los valores y principios de la Cuarta Transformaci\u00f3n y siempre apoyando al ingeniero Salom\u00f3n Jara Cruz y toda la administraci\u00f3n estatal.<\/p>\n\n\n\n<p>&#8220;Con nuestro gran amigo Nino Morales, senador de la Rep\u00fablica, nos estamos organizando a trav\u00e9s de asambleas informativas para apoyar al ingeniero Salom\u00f3n Jara Cruz, porque la Primavera Oaxaque\u00f1a es el camino de la transformaci\u00f3n&#8221;, afirm\u00f3 V\u00e1squez L\u00f3pez.<\/p>\n\n\n\n<p>El Presidente estatal hizo un llamado a las y los militantes del Frente Unido para estar atentos a las indicaciones que se detallan a trav\u00e9s de las asambleas informativas y salir a ratificar con \u00e1nimo de fiesta democr\u00e1tica, el gobierno del ingeniero Salom\u00f3n Jara Cruz.<\/p>\n","protected":false},"excerpt":{"rendered":"<p>Militantes del Frente Unido de Comunidades Oaxaque\u00f1as, (FUCO), se reportaron listos para participar activamente en el proceso de ratificaci\u00f3n de mandato del gobernador Salom\u00f3n Jara Cruz. Al respecto, el Presidente estatal de la organizaci\u00f3n Pedro Bladimir V\u00e1squez L\u00f3pez #ChepeFuco, se\u00f1al\u00f3 que las y los militantes de Fuco, organizaci\u00f3n social que tiene presencia en todo el [&hellip;]<\/p>\n","protected":false},"author":2,"featured_media":72376,"comment_status":"closed","ping_status":"","sticky":false,"template":"","format":"standard","meta":{"footnotes":""},"categories":[2],"tags":[],"class_list":{"0":"post-72374","1":"post","2":"type-post","3":"status-publish","4":"format-standard","5":"has-post-thumbnail","7":"category-oaxaca"},"yoast_head":"<!-- This site is optimized with the Yoast SEO plugin v27.4 - https:\/\/yoast.com\/product\/yoast-seo-wordpress\/ -->\n<title>Fuco se reporta listo para ratificar mandato del gobernador Salom\u00f3n Jara - LA BRAVA RADIO<\/title>\n<meta name=\"robots\" content=\"index, follow, max-snippet:-1, max-image-preview:large, max-video-preview:-1\" \/>\n<link rel=\"canonical\" href=\"https:\/\/www.bbmnoticias.com\/fuco-se-reporta-listo-para-ratificar-mandato-del-gobernador-salomon-jara\/\" \/>\n<meta property=\"og:locale\" content=\"es_MX\" \/>\n<meta property=\"og:type\" content=\"article\" \/>\n<meta property=\"og:title\" content=\"Fuco se reporta listo para ratificar mandato del gobernador Salom\u00f3n Jara - LA BRAVA RADIO\" \/>\n<meta property=\"og:description\" content=\"Militantes del Frente Unido de Comunidades Oaxaque\u00f1as, (FUCO), se reportaron listos para participar activamente en el proceso de ratificaci\u00f3n de mandato del gobernador Salom\u00f3n Jara Cruz. Al respecto, el Presidente estatal de la organizaci\u00f3n Pedro Bladimir V\u00e1squez L\u00f3pez #ChepeFuco, se\u00f1al\u00f3 que las y los militantes de Fuco, organizaci\u00f3n social que tiene presencia en todo el [&hellip;]\" \/>\n<meta property=\"og:url\" content=\"https:\/\/www.bbmnoticias.com\/fuco-se-reporta-listo-para-ratificar-mandato-del-gobernador-salomon-jara\/\" \/>\n<meta property=\"og:site_name\" content=\"LA BRAVA RADIO\" \/>\n<meta property=\"article:published_time\" content=\"2026-01-08T16:03:17+00:00\" \/>\n<meta property=\"article:modified_time\" content=\"2026-01-08T16:03:27+00:00\" \/>\n<meta property=\"og:image\" content=\"https:\/\/www.bbmnoticias.com\/labravaradiofm\/wp-content\/uploads\/sites\/5\/2026\/01\/fuco_oaxaca.jpg\" \/>\n\t<meta property=\"og:image:width\" content=\"1280\" \/>\n\t<meta property=\"og:image:height\" content=\"720\" \/>\n\t<meta property=\"og:image:type\" content=\"image\/jpeg\" \/>\n<meta name=\"author\" content=\"Staff\" \/>\n<meta name=\"twitter:card\" content=\"summary_large_image\" \/>\n<meta name=\"twitter:label1\" content=\"Escrito por\" \/>\n\t<meta name=\"twitter:data1\" content=\"Staff\" \/>\n\t<meta name=\"twitter:label2\" content=\"Tiempo de lectura\" \/>\n\t<meta name=\"twitter:data2\" content=\"1 minuto\" \/>\n<script type=\"application\/ld+json\" class=\"yoast-schema-graph\">{\"@context\":\"https:\\\/\\\/schema.org\",\"@graph\":[{\"@type\":\"Article\",\"@id\":\"https:\\\/\\\/www.bbmnoticias.com\\\/fuco-se-reporta-listo-para-ratificar-mandato-del-gobernador-salomon-jara\\\/#article\",\"isPartOf\":{\"@id\":\"https:\\\/\\\/www.bbmnoticias.com\\\/labravaradiofm\\\/2026\\\/01\\\/08\\\/fuco-se-reporta-listo-para-ratificar-mandato-del-gobernador-salomon-jara\\\/\"},\"author\":{\"name\":\"Staff\",\"@id\":\"https:\\\/\\\/www.bbmnoticias.com\\\/labravaradiofm\\\/#\\\/schema\\\/person\\\/68a9e9036ef3c5b55aeb2b71dc8bab45\"},\"headline\":\"Fuco se reporta listo para ratificar mandato del gobernador Salom\u00f3n Jara\",\"datePublished\":\"2026-01-08T16:03:17+00:00\",\"dateModified\":\"2026-01-08T16:03:27+00:00\",\"mainEntityOfPage\":{\"@id\":\"https:\\\/\\\/www.bbmnoticias.com\\\/labravaradiofm\\\/2026\\\/01\\\/08\\\/fuco-se-reporta-listo-para-ratificar-mandato-del-gobernador-salomon-jara\\\/\"},\"wordCount\":243,\"image\":{\"@id\":\"https:\\\/\\\/www.bbmnoticias.com\\\/fuco-se-reporta-listo-para-ratificar-mandato-del-gobernador-salomon-jara\\\/#primaryimage\"},\"thumbnailUrl\":\"https:\\\/\\\/www.bbmnoticias.com\\\/labravaradiofm\\\/wp-content\\\/uploads\\\/sites\\\/5\\\/2026\\\/01\\\/fuco_oaxaca.jpg\",\"articleSection\":[\"LOCAL\"],\"inLanguage\":\"es\"},{\"@type\":\"WebPage\",\"@id\":\"https:\\\/\\\/www.bbmnoticias.com\\\/labravaradiofm\\\/2026\\\/01\\\/08\\\/fuco-se-reporta-listo-para-ratificar-mandato-del-gobernador-salomon-jara\\\/\",\"url\":\"https:\\\/\\\/www.bbmnoticias.com\\\/fuco-se-reporta-listo-para-ratificar-mandato-del-gobernador-salomon-jara\\\/\",\"name\":\"Fuco se reporta listo para ratificar mandato del gobernador Salom\u00f3n Jara - LA BRAVA RADIO\",\"isPartOf\":{\"@id\":\"https:\\\/\\\/www.bbmnoticias.com\\\/labravaradiofm\\\/#website\"},\"primaryImageOfPage\":{\"@id\":\"https:\\\/\\\/www.bbmnoticias.com\\\/fuco-se-reporta-listo-para-ratificar-mandato-del-gobernador-salomon-jara\\\/#primaryimage\"},\"image\":{\"@id\":\"https:\\\/\\\/www.bbmnoticias.com\\\/fuco-se-reporta-listo-para-ratificar-mandato-del-gobernador-salomon-jara\\\/#primaryimage\"},\"thumbnailUrl\":\"https:\\\/\\\/www.bbmnoticias.com\\\/labravaradiofm\\\/wp-content\\\/uploads\\\/sites\\\/5\\\/2026\\\/01\\\/fuco_oaxaca.jpg\",\"datePublished\":\"2026-01-08T16:03:17+00:00\",\"dateModified\":\"2026-01-08T16:03:27+00:00\",\"author\":{\"@id\":\"https:\\\/\\\/www.bbmnoticias.com\\\/labravaradiofm\\\/#\\\/schema\\\/person\\\/68a9e9036ef3c5b55aeb2b71dc8bab45\"},\"breadcrumb\":{\"@id\":\"https:\\\/\\\/www.bbmnoticias.com\\\/fuco-se-reporta-listo-para-ratificar-mandato-del-gobernador-salomon-jara\\\/#breadcrumb\"},\"inLanguage\":\"es\",\"potentialAction\":[{\"@type\":\"ReadAction\",\"target\":[\"https:\\\/\\\/www.bbmnoticias.com\\\/fuco-se-reporta-listo-para-ratificar-mandato-del-gobernador-salomon-jara\\\/\"]}]},{\"@type\":\"ImageObject\",\"inLanguage\":\"es\",\"@id\":\"https:\\\/\\\/www.bbmnoticias.com\\\/fuco-se-reporta-listo-para-ratificar-mandato-del-gobernador-salomon-jara\\\/#primaryimage\",\"url\":\"https:\\\/\\\/www.bbmnoticias.com\\\/labravaradiofm\\\/wp-content\\\/uploads\\\/sites\\\/5\\\/2026\\\/01\\\/fuco_oaxaca.jpg\",\"contentUrl\":\"https:\\\/\\\/www.bbmnoticias.com\\\/labravaradiofm\\\/wp-content\\\/uploads\\\/sites\\\/5\\\/2026\\\/01\\\/fuco_oaxaca.jpg\",\"width\":1280,\"height\":720},{\"@type\":\"BreadcrumbList\",\"@id\":\"https:\\\/\\\/www.bbmnoticias.com\\\/fuco-se-reporta-listo-para-ratificar-mandato-del-gobernador-salomon-jara\\\/#breadcrumb\",\"itemListElement\":[{\"@type\":\"ListItem\",\"position\":1,\"name\":\"Inicio\",\"item\":\"https:\\\/\\\/www.bbmnoticias.com\\\/labravaradiofm\\\/\"},{\"@type\":\"ListItem\",\"position\":2,\"name\":\"Fuco se reporta listo para ratificar mandato del gobernador Salom\u00f3n Jara\"}]},{\"@type\":\"WebSite\",\"@id\":\"https:\\\/\\\/www.bbmnoticias.com\\\/labravaradiofm\\\/#website\",\"url\":\"https:\\\/\\\/www.bbmnoticias.com\\\/labravaradiofm\\\/\",\"name\":\"LA BRAVA RADIO\",\"description\":\"Empresa productora de medios, Radiodifusi\u00f3n, Noticias, tendencias y todo lo que necesitas saber de la pol\u00edtica mexicana e internacional; entretenimiento, espect\u00e1culos, salud y mucho m\u00e1s.\",\"potentialAction\":[{\"@type\":\"SearchAction\",\"target\":{\"@type\":\"EntryPoint\",\"urlTemplate\":\"https:\\\/\\\/www.bbmnoticias.com\\\/labravaradiofm\\\/?s={search_term_string}\"},\"query-input\":{\"@type\":\"PropertyValueSpecification\",\"valueRequired\":true,\"valueName\":\"search_term_string\"}}],\"inLanguage\":\"es\"},{\"@type\":\"Person\",\"@id\":\"https:\\\/\\\/www.bbmnoticias.com\\\/labravaradiofm\\\/#\\\/schema\\\/person\\\/68a9e9036ef3c5b55aeb2b71dc8bab45\",\"name\":\"Staff\",\"image\":{\"@type\":\"ImageObject\",\"inLanguage\":\"es\",\"@id\":\"https:\\\/\\\/secure.gravatar.com\\\/avatar\\\/fdd21ad66fd8b98c407f9dee5b5e588cfe7f0d8579ec20fa6527cd59bab7f0f0?s=96&d=mm&r=g\",\"url\":\"https:\\\/\\\/secure.gravatar.com\\\/avatar\\\/fdd21ad66fd8b98c407f9dee5b5e588cfe7f0d8579ec20fa6527cd59bab7f0f0?s=96&d=mm&r=g\",\"contentUrl\":\"https:\\\/\\\/secure.gravatar.com\\\/avatar\\\/fdd21ad66fd8b98c407f9dee5b5e588cfe7f0d8579ec20fa6527cd59bab7f0f0?s=96&d=mm&r=g\",\"caption\":\"Staff\"},\"url\":\"https:\\\/\\\/www.bbmnoticias.com\\\/labravaradiofm\\\/author\\\/redaccion\\\/\"}]}<\/script>\n<!-- \/ Yoast SEO plugin. -->","yoast_head_json":{"title":"Fuco se reporta listo para ratificar mandato del gobernador Salom\u00f3n Jara - LA BRAVA RADIO","robots":{"index":"index","follow":"follow","max-snippet":"max-snippet:-1","max-image-preview":"max-image-preview:large","max-video-preview":"max-video-preview:-1"},"canonical":"https:\/\/www.bbmnoticias.com\/fuco-se-reporta-listo-para-ratificar-mandato-del-gobernador-salomon-jara\/","og_locale":"es_MX","og_type":"article","og_title":"Fuco se reporta listo para ratificar mandato del gobernador Salom\u00f3n Jara - LA BRAVA RADIO","og_description":"Militantes del Frente Unido de Comunidades Oaxaque\u00f1as, (FUCO), se reportaron listos para participar activamente en el proceso de ratificaci\u00f3n de mandato del gobernador Salom\u00f3n Jara Cruz. Al respecto, el Presidente estatal de la organizaci\u00f3n Pedro Bladimir V\u00e1squez L\u00f3pez #ChepeFuco, se\u00f1al\u00f3 que las y los militantes de Fuco, organizaci\u00f3n social que tiene presencia en todo el [&hellip;]","og_url":"https:\/\/www.bbmnoticias.com\/fuco-se-reporta-listo-para-ratificar-mandato-del-gobernador-salomon-jara\/","og_site_name":"LA BRAVA RADIO","article_published_time":"2026-01-08T16:03:17+00:00","article_modified_time":"2026-01-08T16:03:27+00:00","og_image":[{"width":1280,"height":720,"url":"https:\/\/www.bbmnoticias.com\/labravaradiofm\/wp-content\/uploads\/sites\/5\/2026\/01\/fuco_oaxaca.jpg","type":"image\/jpeg"}],"author":"Staff","twitter_card":"summary_large_image","twitter_misc":{"Escrito por":"Staff","Tiempo de lectura":"1 minuto"},"schema":{"@context":"https:\/\/schema.org","@graph":[{"@type":"Article","@id":"https:\/\/www.bbmnoticias.com\/fuco-se-reporta-listo-para-ratificar-mandato-del-gobernador-salomon-jara\/#article","isPartOf":{"@id":"https:\/\/www.bbmnoticias.com\/labravaradiofm\/2026\/01\/08\/fuco-se-reporta-listo-para-ratificar-mandato-del-gobernador-salomon-jara\/"},"author":{"name":"Staff","@id":"https:\/\/www.bbmnoticias.com\/labravaradiofm\/#\/schema\/person\/68a9e9036ef3c5b55aeb2b71dc8bab45"},"headline":"Fuco se reporta listo para ratificar mandato del gobernador Salom\u00f3n Jara","datePublished":"2026-01-08T16:03:17+00:00","dateModified":"2026-01-08T16:03:27+00:00","mainEntityOfPage":{"@id":"https:\/\/www.bbmnoticias.com\/labravaradiofm\/2026\/01\/08\/fuco-se-reporta-listo-para-ratificar-mandato-del-gobernador-salomon-jara\/"},"wordCount":243,"image":{"@id":"https:\/\/www.bbmnoticias.com\/fuco-se-reporta-listo-para-ratificar-mandato-del-gobernador-salomon-jara\/#primaryimage"},"thumbnailUrl":"https:\/\/www.bbmnoticias.com\/labravaradiofm\/wp-content\/uploads\/sites\/5\/2026\/01\/fuco_oaxaca.jpg","articleSection":["LOCAL"],"inLanguage":"es"},{"@type":"WebPage","@id":"https:\/\/www.bbmnoticias.com\/labravaradiofm\/2026\/01\/08\/fuco-se-reporta-listo-para-ratificar-mandato-del-gobernador-salomon-jara\/","url":"https:\/\/www.bbmnoticias.com\/fuco-se-reporta-listo-para-ratificar-mandato-del-gobernador-salomon-jara\/","name":"Fuco se reporta listo para ratificar mandato del gobernador Salom\u00f3n Jara - LA BRAVA RADIO","isPartOf":{"@id":"https:\/\/www.bbmnoticias.com\/labravaradiofm\/#website"},"primaryImageOfPage":{"@id":"https:\/\/www.bbmnoticias.com\/fuco-se-reporta-listo-para-ratificar-mandato-del-gobernador-salomon-jara\/#primaryimage"},"image":{"@id":"https:\/\/www.bbmnoticias.com\/fuco-se-reporta-listo-para-ratificar-mandato-del-gobernador-salomon-jara\/#primaryimage"},"thumbnailUrl":"https:\/\/www.bbmnoticias.com\/labravaradiofm\/wp-content\/uploads\/sites\/5\/2026\/01\/fuco_oaxaca.jpg","datePublished":"2026-01-08T16:03:17+00:00","dateModified":"2026-01-08T16:03:27+00:00","author":{"@id":"https:\/\/www.bbmnoticias.com\/labravaradiofm\/#\/schema\/person\/68a9e9036ef3c5b55aeb2b71dc8bab45"},"breadcrumb":{"@id":"https:\/\/www.bbmnoticias.com\/fuco-se-reporta-listo-para-ratificar-mandato-del-gobernador-salomon-jara\/#breadcrumb"},"inLanguage":"es","potentialAction":[{"@type":"ReadAction","target":["https:\/\/www.bbmnoticias.com\/fuco-se-reporta-listo-para-ratificar-mandato-del-gobernador-salomon-jara\/"]}]},{"@type":"ImageObject","inLanguage":"es","@id":"https:\/\/www.bbmnoticias.com\/fuco-se-reporta-listo-para-ratificar-mandato-del-gobernador-salomon-jara\/#primaryimage","url":"https:\/\/www.bbmnoticias.com\/labravaradiofm\/wp-content\/uploads\/sites\/5\/2026\/01\/fuco_oaxaca.jpg","contentUrl":"https:\/\/www.bbmnoticias.com\/labravaradiofm\/wp-content\/uploads\/sites\/5\/2026\/01\/fuco_oaxaca.jpg","width":1280,"height":720},{"@type":"BreadcrumbList","@id":"https:\/\/www.bbmnoticias.com\/fuco-se-reporta-listo-para-ratificar-mandato-del-gobernador-salomon-jara\/#breadcrumb","itemListElement":[{"@type":"ListItem","position":1,"name":"Inicio","item":"https:\/\/www.bbmnoticias.com\/labravaradiofm\/"},{"@type":"ListItem","position":2,"name":"Fuco se reporta listo para ratificar mandato del gobernador Salom\u00f3n Jara"}]},{"@type":"WebSite","@id":"https:\/\/www.bbmnoticias.com\/labravaradiofm\/#website","url":"https:\/\/www.bbmnoticias.com\/labravaradiofm\/","name":"LA BRAVA RADIO","description":"Empresa productora de medios, Radiodifusi\u00f3n, Noticias, tendencias y todo lo que necesitas saber de la pol\u00edtica mexicana e internacional; entretenimiento, espect\u00e1culos, salud y mucho m\u00e1s.","potentialAction":[{"@type":"SearchAction","target":{"@type":"EntryPoint","urlTemplate":"https:\/\/www.bbmnoticias.com\/labravaradiofm\/?s={search_term_string}"},"query-input":{"@type":"PropertyValueSpecification","valueRequired":true,"valueName":"search_term_string"}}],"inLanguage":"es"},{"@type":"Person","@id":"https:\/\/www.bbmnoticias.com\/labravaradiofm\/#\/schema\/person\/68a9e9036ef3c5b55aeb2b71dc8bab45","name":"Staff","image":{"@type":"ImageObject","inLanguage":"es","@id":"https:\/\/secure.gravatar.com\/avatar\/fdd21ad66fd8b98c407f9dee5b5e588cfe7f0d8579ec20fa6527cd59bab7f0f0?s=96&d=mm&r=g","url":"https:\/\/secure.gravatar.com\/avatar\/fdd21ad66fd8b98c407f9dee5b5e588cfe7f0d8579ec20fa6527cd59bab7f0f0?s=96&d=mm&r=g","contentUrl":"https:\/\/secure.gravatar.com\/avatar\/fdd21ad66fd8b98c407f9dee5b5e588cfe7f0d8579ec20fa6527cd59bab7f0f0?s=96&d=mm&r=g","caption":"Staff"},"url":"https:\/\/www.bbmnoticias.com\/labravaradiofm\/author\/redaccion\/"}]}},"_links":{"self":[{"href":"https:\/\/www.bbmnoticias.com\/labravaradiofm\/wp-json\/wp\/v2\/posts\/72374","targetHints":{"allow":["GET"]}}],"collection":[{"href":"https:\/\/www.bbmnoticias.com\/labravaradiofm\/wp-json\/wp\/v2\/posts"}],"about":[{"href":"https:\/\/www.bbmnoticias.com\/labravaradiofm\/wp-json\/wp\/v2\/types\/post"}],"author":[{"embeddable":true,"href":"https:\/\/www.bbmnoticias.com\/labravaradiofm\/wp-json\/wp\/v2\/users\/2"}],"replies":[{"embeddable":true,"href":"https:\/\/www.bbmnoticias.com\/labravaradiofm\/wp-json\/wp\/v2\/comments?post=72374"}],"version-history":[{"count":0,"href":"https:\/\/www.bbmnoticias.com\/labravaradiofm\/wp-json\/wp\/v2\/posts\/72374\/revisions"}],"wp:featuredmedia":[{"embeddable":true,"href":"https:\/\/www.bbmnoticias.com\/labravaradiofm\/wp-json\/wp\/v2\/media\/72376"}],"wp:attachment":[{"href":"https:\/\/www.bbmnoticias.com\/labravaradiofm\/wp-json\/wp\/v2\/media?parent=72374"}],"wp:term":[{"taxonomy":"category","embeddable":true,"href":"https:\/\/www.bbmnoticias.com\/labravaradiofm\/wp-json\/wp\/v2\/categories?post=72374"},{"taxonomy":"post_tag","embeddable":true,"href":"https:\/\/www.bbmnoticias.com\/labravaradiofm\/wp-json\/wp\/v2\/tags?post=72374"}],"curies":[{"name":"wp","href":"https:\/\/api.w.org\/{rel}","templated":true}]}}