{"id":72365,"date":"2026-01-08T08:49:24","date_gmt":"2026-01-08T14:49:24","guid":{"rendered":"https:\/\/www.bbmnoticias.com\/labravaradiofm\/2026\/01\/08\/que-es-la-ataxia-rara-enfermedad-que-azota-a-municipio-de-veracruz\/"},"modified":"2026-01-08T08:49:27","modified_gmt":"2026-01-08T14:49:27","slug":"que-es-la-ataxia-rara-enfermedad-que-azota-a-municipio-de-veracruz","status":"publish","type":"post","link":"https:\/\/www.bbmnoticias.com\/labravaradiofm\/2026\/01\/08\/que-es-la-ataxia-rara-enfermedad-que-azota-a-municipio-de-veracruz\/","title":{"rendered":"\u00bfQu\u00e9 es la Ataxia, rara enfermedad que azota a municipio de Veracruz?"},"content":{"rendered":"<div style=\"margin-top: 0px; margin-bottom: 0px;\" class=\"sharethis-inline-share-buttons\" ><\/div>\n<p>Pobladores de Veracruz enfrentan un grave problema sanitario, luego de que medios locales reportaran la propagaci\u00f3n de la <strong>enfermedad<\/strong> Ataxia Espinocerebelosa 7, una extra\u00f1a condici\u00f3n que caus\u00f3 la muerte de Yendy, una <strong>ni\u00f1a<\/strong> de siete <strong>a\u00f1os<\/strong>.\u00a0Los hechos de salud p\u00fablica causaron conmoci\u00f3n a nivel local tras darse a conocer que se trata de una enfermedad hereditaria sin cura, lo que ha prendido las alarmas entre autoridades sanitarias de <strong>Veracruz<\/strong> para intensificar las medidas ante esta inusual <strong>enfermedad<\/strong>.<\/p>\n\n\n\n<p>Este padecimiento &nbsp;neurodegenerativo ataca al cerebelo del <strong>paciente<\/strong> y es considerada como una&nbsp;<strong>enfermedad<\/strong> silenciosa, es decir, sus s\u00edntomas podr\u00edan no aparecer despu\u00e9s de largo tiempo, lo que complica su pronto <strong>diagn\u00f3stico y tratamiento.<\/strong><\/p>\n\n\n\n<p>En el municipio de Tlaltetela se han registrado una cifra alarmante de casos, superiores a los de localidades a lo largo de todo el mundo, lo que ha desatado las versiones de un posible gen hereditario que ha circulado en las familias del municipio, que actualmente tiene una poblaci\u00f3n aproximada de 16 mil 485 habitantes.&nbsp;<\/p>\n\n\n\n<h2 class=\"wp-block-heading\">\u00bfPor qu\u00e9 hay tantos pacientes en Tlaltetela?<\/h2>\n\n\n\n<p>De acuerdo con el Instituto Nacional de Rehabilitaci\u00f3n (INR), existe un &#8220;efecto fundador&#8221; en la <strong>regi\u00f3n<\/strong>, luego de que los locatarios fueran considerados descendientes del mismo paciente que trajo por primera vez la <strong>enfermedad<\/strong> a la regi\u00f3n central de <strong>Veracruz<\/strong>.&nbsp;Jonathan Maga\u00f1a Aguirre, quien estuvo a cargo de la investigaci\u00f3n del INR, revel\u00f3 en entrevista con&nbsp;Proceso&nbsp;que se realiz\u00f3 un exhaustivo an\u00e1lisis de <strong>gen\u00e9tica<\/strong> forense, con el que determinaron que existi\u00f3 un &#8220;efecto fundador&#8221; en la localidad, es decir, todos los portadores son descendientes de un ancestro en com\u00fan.<\/p>\n\n\n\n<figure class=\"wp-block-image\"><img decoding=\"async\" src=\"https:\/\/heraldodemexico.com.mx\/u\/fotografias\/m\/2022\/1\/18\/f768x1-467461_467588_5050.jpg\" alt=\"\"\/><figcaption class=\"wp-element-caption\">FOTO: Pixabay<\/figcaption><\/figure>\n\n\n\n<p>Cada 25 de septiembre se conmemora el D\u00eda Internacional de la Ataxia, padecimiento neurol\u00f3gico que se recomienda ser atendido por un <strong>m\u00e9dico<\/strong> especialista y que puede llegar a presentar considerables mejor\u00edas al someterse a <strong>fisioterapia<\/strong>, seg\u00fan menciona un <a href=\"https:\/\/www.gob.mx\/salud\/articulos\/dia-internacional-de-la-ataxia-la-rehabilitacion-retrasa-la-progresion-de-esta-afeccion-neurologica?idiom=es\" target=\"_blank\" rel=\"noreferrer noopener\">comunicado<\/a> del <strong>IMSS<\/strong>.<\/p>\n\n\n\n<figure class=\"wp-block-image\"><img decoding=\"async\" src=\"https:\/\/heraldodemexico.com.mx\/u\/fotografias\/m\/2026\/1\/8\/f768x1-1230322_1230449_5050.jpg\" alt=\"\"\/><figcaption class=\"wp-element-caption\">Cada 25 de septimebre se conmemora el D\u00eda Internacional de la Ataxia<br>FOTO: IMSS<\/figcaption><\/figure>\n\n\n\n<h2 class=\"wp-block-heading\">S\u00edntomas de la Ataxia Espinocerebelosa<\/h2>\n\n\n\n<ol class=\"wp-block-list\">\n<li>Mala coordinaci\u00f3n.<\/li>\n\n\n\n<li>Marcha inestable Inestabilidad al sentarse o caminar.<\/li>\n\n\n\n<li>Habla confusa (disartria).<\/li>\n\n\n\n<li>Movimientos oculares descoordinados.<\/li>\n\n\n\n<li>Temblor intencional.<\/li>\n\n\n\n<li>Dificultad para tragar.<\/li>\n<\/ol>\n\n\n\n<p>El Instituto Mexicano del Seguro Social (<strong>IMSS<\/strong>) recomienda acudir a una unidad <strong>m\u00e9dica<\/strong> en caso de sospechar sobre este padecimiento en familiares o seres queridos, especialmente porque sus <strong>s\u00edntomas<\/strong> de condiciones neurol\u00f3gicas pueden agravarse en caso de que no recibir atenci\u00f3n en fases <strong>tempranas<\/strong>.<\/p>\n","protected":false},"excerpt":{"rendered":"<p>Pobladores de Veracruz enfrentan un grave problema sanitario, luego de que medios locales reportaran la propagaci\u00f3n de la enfermedad Ataxia Espinocerebelosa 7, una extra\u00f1a condici\u00f3n que caus\u00f3 la muerte de Yendy, una ni\u00f1a de siete a\u00f1os.\u00a0Los hechos de salud p\u00fablica causaron conmoci\u00f3n a nivel local tras darse a conocer que se trata de una enfermedad [&hellip;]<\/p>\n","protected":false},"author":4,"featured_media":72367,"comment_status":"closed","ping_status":"","sticky":false,"template":"","format":"standard","meta":{"footnotes":""},"categories":[2,19],"tags":[],"class_list":{"0":"post-72365","1":"post","2":"type-post","3":"status-publish","4":"format-standard","5":"has-post-thumbnail","7":"category-oaxaca","8":"category-nacional"},"yoast_head":"<!-- This site is optimized with the Yoast SEO plugin v27.4 - https:\/\/yoast.com\/product\/yoast-seo-wordpress\/ -->\n<title>\u00bfQu\u00e9 es la Ataxia, rara enfermedad que azota a municipio de Veracruz? - LA BRAVA RADIO<\/title>\n<meta name=\"robots\" content=\"index, follow, max-snippet:-1, max-image-preview:large, max-video-preview:-1\" \/>\n<link rel=\"canonical\" href=\"https:\/\/www.bbmnoticias.com\/que-es-la-ataxia-rara-enfermedad-que-azota-a-municipio-de-veracruz\/\" \/>\n<meta property=\"og:locale\" content=\"es_MX\" \/>\n<meta property=\"og:type\" content=\"article\" \/>\n<meta property=\"og:title\" content=\"\u00bfQu\u00e9 es la Ataxia, rara enfermedad que azota a municipio de Veracruz? - LA BRAVA RADIO\" \/>\n<meta property=\"og:description\" content=\"Pobladores de Veracruz enfrentan un grave problema sanitario, luego de que medios locales reportaran la propagaci\u00f3n de la enfermedad Ataxia Espinocerebelosa 7, una extra\u00f1a condici\u00f3n que caus\u00f3 la muerte de Yendy, una ni\u00f1a de siete a\u00f1os.\u00a0Los hechos de salud p\u00fablica causaron conmoci\u00f3n a nivel local tras darse a conocer que se trata de una enfermedad [&hellip;]\" \/>\n<meta property=\"og:url\" content=\"https:\/\/www.bbmnoticias.com\/que-es-la-ataxia-rara-enfermedad-que-azota-a-municipio-de-veracruz\/\" \/>\n<meta property=\"og:site_name\" content=\"LA BRAVA RADIO\" \/>\n<meta property=\"article:published_time\" content=\"2026-01-08T14:49:24+00:00\" \/>\n<meta property=\"article:modified_time\" content=\"2026-01-08T14:49:27+00:00\" \/>\n<meta property=\"og:image\" content=\"https:\/\/www.bbmnoticias.com\/labravaradiofm\/wp-content\/uploads\/sites\/5\/2026\/01\/ataxia_veracruz.jpg\" \/>\n\t<meta property=\"og:image:width\" content=\"848\" \/>\n\t<meta property=\"og:image:height\" content=\"477\" \/>\n\t<meta property=\"og:image:type\" content=\"image\/jpeg\" \/>\n<meta name=\"author\" content=\"Agencias\" \/>\n<meta name=\"twitter:card\" content=\"summary_large_image\" \/>\n<meta name=\"twitter:label1\" content=\"Escrito por\" \/>\n\t<meta name=\"twitter:data1\" content=\"Agencias\" \/>\n\t<meta name=\"twitter:label2\" content=\"Tiempo de lectura\" \/>\n\t<meta name=\"twitter:data2\" content=\"2 minutos\" \/>\n<script type=\"application\/ld+json\" class=\"yoast-schema-graph\">{\"@context\":\"https:\\\/\\\/schema.org\",\"@graph\":[{\"@type\":\"Article\",\"@id\":\"https:\\\/\\\/www.bbmnoticias.com\\\/que-es-la-ataxia-rara-enfermedad-que-azota-a-municipio-de-veracruz\\\/#article\",\"isPartOf\":{\"@id\":\"https:\\\/\\\/www.bbmnoticias.com\\\/labravaradiofm\\\/2026\\\/01\\\/08\\\/que-es-la-ataxia-rara-enfermedad-que-azota-a-municipio-de-veracruz\\\/\"},\"author\":{\"name\":\"Agencias\",\"@id\":\"https:\\\/\\\/www.bbmnoticias.com\\\/labravaradiofm\\\/#\\\/schema\\\/person\\\/000bdaf0a8fb5bff0d537c4d0778e33f\"},\"headline\":\"\u00bfQu\u00e9 es la Ataxia, rara enfermedad que azota a municipio de Veracruz?\",\"datePublished\":\"2026-01-08T14:49:24+00:00\",\"dateModified\":\"2026-01-08T14:49:27+00:00\",\"mainEntityOfPage\":{\"@id\":\"https:\\\/\\\/www.bbmnoticias.com\\\/labravaradiofm\\\/2026\\\/01\\\/08\\\/que-es-la-ataxia-rara-enfermedad-que-azota-a-municipio-de-veracruz\\\/\"},\"wordCount\":434,\"image\":{\"@id\":\"https:\\\/\\\/www.bbmnoticias.com\\\/que-es-la-ataxia-rara-enfermedad-que-azota-a-municipio-de-veracruz\\\/#primaryimage\"},\"thumbnailUrl\":\"https:\\\/\\\/www.bbmnoticias.com\\\/labravaradiofm\\\/wp-content\\\/uploads\\\/sites\\\/5\\\/2026\\\/01\\\/ataxia_veracruz.jpg\",\"articleSection\":[\"LOCAL\",\"NACIONAL\"],\"inLanguage\":\"es\"},{\"@type\":\"WebPage\",\"@id\":\"https:\\\/\\\/www.bbmnoticias.com\\\/labravaradiofm\\\/2026\\\/01\\\/08\\\/que-es-la-ataxia-rara-enfermedad-que-azota-a-municipio-de-veracruz\\\/\",\"url\":\"https:\\\/\\\/www.bbmnoticias.com\\\/que-es-la-ataxia-rara-enfermedad-que-azota-a-municipio-de-veracruz\\\/\",\"name\":\"\u00bfQu\u00e9 es la Ataxia, rara enfermedad que azota a municipio de Veracruz? - LA BRAVA RADIO\",\"isPartOf\":{\"@id\":\"https:\\\/\\\/www.bbmnoticias.com\\\/labravaradiofm\\\/#website\"},\"primaryImageOfPage\":{\"@id\":\"https:\\\/\\\/www.bbmnoticias.com\\\/que-es-la-ataxia-rara-enfermedad-que-azota-a-municipio-de-veracruz\\\/#primaryimage\"},\"image\":{\"@id\":\"https:\\\/\\\/www.bbmnoticias.com\\\/que-es-la-ataxia-rara-enfermedad-que-azota-a-municipio-de-veracruz\\\/#primaryimage\"},\"thumbnailUrl\":\"https:\\\/\\\/www.bbmnoticias.com\\\/labravaradiofm\\\/wp-content\\\/uploads\\\/sites\\\/5\\\/2026\\\/01\\\/ataxia_veracruz.jpg\",\"datePublished\":\"2026-01-08T14:49:24+00:00\",\"dateModified\":\"2026-01-08T14:49:27+00:00\",\"author\":{\"@id\":\"https:\\\/\\\/www.bbmnoticias.com\\\/labravaradiofm\\\/#\\\/schema\\\/person\\\/000bdaf0a8fb5bff0d537c4d0778e33f\"},\"breadcrumb\":{\"@id\":\"https:\\\/\\\/www.bbmnoticias.com\\\/que-es-la-ataxia-rara-enfermedad-que-azota-a-municipio-de-veracruz\\\/#breadcrumb\"},\"inLanguage\":\"es\",\"potentialAction\":[{\"@type\":\"ReadAction\",\"target\":[\"https:\\\/\\\/www.bbmnoticias.com\\\/que-es-la-ataxia-rara-enfermedad-que-azota-a-municipio-de-veracruz\\\/\"]}]},{\"@type\":\"ImageObject\",\"inLanguage\":\"es\",\"@id\":\"https:\\\/\\\/www.bbmnoticias.com\\\/que-es-la-ataxia-rara-enfermedad-que-azota-a-municipio-de-veracruz\\\/#primaryimage\",\"url\":\"https:\\\/\\\/www.bbmnoticias.com\\\/labravaradiofm\\\/wp-content\\\/uploads\\\/sites\\\/5\\\/2026\\\/01\\\/ataxia_veracruz.jpg\",\"contentUrl\":\"https:\\\/\\\/www.bbmnoticias.com\\\/labravaradiofm\\\/wp-content\\\/uploads\\\/sites\\\/5\\\/2026\\\/01\\\/ataxia_veracruz.jpg\",\"width\":848,\"height\":477},{\"@type\":\"BreadcrumbList\",\"@id\":\"https:\\\/\\\/www.bbmnoticias.com\\\/que-es-la-ataxia-rara-enfermedad-que-azota-a-municipio-de-veracruz\\\/#breadcrumb\",\"itemListElement\":[{\"@type\":\"ListItem\",\"position\":1,\"name\":\"Inicio\",\"item\":\"https:\\\/\\\/www.bbmnoticias.com\\\/labravaradiofm\\\/\"},{\"@type\":\"ListItem\",\"position\":2,\"name\":\"\u00bfQu\u00e9 es la Ataxia, rara enfermedad que azota a municipio de Veracruz?\"}]},{\"@type\":\"WebSite\",\"@id\":\"https:\\\/\\\/www.bbmnoticias.com\\\/labravaradiofm\\\/#website\",\"url\":\"https:\\\/\\\/www.bbmnoticias.com\\\/labravaradiofm\\\/\",\"name\":\"LA BRAVA RADIO\",\"description\":\"Empresa productora de medios, Radiodifusi\u00f3n, Noticias, tendencias y todo lo que necesitas saber de la pol\u00edtica mexicana e internacional; entretenimiento, espect\u00e1culos, salud y mucho m\u00e1s.\",\"potentialAction\":[{\"@type\":\"SearchAction\",\"target\":{\"@type\":\"EntryPoint\",\"urlTemplate\":\"https:\\\/\\\/www.bbmnoticias.com\\\/labravaradiofm\\\/?s={search_term_string}\"},\"query-input\":{\"@type\":\"PropertyValueSpecification\",\"valueRequired\":true,\"valueName\":\"search_term_string\"}}],\"inLanguage\":\"es\"},{\"@type\":\"Person\",\"@id\":\"https:\\\/\\\/www.bbmnoticias.com\\\/labravaradiofm\\\/#\\\/schema\\\/person\\\/000bdaf0a8fb5bff0d537c4d0778e33f\",\"name\":\"Agencias\",\"image\":{\"@type\":\"ImageObject\",\"inLanguage\":\"es\",\"@id\":\"https:\\\/\\\/secure.gravatar.com\\\/avatar\\\/739e0b61adf9e398b425c36718c8752286da0e8cd90f20ce9a86678abc26aa0d?s=96&d=mm&r=g\",\"url\":\"https:\\\/\\\/secure.gravatar.com\\\/avatar\\\/739e0b61adf9e398b425c36718c8752286da0e8cd90f20ce9a86678abc26aa0d?s=96&d=mm&r=g\",\"contentUrl\":\"https:\\\/\\\/secure.gravatar.com\\\/avatar\\\/739e0b61adf9e398b425c36718c8752286da0e8cd90f20ce9a86678abc26aa0d?s=96&d=mm&r=g\",\"caption\":\"Agencias\"},\"url\":\"https:\\\/\\\/www.bbmnoticias.com\\\/labravaradiofm\\\/author\\\/agencias\\\/\"}]}<\/script>\n<!-- \/ Yoast SEO plugin. -->","yoast_head_json":{"title":"\u00bfQu\u00e9 es la Ataxia, rara enfermedad que azota a municipio de Veracruz? - LA BRAVA RADIO","robots":{"index":"index","follow":"follow","max-snippet":"max-snippet:-1","max-image-preview":"max-image-preview:large","max-video-preview":"max-video-preview:-1"},"canonical":"https:\/\/www.bbmnoticias.com\/que-es-la-ataxia-rara-enfermedad-que-azota-a-municipio-de-veracruz\/","og_locale":"es_MX","og_type":"article","og_title":"\u00bfQu\u00e9 es la Ataxia, rara enfermedad que azota a municipio de Veracruz? - LA BRAVA RADIO","og_description":"Pobladores de Veracruz enfrentan un grave problema sanitario, luego de que medios locales reportaran la propagaci\u00f3n de la enfermedad Ataxia Espinocerebelosa 7, una extra\u00f1a condici\u00f3n que caus\u00f3 la muerte de Yendy, una ni\u00f1a de siete a\u00f1os.\u00a0Los hechos de salud p\u00fablica causaron conmoci\u00f3n a nivel local tras darse a conocer que se trata de una enfermedad [&hellip;]","og_url":"https:\/\/www.bbmnoticias.com\/que-es-la-ataxia-rara-enfermedad-que-azota-a-municipio-de-veracruz\/","og_site_name":"LA BRAVA RADIO","article_published_time":"2026-01-08T14:49:24+00:00","article_modified_time":"2026-01-08T14:49:27+00:00","og_image":[{"width":848,"height":477,"url":"https:\/\/www.bbmnoticias.com\/labravaradiofm\/wp-content\/uploads\/sites\/5\/2026\/01\/ataxia_veracruz.jpg","type":"image\/jpeg"}],"author":"Agencias","twitter_card":"summary_large_image","twitter_misc":{"Escrito por":"Agencias","Tiempo de lectura":"2 minutos"},"schema":{"@context":"https:\/\/schema.org","@graph":[{"@type":"Article","@id":"https:\/\/www.bbmnoticias.com\/que-es-la-ataxia-rara-enfermedad-que-azota-a-municipio-de-veracruz\/#article","isPartOf":{"@id":"https:\/\/www.bbmnoticias.com\/labravaradiofm\/2026\/01\/08\/que-es-la-ataxia-rara-enfermedad-que-azota-a-municipio-de-veracruz\/"},"author":{"name":"Agencias","@id":"https:\/\/www.bbmnoticias.com\/labravaradiofm\/#\/schema\/person\/000bdaf0a8fb5bff0d537c4d0778e33f"},"headline":"\u00bfQu\u00e9 es la Ataxia, rara enfermedad que azota a municipio de Veracruz?","datePublished":"2026-01-08T14:49:24+00:00","dateModified":"2026-01-08T14:49:27+00:00","mainEntityOfPage":{"@id":"https:\/\/www.bbmnoticias.com\/labravaradiofm\/2026\/01\/08\/que-es-la-ataxia-rara-enfermedad-que-azota-a-municipio-de-veracruz\/"},"wordCount":434,"image":{"@id":"https:\/\/www.bbmnoticias.com\/que-es-la-ataxia-rara-enfermedad-que-azota-a-municipio-de-veracruz\/#primaryimage"},"thumbnailUrl":"https:\/\/www.bbmnoticias.com\/labravaradiofm\/wp-content\/uploads\/sites\/5\/2026\/01\/ataxia_veracruz.jpg","articleSection":["LOCAL","NACIONAL"],"inLanguage":"es"},{"@type":"WebPage","@id":"https:\/\/www.bbmnoticias.com\/labravaradiofm\/2026\/01\/08\/que-es-la-ataxia-rara-enfermedad-que-azota-a-municipio-de-veracruz\/","url":"https:\/\/www.bbmnoticias.com\/que-es-la-ataxia-rara-enfermedad-que-azota-a-municipio-de-veracruz\/","name":"\u00bfQu\u00e9 es la Ataxia, rara enfermedad que azota a municipio de Veracruz? - LA BRAVA RADIO","isPartOf":{"@id":"https:\/\/www.bbmnoticias.com\/labravaradiofm\/#website"},"primaryImageOfPage":{"@id":"https:\/\/www.bbmnoticias.com\/que-es-la-ataxia-rara-enfermedad-que-azota-a-municipio-de-veracruz\/#primaryimage"},"image":{"@id":"https:\/\/www.bbmnoticias.com\/que-es-la-ataxia-rara-enfermedad-que-azota-a-municipio-de-veracruz\/#primaryimage"},"thumbnailUrl":"https:\/\/www.bbmnoticias.com\/labravaradiofm\/wp-content\/uploads\/sites\/5\/2026\/01\/ataxia_veracruz.jpg","datePublished":"2026-01-08T14:49:24+00:00","dateModified":"2026-01-08T14:49:27+00:00","author":{"@id":"https:\/\/www.bbmnoticias.com\/labravaradiofm\/#\/schema\/person\/000bdaf0a8fb5bff0d537c4d0778e33f"},"breadcrumb":{"@id":"https:\/\/www.bbmnoticias.com\/que-es-la-ataxia-rara-enfermedad-que-azota-a-municipio-de-veracruz\/#breadcrumb"},"inLanguage":"es","potentialAction":[{"@type":"ReadAction","target":["https:\/\/www.bbmnoticias.com\/que-es-la-ataxia-rara-enfermedad-que-azota-a-municipio-de-veracruz\/"]}]},{"@type":"ImageObject","inLanguage":"es","@id":"https:\/\/www.bbmnoticias.com\/que-es-la-ataxia-rara-enfermedad-que-azota-a-municipio-de-veracruz\/#primaryimage","url":"https:\/\/www.bbmnoticias.com\/labravaradiofm\/wp-content\/uploads\/sites\/5\/2026\/01\/ataxia_veracruz.jpg","contentUrl":"https:\/\/www.bbmnoticias.com\/labravaradiofm\/wp-content\/uploads\/sites\/5\/2026\/01\/ataxia_veracruz.jpg","width":848,"height":477},{"@type":"BreadcrumbList","@id":"https:\/\/www.bbmnoticias.com\/que-es-la-ataxia-rara-enfermedad-que-azota-a-municipio-de-veracruz\/#breadcrumb","itemListElement":[{"@type":"ListItem","position":1,"name":"Inicio","item":"https:\/\/www.bbmnoticias.com\/labravaradiofm\/"},{"@type":"ListItem","position":2,"name":"\u00bfQu\u00e9 es la Ataxia, rara enfermedad que azota a municipio de Veracruz?"}]},{"@type":"WebSite","@id":"https:\/\/www.bbmnoticias.com\/labravaradiofm\/#website","url":"https:\/\/www.bbmnoticias.com\/labravaradiofm\/","name":"LA BRAVA RADIO","description":"Empresa productora de medios, Radiodifusi\u00f3n, Noticias, tendencias y todo lo que necesitas saber de la pol\u00edtica mexicana e internacional; entretenimiento, espect\u00e1culos, salud y mucho m\u00e1s.","potentialAction":[{"@type":"SearchAction","target":{"@type":"EntryPoint","urlTemplate":"https:\/\/www.bbmnoticias.com\/labravaradiofm\/?s={search_term_string}"},"query-input":{"@type":"PropertyValueSpecification","valueRequired":true,"valueName":"search_term_string"}}],"inLanguage":"es"},{"@type":"Person","@id":"https:\/\/www.bbmnoticias.com\/labravaradiofm\/#\/schema\/person\/000bdaf0a8fb5bff0d537c4d0778e33f","name":"Agencias","image":{"@type":"ImageObject","inLanguage":"es","@id":"https:\/\/secure.gravatar.com\/avatar\/739e0b61adf9e398b425c36718c8752286da0e8cd90f20ce9a86678abc26aa0d?s=96&d=mm&r=g","url":"https:\/\/secure.gravatar.com\/avatar\/739e0b61adf9e398b425c36718c8752286da0e8cd90f20ce9a86678abc26aa0d?s=96&d=mm&r=g","contentUrl":"https:\/\/secure.gravatar.com\/avatar\/739e0b61adf9e398b425c36718c8752286da0e8cd90f20ce9a86678abc26aa0d?s=96&d=mm&r=g","caption":"Agencias"},"url":"https:\/\/www.bbmnoticias.com\/labravaradiofm\/author\/agencias\/"}]}},"_links":{"self":[{"href":"https:\/\/www.bbmnoticias.com\/labravaradiofm\/wp-json\/wp\/v2\/posts\/72365","targetHints":{"allow":["GET"]}}],"collection":[{"href":"https:\/\/www.bbmnoticias.com\/labravaradiofm\/wp-json\/wp\/v2\/posts"}],"about":[{"href":"https:\/\/www.bbmnoticias.com\/labravaradiofm\/wp-json\/wp\/v2\/types\/post"}],"author":[{"embeddable":true,"href":"https:\/\/www.bbmnoticias.com\/labravaradiofm\/wp-json\/wp\/v2\/users\/4"}],"replies":[{"embeddable":true,"href":"https:\/\/www.bbmnoticias.com\/labravaradiofm\/wp-json\/wp\/v2\/comments?post=72365"}],"version-history":[{"count":0,"href":"https:\/\/www.bbmnoticias.com\/labravaradiofm\/wp-json\/wp\/v2\/posts\/72365\/revisions"}],"wp:featuredmedia":[{"embeddable":true,"href":"https:\/\/www.bbmnoticias.com\/labravaradiofm\/wp-json\/wp\/v2\/media\/72367"}],"wp:attachment":[{"href":"https:\/\/www.bbmnoticias.com\/labravaradiofm\/wp-json\/wp\/v2\/media?parent=72365"}],"wp:term":[{"taxonomy":"category","embeddable":true,"href":"https:\/\/www.bbmnoticias.com\/labravaradiofm\/wp-json\/wp\/v2\/categories?post=72365"},{"taxonomy":"post_tag","embeddable":true,"href":"https:\/\/www.bbmnoticias.com\/labravaradiofm\/wp-json\/wp\/v2\/tags?post=72365"}],"curies":[{"name":"wp","href":"https:\/\/api.w.org\/{rel}","templated":true}]}}