{"id":72362,"date":"2026-01-08T08:43:24","date_gmt":"2026-01-08T14:43:24","guid":{"rendered":"https:\/\/www.bbmnoticias.com\/labravaradiofm\/2026\/01\/08\/beatriz-mojica-sheinbaum-aun-no-envia-al-senado-el-nombramiento-de-gertz-manero-como-embajador-en-reino-unido\/"},"modified":"2026-01-08T08:43:30","modified_gmt":"2026-01-08T14:43:30","slug":"beatriz-mojica-sheinbaum-aun-no-envia-al-senado-el-nombramiento-de-gertz-manero-como-embajador-en-reino-unido","status":"publish","type":"post","link":"https:\/\/www.bbmnoticias.com\/labravaradiofm\/2026\/01\/08\/beatriz-mojica-sheinbaum-aun-no-envia-al-senado-el-nombramiento-de-gertz-manero-como-embajador-en-reino-unido\/","title":{"rendered":"Beatriz Mojica: Sheinbaum a\u00fan no env\u00eda al Senado el nombramiento de Gertz Manero como embajador en Reino Unido"},"content":{"rendered":"<div style=\"margin-top: 0px; margin-bottom: 0px;\" class=\"sharethis-inline-share-buttons\" ><\/div>\n<p><strong>Beatriz Mojica Morga<\/strong>, senadora de Morena, pidi\u00f3 esperar los tiempos anunciados por la presidenta de M\u00e9xico, Claudia Sheinbaum Pardo, en el nombramiento del exfiscal de la Rep\u00fablica, <strong>Alejandro Gertz Manero<\/strong>, como nuevo <strong>embajador de M\u00e9xico en Reino Unido<\/strong>.<\/p>\n\n\n\n<p>En entrevista para el programa de \u201cNoticias de la Ma\u00f1ana con Blanca Becerril\u201d, de Heraldo Televisi\u00f3n, la senadora de Morena inform\u00f3 que hasta la ma\u00f1ana de hoy mi\u00e9rcoles 8 de enero no ha llegado la propuesta de nombramiento de <strong>Alejandro Gertz Manero <\/strong>por parte de la Presidenta de M\u00e9xico al a la <strong>Comisi\u00f3n Permanente del Senado.<\/strong><\/p>\n\n\n\n<blockquote class=\"wp-block-quote is-layout-flow wp-block-quote-is-layout-flow\">\n<p>Tiene un proceso el tema del nombramiento, primero tiene que llegar la petici\u00f3n del Ejecutivo a la Permanente, ser\u00e1 la permanente en la que pueda hacer este nombramiento si es que llega en esos tiempos\u201d.<\/p>\n<\/blockquote>\n\n\n\n<figure class=\"wp-block-image\"><img decoding=\"async\" src=\"https:\/\/heraldodemexico.com.mx\/u\/fotografias\/m\/2026\/1\/8\/f768x1-1230313_1230440_5050.jpg\" alt=\"\"\/><figcaption class=\"wp-element-caption\">Beatriz Mojica Morga, senadora de Morena, conviviendo con ni\u00f1os en el D\u00eda de Reyes Magos. Cr\u00e9ditos:&nbsp;@Beatriz_Mojica<\/figcaption><\/figure>\n\n\n\n<p><strong>Beatriz Mojica <\/strong>explic\u00f3 que este mes de enero estar\u00e1 sesionando la <strong>Comisi\u00f3n Permanente del Senado<\/strong> por lo que en cuanto llegue la propuesta, \u00e9sta ser\u00e1 presentada en el pleno.<\/p>\n\n\n\n<blockquote class=\"wp-block-quote is-layout-flow wp-block-quote-is-layout-flow\">\n<p>A partir de ah\u00ed inicia el <strong>proceso legislativo <\/strong>que es que vaya a una comisi\u00f3n y despu\u00e9s una vez aprobado regresa al pleno. Este es el el procedimiento legislativo que se tiene que cubrir\u201d, explic\u00f3 la legisladora de la <strong>C\u00e1mara de Senadores<\/strong>.<\/p>\n<\/blockquote>\n","protected":false},"excerpt":{"rendered":"<p>Beatriz Mojica Morga, senadora de Morena, pidi\u00f3 esperar los tiempos anunciados por la presidenta de M\u00e9xico, Claudia Sheinbaum Pardo, en el nombramiento del exfiscal de la Rep\u00fablica, Alejandro Gertz Manero, como nuevo embajador de M\u00e9xico en Reino Unido. En entrevista para el programa de \u201cNoticias de la Ma\u00f1ana con Blanca Becerril\u201d, de Heraldo Televisi\u00f3n, la [&hellip;]<\/p>\n","protected":false},"author":4,"featured_media":72364,"comment_status":"closed","ping_status":"","sticky":false,"template":"","format":"standard","meta":{"footnotes":""},"categories":[2,19],"tags":[],"class_list":{"0":"post-72362","1":"post","2":"type-post","3":"status-publish","4":"format-standard","5":"has-post-thumbnail","7":"category-oaxaca","8":"category-nacional"},"yoast_head":"<!-- This site is optimized with the Yoast SEO plugin v27.4 - https:\/\/yoast.com\/product\/yoast-seo-wordpress\/ -->\n<title>Beatriz Mojica: Sheinbaum a\u00fan no env\u00eda al Senado el nombramiento de Gertz Manero como embajador en Reino Unido - LA BRAVA RADIO<\/title>\n<meta name=\"robots\" content=\"index, follow, max-snippet:-1, max-image-preview:large, max-video-preview:-1\" \/>\n<link rel=\"canonical\" href=\"https:\/\/www.bbmnoticias.com\/beatriz-mojica-sheinbaum-aun-no-envia-al-senado-el-nombramiento-de-gertz-manero-como-embajador-en-reino-unido\/\" \/>\n<meta property=\"og:locale\" content=\"es_MX\" \/>\n<meta property=\"og:type\" content=\"article\" \/>\n<meta property=\"og:title\" content=\"Beatriz Mojica: Sheinbaum a\u00fan no env\u00eda al Senado el nombramiento de Gertz Manero como embajador en Reino Unido - LA BRAVA RADIO\" \/>\n<meta property=\"og:description\" content=\"Beatriz Mojica Morga, senadora de Morena, pidi\u00f3 esperar los tiempos anunciados por la presidenta de M\u00e9xico, Claudia Sheinbaum Pardo, en el nombramiento del exfiscal de la Rep\u00fablica, Alejandro Gertz Manero, como nuevo embajador de M\u00e9xico en Reino Unido. En entrevista para el programa de \u201cNoticias de la Ma\u00f1ana con Blanca Becerril\u201d, de Heraldo Televisi\u00f3n, la [&hellip;]\" \/>\n<meta property=\"og:url\" content=\"https:\/\/www.bbmnoticias.com\/beatriz-mojica-sheinbaum-aun-no-envia-al-senado-el-nombramiento-de-gertz-manero-como-embajador-en-reino-unido\/\" \/>\n<meta property=\"og:site_name\" content=\"LA BRAVA RADIO\" \/>\n<meta property=\"article:published_time\" content=\"2026-01-08T14:43:24+00:00\" \/>\n<meta property=\"article:modified_time\" content=\"2026-01-08T14:43:30+00:00\" \/>\n<meta property=\"og:image\" content=\"https:\/\/www.bbmnoticias.com\/labravaradiofm\/wp-content\/uploads\/sites\/5\/2026\/01\/gertz_manero.jpg\" \/>\n\t<meta property=\"og:image:width\" content=\"848\" \/>\n\t<meta property=\"og:image:height\" content=\"477\" \/>\n\t<meta property=\"og:image:type\" content=\"image\/jpeg\" \/>\n<meta name=\"author\" content=\"Agencias\" \/>\n<meta name=\"twitter:card\" content=\"summary_large_image\" \/>\n<meta name=\"twitter:label1\" content=\"Escrito por\" \/>\n\t<meta name=\"twitter:data1\" content=\"Agencias\" \/>\n\t<meta name=\"twitter:label2\" content=\"Tiempo de lectura\" \/>\n\t<meta name=\"twitter:data2\" content=\"1 minuto\" \/>\n<script type=\"application\/ld+json\" class=\"yoast-schema-graph\">{\"@context\":\"https:\\\/\\\/schema.org\",\"@graph\":[{\"@type\":\"Article\",\"@id\":\"https:\\\/\\\/www.bbmnoticias.com\\\/beatriz-mojica-sheinbaum-aun-no-envia-al-senado-el-nombramiento-de-gertz-manero-como-embajador-en-reino-unido\\\/#article\",\"isPartOf\":{\"@id\":\"https:\\\/\\\/www.bbmnoticias.com\\\/labravaradiofm\\\/2026\\\/01\\\/08\\\/beatriz-mojica-sheinbaum-aun-no-envia-al-senado-el-nombramiento-de-gertz-manero-como-embajador-en-reino-unido\\\/\"},\"author\":{\"name\":\"Agencias\",\"@id\":\"https:\\\/\\\/www.bbmnoticias.com\\\/labravaradiofm\\\/#\\\/schema\\\/person\\\/000bdaf0a8fb5bff0d537c4d0778e33f\"},\"headline\":\"Beatriz Mojica: Sheinbaum a\u00fan no env\u00eda al Senado el nombramiento de Gertz Manero como embajador en Reino Unido\",\"datePublished\":\"2026-01-08T14:43:24+00:00\",\"dateModified\":\"2026-01-08T14:43:30+00:00\",\"mainEntityOfPage\":{\"@id\":\"https:\\\/\\\/www.bbmnoticias.com\\\/labravaradiofm\\\/2026\\\/01\\\/08\\\/beatriz-mojica-sheinbaum-aun-no-envia-al-senado-el-nombramiento-de-gertz-manero-como-embajador-en-reino-unido\\\/\"},\"wordCount\":255,\"image\":{\"@id\":\"https:\\\/\\\/www.bbmnoticias.com\\\/beatriz-mojica-sheinbaum-aun-no-envia-al-senado-el-nombramiento-de-gertz-manero-como-embajador-en-reino-unido\\\/#primaryimage\"},\"thumbnailUrl\":\"https:\\\/\\\/www.bbmnoticias.com\\\/labravaradiofm\\\/wp-content\\\/uploads\\\/sites\\\/5\\\/2026\\\/01\\\/gertz_manero.jpg\",\"articleSection\":[\"LOCAL\",\"NACIONAL\"],\"inLanguage\":\"es\"},{\"@type\":\"WebPage\",\"@id\":\"https:\\\/\\\/www.bbmnoticias.com\\\/labravaradiofm\\\/2026\\\/01\\\/08\\\/beatriz-mojica-sheinbaum-aun-no-envia-al-senado-el-nombramiento-de-gertz-manero-como-embajador-en-reino-unido\\\/\",\"url\":\"https:\\\/\\\/www.bbmnoticias.com\\\/beatriz-mojica-sheinbaum-aun-no-envia-al-senado-el-nombramiento-de-gertz-manero-como-embajador-en-reino-unido\\\/\",\"name\":\"Beatriz Mojica: Sheinbaum a\u00fan no env\u00eda al Senado el nombramiento de Gertz Manero como embajador en Reino Unido - LA BRAVA RADIO\",\"isPartOf\":{\"@id\":\"https:\\\/\\\/www.bbmnoticias.com\\\/labravaradiofm\\\/#website\"},\"primaryImageOfPage\":{\"@id\":\"https:\\\/\\\/www.bbmnoticias.com\\\/beatriz-mojica-sheinbaum-aun-no-envia-al-senado-el-nombramiento-de-gertz-manero-como-embajador-en-reino-unido\\\/#primaryimage\"},\"image\":{\"@id\":\"https:\\\/\\\/www.bbmnoticias.com\\\/beatriz-mojica-sheinbaum-aun-no-envia-al-senado-el-nombramiento-de-gertz-manero-como-embajador-en-reino-unido\\\/#primaryimage\"},\"thumbnailUrl\":\"https:\\\/\\\/www.bbmnoticias.com\\\/labravaradiofm\\\/wp-content\\\/uploads\\\/sites\\\/5\\\/2026\\\/01\\\/gertz_manero.jpg\",\"datePublished\":\"2026-01-08T14:43:24+00:00\",\"dateModified\":\"2026-01-08T14:43:30+00:00\",\"author\":{\"@id\":\"https:\\\/\\\/www.bbmnoticias.com\\\/labravaradiofm\\\/#\\\/schema\\\/person\\\/000bdaf0a8fb5bff0d537c4d0778e33f\"},\"breadcrumb\":{\"@id\":\"https:\\\/\\\/www.bbmnoticias.com\\\/beatriz-mojica-sheinbaum-aun-no-envia-al-senado-el-nombramiento-de-gertz-manero-como-embajador-en-reino-unido\\\/#breadcrumb\"},\"inLanguage\":\"es\",\"potentialAction\":[{\"@type\":\"ReadAction\",\"target\":[\"https:\\\/\\\/www.bbmnoticias.com\\\/beatriz-mojica-sheinbaum-aun-no-envia-al-senado-el-nombramiento-de-gertz-manero-como-embajador-en-reino-unido\\\/\"]}]},{\"@type\":\"ImageObject\",\"inLanguage\":\"es\",\"@id\":\"https:\\\/\\\/www.bbmnoticias.com\\\/beatriz-mojica-sheinbaum-aun-no-envia-al-senado-el-nombramiento-de-gertz-manero-como-embajador-en-reino-unido\\\/#primaryimage\",\"url\":\"https:\\\/\\\/www.bbmnoticias.com\\\/labravaradiofm\\\/wp-content\\\/uploads\\\/sites\\\/5\\\/2026\\\/01\\\/gertz_manero.jpg\",\"contentUrl\":\"https:\\\/\\\/www.bbmnoticias.com\\\/labravaradiofm\\\/wp-content\\\/uploads\\\/sites\\\/5\\\/2026\\\/01\\\/gertz_manero.jpg\",\"width\":848,\"height\":477},{\"@type\":\"BreadcrumbList\",\"@id\":\"https:\\\/\\\/www.bbmnoticias.com\\\/beatriz-mojica-sheinbaum-aun-no-envia-al-senado-el-nombramiento-de-gertz-manero-como-embajador-en-reino-unido\\\/#breadcrumb\",\"itemListElement\":[{\"@type\":\"ListItem\",\"position\":1,\"name\":\"Inicio\",\"item\":\"https:\\\/\\\/www.bbmnoticias.com\\\/labravaradiofm\\\/\"},{\"@type\":\"ListItem\",\"position\":2,\"name\":\"Beatriz Mojica: Sheinbaum a\u00fan no env\u00eda al Senado el nombramiento de Gertz Manero como embajador en Reino Unido\"}]},{\"@type\":\"WebSite\",\"@id\":\"https:\\\/\\\/www.bbmnoticias.com\\\/labravaradiofm\\\/#website\",\"url\":\"https:\\\/\\\/www.bbmnoticias.com\\\/labravaradiofm\\\/\",\"name\":\"LA BRAVA RADIO\",\"description\":\"Empresa productora de medios, Radiodifusi\u00f3n, Noticias, tendencias y todo lo que necesitas saber de la pol\u00edtica mexicana e internacional; entretenimiento, espect\u00e1culos, salud y mucho m\u00e1s.\",\"potentialAction\":[{\"@type\":\"SearchAction\",\"target\":{\"@type\":\"EntryPoint\",\"urlTemplate\":\"https:\\\/\\\/www.bbmnoticias.com\\\/labravaradiofm\\\/?s={search_term_string}\"},\"query-input\":{\"@type\":\"PropertyValueSpecification\",\"valueRequired\":true,\"valueName\":\"search_term_string\"}}],\"inLanguage\":\"es\"},{\"@type\":\"Person\",\"@id\":\"https:\\\/\\\/www.bbmnoticias.com\\\/labravaradiofm\\\/#\\\/schema\\\/person\\\/000bdaf0a8fb5bff0d537c4d0778e33f\",\"name\":\"Agencias\",\"image\":{\"@type\":\"ImageObject\",\"inLanguage\":\"es\",\"@id\":\"https:\\\/\\\/secure.gravatar.com\\\/avatar\\\/739e0b61adf9e398b425c36718c8752286da0e8cd90f20ce9a86678abc26aa0d?s=96&d=mm&r=g\",\"url\":\"https:\\\/\\\/secure.gravatar.com\\\/avatar\\\/739e0b61adf9e398b425c36718c8752286da0e8cd90f20ce9a86678abc26aa0d?s=96&d=mm&r=g\",\"contentUrl\":\"https:\\\/\\\/secure.gravatar.com\\\/avatar\\\/739e0b61adf9e398b425c36718c8752286da0e8cd90f20ce9a86678abc26aa0d?s=96&d=mm&r=g\",\"caption\":\"Agencias\"},\"url\":\"https:\\\/\\\/www.bbmnoticias.com\\\/labravaradiofm\\\/author\\\/agencias\\\/\"}]}<\/script>\n<!-- \/ Yoast SEO plugin. -->","yoast_head_json":{"title":"Beatriz Mojica: Sheinbaum a\u00fan no env\u00eda al Senado el nombramiento de Gertz Manero como embajador en Reino Unido - LA BRAVA RADIO","robots":{"index":"index","follow":"follow","max-snippet":"max-snippet:-1","max-image-preview":"max-image-preview:large","max-video-preview":"max-video-preview:-1"},"canonical":"https:\/\/www.bbmnoticias.com\/beatriz-mojica-sheinbaum-aun-no-envia-al-senado-el-nombramiento-de-gertz-manero-como-embajador-en-reino-unido\/","og_locale":"es_MX","og_type":"article","og_title":"Beatriz Mojica: Sheinbaum a\u00fan no env\u00eda al Senado el nombramiento de Gertz Manero como embajador en Reino Unido - LA BRAVA RADIO","og_description":"Beatriz Mojica Morga, senadora de Morena, pidi\u00f3 esperar los tiempos anunciados por la presidenta de M\u00e9xico, Claudia Sheinbaum Pardo, en el nombramiento del exfiscal de la Rep\u00fablica, Alejandro Gertz Manero, como nuevo embajador de M\u00e9xico en Reino Unido. En entrevista para el programa de \u201cNoticias de la Ma\u00f1ana con Blanca Becerril\u201d, de Heraldo Televisi\u00f3n, la [&hellip;]","og_url":"https:\/\/www.bbmnoticias.com\/beatriz-mojica-sheinbaum-aun-no-envia-al-senado-el-nombramiento-de-gertz-manero-como-embajador-en-reino-unido\/","og_site_name":"LA BRAVA RADIO","article_published_time":"2026-01-08T14:43:24+00:00","article_modified_time":"2026-01-08T14:43:30+00:00","og_image":[{"width":848,"height":477,"url":"https:\/\/www.bbmnoticias.com\/labravaradiofm\/wp-content\/uploads\/sites\/5\/2026\/01\/gertz_manero.jpg","type":"image\/jpeg"}],"author":"Agencias","twitter_card":"summary_large_image","twitter_misc":{"Escrito por":"Agencias","Tiempo de lectura":"1 minuto"},"schema":{"@context":"https:\/\/schema.org","@graph":[{"@type":"Article","@id":"https:\/\/www.bbmnoticias.com\/beatriz-mojica-sheinbaum-aun-no-envia-al-senado-el-nombramiento-de-gertz-manero-como-embajador-en-reino-unido\/#article","isPartOf":{"@id":"https:\/\/www.bbmnoticias.com\/labravaradiofm\/2026\/01\/08\/beatriz-mojica-sheinbaum-aun-no-envia-al-senado-el-nombramiento-de-gertz-manero-como-embajador-en-reino-unido\/"},"author":{"name":"Agencias","@id":"https:\/\/www.bbmnoticias.com\/labravaradiofm\/#\/schema\/person\/000bdaf0a8fb5bff0d537c4d0778e33f"},"headline":"Beatriz Mojica: Sheinbaum a\u00fan no env\u00eda al Senado el nombramiento de Gertz Manero como embajador en Reino Unido","datePublished":"2026-01-08T14:43:24+00:00","dateModified":"2026-01-08T14:43:30+00:00","mainEntityOfPage":{"@id":"https:\/\/www.bbmnoticias.com\/labravaradiofm\/2026\/01\/08\/beatriz-mojica-sheinbaum-aun-no-envia-al-senado-el-nombramiento-de-gertz-manero-como-embajador-en-reino-unido\/"},"wordCount":255,"image":{"@id":"https:\/\/www.bbmnoticias.com\/beatriz-mojica-sheinbaum-aun-no-envia-al-senado-el-nombramiento-de-gertz-manero-como-embajador-en-reino-unido\/#primaryimage"},"thumbnailUrl":"https:\/\/www.bbmnoticias.com\/labravaradiofm\/wp-content\/uploads\/sites\/5\/2026\/01\/gertz_manero.jpg","articleSection":["LOCAL","NACIONAL"],"inLanguage":"es"},{"@type":"WebPage","@id":"https:\/\/www.bbmnoticias.com\/labravaradiofm\/2026\/01\/08\/beatriz-mojica-sheinbaum-aun-no-envia-al-senado-el-nombramiento-de-gertz-manero-como-embajador-en-reino-unido\/","url":"https:\/\/www.bbmnoticias.com\/beatriz-mojica-sheinbaum-aun-no-envia-al-senado-el-nombramiento-de-gertz-manero-como-embajador-en-reino-unido\/","name":"Beatriz Mojica: Sheinbaum a\u00fan no env\u00eda al Senado el nombramiento de Gertz Manero como embajador en Reino Unido - LA BRAVA RADIO","isPartOf":{"@id":"https:\/\/www.bbmnoticias.com\/labravaradiofm\/#website"},"primaryImageOfPage":{"@id":"https:\/\/www.bbmnoticias.com\/beatriz-mojica-sheinbaum-aun-no-envia-al-senado-el-nombramiento-de-gertz-manero-como-embajador-en-reino-unido\/#primaryimage"},"image":{"@id":"https:\/\/www.bbmnoticias.com\/beatriz-mojica-sheinbaum-aun-no-envia-al-senado-el-nombramiento-de-gertz-manero-como-embajador-en-reino-unido\/#primaryimage"},"thumbnailUrl":"https:\/\/www.bbmnoticias.com\/labravaradiofm\/wp-content\/uploads\/sites\/5\/2026\/01\/gertz_manero.jpg","datePublished":"2026-01-08T14:43:24+00:00","dateModified":"2026-01-08T14:43:30+00:00","author":{"@id":"https:\/\/www.bbmnoticias.com\/labravaradiofm\/#\/schema\/person\/000bdaf0a8fb5bff0d537c4d0778e33f"},"breadcrumb":{"@id":"https:\/\/www.bbmnoticias.com\/beatriz-mojica-sheinbaum-aun-no-envia-al-senado-el-nombramiento-de-gertz-manero-como-embajador-en-reino-unido\/#breadcrumb"},"inLanguage":"es","potentialAction":[{"@type":"ReadAction","target":["https:\/\/www.bbmnoticias.com\/beatriz-mojica-sheinbaum-aun-no-envia-al-senado-el-nombramiento-de-gertz-manero-como-embajador-en-reino-unido\/"]}]},{"@type":"ImageObject","inLanguage":"es","@id":"https:\/\/www.bbmnoticias.com\/beatriz-mojica-sheinbaum-aun-no-envia-al-senado-el-nombramiento-de-gertz-manero-como-embajador-en-reino-unido\/#primaryimage","url":"https:\/\/www.bbmnoticias.com\/labravaradiofm\/wp-content\/uploads\/sites\/5\/2026\/01\/gertz_manero.jpg","contentUrl":"https:\/\/www.bbmnoticias.com\/labravaradiofm\/wp-content\/uploads\/sites\/5\/2026\/01\/gertz_manero.jpg","width":848,"height":477},{"@type":"BreadcrumbList","@id":"https:\/\/www.bbmnoticias.com\/beatriz-mojica-sheinbaum-aun-no-envia-al-senado-el-nombramiento-de-gertz-manero-como-embajador-en-reino-unido\/#breadcrumb","itemListElement":[{"@type":"ListItem","position":1,"name":"Inicio","item":"https:\/\/www.bbmnoticias.com\/labravaradiofm\/"},{"@type":"ListItem","position":2,"name":"Beatriz Mojica: Sheinbaum a\u00fan no env\u00eda al Senado el nombramiento de Gertz Manero como embajador en Reino Unido"}]},{"@type":"WebSite","@id":"https:\/\/www.bbmnoticias.com\/labravaradiofm\/#website","url":"https:\/\/www.bbmnoticias.com\/labravaradiofm\/","name":"LA BRAVA RADIO","description":"Empresa productora de medios, Radiodifusi\u00f3n, Noticias, tendencias y todo lo que necesitas saber de la pol\u00edtica mexicana e internacional; entretenimiento, espect\u00e1culos, salud y mucho m\u00e1s.","potentialAction":[{"@type":"SearchAction","target":{"@type":"EntryPoint","urlTemplate":"https:\/\/www.bbmnoticias.com\/labravaradiofm\/?s={search_term_string}"},"query-input":{"@type":"PropertyValueSpecification","valueRequired":true,"valueName":"search_term_string"}}],"inLanguage":"es"},{"@type":"Person","@id":"https:\/\/www.bbmnoticias.com\/labravaradiofm\/#\/schema\/person\/000bdaf0a8fb5bff0d537c4d0778e33f","name":"Agencias","image":{"@type":"ImageObject","inLanguage":"es","@id":"https:\/\/secure.gravatar.com\/avatar\/739e0b61adf9e398b425c36718c8752286da0e8cd90f20ce9a86678abc26aa0d?s=96&d=mm&r=g","url":"https:\/\/secure.gravatar.com\/avatar\/739e0b61adf9e398b425c36718c8752286da0e8cd90f20ce9a86678abc26aa0d?s=96&d=mm&r=g","contentUrl":"https:\/\/secure.gravatar.com\/avatar\/739e0b61adf9e398b425c36718c8752286da0e8cd90f20ce9a86678abc26aa0d?s=96&d=mm&r=g","caption":"Agencias"},"url":"https:\/\/www.bbmnoticias.com\/labravaradiofm\/author\/agencias\/"}]}},"_links":{"self":[{"href":"https:\/\/www.bbmnoticias.com\/labravaradiofm\/wp-json\/wp\/v2\/posts\/72362","targetHints":{"allow":["GET"]}}],"collection":[{"href":"https:\/\/www.bbmnoticias.com\/labravaradiofm\/wp-json\/wp\/v2\/posts"}],"about":[{"href":"https:\/\/www.bbmnoticias.com\/labravaradiofm\/wp-json\/wp\/v2\/types\/post"}],"author":[{"embeddable":true,"href":"https:\/\/www.bbmnoticias.com\/labravaradiofm\/wp-json\/wp\/v2\/users\/4"}],"replies":[{"embeddable":true,"href":"https:\/\/www.bbmnoticias.com\/labravaradiofm\/wp-json\/wp\/v2\/comments?post=72362"}],"version-history":[{"count":0,"href":"https:\/\/www.bbmnoticias.com\/labravaradiofm\/wp-json\/wp\/v2\/posts\/72362\/revisions"}],"wp:featuredmedia":[{"embeddable":true,"href":"https:\/\/www.bbmnoticias.com\/labravaradiofm\/wp-json\/wp\/v2\/media\/72364"}],"wp:attachment":[{"href":"https:\/\/www.bbmnoticias.com\/labravaradiofm\/wp-json\/wp\/v2\/media?parent=72362"}],"wp:term":[{"taxonomy":"category","embeddable":true,"href":"https:\/\/www.bbmnoticias.com\/labravaradiofm\/wp-json\/wp\/v2\/categories?post=72362"},{"taxonomy":"post_tag","embeddable":true,"href":"https:\/\/www.bbmnoticias.com\/labravaradiofm\/wp-json\/wp\/v2\/tags?post=72362"}],"curies":[{"name":"wp","href":"https:\/\/api.w.org\/{rel}","templated":true}]}}