{"id":72356,"date":"2026-01-08T08:10:15","date_gmt":"2026-01-08T14:10:15","guid":{"rendered":"https:\/\/www.bbmnoticias.com\/labravaradiofm\/2026\/01\/08\/persistiran-las-bajas-temperaturas-nocturnas-y-heladas-en-zonas-altas\/"},"modified":"2026-01-08T08:10:31","modified_gmt":"2026-01-08T14:10:31","slug":"persistiran-las-bajas-temperaturas-nocturnas-y-heladas-en-zonas-altas","status":"publish","type":"post","link":"https:\/\/www.bbmnoticias.com\/labravaradiofm\/2026\/01\/08\/persistiran-las-bajas-temperaturas-nocturnas-y-heladas-en-zonas-altas\/","title":{"rendered":"Persistir\u00e1n las bajas temperaturas nocturnas y heladas en zonas altas"},"content":{"rendered":"<div style=\"margin-top: 0px; margin-bottom: 0px;\" class=\"sharethis-inline-share-buttons\" ><\/div>\n<p>Oaxaca de Ju\u00e1rez, Oax.- La Coordinaci\u00f3n Estatal de Protecci\u00f3n Civil y Gesti\u00f3n de Riesgos (CEPCyGR) informa que seguir\u00e1n bajas las temperaturas por irradiaci\u00f3n durante la noche y madrugada, especialmente en zonas altas de la Mixteca, Sierra de Ju\u00e1rez, Sierra Sur y Sierra de Flores Mag\u00f3n.<\/p>\n\n\n\n<figure class=\"wp-block-embed is-type-rich is-provider-twitter wp-block-embed-twitter\"><div class=\"wp-block-embed__wrapper\">\n<blockquote class=\"twitter-tweet\" data-width=\"550\" data-dnt=\"true\"><p lang=\"es\" dir=\"ltr\">Consulta el <a href=\"https:\/\/twitter.com\/hashtag\/Pron%C3%B3stico?src=hash&amp;ref_src=twsrc%5Etfw\">#Pron\u00f3stico<\/a> <a href=\"https:\/\/twitter.com\/hashtag\/Meteorol%C3%B3gico?src=hash&amp;ref_src=twsrc%5Etfw\">#Meteorol\u00f3gico<\/a> General del estado del tiempo de las 06:00 horas en el siguiente enlace: <a href=\"https:\/\/t.co\/R8Yan9wj3l\">https:\/\/t.co\/R8Yan9wj3l<\/a> <a href=\"https:\/\/t.co\/diB3TRRap6\">pic.twitter.com\/diB3TRRap6<\/a><\/p>&mdash; CONAGUA Clima (@conagua_clima) <a href=\"https:\/\/twitter.com\/conagua_clima\/status\/2009230799879762159?ref_src=twsrc%5Etfw\">January 8, 2026<\/a><\/blockquote><script async src=\"https:\/\/platform.twitter.com\/widgets.js\" charset=\"utf-8\"><\/script>\n<\/div><\/figure>\n\n\n\n<p>Esto contribuir\u00e1 a la presencia de heladas en picos elevados, adem\u00e1s continuar\u00e1 el ambiente fresco en zonas costeras y llanuras de la Cuenca del Papaloapan.<\/p>\n\n\n\n<p>Lo anterior, se debe a una circulaci\u00f3n anticicl\u00f3nica que se desplazar\u00e1 durante este jueves hacia el oriente del Golfo de M\u00e9xico, permitiendo el ingreso del frente fr\u00edo n\u00famero 27, el cual tendr\u00e1 efectos directos y traer\u00e1 mezclas invernales durante el fin de semana.<\/p>\n\n\n\n<p>De acuerdo con el pron\u00f3stico del tiempo emitido por la Comisi\u00f3n Nacional del Agua (Conagua), durante las horas centrales del d\u00eda prevalecer\u00e1 cielo despejado con abundante radiaci\u00f3n solar.<\/p>\n\n\n\n<p>Las temperaturas para este d\u00eda son las siguientes:<\/p>\n\n\n\n<ul class=\"wp-block-list\">\n<li>Valles Centrales, m\u00ednima de 6 y m\u00e1xima de 28 grados<\/li>\n\n\n\n<li>Istmo de Tehuantepec, m\u00ednima de 21 y m\u00e1xima de 34 grados<\/li>\n\n\n\n<li>Cuenca del Papaloapan, m\u00ednima de 15 y m\u00e1xima de 30 grados<\/li>\n\n\n\n<li>Costa, m\u00ednima de 22 y m\u00e1xima de 33 grados<\/li>\n\n\n\n<li>Mixteca, m\u00ednima de 6 y m\u00e1xima de 26 grados<\/li>\n\n\n\n<li>Sierra de Flores Mag\u00f3n, m\u00ednima de 10 y m\u00e1xima de 28 grados<\/li>\n\n\n\n<li>Sierra de Ju\u00e1rez, m\u00ednima de 4 y m\u00e1xima de 22 grados<\/li>\n\n\n\n<li>Sierra Sur, m\u00ednima de 5 y m\u00e1xima de 23 grados<\/li>\n<\/ul>\n\n\n\n<p>Se exhorta a la poblaci\u00f3n atender las recomendaciones de Protecci\u00f3n Civil y Capitan\u00edas de Puerto, as\u00ed como a mantenerse informada de las condiciones meteorol\u00f3gicas a trav\u00e9s de los medios y redes sociales oficiales: Facebook @CEPCYGRGobOax y en X @CEPCyGR_GobOax.<\/p>\n","protected":false},"excerpt":{"rendered":"<p>Oaxaca de Ju\u00e1rez, Oax.- La Coordinaci\u00f3n Estatal de Protecci\u00f3n Civil y Gesti\u00f3n de Riesgos (CEPCyGR) informa que seguir\u00e1n bajas las temperaturas por irradiaci\u00f3n durante la noche y madrugada, especialmente en zonas altas de la Mixteca, Sierra de Ju\u00e1rez, Sierra Sur y Sierra de Flores Mag\u00f3n. Esto contribuir\u00e1 a la presencia de heladas en picos elevados, [&hellip;]<\/p>\n","protected":false},"author":2,"featured_media":72358,"comment_status":"closed","ping_status":"","sticky":false,"template":"","format":"standard","meta":{"footnotes":""},"categories":[2],"tags":[],"class_list":{"0":"post-72356","1":"post","2":"type-post","3":"status-publish","4":"format-standard","5":"has-post-thumbnail","7":"category-oaxaca"},"yoast_head":"<!-- This site is optimized with the Yoast SEO plugin v27.4 - https:\/\/yoast.com\/product\/yoast-seo-wordpress\/ -->\n<title>Persistir\u00e1n las bajas temperaturas nocturnas y heladas en zonas altas - LA BRAVA RADIO<\/title>\n<meta name=\"robots\" content=\"index, follow, max-snippet:-1, max-image-preview:large, max-video-preview:-1\" \/>\n<link rel=\"canonical\" href=\"https:\/\/www.bbmnoticias.com\/persistiran-las-bajas-temperaturas-nocturnas-y-heladas-en-zonas-altas\/\" \/>\n<meta property=\"og:locale\" content=\"es_MX\" \/>\n<meta property=\"og:type\" content=\"article\" \/>\n<meta property=\"og:title\" content=\"Persistir\u00e1n las bajas temperaturas nocturnas y heladas en zonas altas - LA BRAVA RADIO\" \/>\n<meta property=\"og:description\" content=\"Oaxaca de Ju\u00e1rez, Oax.- La Coordinaci\u00f3n Estatal de Protecci\u00f3n Civil y Gesti\u00f3n de Riesgos (CEPCyGR) informa que seguir\u00e1n bajas las temperaturas por irradiaci\u00f3n durante la noche y madrugada, especialmente en zonas altas de la Mixteca, Sierra de Ju\u00e1rez, Sierra Sur y Sierra de Flores Mag\u00f3n. Esto contribuir\u00e1 a la presencia de heladas en picos elevados, [&hellip;]\" \/>\n<meta property=\"og:url\" content=\"https:\/\/www.bbmnoticias.com\/persistiran-las-bajas-temperaturas-nocturnas-y-heladas-en-zonas-altas\/\" \/>\n<meta property=\"og:site_name\" content=\"LA BRAVA RADIO\" \/>\n<meta property=\"article:published_time\" content=\"2026-01-08T14:10:15+00:00\" \/>\n<meta property=\"article:modified_time\" content=\"2026-01-08T14:10:31+00:00\" \/>\n<meta property=\"og:image\" content=\"https:\/\/www.bbmnoticias.com\/labravaradiofm\/wp-content\/uploads\/sites\/5\/2026\/01\/clima_oaxaca-5.jpg\" \/>\n\t<meta property=\"og:image:width\" content=\"800\" \/>\n\t<meta property=\"og:image:height\" content=\"460\" \/>\n\t<meta property=\"og:image:type\" content=\"image\/jpeg\" \/>\n<meta name=\"author\" content=\"Staff\" \/>\n<meta name=\"twitter:card\" content=\"summary_large_image\" \/>\n<meta name=\"twitter:label1\" content=\"Escrito por\" \/>\n\t<meta name=\"twitter:data1\" content=\"Staff\" \/>\n\t<meta name=\"twitter:label2\" content=\"Tiempo de lectura\" \/>\n\t<meta name=\"twitter:data2\" content=\"2 minutos\" \/>\n<script type=\"application\/ld+json\" class=\"yoast-schema-graph\">{\"@context\":\"https:\\\/\\\/schema.org\",\"@graph\":[{\"@type\":\"Article\",\"@id\":\"https:\\\/\\\/www.bbmnoticias.com\\\/persistiran-las-bajas-temperaturas-nocturnas-y-heladas-en-zonas-altas\\\/#article\",\"isPartOf\":{\"@id\":\"https:\\\/\\\/www.bbmnoticias.com\\\/labravaradiofm\\\/2026\\\/01\\\/08\\\/persistiran-las-bajas-temperaturas-nocturnas-y-heladas-en-zonas-altas\\\/\"},\"author\":{\"name\":\"Staff\",\"@id\":\"https:\\\/\\\/www.bbmnoticias.com\\\/labravaradiofm\\\/#\\\/schema\\\/person\\\/68a9e9036ef3c5b55aeb2b71dc8bab45\"},\"headline\":\"Persistir\u00e1n las bajas temperaturas nocturnas y heladas en zonas altas\",\"datePublished\":\"2026-01-08T14:10:15+00:00\",\"dateModified\":\"2026-01-08T14:10:31+00:00\",\"mainEntityOfPage\":{\"@id\":\"https:\\\/\\\/www.bbmnoticias.com\\\/labravaradiofm\\\/2026\\\/01\\\/08\\\/persistiran-las-bajas-temperaturas-nocturnas-y-heladas-en-zonas-altas\\\/\"},\"wordCount\":315,\"image\":{\"@id\":\"https:\\\/\\\/www.bbmnoticias.com\\\/persistiran-las-bajas-temperaturas-nocturnas-y-heladas-en-zonas-altas\\\/#primaryimage\"},\"thumbnailUrl\":\"https:\\\/\\\/www.bbmnoticias.com\\\/labravaradiofm\\\/wp-content\\\/uploads\\\/sites\\\/5\\\/2026\\\/01\\\/clima_oaxaca-5.jpg\",\"articleSection\":[\"LOCAL\"],\"inLanguage\":\"es\"},{\"@type\":\"WebPage\",\"@id\":\"https:\\\/\\\/www.bbmnoticias.com\\\/labravaradiofm\\\/2026\\\/01\\\/08\\\/persistiran-las-bajas-temperaturas-nocturnas-y-heladas-en-zonas-altas\\\/\",\"url\":\"https:\\\/\\\/www.bbmnoticias.com\\\/persistiran-las-bajas-temperaturas-nocturnas-y-heladas-en-zonas-altas\\\/\",\"name\":\"Persistir\u00e1n las bajas temperaturas nocturnas y heladas en zonas altas - LA BRAVA RADIO\",\"isPartOf\":{\"@id\":\"https:\\\/\\\/www.bbmnoticias.com\\\/labravaradiofm\\\/#website\"},\"primaryImageOfPage\":{\"@id\":\"https:\\\/\\\/www.bbmnoticias.com\\\/persistiran-las-bajas-temperaturas-nocturnas-y-heladas-en-zonas-altas\\\/#primaryimage\"},\"image\":{\"@id\":\"https:\\\/\\\/www.bbmnoticias.com\\\/persistiran-las-bajas-temperaturas-nocturnas-y-heladas-en-zonas-altas\\\/#primaryimage\"},\"thumbnailUrl\":\"https:\\\/\\\/www.bbmnoticias.com\\\/labravaradiofm\\\/wp-content\\\/uploads\\\/sites\\\/5\\\/2026\\\/01\\\/clima_oaxaca-5.jpg\",\"datePublished\":\"2026-01-08T14:10:15+00:00\",\"dateModified\":\"2026-01-08T14:10:31+00:00\",\"author\":{\"@id\":\"https:\\\/\\\/www.bbmnoticias.com\\\/labravaradiofm\\\/#\\\/schema\\\/person\\\/68a9e9036ef3c5b55aeb2b71dc8bab45\"},\"breadcrumb\":{\"@id\":\"https:\\\/\\\/www.bbmnoticias.com\\\/persistiran-las-bajas-temperaturas-nocturnas-y-heladas-en-zonas-altas\\\/#breadcrumb\"},\"inLanguage\":\"es\",\"potentialAction\":[{\"@type\":\"ReadAction\",\"target\":[\"https:\\\/\\\/www.bbmnoticias.com\\\/persistiran-las-bajas-temperaturas-nocturnas-y-heladas-en-zonas-altas\\\/\"]}]},{\"@type\":\"ImageObject\",\"inLanguage\":\"es\",\"@id\":\"https:\\\/\\\/www.bbmnoticias.com\\\/persistiran-las-bajas-temperaturas-nocturnas-y-heladas-en-zonas-altas\\\/#primaryimage\",\"url\":\"https:\\\/\\\/www.bbmnoticias.com\\\/labravaradiofm\\\/wp-content\\\/uploads\\\/sites\\\/5\\\/2026\\\/01\\\/clima_oaxaca-5.jpg\",\"contentUrl\":\"https:\\\/\\\/www.bbmnoticias.com\\\/labravaradiofm\\\/wp-content\\\/uploads\\\/sites\\\/5\\\/2026\\\/01\\\/clima_oaxaca-5.jpg\",\"width\":800,\"height\":460},{\"@type\":\"BreadcrumbList\",\"@id\":\"https:\\\/\\\/www.bbmnoticias.com\\\/persistiran-las-bajas-temperaturas-nocturnas-y-heladas-en-zonas-altas\\\/#breadcrumb\",\"itemListElement\":[{\"@type\":\"ListItem\",\"position\":1,\"name\":\"Inicio\",\"item\":\"https:\\\/\\\/www.bbmnoticias.com\\\/labravaradiofm\\\/\"},{\"@type\":\"ListItem\",\"position\":2,\"name\":\"Persistir\u00e1n las bajas temperaturas nocturnas y heladas en zonas altas\"}]},{\"@type\":\"WebSite\",\"@id\":\"https:\\\/\\\/www.bbmnoticias.com\\\/labravaradiofm\\\/#website\",\"url\":\"https:\\\/\\\/www.bbmnoticias.com\\\/labravaradiofm\\\/\",\"name\":\"LA BRAVA RADIO\",\"description\":\"Empresa productora de medios, Radiodifusi\u00f3n, Noticias, tendencias y todo lo que necesitas saber de la pol\u00edtica mexicana e internacional; entretenimiento, espect\u00e1culos, salud y mucho m\u00e1s.\",\"potentialAction\":[{\"@type\":\"SearchAction\",\"target\":{\"@type\":\"EntryPoint\",\"urlTemplate\":\"https:\\\/\\\/www.bbmnoticias.com\\\/labravaradiofm\\\/?s={search_term_string}\"},\"query-input\":{\"@type\":\"PropertyValueSpecification\",\"valueRequired\":true,\"valueName\":\"search_term_string\"}}],\"inLanguage\":\"es\"},{\"@type\":\"Person\",\"@id\":\"https:\\\/\\\/www.bbmnoticias.com\\\/labravaradiofm\\\/#\\\/schema\\\/person\\\/68a9e9036ef3c5b55aeb2b71dc8bab45\",\"name\":\"Staff\",\"image\":{\"@type\":\"ImageObject\",\"inLanguage\":\"es\",\"@id\":\"https:\\\/\\\/secure.gravatar.com\\\/avatar\\\/fdd21ad66fd8b98c407f9dee5b5e588cfe7f0d8579ec20fa6527cd59bab7f0f0?s=96&d=mm&r=g\",\"url\":\"https:\\\/\\\/secure.gravatar.com\\\/avatar\\\/fdd21ad66fd8b98c407f9dee5b5e588cfe7f0d8579ec20fa6527cd59bab7f0f0?s=96&d=mm&r=g\",\"contentUrl\":\"https:\\\/\\\/secure.gravatar.com\\\/avatar\\\/fdd21ad66fd8b98c407f9dee5b5e588cfe7f0d8579ec20fa6527cd59bab7f0f0?s=96&d=mm&r=g\",\"caption\":\"Staff\"},\"url\":\"https:\\\/\\\/www.bbmnoticias.com\\\/labravaradiofm\\\/author\\\/redaccion\\\/\"}]}<\/script>\n<!-- \/ Yoast SEO plugin. -->","yoast_head_json":{"title":"Persistir\u00e1n las bajas temperaturas nocturnas y heladas en zonas altas - LA BRAVA RADIO","robots":{"index":"index","follow":"follow","max-snippet":"max-snippet:-1","max-image-preview":"max-image-preview:large","max-video-preview":"max-video-preview:-1"},"canonical":"https:\/\/www.bbmnoticias.com\/persistiran-las-bajas-temperaturas-nocturnas-y-heladas-en-zonas-altas\/","og_locale":"es_MX","og_type":"article","og_title":"Persistir\u00e1n las bajas temperaturas nocturnas y heladas en zonas altas - LA BRAVA RADIO","og_description":"Oaxaca de Ju\u00e1rez, Oax.- La Coordinaci\u00f3n Estatal de Protecci\u00f3n Civil y Gesti\u00f3n de Riesgos (CEPCyGR) informa que seguir\u00e1n bajas las temperaturas por irradiaci\u00f3n durante la noche y madrugada, especialmente en zonas altas de la Mixteca, Sierra de Ju\u00e1rez, Sierra Sur y Sierra de Flores Mag\u00f3n. Esto contribuir\u00e1 a la presencia de heladas en picos elevados, [&hellip;]","og_url":"https:\/\/www.bbmnoticias.com\/persistiran-las-bajas-temperaturas-nocturnas-y-heladas-en-zonas-altas\/","og_site_name":"LA BRAVA RADIO","article_published_time":"2026-01-08T14:10:15+00:00","article_modified_time":"2026-01-08T14:10:31+00:00","og_image":[{"width":800,"height":460,"url":"https:\/\/www.bbmnoticias.com\/labravaradiofm\/wp-content\/uploads\/sites\/5\/2026\/01\/clima_oaxaca-5.jpg","type":"image\/jpeg"}],"author":"Staff","twitter_card":"summary_large_image","twitter_misc":{"Escrito por":"Staff","Tiempo de lectura":"2 minutos"},"schema":{"@context":"https:\/\/schema.org","@graph":[{"@type":"Article","@id":"https:\/\/www.bbmnoticias.com\/persistiran-las-bajas-temperaturas-nocturnas-y-heladas-en-zonas-altas\/#article","isPartOf":{"@id":"https:\/\/www.bbmnoticias.com\/labravaradiofm\/2026\/01\/08\/persistiran-las-bajas-temperaturas-nocturnas-y-heladas-en-zonas-altas\/"},"author":{"name":"Staff","@id":"https:\/\/www.bbmnoticias.com\/labravaradiofm\/#\/schema\/person\/68a9e9036ef3c5b55aeb2b71dc8bab45"},"headline":"Persistir\u00e1n las bajas temperaturas nocturnas y heladas en zonas altas","datePublished":"2026-01-08T14:10:15+00:00","dateModified":"2026-01-08T14:10:31+00:00","mainEntityOfPage":{"@id":"https:\/\/www.bbmnoticias.com\/labravaradiofm\/2026\/01\/08\/persistiran-las-bajas-temperaturas-nocturnas-y-heladas-en-zonas-altas\/"},"wordCount":315,"image":{"@id":"https:\/\/www.bbmnoticias.com\/persistiran-las-bajas-temperaturas-nocturnas-y-heladas-en-zonas-altas\/#primaryimage"},"thumbnailUrl":"https:\/\/www.bbmnoticias.com\/labravaradiofm\/wp-content\/uploads\/sites\/5\/2026\/01\/clima_oaxaca-5.jpg","articleSection":["LOCAL"],"inLanguage":"es"},{"@type":"WebPage","@id":"https:\/\/www.bbmnoticias.com\/labravaradiofm\/2026\/01\/08\/persistiran-las-bajas-temperaturas-nocturnas-y-heladas-en-zonas-altas\/","url":"https:\/\/www.bbmnoticias.com\/persistiran-las-bajas-temperaturas-nocturnas-y-heladas-en-zonas-altas\/","name":"Persistir\u00e1n las bajas temperaturas nocturnas y heladas en zonas altas - LA BRAVA RADIO","isPartOf":{"@id":"https:\/\/www.bbmnoticias.com\/labravaradiofm\/#website"},"primaryImageOfPage":{"@id":"https:\/\/www.bbmnoticias.com\/persistiran-las-bajas-temperaturas-nocturnas-y-heladas-en-zonas-altas\/#primaryimage"},"image":{"@id":"https:\/\/www.bbmnoticias.com\/persistiran-las-bajas-temperaturas-nocturnas-y-heladas-en-zonas-altas\/#primaryimage"},"thumbnailUrl":"https:\/\/www.bbmnoticias.com\/labravaradiofm\/wp-content\/uploads\/sites\/5\/2026\/01\/clima_oaxaca-5.jpg","datePublished":"2026-01-08T14:10:15+00:00","dateModified":"2026-01-08T14:10:31+00:00","author":{"@id":"https:\/\/www.bbmnoticias.com\/labravaradiofm\/#\/schema\/person\/68a9e9036ef3c5b55aeb2b71dc8bab45"},"breadcrumb":{"@id":"https:\/\/www.bbmnoticias.com\/persistiran-las-bajas-temperaturas-nocturnas-y-heladas-en-zonas-altas\/#breadcrumb"},"inLanguage":"es","potentialAction":[{"@type":"ReadAction","target":["https:\/\/www.bbmnoticias.com\/persistiran-las-bajas-temperaturas-nocturnas-y-heladas-en-zonas-altas\/"]}]},{"@type":"ImageObject","inLanguage":"es","@id":"https:\/\/www.bbmnoticias.com\/persistiran-las-bajas-temperaturas-nocturnas-y-heladas-en-zonas-altas\/#primaryimage","url":"https:\/\/www.bbmnoticias.com\/labravaradiofm\/wp-content\/uploads\/sites\/5\/2026\/01\/clima_oaxaca-5.jpg","contentUrl":"https:\/\/www.bbmnoticias.com\/labravaradiofm\/wp-content\/uploads\/sites\/5\/2026\/01\/clima_oaxaca-5.jpg","width":800,"height":460},{"@type":"BreadcrumbList","@id":"https:\/\/www.bbmnoticias.com\/persistiran-las-bajas-temperaturas-nocturnas-y-heladas-en-zonas-altas\/#breadcrumb","itemListElement":[{"@type":"ListItem","position":1,"name":"Inicio","item":"https:\/\/www.bbmnoticias.com\/labravaradiofm\/"},{"@type":"ListItem","position":2,"name":"Persistir\u00e1n las bajas temperaturas nocturnas y heladas en zonas altas"}]},{"@type":"WebSite","@id":"https:\/\/www.bbmnoticias.com\/labravaradiofm\/#website","url":"https:\/\/www.bbmnoticias.com\/labravaradiofm\/","name":"LA BRAVA RADIO","description":"Empresa productora de medios, Radiodifusi\u00f3n, Noticias, tendencias y todo lo que necesitas saber de la pol\u00edtica mexicana e internacional; entretenimiento, espect\u00e1culos, salud y mucho m\u00e1s.","potentialAction":[{"@type":"SearchAction","target":{"@type":"EntryPoint","urlTemplate":"https:\/\/www.bbmnoticias.com\/labravaradiofm\/?s={search_term_string}"},"query-input":{"@type":"PropertyValueSpecification","valueRequired":true,"valueName":"search_term_string"}}],"inLanguage":"es"},{"@type":"Person","@id":"https:\/\/www.bbmnoticias.com\/labravaradiofm\/#\/schema\/person\/68a9e9036ef3c5b55aeb2b71dc8bab45","name":"Staff","image":{"@type":"ImageObject","inLanguage":"es","@id":"https:\/\/secure.gravatar.com\/avatar\/fdd21ad66fd8b98c407f9dee5b5e588cfe7f0d8579ec20fa6527cd59bab7f0f0?s=96&d=mm&r=g","url":"https:\/\/secure.gravatar.com\/avatar\/fdd21ad66fd8b98c407f9dee5b5e588cfe7f0d8579ec20fa6527cd59bab7f0f0?s=96&d=mm&r=g","contentUrl":"https:\/\/secure.gravatar.com\/avatar\/fdd21ad66fd8b98c407f9dee5b5e588cfe7f0d8579ec20fa6527cd59bab7f0f0?s=96&d=mm&r=g","caption":"Staff"},"url":"https:\/\/www.bbmnoticias.com\/labravaradiofm\/author\/redaccion\/"}]}},"_links":{"self":[{"href":"https:\/\/www.bbmnoticias.com\/labravaradiofm\/wp-json\/wp\/v2\/posts\/72356","targetHints":{"allow":["GET"]}}],"collection":[{"href":"https:\/\/www.bbmnoticias.com\/labravaradiofm\/wp-json\/wp\/v2\/posts"}],"about":[{"href":"https:\/\/www.bbmnoticias.com\/labravaradiofm\/wp-json\/wp\/v2\/types\/post"}],"author":[{"embeddable":true,"href":"https:\/\/www.bbmnoticias.com\/labravaradiofm\/wp-json\/wp\/v2\/users\/2"}],"replies":[{"embeddable":true,"href":"https:\/\/www.bbmnoticias.com\/labravaradiofm\/wp-json\/wp\/v2\/comments?post=72356"}],"version-history":[{"count":0,"href":"https:\/\/www.bbmnoticias.com\/labravaradiofm\/wp-json\/wp\/v2\/posts\/72356\/revisions"}],"wp:featuredmedia":[{"embeddable":true,"href":"https:\/\/www.bbmnoticias.com\/labravaradiofm\/wp-json\/wp\/v2\/media\/72358"}],"wp:attachment":[{"href":"https:\/\/www.bbmnoticias.com\/labravaradiofm\/wp-json\/wp\/v2\/media?parent=72356"}],"wp:term":[{"taxonomy":"category","embeddable":true,"href":"https:\/\/www.bbmnoticias.com\/labravaradiofm\/wp-json\/wp\/v2\/categories?post=72356"},{"taxonomy":"post_tag","embeddable":true,"href":"https:\/\/www.bbmnoticias.com\/labravaradiofm\/wp-json\/wp\/v2\/tags?post=72356"}],"curies":[{"name":"wp","href":"https:\/\/api.w.org\/{rel}","templated":true}]}}