{"id":72327,"date":"2026-01-07T15:44:01","date_gmt":"2026-01-07T21:44:01","guid":{"rendered":"https:\/\/www.bbmnoticias.com\/labravaradiofm\/2026\/01\/07\/vecinas-y-vecinos-toman-la-palabra-en-el-primer-dialogo-vecinal-del-ano-en-oaxaca-de-juarez\/"},"modified":"2026-01-07T15:44:06","modified_gmt":"2026-01-07T21:44:06","slug":"vecinas-y-vecinos-toman-la-palabra-en-el-primer-dialogo-vecinal-del-ano-en-oaxaca-de-juarez","status":"publish","type":"post","link":"https:\/\/www.bbmnoticias.com\/labravaradiofm\/2026\/01\/07\/vecinas-y-vecinos-toman-la-palabra-en-el-primer-dialogo-vecinal-del-ano-en-oaxaca-de-juarez\/","title":{"rendered":"Vecinas y vecinos toman la palabra en el primer Di\u00e1logo Vecinal del a\u00f1o en Oaxaca de Ju\u00e1rez"},"content":{"rendered":"<div style=\"margin-top: 0px; margin-bottom: 0px;\" class=\"sharethis-inline-share-buttons\" ><\/div>\n<p>Oaxaca de Ju\u00e1rez, Oax.- Con la participaci\u00f3n directa de vecinas y vecinos, el Municipio de Oaxaca de Ju\u00e1rez realiz\u00f3 este mi\u00e9rcoles el primer Di\u00e1logo Vecinal del a\u00f1o, correspondiente al n\u00famero 24 de la presente administraci\u00f3n, como parte de su estrategia de gobierno de territorio y atenci\u00f3n directa a la ciudadan\u00eda.<\/p>\n\n\n\n<p>El encuentro tuvo lugar en la Plaza de la Danza, donde habitantes de distintas colonias y agencias municipales expusieron problem\u00e1ticas, plantearon propuestas y dialogaron de manera abierta con autoridades municipales sobre temas relacionados con servicios p\u00fablicos, movilidad, seguridad y entorno urbano.<\/p>\n\n\n\n<p>De acuerdo con el Ayuntamiento, este ejercicio permiti\u00f3 atender de manera puntual diversas inquietudes ciudadanas y fortalecer el intercambio directo entre gobierno y comunidad, consolidando un modelo de participaci\u00f3n basado en la cercan\u00eda, la escucha activa y la corresponsabilidad.<\/p>\n\n\n\n<p>Las autoridades municipales destacaron que los Di\u00e1logos Vecinales se han convertido en un mecanismo permanente para la construcci\u00f3n de soluciones conjuntas y la toma de decisiones con participaci\u00f3n ciudadana.<\/p>\n\n\n\n<p>Con este encuentro, el Municipio de Oaxaca de Ju\u00e1rez dio inicio a la agenda de Di\u00e1logos Vecinales de 2026, reiterando su compromiso de mantener abiertos los canales de comunicaci\u00f3n directa y llevar el gobierno a los espacios p\u00fablicos.<\/p>\n","protected":false},"excerpt":{"rendered":"<p>Oaxaca de Ju\u00e1rez, Oax.- Con la participaci\u00f3n directa de vecinas y vecinos, el Municipio de Oaxaca de Ju\u00e1rez realiz\u00f3 este mi\u00e9rcoles el primer Di\u00e1logo Vecinal del a\u00f1o, correspondiente al n\u00famero 24 de la presente administraci\u00f3n, como parte de su estrategia de gobierno de territorio y atenci\u00f3n directa a la ciudadan\u00eda. El encuentro tuvo lugar en [&hellip;]<\/p>\n","protected":false},"author":2,"featured_media":72329,"comment_status":"closed","ping_status":"","sticky":false,"template":"","format":"standard","meta":{"footnotes":""},"categories":[2],"tags":[],"class_list":{"0":"post-72327","1":"post","2":"type-post","3":"status-publish","4":"format-standard","5":"has-post-thumbnail","7":"category-oaxaca"},"yoast_head":"<!-- This site is optimized with the Yoast SEO plugin v27.4 - https:\/\/yoast.com\/product\/yoast-seo-wordpress\/ -->\n<title>Vecinas y vecinos toman la palabra en el primer Di\u00e1logo Vecinal del a\u00f1o en Oaxaca de Ju\u00e1rez - LA BRAVA RADIO<\/title>\n<meta name=\"robots\" content=\"index, follow, max-snippet:-1, max-image-preview:large, max-video-preview:-1\" \/>\n<link rel=\"canonical\" href=\"https:\/\/www.bbmnoticias.com\/vecinas-y-vecinos-toman-la-palabra-en-el-primer-dialogo-vecinal-del-ano-en-oaxaca-de-juarez\/\" \/>\n<meta property=\"og:locale\" content=\"es_MX\" \/>\n<meta property=\"og:type\" content=\"article\" \/>\n<meta property=\"og:title\" content=\"Vecinas y vecinos toman la palabra en el primer Di\u00e1logo Vecinal del a\u00f1o en Oaxaca de Ju\u00e1rez - LA BRAVA RADIO\" \/>\n<meta property=\"og:description\" content=\"Oaxaca de Ju\u00e1rez, Oax.- Con la participaci\u00f3n directa de vecinas y vecinos, el Municipio de Oaxaca de Ju\u00e1rez realiz\u00f3 este mi\u00e9rcoles el primer Di\u00e1logo Vecinal del a\u00f1o, correspondiente al n\u00famero 24 de la presente administraci\u00f3n, como parte de su estrategia de gobierno de territorio y atenci\u00f3n directa a la ciudadan\u00eda. El encuentro tuvo lugar en [&hellip;]\" \/>\n<meta property=\"og:url\" content=\"https:\/\/www.bbmnoticias.com\/vecinas-y-vecinos-toman-la-palabra-en-el-primer-dialogo-vecinal-del-ano-en-oaxaca-de-juarez\/\" \/>\n<meta property=\"og:site_name\" content=\"LA BRAVA RADIO\" \/>\n<meta property=\"article:published_time\" content=\"2026-01-07T21:44:01+00:00\" \/>\n<meta property=\"article:modified_time\" content=\"2026-01-07T21:44:06+00:00\" \/>\n<meta property=\"og:image\" content=\"https:\/\/www.bbmnoticias.com\/labravaradiofm\/wp-content\/uploads\/sites\/5\/2026\/01\/ray_chagoya.jpg\" \/>\n\t<meta property=\"og:image:width\" content=\"800\" \/>\n\t<meta property=\"og:image:height\" content=\"535\" \/>\n\t<meta property=\"og:image:type\" content=\"image\/jpeg\" \/>\n<meta name=\"author\" content=\"Staff\" \/>\n<meta name=\"twitter:card\" content=\"summary_large_image\" \/>\n<meta name=\"twitter:label1\" content=\"Escrito por\" \/>\n\t<meta name=\"twitter:data1\" content=\"Staff\" \/>\n\t<meta name=\"twitter:label2\" content=\"Tiempo de lectura\" \/>\n\t<meta name=\"twitter:data2\" content=\"1 minuto\" \/>\n<script type=\"application\/ld+json\" class=\"yoast-schema-graph\">{\"@context\":\"https:\\\/\\\/schema.org\",\"@graph\":[{\"@type\":\"Article\",\"@id\":\"https:\\\/\\\/www.bbmnoticias.com\\\/vecinas-y-vecinos-toman-la-palabra-en-el-primer-dialogo-vecinal-del-ano-en-oaxaca-de-juarez\\\/#article\",\"isPartOf\":{\"@id\":\"https:\\\/\\\/www.bbmnoticias.com\\\/labravaradiofm\\\/2026\\\/01\\\/07\\\/vecinas-y-vecinos-toman-la-palabra-en-el-primer-dialogo-vecinal-del-ano-en-oaxaca-de-juarez\\\/\"},\"author\":{\"name\":\"Staff\",\"@id\":\"https:\\\/\\\/www.bbmnoticias.com\\\/labravaradiofm\\\/#\\\/schema\\\/person\\\/68a9e9036ef3c5b55aeb2b71dc8bab45\"},\"headline\":\"Vecinas y vecinos toman la palabra en el primer Di\u00e1logo Vecinal del a\u00f1o en Oaxaca de Ju\u00e1rez\",\"datePublished\":\"2026-01-07T21:44:01+00:00\",\"dateModified\":\"2026-01-07T21:44:06+00:00\",\"mainEntityOfPage\":{\"@id\":\"https:\\\/\\\/www.bbmnoticias.com\\\/labravaradiofm\\\/2026\\\/01\\\/07\\\/vecinas-y-vecinos-toman-la-palabra-en-el-primer-dialogo-vecinal-del-ano-en-oaxaca-de-juarez\\\/\"},\"wordCount\":237,\"image\":{\"@id\":\"https:\\\/\\\/www.bbmnoticias.com\\\/vecinas-y-vecinos-toman-la-palabra-en-el-primer-dialogo-vecinal-del-ano-en-oaxaca-de-juarez\\\/#primaryimage\"},\"thumbnailUrl\":\"https:\\\/\\\/www.bbmnoticias.com\\\/labravaradiofm\\\/wp-content\\\/uploads\\\/sites\\\/5\\\/2026\\\/01\\\/ray_chagoya.jpg\",\"articleSection\":[\"LOCAL\"],\"inLanguage\":\"es\"},{\"@type\":\"WebPage\",\"@id\":\"https:\\\/\\\/www.bbmnoticias.com\\\/labravaradiofm\\\/2026\\\/01\\\/07\\\/vecinas-y-vecinos-toman-la-palabra-en-el-primer-dialogo-vecinal-del-ano-en-oaxaca-de-juarez\\\/\",\"url\":\"https:\\\/\\\/www.bbmnoticias.com\\\/vecinas-y-vecinos-toman-la-palabra-en-el-primer-dialogo-vecinal-del-ano-en-oaxaca-de-juarez\\\/\",\"name\":\"Vecinas y vecinos toman la palabra en el primer Di\u00e1logo Vecinal del a\u00f1o en Oaxaca de Ju\u00e1rez - LA BRAVA RADIO\",\"isPartOf\":{\"@id\":\"https:\\\/\\\/www.bbmnoticias.com\\\/labravaradiofm\\\/#website\"},\"primaryImageOfPage\":{\"@id\":\"https:\\\/\\\/www.bbmnoticias.com\\\/vecinas-y-vecinos-toman-la-palabra-en-el-primer-dialogo-vecinal-del-ano-en-oaxaca-de-juarez\\\/#primaryimage\"},\"image\":{\"@id\":\"https:\\\/\\\/www.bbmnoticias.com\\\/vecinas-y-vecinos-toman-la-palabra-en-el-primer-dialogo-vecinal-del-ano-en-oaxaca-de-juarez\\\/#primaryimage\"},\"thumbnailUrl\":\"https:\\\/\\\/www.bbmnoticias.com\\\/labravaradiofm\\\/wp-content\\\/uploads\\\/sites\\\/5\\\/2026\\\/01\\\/ray_chagoya.jpg\",\"datePublished\":\"2026-01-07T21:44:01+00:00\",\"dateModified\":\"2026-01-07T21:44:06+00:00\",\"author\":{\"@id\":\"https:\\\/\\\/www.bbmnoticias.com\\\/labravaradiofm\\\/#\\\/schema\\\/person\\\/68a9e9036ef3c5b55aeb2b71dc8bab45\"},\"breadcrumb\":{\"@id\":\"https:\\\/\\\/www.bbmnoticias.com\\\/vecinas-y-vecinos-toman-la-palabra-en-el-primer-dialogo-vecinal-del-ano-en-oaxaca-de-juarez\\\/#breadcrumb\"},\"inLanguage\":\"es\",\"potentialAction\":[{\"@type\":\"ReadAction\",\"target\":[\"https:\\\/\\\/www.bbmnoticias.com\\\/vecinas-y-vecinos-toman-la-palabra-en-el-primer-dialogo-vecinal-del-ano-en-oaxaca-de-juarez\\\/\"]}]},{\"@type\":\"ImageObject\",\"inLanguage\":\"es\",\"@id\":\"https:\\\/\\\/www.bbmnoticias.com\\\/vecinas-y-vecinos-toman-la-palabra-en-el-primer-dialogo-vecinal-del-ano-en-oaxaca-de-juarez\\\/#primaryimage\",\"url\":\"https:\\\/\\\/www.bbmnoticias.com\\\/labravaradiofm\\\/wp-content\\\/uploads\\\/sites\\\/5\\\/2026\\\/01\\\/ray_chagoya.jpg\",\"contentUrl\":\"https:\\\/\\\/www.bbmnoticias.com\\\/labravaradiofm\\\/wp-content\\\/uploads\\\/sites\\\/5\\\/2026\\\/01\\\/ray_chagoya.jpg\",\"width\":800,\"height\":535},{\"@type\":\"BreadcrumbList\",\"@id\":\"https:\\\/\\\/www.bbmnoticias.com\\\/vecinas-y-vecinos-toman-la-palabra-en-el-primer-dialogo-vecinal-del-ano-en-oaxaca-de-juarez\\\/#breadcrumb\",\"itemListElement\":[{\"@type\":\"ListItem\",\"position\":1,\"name\":\"Inicio\",\"item\":\"https:\\\/\\\/www.bbmnoticias.com\\\/labravaradiofm\\\/\"},{\"@type\":\"ListItem\",\"position\":2,\"name\":\"Vecinas y vecinos toman la palabra en el primer Di\u00e1logo Vecinal del a\u00f1o en Oaxaca de Ju\u00e1rez\"}]},{\"@type\":\"WebSite\",\"@id\":\"https:\\\/\\\/www.bbmnoticias.com\\\/labravaradiofm\\\/#website\",\"url\":\"https:\\\/\\\/www.bbmnoticias.com\\\/labravaradiofm\\\/\",\"name\":\"LA BRAVA RADIO\",\"description\":\"Empresa productora de medios, Radiodifusi\u00f3n, Noticias, tendencias y todo lo que necesitas saber de la pol\u00edtica mexicana e internacional; entretenimiento, espect\u00e1culos, salud y mucho m\u00e1s.\",\"potentialAction\":[{\"@type\":\"SearchAction\",\"target\":{\"@type\":\"EntryPoint\",\"urlTemplate\":\"https:\\\/\\\/www.bbmnoticias.com\\\/labravaradiofm\\\/?s={search_term_string}\"},\"query-input\":{\"@type\":\"PropertyValueSpecification\",\"valueRequired\":true,\"valueName\":\"search_term_string\"}}],\"inLanguage\":\"es\"},{\"@type\":\"Person\",\"@id\":\"https:\\\/\\\/www.bbmnoticias.com\\\/labravaradiofm\\\/#\\\/schema\\\/person\\\/68a9e9036ef3c5b55aeb2b71dc8bab45\",\"name\":\"Staff\",\"image\":{\"@type\":\"ImageObject\",\"inLanguage\":\"es\",\"@id\":\"https:\\\/\\\/secure.gravatar.com\\\/avatar\\\/fdd21ad66fd8b98c407f9dee5b5e588cfe7f0d8579ec20fa6527cd59bab7f0f0?s=96&d=mm&r=g\",\"url\":\"https:\\\/\\\/secure.gravatar.com\\\/avatar\\\/fdd21ad66fd8b98c407f9dee5b5e588cfe7f0d8579ec20fa6527cd59bab7f0f0?s=96&d=mm&r=g\",\"contentUrl\":\"https:\\\/\\\/secure.gravatar.com\\\/avatar\\\/fdd21ad66fd8b98c407f9dee5b5e588cfe7f0d8579ec20fa6527cd59bab7f0f0?s=96&d=mm&r=g\",\"caption\":\"Staff\"},\"url\":\"https:\\\/\\\/www.bbmnoticias.com\\\/labravaradiofm\\\/author\\\/redaccion\\\/\"}]}<\/script>\n<!-- \/ Yoast SEO plugin. -->","yoast_head_json":{"title":"Vecinas y vecinos toman la palabra en el primer Di\u00e1logo Vecinal del a\u00f1o en Oaxaca de Ju\u00e1rez - LA BRAVA RADIO","robots":{"index":"index","follow":"follow","max-snippet":"max-snippet:-1","max-image-preview":"max-image-preview:large","max-video-preview":"max-video-preview:-1"},"canonical":"https:\/\/www.bbmnoticias.com\/vecinas-y-vecinos-toman-la-palabra-en-el-primer-dialogo-vecinal-del-ano-en-oaxaca-de-juarez\/","og_locale":"es_MX","og_type":"article","og_title":"Vecinas y vecinos toman la palabra en el primer Di\u00e1logo Vecinal del a\u00f1o en Oaxaca de Ju\u00e1rez - LA BRAVA RADIO","og_description":"Oaxaca de Ju\u00e1rez, Oax.- Con la participaci\u00f3n directa de vecinas y vecinos, el Municipio de Oaxaca de Ju\u00e1rez realiz\u00f3 este mi\u00e9rcoles el primer Di\u00e1logo Vecinal del a\u00f1o, correspondiente al n\u00famero 24 de la presente administraci\u00f3n, como parte de su estrategia de gobierno de territorio y atenci\u00f3n directa a la ciudadan\u00eda. El encuentro tuvo lugar en [&hellip;]","og_url":"https:\/\/www.bbmnoticias.com\/vecinas-y-vecinos-toman-la-palabra-en-el-primer-dialogo-vecinal-del-ano-en-oaxaca-de-juarez\/","og_site_name":"LA BRAVA RADIO","article_published_time":"2026-01-07T21:44:01+00:00","article_modified_time":"2026-01-07T21:44:06+00:00","og_image":[{"width":800,"height":535,"url":"https:\/\/www.bbmnoticias.com\/labravaradiofm\/wp-content\/uploads\/sites\/5\/2026\/01\/ray_chagoya.jpg","type":"image\/jpeg"}],"author":"Staff","twitter_card":"summary_large_image","twitter_misc":{"Escrito por":"Staff","Tiempo de lectura":"1 minuto"},"schema":{"@context":"https:\/\/schema.org","@graph":[{"@type":"Article","@id":"https:\/\/www.bbmnoticias.com\/vecinas-y-vecinos-toman-la-palabra-en-el-primer-dialogo-vecinal-del-ano-en-oaxaca-de-juarez\/#article","isPartOf":{"@id":"https:\/\/www.bbmnoticias.com\/labravaradiofm\/2026\/01\/07\/vecinas-y-vecinos-toman-la-palabra-en-el-primer-dialogo-vecinal-del-ano-en-oaxaca-de-juarez\/"},"author":{"name":"Staff","@id":"https:\/\/www.bbmnoticias.com\/labravaradiofm\/#\/schema\/person\/68a9e9036ef3c5b55aeb2b71dc8bab45"},"headline":"Vecinas y vecinos toman la palabra en el primer Di\u00e1logo Vecinal del a\u00f1o en Oaxaca de Ju\u00e1rez","datePublished":"2026-01-07T21:44:01+00:00","dateModified":"2026-01-07T21:44:06+00:00","mainEntityOfPage":{"@id":"https:\/\/www.bbmnoticias.com\/labravaradiofm\/2026\/01\/07\/vecinas-y-vecinos-toman-la-palabra-en-el-primer-dialogo-vecinal-del-ano-en-oaxaca-de-juarez\/"},"wordCount":237,"image":{"@id":"https:\/\/www.bbmnoticias.com\/vecinas-y-vecinos-toman-la-palabra-en-el-primer-dialogo-vecinal-del-ano-en-oaxaca-de-juarez\/#primaryimage"},"thumbnailUrl":"https:\/\/www.bbmnoticias.com\/labravaradiofm\/wp-content\/uploads\/sites\/5\/2026\/01\/ray_chagoya.jpg","articleSection":["LOCAL"],"inLanguage":"es"},{"@type":"WebPage","@id":"https:\/\/www.bbmnoticias.com\/labravaradiofm\/2026\/01\/07\/vecinas-y-vecinos-toman-la-palabra-en-el-primer-dialogo-vecinal-del-ano-en-oaxaca-de-juarez\/","url":"https:\/\/www.bbmnoticias.com\/vecinas-y-vecinos-toman-la-palabra-en-el-primer-dialogo-vecinal-del-ano-en-oaxaca-de-juarez\/","name":"Vecinas y vecinos toman la palabra en el primer Di\u00e1logo Vecinal del a\u00f1o en Oaxaca de Ju\u00e1rez - LA BRAVA RADIO","isPartOf":{"@id":"https:\/\/www.bbmnoticias.com\/labravaradiofm\/#website"},"primaryImageOfPage":{"@id":"https:\/\/www.bbmnoticias.com\/vecinas-y-vecinos-toman-la-palabra-en-el-primer-dialogo-vecinal-del-ano-en-oaxaca-de-juarez\/#primaryimage"},"image":{"@id":"https:\/\/www.bbmnoticias.com\/vecinas-y-vecinos-toman-la-palabra-en-el-primer-dialogo-vecinal-del-ano-en-oaxaca-de-juarez\/#primaryimage"},"thumbnailUrl":"https:\/\/www.bbmnoticias.com\/labravaradiofm\/wp-content\/uploads\/sites\/5\/2026\/01\/ray_chagoya.jpg","datePublished":"2026-01-07T21:44:01+00:00","dateModified":"2026-01-07T21:44:06+00:00","author":{"@id":"https:\/\/www.bbmnoticias.com\/labravaradiofm\/#\/schema\/person\/68a9e9036ef3c5b55aeb2b71dc8bab45"},"breadcrumb":{"@id":"https:\/\/www.bbmnoticias.com\/vecinas-y-vecinos-toman-la-palabra-en-el-primer-dialogo-vecinal-del-ano-en-oaxaca-de-juarez\/#breadcrumb"},"inLanguage":"es","potentialAction":[{"@type":"ReadAction","target":["https:\/\/www.bbmnoticias.com\/vecinas-y-vecinos-toman-la-palabra-en-el-primer-dialogo-vecinal-del-ano-en-oaxaca-de-juarez\/"]}]},{"@type":"ImageObject","inLanguage":"es","@id":"https:\/\/www.bbmnoticias.com\/vecinas-y-vecinos-toman-la-palabra-en-el-primer-dialogo-vecinal-del-ano-en-oaxaca-de-juarez\/#primaryimage","url":"https:\/\/www.bbmnoticias.com\/labravaradiofm\/wp-content\/uploads\/sites\/5\/2026\/01\/ray_chagoya.jpg","contentUrl":"https:\/\/www.bbmnoticias.com\/labravaradiofm\/wp-content\/uploads\/sites\/5\/2026\/01\/ray_chagoya.jpg","width":800,"height":535},{"@type":"BreadcrumbList","@id":"https:\/\/www.bbmnoticias.com\/vecinas-y-vecinos-toman-la-palabra-en-el-primer-dialogo-vecinal-del-ano-en-oaxaca-de-juarez\/#breadcrumb","itemListElement":[{"@type":"ListItem","position":1,"name":"Inicio","item":"https:\/\/www.bbmnoticias.com\/labravaradiofm\/"},{"@type":"ListItem","position":2,"name":"Vecinas y vecinos toman la palabra en el primer Di\u00e1logo Vecinal del a\u00f1o en Oaxaca de Ju\u00e1rez"}]},{"@type":"WebSite","@id":"https:\/\/www.bbmnoticias.com\/labravaradiofm\/#website","url":"https:\/\/www.bbmnoticias.com\/labravaradiofm\/","name":"LA BRAVA RADIO","description":"Empresa productora de medios, Radiodifusi\u00f3n, Noticias, tendencias y todo lo que necesitas saber de la pol\u00edtica mexicana e internacional; entretenimiento, espect\u00e1culos, salud y mucho m\u00e1s.","potentialAction":[{"@type":"SearchAction","target":{"@type":"EntryPoint","urlTemplate":"https:\/\/www.bbmnoticias.com\/labravaradiofm\/?s={search_term_string}"},"query-input":{"@type":"PropertyValueSpecification","valueRequired":true,"valueName":"search_term_string"}}],"inLanguage":"es"},{"@type":"Person","@id":"https:\/\/www.bbmnoticias.com\/labravaradiofm\/#\/schema\/person\/68a9e9036ef3c5b55aeb2b71dc8bab45","name":"Staff","image":{"@type":"ImageObject","inLanguage":"es","@id":"https:\/\/secure.gravatar.com\/avatar\/fdd21ad66fd8b98c407f9dee5b5e588cfe7f0d8579ec20fa6527cd59bab7f0f0?s=96&d=mm&r=g","url":"https:\/\/secure.gravatar.com\/avatar\/fdd21ad66fd8b98c407f9dee5b5e588cfe7f0d8579ec20fa6527cd59bab7f0f0?s=96&d=mm&r=g","contentUrl":"https:\/\/secure.gravatar.com\/avatar\/fdd21ad66fd8b98c407f9dee5b5e588cfe7f0d8579ec20fa6527cd59bab7f0f0?s=96&d=mm&r=g","caption":"Staff"},"url":"https:\/\/www.bbmnoticias.com\/labravaradiofm\/author\/redaccion\/"}]}},"_links":{"self":[{"href":"https:\/\/www.bbmnoticias.com\/labravaradiofm\/wp-json\/wp\/v2\/posts\/72327","targetHints":{"allow":["GET"]}}],"collection":[{"href":"https:\/\/www.bbmnoticias.com\/labravaradiofm\/wp-json\/wp\/v2\/posts"}],"about":[{"href":"https:\/\/www.bbmnoticias.com\/labravaradiofm\/wp-json\/wp\/v2\/types\/post"}],"author":[{"embeddable":true,"href":"https:\/\/www.bbmnoticias.com\/labravaradiofm\/wp-json\/wp\/v2\/users\/2"}],"replies":[{"embeddable":true,"href":"https:\/\/www.bbmnoticias.com\/labravaradiofm\/wp-json\/wp\/v2\/comments?post=72327"}],"version-history":[{"count":0,"href":"https:\/\/www.bbmnoticias.com\/labravaradiofm\/wp-json\/wp\/v2\/posts\/72327\/revisions"}],"wp:featuredmedia":[{"embeddable":true,"href":"https:\/\/www.bbmnoticias.com\/labravaradiofm\/wp-json\/wp\/v2\/media\/72329"}],"wp:attachment":[{"href":"https:\/\/www.bbmnoticias.com\/labravaradiofm\/wp-json\/wp\/v2\/media?parent=72327"}],"wp:term":[{"taxonomy":"category","embeddable":true,"href":"https:\/\/www.bbmnoticias.com\/labravaradiofm\/wp-json\/wp\/v2\/categories?post=72327"},{"taxonomy":"post_tag","embeddable":true,"href":"https:\/\/www.bbmnoticias.com\/labravaradiofm\/wp-json\/wp\/v2\/tags?post=72327"}],"curies":[{"name":"wp","href":"https:\/\/api.w.org\/{rel}","templated":true}]}}