{"id":72324,"date":"2026-01-07T15:11:06","date_gmt":"2026-01-07T21:11:06","guid":{"rendered":"https:\/\/www.bbmnoticias.com\/labravaradiofm\/2026\/01\/07\/acuerdos-definitivos-de-conciliacion-agraria-devuelven-la-paz-territorial-a-comunidades-de-oaxaca\/"},"modified":"2026-01-07T15:11:34","modified_gmt":"2026-01-07T21:11:34","slug":"acuerdos-definitivos-de-conciliacion-agraria-devuelven-la-paz-territorial-a-comunidades-de-oaxaca","status":"publish","type":"post","link":"https:\/\/www.bbmnoticias.com\/labravaradiofm\/2026\/01\/07\/acuerdos-definitivos-de-conciliacion-agraria-devuelven-la-paz-territorial-a-comunidades-de-oaxaca\/","title":{"rendered":"Acuerdos definitivos de conciliaci\u00f3n agraria devuelven la paz territorial a comunidades de Oaxaca"},"content":{"rendered":"<div style=\"margin-top: 0px; margin-bottom: 0px;\" class=\"sharethis-inline-share-buttons\" ><\/div>\n<p>\u00b7&nbsp;&nbsp;&nbsp;&nbsp;&nbsp;&nbsp;&nbsp;&nbsp; El secretario de Gobierno, Jes\u00fas Romero L\u00f3pez expres\u00f3 que cuando existe voluntad para resolver las diferencias a trav\u00e9s del di\u00e1logo, las comunidades pueden recuperar la oportunidad de escribir su presente y su futuro<\/p>\n\n\n\n<p>Oaxaca de Ju\u00e1rez, Oax. 7 de enero de 2026.- Como resultado del di\u00e1logo, la conciliaci\u00f3n y la construcci\u00f3n de acuerdos; la Secretar\u00eda de Gobierno (Sego) y la Junta Local de Conciliaci\u00f3n Agraria (JLCA) atestiguaron la firma de dos Acuerdos Definitivos de Paz Territorial, mediante los cuales autoridades de cuatro comunidades resolvieron conflictos hist\u00f3ricos por l\u00edmites agrarios, fortaleciendo la gobernabilidad y la paz territorial en sus regiones.<\/p>\n\n\n\n<p>Al respecto, el secretario de Gobierno, Jes\u00fas Romero L\u00f3pez, destac\u00f3 que estos acuerdos definitivos de paz son producto de procesos responsables y sostenidos de mediaci\u00f3n institucional. \u201cCuando se privilegia el di\u00e1logo y la conciliaci\u00f3n, se generan condiciones reales de gobernabilidad y certeza jur\u00eddica, cerrando ciclos de conflicto que por d\u00e9cadas afectaron la convivencia y el desarrollo de las comunidades\u201d, subray\u00f3.<\/p>\n\n\n\n<p>El primer acuerdo se suscribi\u00f3 entre el ejido El Ocote, del municipio de Santiago Tetepec, y la comunidad de Santa Cruz Flores Mag\u00f3n, perteneciente a Santiago Jamiltepec, que durante m\u00e1s de 20 a\u00f1os enfrentaron indefinici\u00f3n de linderos en una franja de poco m\u00e1s de 5 mil 500 metros lineales.<\/p>\n\n\n\n<p>Tras m\u00e1s de 10 mesas de di\u00e1logo impulsadas por la Sego, la JLCA y la Coordinaci\u00f3n de Delegados de Paz (Cdpaz), a finales de noviembre de 2025 se realizaron los trabajos t\u00e9cnicos informativos que permitieron concretar el Acuerdo Definitivo de Paz Territorial n\u00famero 48 de la presente administraci\u00f3n, en beneficio directo de m\u00e1s de 400 personas campesinas y sus familias.<\/p>\n\n\n\n<p>Asimismo, luego de m\u00e1s de dos d\u00e9cadas de indefinici\u00f3n territorial, el municipio de San Pedro Y\u00f3lox y la agencia de Santa Mar\u00eda Totomoxtla, perteneciente a San Juan Quiotepec, firmaron el Acuerdo Definitivo de Paz Territorial n\u00famero 49 que beneficia de manera directa a 500 personas comuneras y sus familias.<\/p>\n\n\n\n<p>Para su concreci\u00f3n se llevaron a cabo ocho mesas de di\u00e1logo; el 17 de junio de 2025 se aprob\u00f3 la realizaci\u00f3n de los trabajos t\u00e9cnicos topogr\u00e1ficos, ejecutados el 11 de julio de ese a\u00f1o, y el amojonado el 2 de diciembre, con una longitud total de 5 mil 871.669 metros lineales.<\/p>\n\n\n\n<p>Finalmente, el titular de la Sego se\u00f1al\u00f3 que cuando existe voluntad para resolver los conflictos a trav\u00e9s del di\u00e1logo, las comunidades pueden recuperar la oportunidad de escribir su presente y su futuro.<\/p>\n","protected":false},"excerpt":{"rendered":"<p>\u00b7&nbsp;&nbsp;&nbsp;&nbsp;&nbsp;&nbsp;&nbsp;&nbsp; El secretario de Gobierno, Jes\u00fas Romero L\u00f3pez expres\u00f3 que cuando existe voluntad para resolver las diferencias a trav\u00e9s del di\u00e1logo, las comunidades pueden recuperar la oportunidad de escribir su presente y su futuro Oaxaca de Ju\u00e1rez, Oax. 7 de enero de 2026.- Como resultado del di\u00e1logo, la conciliaci\u00f3n y la construcci\u00f3n de acuerdos; la [&hellip;]<\/p>\n","protected":false},"author":2,"featured_media":72326,"comment_status":"closed","ping_status":"","sticky":false,"template":"","format":"standard","meta":{"footnotes":""},"categories":[2],"tags":[],"class_list":{"0":"post-72324","1":"post","2":"type-post","3":"status-publish","4":"format-standard","5":"has-post-thumbnail","7":"category-oaxaca"},"yoast_head":"<!-- This site is optimized with the Yoast SEO plugin v27.4 - https:\/\/yoast.com\/product\/yoast-seo-wordpress\/ -->\n<title>Acuerdos definitivos de conciliaci\u00f3n agraria devuelven la paz territorial a comunidades de Oaxaca - LA BRAVA RADIO<\/title>\n<meta name=\"robots\" content=\"index, follow, max-snippet:-1, max-image-preview:large, max-video-preview:-1\" \/>\n<link rel=\"canonical\" href=\"https:\/\/www.bbmnoticias.com\/acuerdos-definitivos-de-conciliacion-agraria-devuelven-la-paz-territorial-a-comunidades-de-oaxaca\/\" \/>\n<meta property=\"og:locale\" content=\"es_MX\" \/>\n<meta property=\"og:type\" content=\"article\" \/>\n<meta property=\"og:title\" content=\"Acuerdos definitivos de conciliaci\u00f3n agraria devuelven la paz territorial a comunidades de Oaxaca - LA BRAVA RADIO\" \/>\n<meta property=\"og:description\" content=\"\u00b7&nbsp;&nbsp;&nbsp;&nbsp;&nbsp;&nbsp;&nbsp;&nbsp; El secretario de Gobierno, Jes\u00fas Romero L\u00f3pez expres\u00f3 que cuando existe voluntad para resolver las diferencias a trav\u00e9s del di\u00e1logo, las comunidades pueden recuperar la oportunidad de escribir su presente y su futuro Oaxaca de Ju\u00e1rez, Oax. 7 de enero de 2026.- Como resultado del di\u00e1logo, la conciliaci\u00f3n y la construcci\u00f3n de acuerdos; la [&hellip;]\" \/>\n<meta property=\"og:url\" content=\"https:\/\/www.bbmnoticias.com\/acuerdos-definitivos-de-conciliacion-agraria-devuelven-la-paz-territorial-a-comunidades-de-oaxaca\/\" \/>\n<meta property=\"og:site_name\" content=\"LA BRAVA RADIO\" \/>\n<meta property=\"article:published_time\" content=\"2026-01-07T21:11:06+00:00\" \/>\n<meta property=\"article:modified_time\" content=\"2026-01-07T21:11:34+00:00\" \/>\n<meta property=\"og:image\" content=\"https:\/\/www.bbmnoticias.com\/labravaradiofm\/wp-content\/uploads\/sites\/5\/2026\/01\/sego_reunion.jpg\" \/>\n\t<meta property=\"og:image:width\" content=\"800\" \/>\n\t<meta property=\"og:image:height\" content=\"533\" \/>\n\t<meta property=\"og:image:type\" content=\"image\/jpeg\" \/>\n<meta name=\"author\" content=\"Staff\" \/>\n<meta name=\"twitter:card\" content=\"summary_large_image\" \/>\n<meta name=\"twitter:label1\" content=\"Escrito por\" \/>\n\t<meta name=\"twitter:data1\" content=\"Staff\" \/>\n\t<meta name=\"twitter:label2\" content=\"Tiempo de lectura\" \/>\n\t<meta name=\"twitter:data2\" content=\"2 minutos\" \/>\n<script type=\"application\/ld+json\" class=\"yoast-schema-graph\">{\"@context\":\"https:\\\/\\\/schema.org\",\"@graph\":[{\"@type\":\"Article\",\"@id\":\"https:\\\/\\\/www.bbmnoticias.com\\\/acuerdos-definitivos-de-conciliacion-agraria-devuelven-la-paz-territorial-a-comunidades-de-oaxaca\\\/#article\",\"isPartOf\":{\"@id\":\"https:\\\/\\\/www.bbmnoticias.com\\\/labravaradiofm\\\/2026\\\/01\\\/07\\\/acuerdos-definitivos-de-conciliacion-agraria-devuelven-la-paz-territorial-a-comunidades-de-oaxaca\\\/\"},\"author\":{\"name\":\"Staff\",\"@id\":\"https:\\\/\\\/www.bbmnoticias.com\\\/labravaradiofm\\\/#\\\/schema\\\/person\\\/68a9e9036ef3c5b55aeb2b71dc8bab45\"},\"headline\":\"Acuerdos definitivos de conciliaci\u00f3n agraria devuelven la paz territorial a comunidades de Oaxaca\",\"datePublished\":\"2026-01-07T21:11:06+00:00\",\"dateModified\":\"2026-01-07T21:11:34+00:00\",\"mainEntityOfPage\":{\"@id\":\"https:\\\/\\\/www.bbmnoticias.com\\\/labravaradiofm\\\/2026\\\/01\\\/07\\\/acuerdos-definitivos-de-conciliacion-agraria-devuelven-la-paz-territorial-a-comunidades-de-oaxaca\\\/\"},\"wordCount\":452,\"image\":{\"@id\":\"https:\\\/\\\/www.bbmnoticias.com\\\/acuerdos-definitivos-de-conciliacion-agraria-devuelven-la-paz-territorial-a-comunidades-de-oaxaca\\\/#primaryimage\"},\"thumbnailUrl\":\"https:\\\/\\\/www.bbmnoticias.com\\\/labravaradiofm\\\/wp-content\\\/uploads\\\/sites\\\/5\\\/2026\\\/01\\\/sego_reunion.jpg\",\"articleSection\":[\"LOCAL\"],\"inLanguage\":\"es\"},{\"@type\":\"WebPage\",\"@id\":\"https:\\\/\\\/www.bbmnoticias.com\\\/labravaradiofm\\\/2026\\\/01\\\/07\\\/acuerdos-definitivos-de-conciliacion-agraria-devuelven-la-paz-territorial-a-comunidades-de-oaxaca\\\/\",\"url\":\"https:\\\/\\\/www.bbmnoticias.com\\\/acuerdos-definitivos-de-conciliacion-agraria-devuelven-la-paz-territorial-a-comunidades-de-oaxaca\\\/\",\"name\":\"Acuerdos definitivos de conciliaci\u00f3n agraria devuelven la paz territorial a comunidades de Oaxaca - LA BRAVA RADIO\",\"isPartOf\":{\"@id\":\"https:\\\/\\\/www.bbmnoticias.com\\\/labravaradiofm\\\/#website\"},\"primaryImageOfPage\":{\"@id\":\"https:\\\/\\\/www.bbmnoticias.com\\\/acuerdos-definitivos-de-conciliacion-agraria-devuelven-la-paz-territorial-a-comunidades-de-oaxaca\\\/#primaryimage\"},\"image\":{\"@id\":\"https:\\\/\\\/www.bbmnoticias.com\\\/acuerdos-definitivos-de-conciliacion-agraria-devuelven-la-paz-territorial-a-comunidades-de-oaxaca\\\/#primaryimage\"},\"thumbnailUrl\":\"https:\\\/\\\/www.bbmnoticias.com\\\/labravaradiofm\\\/wp-content\\\/uploads\\\/sites\\\/5\\\/2026\\\/01\\\/sego_reunion.jpg\",\"datePublished\":\"2026-01-07T21:11:06+00:00\",\"dateModified\":\"2026-01-07T21:11:34+00:00\",\"author\":{\"@id\":\"https:\\\/\\\/www.bbmnoticias.com\\\/labravaradiofm\\\/#\\\/schema\\\/person\\\/68a9e9036ef3c5b55aeb2b71dc8bab45\"},\"breadcrumb\":{\"@id\":\"https:\\\/\\\/www.bbmnoticias.com\\\/acuerdos-definitivos-de-conciliacion-agraria-devuelven-la-paz-territorial-a-comunidades-de-oaxaca\\\/#breadcrumb\"},\"inLanguage\":\"es\",\"potentialAction\":[{\"@type\":\"ReadAction\",\"target\":[\"https:\\\/\\\/www.bbmnoticias.com\\\/acuerdos-definitivos-de-conciliacion-agraria-devuelven-la-paz-territorial-a-comunidades-de-oaxaca\\\/\"]}]},{\"@type\":\"ImageObject\",\"inLanguage\":\"es\",\"@id\":\"https:\\\/\\\/www.bbmnoticias.com\\\/acuerdos-definitivos-de-conciliacion-agraria-devuelven-la-paz-territorial-a-comunidades-de-oaxaca\\\/#primaryimage\",\"url\":\"https:\\\/\\\/www.bbmnoticias.com\\\/labravaradiofm\\\/wp-content\\\/uploads\\\/sites\\\/5\\\/2026\\\/01\\\/sego_reunion.jpg\",\"contentUrl\":\"https:\\\/\\\/www.bbmnoticias.com\\\/labravaradiofm\\\/wp-content\\\/uploads\\\/sites\\\/5\\\/2026\\\/01\\\/sego_reunion.jpg\",\"width\":800,\"height\":533},{\"@type\":\"BreadcrumbList\",\"@id\":\"https:\\\/\\\/www.bbmnoticias.com\\\/acuerdos-definitivos-de-conciliacion-agraria-devuelven-la-paz-territorial-a-comunidades-de-oaxaca\\\/#breadcrumb\",\"itemListElement\":[{\"@type\":\"ListItem\",\"position\":1,\"name\":\"Inicio\",\"item\":\"https:\\\/\\\/www.bbmnoticias.com\\\/labravaradiofm\\\/\"},{\"@type\":\"ListItem\",\"position\":2,\"name\":\"Acuerdos definitivos de conciliaci\u00f3n agraria devuelven la paz territorial a comunidades de Oaxaca\"}]},{\"@type\":\"WebSite\",\"@id\":\"https:\\\/\\\/www.bbmnoticias.com\\\/labravaradiofm\\\/#website\",\"url\":\"https:\\\/\\\/www.bbmnoticias.com\\\/labravaradiofm\\\/\",\"name\":\"LA BRAVA RADIO\",\"description\":\"Empresa productora de medios, Radiodifusi\u00f3n, Noticias, tendencias y todo lo que necesitas saber de la pol\u00edtica mexicana e internacional; entretenimiento, espect\u00e1culos, salud y mucho m\u00e1s.\",\"potentialAction\":[{\"@type\":\"SearchAction\",\"target\":{\"@type\":\"EntryPoint\",\"urlTemplate\":\"https:\\\/\\\/www.bbmnoticias.com\\\/labravaradiofm\\\/?s={search_term_string}\"},\"query-input\":{\"@type\":\"PropertyValueSpecification\",\"valueRequired\":true,\"valueName\":\"search_term_string\"}}],\"inLanguage\":\"es\"},{\"@type\":\"Person\",\"@id\":\"https:\\\/\\\/www.bbmnoticias.com\\\/labravaradiofm\\\/#\\\/schema\\\/person\\\/68a9e9036ef3c5b55aeb2b71dc8bab45\",\"name\":\"Staff\",\"image\":{\"@type\":\"ImageObject\",\"inLanguage\":\"es\",\"@id\":\"https:\\\/\\\/secure.gravatar.com\\\/avatar\\\/fdd21ad66fd8b98c407f9dee5b5e588cfe7f0d8579ec20fa6527cd59bab7f0f0?s=96&d=mm&r=g\",\"url\":\"https:\\\/\\\/secure.gravatar.com\\\/avatar\\\/fdd21ad66fd8b98c407f9dee5b5e588cfe7f0d8579ec20fa6527cd59bab7f0f0?s=96&d=mm&r=g\",\"contentUrl\":\"https:\\\/\\\/secure.gravatar.com\\\/avatar\\\/fdd21ad66fd8b98c407f9dee5b5e588cfe7f0d8579ec20fa6527cd59bab7f0f0?s=96&d=mm&r=g\",\"caption\":\"Staff\"},\"url\":\"https:\\\/\\\/www.bbmnoticias.com\\\/labravaradiofm\\\/author\\\/redaccion\\\/\"}]}<\/script>\n<!-- \/ Yoast SEO plugin. -->","yoast_head_json":{"title":"Acuerdos definitivos de conciliaci\u00f3n agraria devuelven la paz territorial a comunidades de Oaxaca - LA BRAVA RADIO","robots":{"index":"index","follow":"follow","max-snippet":"max-snippet:-1","max-image-preview":"max-image-preview:large","max-video-preview":"max-video-preview:-1"},"canonical":"https:\/\/www.bbmnoticias.com\/acuerdos-definitivos-de-conciliacion-agraria-devuelven-la-paz-territorial-a-comunidades-de-oaxaca\/","og_locale":"es_MX","og_type":"article","og_title":"Acuerdos definitivos de conciliaci\u00f3n agraria devuelven la paz territorial a comunidades de Oaxaca - LA BRAVA RADIO","og_description":"\u00b7&nbsp;&nbsp;&nbsp;&nbsp;&nbsp;&nbsp;&nbsp;&nbsp; El secretario de Gobierno, Jes\u00fas Romero L\u00f3pez expres\u00f3 que cuando existe voluntad para resolver las diferencias a trav\u00e9s del di\u00e1logo, las comunidades pueden recuperar la oportunidad de escribir su presente y su futuro Oaxaca de Ju\u00e1rez, Oax. 7 de enero de 2026.- Como resultado del di\u00e1logo, la conciliaci\u00f3n y la construcci\u00f3n de acuerdos; la [&hellip;]","og_url":"https:\/\/www.bbmnoticias.com\/acuerdos-definitivos-de-conciliacion-agraria-devuelven-la-paz-territorial-a-comunidades-de-oaxaca\/","og_site_name":"LA BRAVA RADIO","article_published_time":"2026-01-07T21:11:06+00:00","article_modified_time":"2026-01-07T21:11:34+00:00","og_image":[{"width":800,"height":533,"url":"https:\/\/www.bbmnoticias.com\/labravaradiofm\/wp-content\/uploads\/sites\/5\/2026\/01\/sego_reunion.jpg","type":"image\/jpeg"}],"author":"Staff","twitter_card":"summary_large_image","twitter_misc":{"Escrito por":"Staff","Tiempo de lectura":"2 minutos"},"schema":{"@context":"https:\/\/schema.org","@graph":[{"@type":"Article","@id":"https:\/\/www.bbmnoticias.com\/acuerdos-definitivos-de-conciliacion-agraria-devuelven-la-paz-territorial-a-comunidades-de-oaxaca\/#article","isPartOf":{"@id":"https:\/\/www.bbmnoticias.com\/labravaradiofm\/2026\/01\/07\/acuerdos-definitivos-de-conciliacion-agraria-devuelven-la-paz-territorial-a-comunidades-de-oaxaca\/"},"author":{"name":"Staff","@id":"https:\/\/www.bbmnoticias.com\/labravaradiofm\/#\/schema\/person\/68a9e9036ef3c5b55aeb2b71dc8bab45"},"headline":"Acuerdos definitivos de conciliaci\u00f3n agraria devuelven la paz territorial a comunidades de Oaxaca","datePublished":"2026-01-07T21:11:06+00:00","dateModified":"2026-01-07T21:11:34+00:00","mainEntityOfPage":{"@id":"https:\/\/www.bbmnoticias.com\/labravaradiofm\/2026\/01\/07\/acuerdos-definitivos-de-conciliacion-agraria-devuelven-la-paz-territorial-a-comunidades-de-oaxaca\/"},"wordCount":452,"image":{"@id":"https:\/\/www.bbmnoticias.com\/acuerdos-definitivos-de-conciliacion-agraria-devuelven-la-paz-territorial-a-comunidades-de-oaxaca\/#primaryimage"},"thumbnailUrl":"https:\/\/www.bbmnoticias.com\/labravaradiofm\/wp-content\/uploads\/sites\/5\/2026\/01\/sego_reunion.jpg","articleSection":["LOCAL"],"inLanguage":"es"},{"@type":"WebPage","@id":"https:\/\/www.bbmnoticias.com\/labravaradiofm\/2026\/01\/07\/acuerdos-definitivos-de-conciliacion-agraria-devuelven-la-paz-territorial-a-comunidades-de-oaxaca\/","url":"https:\/\/www.bbmnoticias.com\/acuerdos-definitivos-de-conciliacion-agraria-devuelven-la-paz-territorial-a-comunidades-de-oaxaca\/","name":"Acuerdos definitivos de conciliaci\u00f3n agraria devuelven la paz territorial a comunidades de Oaxaca - LA BRAVA RADIO","isPartOf":{"@id":"https:\/\/www.bbmnoticias.com\/labravaradiofm\/#website"},"primaryImageOfPage":{"@id":"https:\/\/www.bbmnoticias.com\/acuerdos-definitivos-de-conciliacion-agraria-devuelven-la-paz-territorial-a-comunidades-de-oaxaca\/#primaryimage"},"image":{"@id":"https:\/\/www.bbmnoticias.com\/acuerdos-definitivos-de-conciliacion-agraria-devuelven-la-paz-territorial-a-comunidades-de-oaxaca\/#primaryimage"},"thumbnailUrl":"https:\/\/www.bbmnoticias.com\/labravaradiofm\/wp-content\/uploads\/sites\/5\/2026\/01\/sego_reunion.jpg","datePublished":"2026-01-07T21:11:06+00:00","dateModified":"2026-01-07T21:11:34+00:00","author":{"@id":"https:\/\/www.bbmnoticias.com\/labravaradiofm\/#\/schema\/person\/68a9e9036ef3c5b55aeb2b71dc8bab45"},"breadcrumb":{"@id":"https:\/\/www.bbmnoticias.com\/acuerdos-definitivos-de-conciliacion-agraria-devuelven-la-paz-territorial-a-comunidades-de-oaxaca\/#breadcrumb"},"inLanguage":"es","potentialAction":[{"@type":"ReadAction","target":["https:\/\/www.bbmnoticias.com\/acuerdos-definitivos-de-conciliacion-agraria-devuelven-la-paz-territorial-a-comunidades-de-oaxaca\/"]}]},{"@type":"ImageObject","inLanguage":"es","@id":"https:\/\/www.bbmnoticias.com\/acuerdos-definitivos-de-conciliacion-agraria-devuelven-la-paz-territorial-a-comunidades-de-oaxaca\/#primaryimage","url":"https:\/\/www.bbmnoticias.com\/labravaradiofm\/wp-content\/uploads\/sites\/5\/2026\/01\/sego_reunion.jpg","contentUrl":"https:\/\/www.bbmnoticias.com\/labravaradiofm\/wp-content\/uploads\/sites\/5\/2026\/01\/sego_reunion.jpg","width":800,"height":533},{"@type":"BreadcrumbList","@id":"https:\/\/www.bbmnoticias.com\/acuerdos-definitivos-de-conciliacion-agraria-devuelven-la-paz-territorial-a-comunidades-de-oaxaca\/#breadcrumb","itemListElement":[{"@type":"ListItem","position":1,"name":"Inicio","item":"https:\/\/www.bbmnoticias.com\/labravaradiofm\/"},{"@type":"ListItem","position":2,"name":"Acuerdos definitivos de conciliaci\u00f3n agraria devuelven la paz territorial a comunidades de Oaxaca"}]},{"@type":"WebSite","@id":"https:\/\/www.bbmnoticias.com\/labravaradiofm\/#website","url":"https:\/\/www.bbmnoticias.com\/labravaradiofm\/","name":"LA BRAVA RADIO","description":"Empresa productora de medios, Radiodifusi\u00f3n, Noticias, tendencias y todo lo que necesitas saber de la pol\u00edtica mexicana e internacional; entretenimiento, espect\u00e1culos, salud y mucho m\u00e1s.","potentialAction":[{"@type":"SearchAction","target":{"@type":"EntryPoint","urlTemplate":"https:\/\/www.bbmnoticias.com\/labravaradiofm\/?s={search_term_string}"},"query-input":{"@type":"PropertyValueSpecification","valueRequired":true,"valueName":"search_term_string"}}],"inLanguage":"es"},{"@type":"Person","@id":"https:\/\/www.bbmnoticias.com\/labravaradiofm\/#\/schema\/person\/68a9e9036ef3c5b55aeb2b71dc8bab45","name":"Staff","image":{"@type":"ImageObject","inLanguage":"es","@id":"https:\/\/secure.gravatar.com\/avatar\/fdd21ad66fd8b98c407f9dee5b5e588cfe7f0d8579ec20fa6527cd59bab7f0f0?s=96&d=mm&r=g","url":"https:\/\/secure.gravatar.com\/avatar\/fdd21ad66fd8b98c407f9dee5b5e588cfe7f0d8579ec20fa6527cd59bab7f0f0?s=96&d=mm&r=g","contentUrl":"https:\/\/secure.gravatar.com\/avatar\/fdd21ad66fd8b98c407f9dee5b5e588cfe7f0d8579ec20fa6527cd59bab7f0f0?s=96&d=mm&r=g","caption":"Staff"},"url":"https:\/\/www.bbmnoticias.com\/labravaradiofm\/author\/redaccion\/"}]}},"_links":{"self":[{"href":"https:\/\/www.bbmnoticias.com\/labravaradiofm\/wp-json\/wp\/v2\/posts\/72324","targetHints":{"allow":["GET"]}}],"collection":[{"href":"https:\/\/www.bbmnoticias.com\/labravaradiofm\/wp-json\/wp\/v2\/posts"}],"about":[{"href":"https:\/\/www.bbmnoticias.com\/labravaradiofm\/wp-json\/wp\/v2\/types\/post"}],"author":[{"embeddable":true,"href":"https:\/\/www.bbmnoticias.com\/labravaradiofm\/wp-json\/wp\/v2\/users\/2"}],"replies":[{"embeddable":true,"href":"https:\/\/www.bbmnoticias.com\/labravaradiofm\/wp-json\/wp\/v2\/comments?post=72324"}],"version-history":[{"count":0,"href":"https:\/\/www.bbmnoticias.com\/labravaradiofm\/wp-json\/wp\/v2\/posts\/72324\/revisions"}],"wp:featuredmedia":[{"embeddable":true,"href":"https:\/\/www.bbmnoticias.com\/labravaradiofm\/wp-json\/wp\/v2\/media\/72326"}],"wp:attachment":[{"href":"https:\/\/www.bbmnoticias.com\/labravaradiofm\/wp-json\/wp\/v2\/media?parent=72324"}],"wp:term":[{"taxonomy":"category","embeddable":true,"href":"https:\/\/www.bbmnoticias.com\/labravaradiofm\/wp-json\/wp\/v2\/categories?post=72324"},{"taxonomy":"post_tag","embeddable":true,"href":"https:\/\/www.bbmnoticias.com\/labravaradiofm\/wp-json\/wp\/v2\/tags?post=72324"}],"curies":[{"name":"wp","href":"https:\/\/api.w.org\/{rel}","templated":true}]}}