{"id":72011,"date":"2025-12-30T12:36:59","date_gmt":"2025-12-30T18:36:59","guid":{"rendered":"https:\/\/www.bbmnoticias.com\/labravaradiofm\/2025\/12\/30\/obtiene-fgeo-vinculacion-a-proceso-y-prision-preventiva-contra-imputado-por-el-delito-de-violacion-que-derivo-en-embarazo-de-una-nina-ocurrido-en-mitla\/"},"modified":"2025-12-30T12:37:03","modified_gmt":"2025-12-30T18:37:03","slug":"obtiene-fgeo-vinculacion-a-proceso-y-prision-preventiva-contra-imputado-por-el-delito-de-violacion-que-derivo-en-embarazo-de-una-nina-ocurrido-en-mitla","status":"publish","type":"post","link":"https:\/\/www.bbmnoticias.com\/labravaradiofm\/2025\/12\/30\/obtiene-fgeo-vinculacion-a-proceso-y-prision-preventiva-contra-imputado-por-el-delito-de-violacion-que-derivo-en-embarazo-de-una-nina-ocurrido-en-mitla\/","title":{"rendered":"Obtiene FGEO vinculaci\u00f3n a proceso y prisi\u00f3n preventiva contra imputado por el delito de violaci\u00f3n que deriv\u00f3 en embarazo de una ni\u00f1a, ocurrido en Mitla"},"content":{"rendered":"<div style=\"margin-top: 0px; margin-bottom: 0px;\" class=\"sharethis-inline-share-buttons\" ><\/div>\n<p><strong>Oaxaca de Ju\u00e1rez, Oax<\/strong>.- Como resultado de las investigaciones enfocadas en garantizar los derechos a una vida libre de violencia para las ni\u00f1as, ni\u00f1os, adolescentes y mujeres, la Fiscal\u00eda General del Estado de Oaxaca (FGEO) obtuvo vinculaci\u00f3n a proceso y prisi\u00f3n preventiva en contra de un hombre identificado como L.L.R., imputado por el delito de violaci\u00f3n, cometido en agravio de una menor de edad en los Valles Centrales.<\/p>\n\n\n\n<p>De acuerdo con lo asentado en la carpeta de investigaci\u00f3n del caso, los hechos ocurrieron entre la \u00faltima semana de febrero y principios de marzo de 2025, en un domicilio ubicado en la colonia Shagiblo de Arriba, en el municipio de San Pablo Villa de Mitla, donde la v\u00edctima -una ni\u00f1a de 12 a\u00f1os de edad, cuya identidad est\u00e1 reservada por ley- conviv\u00eda con familiares cercanos, incluido el imputado.<\/p>\n\n\n\n<p>Las investigaciones de la FGEO, permitieron establecer que la v\u00edctima fue objeto de agresiones sexuales, lo que deriv\u00f3 en afectaciones ginecol\u00f3gicas y psicol\u00f3gicas, as\u00ed como un embarazo, situaci\u00f3n que fue acreditada mediante dict\u00e1menes periciales especializados.<\/p>\n\n\n\n<p>Por lo anterior, la FGEO a trav\u00e9s de la Vicefiscal\u00eda Regional de los Valles Centrales reuni\u00f3 las pruebas suficientes que permitieron obtener una orden de aprehensi\u00f3n y detenci\u00f3n de L.L.R., la cual fue ejecutada por elementos de la Agencia Estatal de Investigaciones (AEI) quienes lo presentaron ante la autoridad competente para su certificaci\u00f3n m\u00e9dica y posteriormente ante el Juez de control para su imputaci\u00f3n.<\/p>\n\n\n\n<p>Tras valorar los datos de prueba, el Juez de Control determin\u00f3 vincular a proceso a L.L.R., e imponer la medida cautelar de prisi\u00f3n preventiva oficiosa otorgando un plazo de dos meses para el cierre de la investigaci\u00f3n complementaria.<\/p>\n\n\n\n<p>La Fiscal\u00eda General del Estado de Oaxaca prioriza las investigaciones relacionadas con delitos cometidos contra las mujeres, ni\u00f1as y adolescentes, para presentar ante la justicia a los responsables a fin de garantizar el derecho a una vida libre de violencia.<\/p>\n","protected":false},"excerpt":{"rendered":"<p>Oaxaca de Ju\u00e1rez, Oax.- Como resultado de las investigaciones enfocadas en garantizar los derechos a una vida libre de violencia para las ni\u00f1as, ni\u00f1os, adolescentes y mujeres, la Fiscal\u00eda General del Estado de Oaxaca (FGEO) obtuvo vinculaci\u00f3n a proceso y prisi\u00f3n preventiva en contra de un hombre identificado como L.L.R., imputado por el delito de [&hellip;]<\/p>\n","protected":false},"author":2,"featured_media":72013,"comment_status":"closed","ping_status":"","sticky":false,"template":"","format":"standard","meta":{"footnotes":""},"categories":[2,20],"tags":[],"class_list":{"0":"post-72011","1":"post","2":"type-post","3":"status-publish","4":"format-standard","5":"has-post-thumbnail","7":"category-oaxaca","8":"category-policiaca"},"yoast_head":"<!-- This site is optimized with the Yoast SEO plugin v27.4 - https:\/\/yoast.com\/product\/yoast-seo-wordpress\/ -->\n<title>Obtiene FGEO vinculaci\u00f3n a proceso y prisi\u00f3n preventiva contra imputado por el delito de violaci\u00f3n que deriv\u00f3 en embarazo de una ni\u00f1a, ocurrido en Mitla - LA BRAVA RADIO<\/title>\n<meta name=\"robots\" content=\"index, follow, max-snippet:-1, max-image-preview:large, max-video-preview:-1\" \/>\n<link rel=\"canonical\" href=\"https:\/\/www.bbmnoticias.com\/obtiene-fgeo-vinculacion-a-proceso-y-prision-preventiva-contra-imputado-por-el-delito-de-violacion-que-derivo-en-embarazo-de-una-nina-ocurrido-en-mitla\/\" \/>\n<meta property=\"og:locale\" content=\"es_MX\" \/>\n<meta property=\"og:type\" content=\"article\" \/>\n<meta property=\"og:title\" content=\"Obtiene FGEO vinculaci\u00f3n a proceso y prisi\u00f3n preventiva contra imputado por el delito de violaci\u00f3n que deriv\u00f3 en embarazo de una ni\u00f1a, ocurrido en Mitla - LA BRAVA RADIO\" \/>\n<meta property=\"og:description\" content=\"Oaxaca de Ju\u00e1rez, Oax.- Como resultado de las investigaciones enfocadas en garantizar los derechos a una vida libre de violencia para las ni\u00f1as, ni\u00f1os, adolescentes y mujeres, la Fiscal\u00eda General del Estado de Oaxaca (FGEO) obtuvo vinculaci\u00f3n a proceso y prisi\u00f3n preventiva en contra de un hombre identificado como L.L.R., imputado por el delito de [&hellip;]\" \/>\n<meta property=\"og:url\" content=\"https:\/\/www.bbmnoticias.com\/obtiene-fgeo-vinculacion-a-proceso-y-prision-preventiva-contra-imputado-por-el-delito-de-violacion-que-derivo-en-embarazo-de-una-nina-ocurrido-en-mitla\/\" \/>\n<meta property=\"og:site_name\" content=\"LA BRAVA RADIO\" \/>\n<meta property=\"article:published_time\" content=\"2025-12-30T18:36:59+00:00\" \/>\n<meta property=\"article:modified_time\" content=\"2025-12-30T18:37:03+00:00\" \/>\n<meta property=\"og:image\" content=\"https:\/\/www.bbmnoticias.com\/labravaradiofm\/wp-content\/uploads\/sites\/5\/2025\/12\/52155245.jpg\" \/>\n\t<meta property=\"og:image:width\" content=\"907\" \/>\n\t<meta property=\"og:image:height\" content=\"518\" \/>\n\t<meta property=\"og:image:type\" content=\"image\/jpeg\" \/>\n<meta name=\"author\" content=\"Staff\" \/>\n<meta name=\"twitter:card\" content=\"summary_large_image\" \/>\n<meta name=\"twitter:label1\" content=\"Escrito por\" \/>\n\t<meta name=\"twitter:data1\" content=\"Staff\" \/>\n\t<meta name=\"twitter:label2\" content=\"Tiempo de lectura\" \/>\n\t<meta name=\"twitter:data2\" content=\"2 minutos\" \/>\n<script type=\"application\/ld+json\" class=\"yoast-schema-graph\">{\"@context\":\"https:\\\/\\\/schema.org\",\"@graph\":[{\"@type\":\"Article\",\"@id\":\"https:\\\/\\\/www.bbmnoticias.com\\\/obtiene-fgeo-vinculacion-a-proceso-y-prision-preventiva-contra-imputado-por-el-delito-de-violacion-que-derivo-en-embarazo-de-una-nina-ocurrido-en-mitla\\\/#article\",\"isPartOf\":{\"@id\":\"https:\\\/\\\/www.bbmnoticias.com\\\/labravaradiofm\\\/2025\\\/12\\\/30\\\/obtiene-fgeo-vinculacion-a-proceso-y-prision-preventiva-contra-imputado-por-el-delito-de-violacion-que-derivo-en-embarazo-de-una-nina-ocurrido-en-mitla\\\/\"},\"author\":{\"name\":\"Staff\",\"@id\":\"https:\\\/\\\/www.bbmnoticias.com\\\/labravaradiofm\\\/#\\\/schema\\\/person\\\/68a9e9036ef3c5b55aeb2b71dc8bab45\"},\"headline\":\"Obtiene FGEO vinculaci\u00f3n a proceso y prisi\u00f3n preventiva contra imputado por el delito de violaci\u00f3n que deriv\u00f3 en embarazo de una ni\u00f1a, ocurrido en Mitla\",\"datePublished\":\"2025-12-30T18:36:59+00:00\",\"dateModified\":\"2025-12-30T18:37:03+00:00\",\"mainEntityOfPage\":{\"@id\":\"https:\\\/\\\/www.bbmnoticias.com\\\/labravaradiofm\\\/2025\\\/12\\\/30\\\/obtiene-fgeo-vinculacion-a-proceso-y-prision-preventiva-contra-imputado-por-el-delito-de-violacion-que-derivo-en-embarazo-de-una-nina-ocurrido-en-mitla\\\/\"},\"wordCount\":376,\"image\":{\"@id\":\"https:\\\/\\\/www.bbmnoticias.com\\\/obtiene-fgeo-vinculacion-a-proceso-y-prision-preventiva-contra-imputado-por-el-delito-de-violacion-que-derivo-en-embarazo-de-una-nina-ocurrido-en-mitla\\\/#primaryimage\"},\"thumbnailUrl\":\"https:\\\/\\\/www.bbmnoticias.com\\\/labravaradiofm\\\/wp-content\\\/uploads\\\/sites\\\/5\\\/2025\\\/12\\\/52155245.jpg\",\"articleSection\":[\"LOCAL\",\"POLICIACA\"],\"inLanguage\":\"es\"},{\"@type\":\"WebPage\",\"@id\":\"https:\\\/\\\/www.bbmnoticias.com\\\/labravaradiofm\\\/2025\\\/12\\\/30\\\/obtiene-fgeo-vinculacion-a-proceso-y-prision-preventiva-contra-imputado-por-el-delito-de-violacion-que-derivo-en-embarazo-de-una-nina-ocurrido-en-mitla\\\/\",\"url\":\"https:\\\/\\\/www.bbmnoticias.com\\\/obtiene-fgeo-vinculacion-a-proceso-y-prision-preventiva-contra-imputado-por-el-delito-de-violacion-que-derivo-en-embarazo-de-una-nina-ocurrido-en-mitla\\\/\",\"name\":\"Obtiene FGEO vinculaci\u00f3n a proceso y prisi\u00f3n preventiva contra imputado por el delito de violaci\u00f3n que deriv\u00f3 en embarazo de una ni\u00f1a, ocurrido en Mitla - LA BRAVA RADIO\",\"isPartOf\":{\"@id\":\"https:\\\/\\\/www.bbmnoticias.com\\\/labravaradiofm\\\/#website\"},\"primaryImageOfPage\":{\"@id\":\"https:\\\/\\\/www.bbmnoticias.com\\\/obtiene-fgeo-vinculacion-a-proceso-y-prision-preventiva-contra-imputado-por-el-delito-de-violacion-que-derivo-en-embarazo-de-una-nina-ocurrido-en-mitla\\\/#primaryimage\"},\"image\":{\"@id\":\"https:\\\/\\\/www.bbmnoticias.com\\\/obtiene-fgeo-vinculacion-a-proceso-y-prision-preventiva-contra-imputado-por-el-delito-de-violacion-que-derivo-en-embarazo-de-una-nina-ocurrido-en-mitla\\\/#primaryimage\"},\"thumbnailUrl\":\"https:\\\/\\\/www.bbmnoticias.com\\\/labravaradiofm\\\/wp-content\\\/uploads\\\/sites\\\/5\\\/2025\\\/12\\\/52155245.jpg\",\"datePublished\":\"2025-12-30T18:36:59+00:00\",\"dateModified\":\"2025-12-30T18:37:03+00:00\",\"author\":{\"@id\":\"https:\\\/\\\/www.bbmnoticias.com\\\/labravaradiofm\\\/#\\\/schema\\\/person\\\/68a9e9036ef3c5b55aeb2b71dc8bab45\"},\"breadcrumb\":{\"@id\":\"https:\\\/\\\/www.bbmnoticias.com\\\/obtiene-fgeo-vinculacion-a-proceso-y-prision-preventiva-contra-imputado-por-el-delito-de-violacion-que-derivo-en-embarazo-de-una-nina-ocurrido-en-mitla\\\/#breadcrumb\"},\"inLanguage\":\"es\",\"potentialAction\":[{\"@type\":\"ReadAction\",\"target\":[\"https:\\\/\\\/www.bbmnoticias.com\\\/obtiene-fgeo-vinculacion-a-proceso-y-prision-preventiva-contra-imputado-por-el-delito-de-violacion-que-derivo-en-embarazo-de-una-nina-ocurrido-en-mitla\\\/\"]}]},{\"@type\":\"ImageObject\",\"inLanguage\":\"es\",\"@id\":\"https:\\\/\\\/www.bbmnoticias.com\\\/obtiene-fgeo-vinculacion-a-proceso-y-prision-preventiva-contra-imputado-por-el-delito-de-violacion-que-derivo-en-embarazo-de-una-nina-ocurrido-en-mitla\\\/#primaryimage\",\"url\":\"https:\\\/\\\/www.bbmnoticias.com\\\/labravaradiofm\\\/wp-content\\\/uploads\\\/sites\\\/5\\\/2025\\\/12\\\/52155245.jpg\",\"contentUrl\":\"https:\\\/\\\/www.bbmnoticias.com\\\/labravaradiofm\\\/wp-content\\\/uploads\\\/sites\\\/5\\\/2025\\\/12\\\/52155245.jpg\",\"width\":907,\"height\":518},{\"@type\":\"BreadcrumbList\",\"@id\":\"https:\\\/\\\/www.bbmnoticias.com\\\/obtiene-fgeo-vinculacion-a-proceso-y-prision-preventiva-contra-imputado-por-el-delito-de-violacion-que-derivo-en-embarazo-de-una-nina-ocurrido-en-mitla\\\/#breadcrumb\",\"itemListElement\":[{\"@type\":\"ListItem\",\"position\":1,\"name\":\"Inicio\",\"item\":\"https:\\\/\\\/www.bbmnoticias.com\\\/labravaradiofm\\\/\"},{\"@type\":\"ListItem\",\"position\":2,\"name\":\"Obtiene FGEO vinculaci\u00f3n a proceso y prisi\u00f3n preventiva contra imputado por el delito de violaci\u00f3n que deriv\u00f3 en embarazo de una ni\u00f1a, ocurrido en Mitla\"}]},{\"@type\":\"WebSite\",\"@id\":\"https:\\\/\\\/www.bbmnoticias.com\\\/labravaradiofm\\\/#website\",\"url\":\"https:\\\/\\\/www.bbmnoticias.com\\\/labravaradiofm\\\/\",\"name\":\"LA BRAVA RADIO\",\"description\":\"Empresa productora de medios, Radiodifusi\u00f3n, Noticias, tendencias y todo lo que necesitas saber de la pol\u00edtica mexicana e internacional; entretenimiento, espect\u00e1culos, salud y mucho m\u00e1s.\",\"potentialAction\":[{\"@type\":\"SearchAction\",\"target\":{\"@type\":\"EntryPoint\",\"urlTemplate\":\"https:\\\/\\\/www.bbmnoticias.com\\\/labravaradiofm\\\/?s={search_term_string}\"},\"query-input\":{\"@type\":\"PropertyValueSpecification\",\"valueRequired\":true,\"valueName\":\"search_term_string\"}}],\"inLanguage\":\"es\"},{\"@type\":\"Person\",\"@id\":\"https:\\\/\\\/www.bbmnoticias.com\\\/labravaradiofm\\\/#\\\/schema\\\/person\\\/68a9e9036ef3c5b55aeb2b71dc8bab45\",\"name\":\"Staff\",\"image\":{\"@type\":\"ImageObject\",\"inLanguage\":\"es\",\"@id\":\"https:\\\/\\\/secure.gravatar.com\\\/avatar\\\/fdd21ad66fd8b98c407f9dee5b5e588cfe7f0d8579ec20fa6527cd59bab7f0f0?s=96&d=mm&r=g\",\"url\":\"https:\\\/\\\/secure.gravatar.com\\\/avatar\\\/fdd21ad66fd8b98c407f9dee5b5e588cfe7f0d8579ec20fa6527cd59bab7f0f0?s=96&d=mm&r=g\",\"contentUrl\":\"https:\\\/\\\/secure.gravatar.com\\\/avatar\\\/fdd21ad66fd8b98c407f9dee5b5e588cfe7f0d8579ec20fa6527cd59bab7f0f0?s=96&d=mm&r=g\",\"caption\":\"Staff\"},\"url\":\"https:\\\/\\\/www.bbmnoticias.com\\\/labravaradiofm\\\/author\\\/redaccion\\\/\"}]}<\/script>\n<!-- \/ Yoast SEO plugin. -->","yoast_head_json":{"title":"Obtiene FGEO vinculaci\u00f3n a proceso y prisi\u00f3n preventiva contra imputado por el delito de violaci\u00f3n que deriv\u00f3 en embarazo de una ni\u00f1a, ocurrido en Mitla - LA BRAVA RADIO","robots":{"index":"index","follow":"follow","max-snippet":"max-snippet:-1","max-image-preview":"max-image-preview:large","max-video-preview":"max-video-preview:-1"},"canonical":"https:\/\/www.bbmnoticias.com\/obtiene-fgeo-vinculacion-a-proceso-y-prision-preventiva-contra-imputado-por-el-delito-de-violacion-que-derivo-en-embarazo-de-una-nina-ocurrido-en-mitla\/","og_locale":"es_MX","og_type":"article","og_title":"Obtiene FGEO vinculaci\u00f3n a proceso y prisi\u00f3n preventiva contra imputado por el delito de violaci\u00f3n que deriv\u00f3 en embarazo de una ni\u00f1a, ocurrido en Mitla - LA BRAVA RADIO","og_description":"Oaxaca de Ju\u00e1rez, Oax.- Como resultado de las investigaciones enfocadas en garantizar los derechos a una vida libre de violencia para las ni\u00f1as, ni\u00f1os, adolescentes y mujeres, la Fiscal\u00eda General del Estado de Oaxaca (FGEO) obtuvo vinculaci\u00f3n a proceso y prisi\u00f3n preventiva en contra de un hombre identificado como L.L.R., imputado por el delito de [&hellip;]","og_url":"https:\/\/www.bbmnoticias.com\/obtiene-fgeo-vinculacion-a-proceso-y-prision-preventiva-contra-imputado-por-el-delito-de-violacion-que-derivo-en-embarazo-de-una-nina-ocurrido-en-mitla\/","og_site_name":"LA BRAVA RADIO","article_published_time":"2025-12-30T18:36:59+00:00","article_modified_time":"2025-12-30T18:37:03+00:00","og_image":[{"width":907,"height":518,"url":"https:\/\/www.bbmnoticias.com\/labravaradiofm\/wp-content\/uploads\/sites\/5\/2025\/12\/52155245.jpg","type":"image\/jpeg"}],"author":"Staff","twitter_card":"summary_large_image","twitter_misc":{"Escrito por":"Staff","Tiempo de lectura":"2 minutos"},"schema":{"@context":"https:\/\/schema.org","@graph":[{"@type":"Article","@id":"https:\/\/www.bbmnoticias.com\/obtiene-fgeo-vinculacion-a-proceso-y-prision-preventiva-contra-imputado-por-el-delito-de-violacion-que-derivo-en-embarazo-de-una-nina-ocurrido-en-mitla\/#article","isPartOf":{"@id":"https:\/\/www.bbmnoticias.com\/labravaradiofm\/2025\/12\/30\/obtiene-fgeo-vinculacion-a-proceso-y-prision-preventiva-contra-imputado-por-el-delito-de-violacion-que-derivo-en-embarazo-de-una-nina-ocurrido-en-mitla\/"},"author":{"name":"Staff","@id":"https:\/\/www.bbmnoticias.com\/labravaradiofm\/#\/schema\/person\/68a9e9036ef3c5b55aeb2b71dc8bab45"},"headline":"Obtiene FGEO vinculaci\u00f3n a proceso y prisi\u00f3n preventiva contra imputado por el delito de violaci\u00f3n que deriv\u00f3 en embarazo de una ni\u00f1a, ocurrido en Mitla","datePublished":"2025-12-30T18:36:59+00:00","dateModified":"2025-12-30T18:37:03+00:00","mainEntityOfPage":{"@id":"https:\/\/www.bbmnoticias.com\/labravaradiofm\/2025\/12\/30\/obtiene-fgeo-vinculacion-a-proceso-y-prision-preventiva-contra-imputado-por-el-delito-de-violacion-que-derivo-en-embarazo-de-una-nina-ocurrido-en-mitla\/"},"wordCount":376,"image":{"@id":"https:\/\/www.bbmnoticias.com\/obtiene-fgeo-vinculacion-a-proceso-y-prision-preventiva-contra-imputado-por-el-delito-de-violacion-que-derivo-en-embarazo-de-una-nina-ocurrido-en-mitla\/#primaryimage"},"thumbnailUrl":"https:\/\/www.bbmnoticias.com\/labravaradiofm\/wp-content\/uploads\/sites\/5\/2025\/12\/52155245.jpg","articleSection":["LOCAL","POLICIACA"],"inLanguage":"es"},{"@type":"WebPage","@id":"https:\/\/www.bbmnoticias.com\/labravaradiofm\/2025\/12\/30\/obtiene-fgeo-vinculacion-a-proceso-y-prision-preventiva-contra-imputado-por-el-delito-de-violacion-que-derivo-en-embarazo-de-una-nina-ocurrido-en-mitla\/","url":"https:\/\/www.bbmnoticias.com\/obtiene-fgeo-vinculacion-a-proceso-y-prision-preventiva-contra-imputado-por-el-delito-de-violacion-que-derivo-en-embarazo-de-una-nina-ocurrido-en-mitla\/","name":"Obtiene FGEO vinculaci\u00f3n a proceso y prisi\u00f3n preventiva contra imputado por el delito de violaci\u00f3n que deriv\u00f3 en embarazo de una ni\u00f1a, ocurrido en Mitla - LA BRAVA RADIO","isPartOf":{"@id":"https:\/\/www.bbmnoticias.com\/labravaradiofm\/#website"},"primaryImageOfPage":{"@id":"https:\/\/www.bbmnoticias.com\/obtiene-fgeo-vinculacion-a-proceso-y-prision-preventiva-contra-imputado-por-el-delito-de-violacion-que-derivo-en-embarazo-de-una-nina-ocurrido-en-mitla\/#primaryimage"},"image":{"@id":"https:\/\/www.bbmnoticias.com\/obtiene-fgeo-vinculacion-a-proceso-y-prision-preventiva-contra-imputado-por-el-delito-de-violacion-que-derivo-en-embarazo-de-una-nina-ocurrido-en-mitla\/#primaryimage"},"thumbnailUrl":"https:\/\/www.bbmnoticias.com\/labravaradiofm\/wp-content\/uploads\/sites\/5\/2025\/12\/52155245.jpg","datePublished":"2025-12-30T18:36:59+00:00","dateModified":"2025-12-30T18:37:03+00:00","author":{"@id":"https:\/\/www.bbmnoticias.com\/labravaradiofm\/#\/schema\/person\/68a9e9036ef3c5b55aeb2b71dc8bab45"},"breadcrumb":{"@id":"https:\/\/www.bbmnoticias.com\/obtiene-fgeo-vinculacion-a-proceso-y-prision-preventiva-contra-imputado-por-el-delito-de-violacion-que-derivo-en-embarazo-de-una-nina-ocurrido-en-mitla\/#breadcrumb"},"inLanguage":"es","potentialAction":[{"@type":"ReadAction","target":["https:\/\/www.bbmnoticias.com\/obtiene-fgeo-vinculacion-a-proceso-y-prision-preventiva-contra-imputado-por-el-delito-de-violacion-que-derivo-en-embarazo-de-una-nina-ocurrido-en-mitla\/"]}]},{"@type":"ImageObject","inLanguage":"es","@id":"https:\/\/www.bbmnoticias.com\/obtiene-fgeo-vinculacion-a-proceso-y-prision-preventiva-contra-imputado-por-el-delito-de-violacion-que-derivo-en-embarazo-de-una-nina-ocurrido-en-mitla\/#primaryimage","url":"https:\/\/www.bbmnoticias.com\/labravaradiofm\/wp-content\/uploads\/sites\/5\/2025\/12\/52155245.jpg","contentUrl":"https:\/\/www.bbmnoticias.com\/labravaradiofm\/wp-content\/uploads\/sites\/5\/2025\/12\/52155245.jpg","width":907,"height":518},{"@type":"BreadcrumbList","@id":"https:\/\/www.bbmnoticias.com\/obtiene-fgeo-vinculacion-a-proceso-y-prision-preventiva-contra-imputado-por-el-delito-de-violacion-que-derivo-en-embarazo-de-una-nina-ocurrido-en-mitla\/#breadcrumb","itemListElement":[{"@type":"ListItem","position":1,"name":"Inicio","item":"https:\/\/www.bbmnoticias.com\/labravaradiofm\/"},{"@type":"ListItem","position":2,"name":"Obtiene FGEO vinculaci\u00f3n a proceso y prisi\u00f3n preventiva contra imputado por el delito de violaci\u00f3n que deriv\u00f3 en embarazo de una ni\u00f1a, ocurrido en Mitla"}]},{"@type":"WebSite","@id":"https:\/\/www.bbmnoticias.com\/labravaradiofm\/#website","url":"https:\/\/www.bbmnoticias.com\/labravaradiofm\/","name":"LA BRAVA RADIO","description":"Empresa productora de medios, Radiodifusi\u00f3n, Noticias, tendencias y todo lo que necesitas saber de la pol\u00edtica mexicana e internacional; entretenimiento, espect\u00e1culos, salud y mucho m\u00e1s.","potentialAction":[{"@type":"SearchAction","target":{"@type":"EntryPoint","urlTemplate":"https:\/\/www.bbmnoticias.com\/labravaradiofm\/?s={search_term_string}"},"query-input":{"@type":"PropertyValueSpecification","valueRequired":true,"valueName":"search_term_string"}}],"inLanguage":"es"},{"@type":"Person","@id":"https:\/\/www.bbmnoticias.com\/labravaradiofm\/#\/schema\/person\/68a9e9036ef3c5b55aeb2b71dc8bab45","name":"Staff","image":{"@type":"ImageObject","inLanguage":"es","@id":"https:\/\/secure.gravatar.com\/avatar\/fdd21ad66fd8b98c407f9dee5b5e588cfe7f0d8579ec20fa6527cd59bab7f0f0?s=96&d=mm&r=g","url":"https:\/\/secure.gravatar.com\/avatar\/fdd21ad66fd8b98c407f9dee5b5e588cfe7f0d8579ec20fa6527cd59bab7f0f0?s=96&d=mm&r=g","contentUrl":"https:\/\/secure.gravatar.com\/avatar\/fdd21ad66fd8b98c407f9dee5b5e588cfe7f0d8579ec20fa6527cd59bab7f0f0?s=96&d=mm&r=g","caption":"Staff"},"url":"https:\/\/www.bbmnoticias.com\/labravaradiofm\/author\/redaccion\/"}]}},"_links":{"self":[{"href":"https:\/\/www.bbmnoticias.com\/labravaradiofm\/wp-json\/wp\/v2\/posts\/72011","targetHints":{"allow":["GET"]}}],"collection":[{"href":"https:\/\/www.bbmnoticias.com\/labravaradiofm\/wp-json\/wp\/v2\/posts"}],"about":[{"href":"https:\/\/www.bbmnoticias.com\/labravaradiofm\/wp-json\/wp\/v2\/types\/post"}],"author":[{"embeddable":true,"href":"https:\/\/www.bbmnoticias.com\/labravaradiofm\/wp-json\/wp\/v2\/users\/2"}],"replies":[{"embeddable":true,"href":"https:\/\/www.bbmnoticias.com\/labravaradiofm\/wp-json\/wp\/v2\/comments?post=72011"}],"version-history":[{"count":0,"href":"https:\/\/www.bbmnoticias.com\/labravaradiofm\/wp-json\/wp\/v2\/posts\/72011\/revisions"}],"wp:featuredmedia":[{"embeddable":true,"href":"https:\/\/www.bbmnoticias.com\/labravaradiofm\/wp-json\/wp\/v2\/media\/72013"}],"wp:attachment":[{"href":"https:\/\/www.bbmnoticias.com\/labravaradiofm\/wp-json\/wp\/v2\/media?parent=72011"}],"wp:term":[{"taxonomy":"category","embeddable":true,"href":"https:\/\/www.bbmnoticias.com\/labravaradiofm\/wp-json\/wp\/v2\/categories?post=72011"},{"taxonomy":"post_tag","embeddable":true,"href":"https:\/\/www.bbmnoticias.com\/labravaradiofm\/wp-json\/wp\/v2\/tags?post=72011"}],"curies":[{"name":"wp","href":"https:\/\/api.w.org\/{rel}","templated":true}]}}