{"id":72005,"date":"2025-12-30T10:58:31","date_gmt":"2025-12-30T16:58:31","guid":{"rendered":"https:\/\/www.bbmnoticias.com\/labravaradiofm\/2025\/12\/30\/agradece-salomon-jara-apoyo-de-la-presidenta-claudia-sheinbaum-a-victimas-del-descarrilamiento-del-tren-interoceanico\/"},"modified":"2025-12-30T10:58:39","modified_gmt":"2025-12-30T16:58:39","slug":"agradece-salomon-jara-apoyo-de-la-presidenta-claudia-sheinbaum-a-victimas-del-descarrilamiento-del-tren-interoceanico","status":"publish","type":"post","link":"https:\/\/www.bbmnoticias.com\/labravaradiofm\/2025\/12\/30\/agradece-salomon-jara-apoyo-de-la-presidenta-claudia-sheinbaum-a-victimas-del-descarrilamiento-del-tren-interoceanico\/","title":{"rendered":"Agradece Salom\u00f3n Jara apoyo de la Presidenta Claudia Sheinbaum a v\u00edctimas del descarrilamiento del Tren Interoce\u00e1nico"},"content":{"rendered":"<div style=\"margin-top: 0px; margin-bottom: 0px;\" class=\"sharethis-inline-share-buttons\" ><\/div>\n<p>Ciudad Ixtepec, Oax. El Gobernador Salom\u00f3n Jara Cruz expres\u00f3 su agradecimiento p\u00fablico a la Presidenta de M\u00e9xico, Claudia Sheinbaum Pardo, por el apoyo y respaldo solidario a las v\u00edctimas directas e indirectas del descarrilamiento del Tren Interoce\u00e1nico del Istmo de Tehuantepec en Asunci\u00f3n Ixtaltepec.<\/p>\n\n\n\n<p>\u201cEn momentos como este, la sensibilidad y la solidaridad representan mucho\u201d, afirm\u00f3 el Mandatario estatal durante su mensaje v\u00eda remota desde Ciudad Ixtepec, en la Conferencia del Pueblo que encabeza la Mandataria federal.<\/p>\n\n\n\n<p>A nombre de las y los oaxaque\u00f1os, Jara Cruz reiter\u00f3 su reconocimiento a todas las instituciones federales y estatales que reaccionaron de inmediato; y que, desde el primer momento, se han dedicado a proporcionar la atenci\u00f3n y asistencia necesaria.<\/p>\n\n\n\n<p>Asimismo, coment\u00f3 que su gobierno continuar\u00e1 acompa\u00f1ando a quienes a\u00fan requieren atenci\u00f3n o ya se encuentran en recuperaci\u00f3n.<\/p>\n\n\n\n<p>En su oportunidad, la Presidenta de M\u00e9xico se\u00f1al\u00f3 que tras su visita a los hospitales del ISSSTE de Tehuantepec, del IMSS Bienestar de Salina Cruz; y al crematorio, se brind\u00f3 un primer apoyo de 30 mil pesos para gastos de emergencia; y posteriormente se realizar\u00e1 una reparaci\u00f3n integral del da\u00f1o. Adem\u00e1s, inform\u00f3 que la Fiscal\u00eda General de la Rep\u00fablica (FGR) ya inici\u00f3 el peritaje correspondiente.<\/p>\n\n\n\n<p>\u201cEvidentemente es muy doloroso lo que ocurri\u00f3 y lo que debemos es estar presentes y estar cerca de las v\u00edctimas\u201d, expres\u00f3. En este sentido, anunci\u00f3 que se ha asignado a un servidor p\u00fablico a cada familia para brindar el acompa\u00f1amiento permanente.<\/p>\n\n\n\n<p>Al respecto, el subsecretario de Derechos Humanos, Poblaci\u00f3n y Migraci\u00f3n, F\u00e9lix Arturo Medina Padilla; as\u00ed como los directores generales del Instituto Mexicano del Seguro Social (IMSS), Zo\u00e9 Robledo; IMSS Bienestar, Alejandro Svarch, y el director m\u00e9dico del Instituto de Seguridad y Servicios Sociales de los Trabajadores del Estado (ISSSTE), Gustavo Reyes Ter\u00e1n brindaron un reporte actualizado de las personas hospitalizadas, asegurando que como parte de la atenci\u00f3n integral se ha brindado acompa\u00f1amiento psicol\u00f3gico, asistencia legal, tr\u00e1mites m\u00e9dico legales y administrativos.<\/p>\n\n\n\n<p>Actualmente permanecen 36 personas hospitalizadas, de las cuales 11 se encuentran en los nosocomios del IMSS de Salina Cruz y Coatzacoalcos, 14 en el IMSS Bienestar de Salina Cruz y la Ciudad de Oaxaca, 7 en el ISSSTE de Tehuantepec y Ciudad de M\u00e9xico, 2 en el Hospital de la Secretar\u00eda de Marina, 1 en el Hospital Cruz Azul Lagunas, y 1 en el Centro Hospitalario de Pemex.<\/p>\n","protected":false},"excerpt":{"rendered":"<p>Ciudad Ixtepec, Oax. El Gobernador Salom\u00f3n Jara Cruz expres\u00f3 su agradecimiento p\u00fablico a la Presidenta de M\u00e9xico, Claudia Sheinbaum Pardo, por el apoyo y respaldo solidario a las v\u00edctimas directas e indirectas del descarrilamiento del Tren Interoce\u00e1nico del Istmo de Tehuantepec en Asunci\u00f3n Ixtaltepec. \u201cEn momentos como este, la sensibilidad y la solidaridad representan mucho\u201d, [&hellip;]<\/p>\n","protected":false},"author":2,"featured_media":72007,"comment_status":"closed","ping_status":"","sticky":false,"template":"","format":"standard","meta":{"footnotes":""},"categories":[2],"tags":[],"class_list":{"0":"post-72005","1":"post","2":"type-post","3":"status-publish","4":"format-standard","5":"has-post-thumbnail","7":"category-oaxaca"},"yoast_head":"<!-- This site is optimized with the Yoast SEO plugin v27.4 - https:\/\/yoast.com\/product\/yoast-seo-wordpress\/ -->\n<title>Agradece Salom\u00f3n Jara apoyo de la Presidenta Claudia Sheinbaum a v\u00edctimas del descarrilamiento del Tren Interoce\u00e1nico - LA BRAVA RADIO<\/title>\n<meta name=\"robots\" content=\"index, follow, max-snippet:-1, max-image-preview:large, max-video-preview:-1\" \/>\n<link rel=\"canonical\" href=\"https:\/\/www.bbmnoticias.com\/agradece-salomon-jara-apoyo-de-la-presidenta-claudia-sheinbaum-a-victimas-del-descarrilamiento-del-tren-interoceanico\/\" \/>\n<meta property=\"og:locale\" content=\"es_MX\" \/>\n<meta property=\"og:type\" content=\"article\" \/>\n<meta property=\"og:title\" content=\"Agradece Salom\u00f3n Jara apoyo de la Presidenta Claudia Sheinbaum a v\u00edctimas del descarrilamiento del Tren Interoce\u00e1nico - LA BRAVA RADIO\" \/>\n<meta property=\"og:description\" content=\"Ciudad Ixtepec, Oax. El Gobernador Salom\u00f3n Jara Cruz expres\u00f3 su agradecimiento p\u00fablico a la Presidenta de M\u00e9xico, Claudia Sheinbaum Pardo, por el apoyo y respaldo solidario a las v\u00edctimas directas e indirectas del descarrilamiento del Tren Interoce\u00e1nico del Istmo de Tehuantepec en Asunci\u00f3n Ixtaltepec. \u201cEn momentos como este, la sensibilidad y la solidaridad representan mucho\u201d, [&hellip;]\" \/>\n<meta property=\"og:url\" content=\"https:\/\/www.bbmnoticias.com\/agradece-salomon-jara-apoyo-de-la-presidenta-claudia-sheinbaum-a-victimas-del-descarrilamiento-del-tren-interoceanico\/\" \/>\n<meta property=\"og:site_name\" content=\"LA BRAVA RADIO\" \/>\n<meta property=\"article:published_time\" content=\"2025-12-30T16:58:31+00:00\" \/>\n<meta property=\"article:modified_time\" content=\"2025-12-30T16:58:39+00:00\" \/>\n<meta property=\"og:image\" content=\"https:\/\/www.bbmnoticias.com\/labravaradiofm\/wp-content\/uploads\/sites\/5\/2025\/12\/thumbnail_GOBERNADOR-SALOMON-JARA-1.jpg\" \/>\n\t<meta property=\"og:image:width\" content=\"1158\" \/>\n\t<meta property=\"og:image:height\" content=\"704\" \/>\n\t<meta property=\"og:image:type\" content=\"image\/jpeg\" \/>\n<meta name=\"author\" content=\"Staff\" \/>\n<meta name=\"twitter:card\" content=\"summary_large_image\" \/>\n<meta name=\"twitter:label1\" content=\"Escrito por\" \/>\n\t<meta name=\"twitter:data1\" content=\"Staff\" \/>\n\t<meta name=\"twitter:label2\" content=\"Tiempo de lectura\" \/>\n\t<meta name=\"twitter:data2\" content=\"2 minutos\" \/>\n<script type=\"application\/ld+json\" class=\"yoast-schema-graph\">{\"@context\":\"https:\\\/\\\/schema.org\",\"@graph\":[{\"@type\":\"Article\",\"@id\":\"https:\\\/\\\/www.bbmnoticias.com\\\/agradece-salomon-jara-apoyo-de-la-presidenta-claudia-sheinbaum-a-victimas-del-descarrilamiento-del-tren-interoceanico\\\/#article\",\"isPartOf\":{\"@id\":\"https:\\\/\\\/www.bbmnoticias.com\\\/labravaradiofm\\\/2025\\\/12\\\/30\\\/agradece-salomon-jara-apoyo-de-la-presidenta-claudia-sheinbaum-a-victimas-del-descarrilamiento-del-tren-interoceanico\\\/\"},\"author\":{\"name\":\"Staff\",\"@id\":\"https:\\\/\\\/www.bbmnoticias.com\\\/labravaradiofm\\\/#\\\/schema\\\/person\\\/68a9e9036ef3c5b55aeb2b71dc8bab45\"},\"headline\":\"Agradece Salom\u00f3n Jara apoyo de la Presidenta Claudia Sheinbaum a v\u00edctimas del descarrilamiento del Tren Interoce\u00e1nico\",\"datePublished\":\"2025-12-30T16:58:31+00:00\",\"dateModified\":\"2025-12-30T16:58:39+00:00\",\"mainEntityOfPage\":{\"@id\":\"https:\\\/\\\/www.bbmnoticias.com\\\/labravaradiofm\\\/2025\\\/12\\\/30\\\/agradece-salomon-jara-apoyo-de-la-presidenta-claudia-sheinbaum-a-victimas-del-descarrilamiento-del-tren-interoceanico\\\/\"},\"wordCount\":434,\"image\":{\"@id\":\"https:\\\/\\\/www.bbmnoticias.com\\\/agradece-salomon-jara-apoyo-de-la-presidenta-claudia-sheinbaum-a-victimas-del-descarrilamiento-del-tren-interoceanico\\\/#primaryimage\"},\"thumbnailUrl\":\"https:\\\/\\\/www.bbmnoticias.com\\\/labravaradiofm\\\/wp-content\\\/uploads\\\/sites\\\/5\\\/2025\\\/12\\\/thumbnail_GOBERNADOR-SALOMON-JARA-1.jpg\",\"articleSection\":[\"LOCAL\"],\"inLanguage\":\"es\"},{\"@type\":\"WebPage\",\"@id\":\"https:\\\/\\\/www.bbmnoticias.com\\\/labravaradiofm\\\/2025\\\/12\\\/30\\\/agradece-salomon-jara-apoyo-de-la-presidenta-claudia-sheinbaum-a-victimas-del-descarrilamiento-del-tren-interoceanico\\\/\",\"url\":\"https:\\\/\\\/www.bbmnoticias.com\\\/agradece-salomon-jara-apoyo-de-la-presidenta-claudia-sheinbaum-a-victimas-del-descarrilamiento-del-tren-interoceanico\\\/\",\"name\":\"Agradece Salom\u00f3n Jara apoyo de la Presidenta Claudia Sheinbaum a v\u00edctimas del descarrilamiento del Tren Interoce\u00e1nico - LA BRAVA RADIO\",\"isPartOf\":{\"@id\":\"https:\\\/\\\/www.bbmnoticias.com\\\/labravaradiofm\\\/#website\"},\"primaryImageOfPage\":{\"@id\":\"https:\\\/\\\/www.bbmnoticias.com\\\/agradece-salomon-jara-apoyo-de-la-presidenta-claudia-sheinbaum-a-victimas-del-descarrilamiento-del-tren-interoceanico\\\/#primaryimage\"},\"image\":{\"@id\":\"https:\\\/\\\/www.bbmnoticias.com\\\/agradece-salomon-jara-apoyo-de-la-presidenta-claudia-sheinbaum-a-victimas-del-descarrilamiento-del-tren-interoceanico\\\/#primaryimage\"},\"thumbnailUrl\":\"https:\\\/\\\/www.bbmnoticias.com\\\/labravaradiofm\\\/wp-content\\\/uploads\\\/sites\\\/5\\\/2025\\\/12\\\/thumbnail_GOBERNADOR-SALOMON-JARA-1.jpg\",\"datePublished\":\"2025-12-30T16:58:31+00:00\",\"dateModified\":\"2025-12-30T16:58:39+00:00\",\"author\":{\"@id\":\"https:\\\/\\\/www.bbmnoticias.com\\\/labravaradiofm\\\/#\\\/schema\\\/person\\\/68a9e9036ef3c5b55aeb2b71dc8bab45\"},\"breadcrumb\":{\"@id\":\"https:\\\/\\\/www.bbmnoticias.com\\\/agradece-salomon-jara-apoyo-de-la-presidenta-claudia-sheinbaum-a-victimas-del-descarrilamiento-del-tren-interoceanico\\\/#breadcrumb\"},\"inLanguage\":\"es\",\"potentialAction\":[{\"@type\":\"ReadAction\",\"target\":[\"https:\\\/\\\/www.bbmnoticias.com\\\/agradece-salomon-jara-apoyo-de-la-presidenta-claudia-sheinbaum-a-victimas-del-descarrilamiento-del-tren-interoceanico\\\/\"]}]},{\"@type\":\"ImageObject\",\"inLanguage\":\"es\",\"@id\":\"https:\\\/\\\/www.bbmnoticias.com\\\/agradece-salomon-jara-apoyo-de-la-presidenta-claudia-sheinbaum-a-victimas-del-descarrilamiento-del-tren-interoceanico\\\/#primaryimage\",\"url\":\"https:\\\/\\\/www.bbmnoticias.com\\\/labravaradiofm\\\/wp-content\\\/uploads\\\/sites\\\/5\\\/2025\\\/12\\\/thumbnail_GOBERNADOR-SALOMON-JARA-1.jpg\",\"contentUrl\":\"https:\\\/\\\/www.bbmnoticias.com\\\/labravaradiofm\\\/wp-content\\\/uploads\\\/sites\\\/5\\\/2025\\\/12\\\/thumbnail_GOBERNADOR-SALOMON-JARA-1.jpg\",\"width\":1158,\"height\":704},{\"@type\":\"BreadcrumbList\",\"@id\":\"https:\\\/\\\/www.bbmnoticias.com\\\/agradece-salomon-jara-apoyo-de-la-presidenta-claudia-sheinbaum-a-victimas-del-descarrilamiento-del-tren-interoceanico\\\/#breadcrumb\",\"itemListElement\":[{\"@type\":\"ListItem\",\"position\":1,\"name\":\"Inicio\",\"item\":\"https:\\\/\\\/www.bbmnoticias.com\\\/labravaradiofm\\\/\"},{\"@type\":\"ListItem\",\"position\":2,\"name\":\"Agradece Salom\u00f3n Jara apoyo de la Presidenta Claudia Sheinbaum a v\u00edctimas del descarrilamiento del Tren Interoce\u00e1nico\"}]},{\"@type\":\"WebSite\",\"@id\":\"https:\\\/\\\/www.bbmnoticias.com\\\/labravaradiofm\\\/#website\",\"url\":\"https:\\\/\\\/www.bbmnoticias.com\\\/labravaradiofm\\\/\",\"name\":\"LA BRAVA RADIO\",\"description\":\"Empresa productora de medios, Radiodifusi\u00f3n, Noticias, tendencias y todo lo que necesitas saber de la pol\u00edtica mexicana e internacional; entretenimiento, espect\u00e1culos, salud y mucho m\u00e1s.\",\"potentialAction\":[{\"@type\":\"SearchAction\",\"target\":{\"@type\":\"EntryPoint\",\"urlTemplate\":\"https:\\\/\\\/www.bbmnoticias.com\\\/labravaradiofm\\\/?s={search_term_string}\"},\"query-input\":{\"@type\":\"PropertyValueSpecification\",\"valueRequired\":true,\"valueName\":\"search_term_string\"}}],\"inLanguage\":\"es\"},{\"@type\":\"Person\",\"@id\":\"https:\\\/\\\/www.bbmnoticias.com\\\/labravaradiofm\\\/#\\\/schema\\\/person\\\/68a9e9036ef3c5b55aeb2b71dc8bab45\",\"name\":\"Staff\",\"image\":{\"@type\":\"ImageObject\",\"inLanguage\":\"es\",\"@id\":\"https:\\\/\\\/secure.gravatar.com\\\/avatar\\\/fdd21ad66fd8b98c407f9dee5b5e588cfe7f0d8579ec20fa6527cd59bab7f0f0?s=96&d=mm&r=g\",\"url\":\"https:\\\/\\\/secure.gravatar.com\\\/avatar\\\/fdd21ad66fd8b98c407f9dee5b5e588cfe7f0d8579ec20fa6527cd59bab7f0f0?s=96&d=mm&r=g\",\"contentUrl\":\"https:\\\/\\\/secure.gravatar.com\\\/avatar\\\/fdd21ad66fd8b98c407f9dee5b5e588cfe7f0d8579ec20fa6527cd59bab7f0f0?s=96&d=mm&r=g\",\"caption\":\"Staff\"},\"url\":\"https:\\\/\\\/www.bbmnoticias.com\\\/labravaradiofm\\\/author\\\/redaccion\\\/\"}]}<\/script>\n<!-- \/ Yoast SEO plugin. -->","yoast_head_json":{"title":"Agradece Salom\u00f3n Jara apoyo de la Presidenta Claudia Sheinbaum a v\u00edctimas del descarrilamiento del Tren Interoce\u00e1nico - LA BRAVA RADIO","robots":{"index":"index","follow":"follow","max-snippet":"max-snippet:-1","max-image-preview":"max-image-preview:large","max-video-preview":"max-video-preview:-1"},"canonical":"https:\/\/www.bbmnoticias.com\/agradece-salomon-jara-apoyo-de-la-presidenta-claudia-sheinbaum-a-victimas-del-descarrilamiento-del-tren-interoceanico\/","og_locale":"es_MX","og_type":"article","og_title":"Agradece Salom\u00f3n Jara apoyo de la Presidenta Claudia Sheinbaum a v\u00edctimas del descarrilamiento del Tren Interoce\u00e1nico - LA BRAVA RADIO","og_description":"Ciudad Ixtepec, Oax. El Gobernador Salom\u00f3n Jara Cruz expres\u00f3 su agradecimiento p\u00fablico a la Presidenta de M\u00e9xico, Claudia Sheinbaum Pardo, por el apoyo y respaldo solidario a las v\u00edctimas directas e indirectas del descarrilamiento del Tren Interoce\u00e1nico del Istmo de Tehuantepec en Asunci\u00f3n Ixtaltepec. \u201cEn momentos como este, la sensibilidad y la solidaridad representan mucho\u201d, [&hellip;]","og_url":"https:\/\/www.bbmnoticias.com\/agradece-salomon-jara-apoyo-de-la-presidenta-claudia-sheinbaum-a-victimas-del-descarrilamiento-del-tren-interoceanico\/","og_site_name":"LA BRAVA RADIO","article_published_time":"2025-12-30T16:58:31+00:00","article_modified_time":"2025-12-30T16:58:39+00:00","og_image":[{"width":1158,"height":704,"url":"https:\/\/www.bbmnoticias.com\/labravaradiofm\/wp-content\/uploads\/sites\/5\/2025\/12\/thumbnail_GOBERNADOR-SALOMON-JARA-1.jpg","type":"image\/jpeg"}],"author":"Staff","twitter_card":"summary_large_image","twitter_misc":{"Escrito por":"Staff","Tiempo de lectura":"2 minutos"},"schema":{"@context":"https:\/\/schema.org","@graph":[{"@type":"Article","@id":"https:\/\/www.bbmnoticias.com\/agradece-salomon-jara-apoyo-de-la-presidenta-claudia-sheinbaum-a-victimas-del-descarrilamiento-del-tren-interoceanico\/#article","isPartOf":{"@id":"https:\/\/www.bbmnoticias.com\/labravaradiofm\/2025\/12\/30\/agradece-salomon-jara-apoyo-de-la-presidenta-claudia-sheinbaum-a-victimas-del-descarrilamiento-del-tren-interoceanico\/"},"author":{"name":"Staff","@id":"https:\/\/www.bbmnoticias.com\/labravaradiofm\/#\/schema\/person\/68a9e9036ef3c5b55aeb2b71dc8bab45"},"headline":"Agradece Salom\u00f3n Jara apoyo de la Presidenta Claudia Sheinbaum a v\u00edctimas del descarrilamiento del Tren Interoce\u00e1nico","datePublished":"2025-12-30T16:58:31+00:00","dateModified":"2025-12-30T16:58:39+00:00","mainEntityOfPage":{"@id":"https:\/\/www.bbmnoticias.com\/labravaradiofm\/2025\/12\/30\/agradece-salomon-jara-apoyo-de-la-presidenta-claudia-sheinbaum-a-victimas-del-descarrilamiento-del-tren-interoceanico\/"},"wordCount":434,"image":{"@id":"https:\/\/www.bbmnoticias.com\/agradece-salomon-jara-apoyo-de-la-presidenta-claudia-sheinbaum-a-victimas-del-descarrilamiento-del-tren-interoceanico\/#primaryimage"},"thumbnailUrl":"https:\/\/www.bbmnoticias.com\/labravaradiofm\/wp-content\/uploads\/sites\/5\/2025\/12\/thumbnail_GOBERNADOR-SALOMON-JARA-1.jpg","articleSection":["LOCAL"],"inLanguage":"es"},{"@type":"WebPage","@id":"https:\/\/www.bbmnoticias.com\/labravaradiofm\/2025\/12\/30\/agradece-salomon-jara-apoyo-de-la-presidenta-claudia-sheinbaum-a-victimas-del-descarrilamiento-del-tren-interoceanico\/","url":"https:\/\/www.bbmnoticias.com\/agradece-salomon-jara-apoyo-de-la-presidenta-claudia-sheinbaum-a-victimas-del-descarrilamiento-del-tren-interoceanico\/","name":"Agradece Salom\u00f3n Jara apoyo de la Presidenta Claudia Sheinbaum a v\u00edctimas del descarrilamiento del Tren Interoce\u00e1nico - LA BRAVA RADIO","isPartOf":{"@id":"https:\/\/www.bbmnoticias.com\/labravaradiofm\/#website"},"primaryImageOfPage":{"@id":"https:\/\/www.bbmnoticias.com\/agradece-salomon-jara-apoyo-de-la-presidenta-claudia-sheinbaum-a-victimas-del-descarrilamiento-del-tren-interoceanico\/#primaryimage"},"image":{"@id":"https:\/\/www.bbmnoticias.com\/agradece-salomon-jara-apoyo-de-la-presidenta-claudia-sheinbaum-a-victimas-del-descarrilamiento-del-tren-interoceanico\/#primaryimage"},"thumbnailUrl":"https:\/\/www.bbmnoticias.com\/labravaradiofm\/wp-content\/uploads\/sites\/5\/2025\/12\/thumbnail_GOBERNADOR-SALOMON-JARA-1.jpg","datePublished":"2025-12-30T16:58:31+00:00","dateModified":"2025-12-30T16:58:39+00:00","author":{"@id":"https:\/\/www.bbmnoticias.com\/labravaradiofm\/#\/schema\/person\/68a9e9036ef3c5b55aeb2b71dc8bab45"},"breadcrumb":{"@id":"https:\/\/www.bbmnoticias.com\/agradece-salomon-jara-apoyo-de-la-presidenta-claudia-sheinbaum-a-victimas-del-descarrilamiento-del-tren-interoceanico\/#breadcrumb"},"inLanguage":"es","potentialAction":[{"@type":"ReadAction","target":["https:\/\/www.bbmnoticias.com\/agradece-salomon-jara-apoyo-de-la-presidenta-claudia-sheinbaum-a-victimas-del-descarrilamiento-del-tren-interoceanico\/"]}]},{"@type":"ImageObject","inLanguage":"es","@id":"https:\/\/www.bbmnoticias.com\/agradece-salomon-jara-apoyo-de-la-presidenta-claudia-sheinbaum-a-victimas-del-descarrilamiento-del-tren-interoceanico\/#primaryimage","url":"https:\/\/www.bbmnoticias.com\/labravaradiofm\/wp-content\/uploads\/sites\/5\/2025\/12\/thumbnail_GOBERNADOR-SALOMON-JARA-1.jpg","contentUrl":"https:\/\/www.bbmnoticias.com\/labravaradiofm\/wp-content\/uploads\/sites\/5\/2025\/12\/thumbnail_GOBERNADOR-SALOMON-JARA-1.jpg","width":1158,"height":704},{"@type":"BreadcrumbList","@id":"https:\/\/www.bbmnoticias.com\/agradece-salomon-jara-apoyo-de-la-presidenta-claudia-sheinbaum-a-victimas-del-descarrilamiento-del-tren-interoceanico\/#breadcrumb","itemListElement":[{"@type":"ListItem","position":1,"name":"Inicio","item":"https:\/\/www.bbmnoticias.com\/labravaradiofm\/"},{"@type":"ListItem","position":2,"name":"Agradece Salom\u00f3n Jara apoyo de la Presidenta Claudia Sheinbaum a v\u00edctimas del descarrilamiento del Tren Interoce\u00e1nico"}]},{"@type":"WebSite","@id":"https:\/\/www.bbmnoticias.com\/labravaradiofm\/#website","url":"https:\/\/www.bbmnoticias.com\/labravaradiofm\/","name":"LA BRAVA RADIO","description":"Empresa productora de medios, Radiodifusi\u00f3n, Noticias, tendencias y todo lo que necesitas saber de la pol\u00edtica mexicana e internacional; entretenimiento, espect\u00e1culos, salud y mucho m\u00e1s.","potentialAction":[{"@type":"SearchAction","target":{"@type":"EntryPoint","urlTemplate":"https:\/\/www.bbmnoticias.com\/labravaradiofm\/?s={search_term_string}"},"query-input":{"@type":"PropertyValueSpecification","valueRequired":true,"valueName":"search_term_string"}}],"inLanguage":"es"},{"@type":"Person","@id":"https:\/\/www.bbmnoticias.com\/labravaradiofm\/#\/schema\/person\/68a9e9036ef3c5b55aeb2b71dc8bab45","name":"Staff","image":{"@type":"ImageObject","inLanguage":"es","@id":"https:\/\/secure.gravatar.com\/avatar\/fdd21ad66fd8b98c407f9dee5b5e588cfe7f0d8579ec20fa6527cd59bab7f0f0?s=96&d=mm&r=g","url":"https:\/\/secure.gravatar.com\/avatar\/fdd21ad66fd8b98c407f9dee5b5e588cfe7f0d8579ec20fa6527cd59bab7f0f0?s=96&d=mm&r=g","contentUrl":"https:\/\/secure.gravatar.com\/avatar\/fdd21ad66fd8b98c407f9dee5b5e588cfe7f0d8579ec20fa6527cd59bab7f0f0?s=96&d=mm&r=g","caption":"Staff"},"url":"https:\/\/www.bbmnoticias.com\/labravaradiofm\/author\/redaccion\/"}]}},"_links":{"self":[{"href":"https:\/\/www.bbmnoticias.com\/labravaradiofm\/wp-json\/wp\/v2\/posts\/72005","targetHints":{"allow":["GET"]}}],"collection":[{"href":"https:\/\/www.bbmnoticias.com\/labravaradiofm\/wp-json\/wp\/v2\/posts"}],"about":[{"href":"https:\/\/www.bbmnoticias.com\/labravaradiofm\/wp-json\/wp\/v2\/types\/post"}],"author":[{"embeddable":true,"href":"https:\/\/www.bbmnoticias.com\/labravaradiofm\/wp-json\/wp\/v2\/users\/2"}],"replies":[{"embeddable":true,"href":"https:\/\/www.bbmnoticias.com\/labravaradiofm\/wp-json\/wp\/v2\/comments?post=72005"}],"version-history":[{"count":0,"href":"https:\/\/www.bbmnoticias.com\/labravaradiofm\/wp-json\/wp\/v2\/posts\/72005\/revisions"}],"wp:featuredmedia":[{"embeddable":true,"href":"https:\/\/www.bbmnoticias.com\/labravaradiofm\/wp-json\/wp\/v2\/media\/72007"}],"wp:attachment":[{"href":"https:\/\/www.bbmnoticias.com\/labravaradiofm\/wp-json\/wp\/v2\/media?parent=72005"}],"wp:term":[{"taxonomy":"category","embeddable":true,"href":"https:\/\/www.bbmnoticias.com\/labravaradiofm\/wp-json\/wp\/v2\/categories?post=72005"},{"taxonomy":"post_tag","embeddable":true,"href":"https:\/\/www.bbmnoticias.com\/labravaradiofm\/wp-json\/wp\/v2\/tags?post=72005"}],"curies":[{"name":"wp","href":"https:\/\/api.w.org\/{rel}","templated":true}]}}