{"id":7191,"date":"2021-12-14T19:53:29","date_gmt":"2021-12-15T01:53:29","guid":{"rendered":"https:\/\/www.bbmnoticias.com\/labravaradiofm\/?p=7191"},"modified":"2021-12-14T19:56:05","modified_gmt":"2021-12-15T01:56:05","slug":"vinculan-a-proceso-a-2-por-violacion-tumultuaria-contra-adolescente-en-el-camalotal","status":"publish","type":"post","link":"https:\/\/www.bbmnoticias.com\/labravaradiofm\/2021\/12\/14\/vinculan-a-proceso-a-2-por-violacion-tumultuaria-contra-adolescente-en-el-camalotal\/","title":{"rendered":"Vinculan a proceso a 2 por violaci\u00f3n tumultuaria contra adolescente en el Camalotal"},"content":{"rendered":"<div style=\"margin-top: 0px; margin-bottom: 0px;\" class=\"sharethis-inline-share-buttons\" ><\/div>\n<p><strong>Oaxaca de Ju\u00e1rez, Oax., 14 de diciembre de 2021.-<\/strong> Gracias a la ininterrumpida labor de investigaci\u00f3n de la Fiscal\u00eda General del Estado de Oaxaca (FGEO), dos personas del sexo masculino fueron aprehendidas y vinculadas a proceso por su probable responsabilidad en la comisi\u00f3n del delito de violaci\u00f3n tumultuaria en agravio de una adolescente de 12 a\u00f1os (cuya identidad es reservada por ley), cometido en jurisdicci\u00f3n de San Juan Bautista Tuxtepec, en la regi\u00f3n de la Cuenca del Papaloapan.<\/p>\n\n\n\n<p>Los probables responsables, identificados como M. R. H. y R. R. H. (hermanos), fueron aprehendidos por Agentes Estatales de Investigaci\u00f3n el 8 de diciembre de 2021 y enseguida los presentaron ante la autoridad que los requiri\u00f3, en cumplimiento al mandato judicial girado en su contra.<\/p>\n\n\n\n<p>De acuerdo con la causa penal 306\/2021, el 2 de febrero de 2021, los imputados probablemente agredieron a la v\u00edctima de forma sexual en un domicilio ubicado en inmediaciones de la localidad de Camalotal, perteneciente al referido municipio.<\/p>\n\n\n\n<p>Ante estos hechos y tras la denuncia presentada, la Instituci\u00f3n de procuraci\u00f3n de justicia inici\u00f3 la investigaci\u00f3n -a trav\u00e9s de la Vicefiscal\u00eda Regional de la Cuenca -, que logr\u00f3 identificar, aprehender y presentar ante el Juzgado de Control a los probables agresores sexuales.<\/p>\n\n\n\n<p>En audiencia, el Juez de la causa dict\u00f3 auto de vinculaci\u00f3n a proceso contra M. R. H. y R. R. H., imponiendo la medida cautelar de prisi\u00f3n preventiva oficiosa y otorgando tres meses para el cierre de investigaci\u00f3n complementaria.<\/p>\n","protected":false},"excerpt":{"rendered":"<p>Oaxaca de Ju\u00e1rez, Oax., 14 de diciembre de 2021.- Gracias a la ininterrumpida labor de investigaci\u00f3n de la Fiscal\u00eda General del Estado de Oaxaca (FGEO), dos personas del sexo masculino fueron aprehendidas y vinculadas a proceso por su probable responsabilidad en la comisi\u00f3n del delito de violaci\u00f3n tumultuaria en agravio de una adolescente de 12 [&hellip;]<\/p>\n","protected":false},"author":2,"featured_media":7193,"comment_status":"closed","ping_status":"closed","sticky":false,"template":"","format":"standard","meta":{"footnotes":""},"categories":[20],"tags":[],"class_list":{"0":"post-7191","1":"post","2":"type-post","3":"status-publish","4":"format-standard","5":"has-post-thumbnail","7":"category-policiaca"},"yoast_head":"<!-- This site is optimized with the Yoast SEO plugin v27.4 - https:\/\/yoast.com\/product\/yoast-seo-wordpress\/ -->\n<title>Vinculan a proceso a 2 por violaci\u00f3n tumultuaria contra adolescente en el Camalotal - LA BRAVA RADIO<\/title>\n<meta name=\"robots\" content=\"index, follow, max-snippet:-1, max-image-preview:large, max-video-preview:-1\" \/>\n<link rel=\"canonical\" href=\"https:\/\/www.bbmnoticias.com\/labravaradiofm\/2021\/12\/14\/vinculan-a-proceso-a-2-por-violacion-tumultuaria-contra-adolescente-en-el-camalotal\/\" \/>\n<meta property=\"og:locale\" content=\"es_MX\" \/>\n<meta property=\"og:type\" content=\"article\" \/>\n<meta property=\"og:title\" content=\"Vinculan a proceso a 2 por violaci\u00f3n tumultuaria contra adolescente en el Camalotal - LA BRAVA RADIO\" \/>\n<meta property=\"og:description\" content=\"Oaxaca de Ju\u00e1rez, Oax., 14 de diciembre de 2021.- Gracias a la ininterrumpida labor de investigaci\u00f3n de la Fiscal\u00eda General del Estado de Oaxaca (FGEO), dos personas del sexo masculino fueron aprehendidas y vinculadas a proceso por su probable responsabilidad en la comisi\u00f3n del delito de violaci\u00f3n tumultuaria en agravio de una adolescente de 12 [&hellip;]\" \/>\n<meta property=\"og:url\" content=\"https:\/\/www.bbmnoticias.com\/labravaradiofm\/2021\/12\/14\/vinculan-a-proceso-a-2-por-violacion-tumultuaria-contra-adolescente-en-el-camalotal\/\" \/>\n<meta property=\"og:site_name\" content=\"LA BRAVA RADIO\" \/>\n<meta property=\"article:published_time\" content=\"2021-12-15T01:53:29+00:00\" \/>\n<meta property=\"article:modified_time\" content=\"2021-12-15T01:56:05+00:00\" \/>\n<meta property=\"og:image\" content=\"https:\/\/www.bbmnoticias.com\/labravaradiofm\/wp-content\/uploads\/sites\/5\/2021\/12\/detenidos-oaxaca.jpg\" \/>\n\t<meta property=\"og:image:width\" content=\"770\" \/>\n\t<meta property=\"og:image:height\" content=\"587\" \/>\n\t<meta property=\"og:image:type\" content=\"image\/jpeg\" \/>\n<meta name=\"author\" content=\"Staff\" \/>\n<meta name=\"twitter:card\" content=\"summary_large_image\" \/>\n<meta name=\"twitter:label1\" content=\"Escrito por\" \/>\n\t<meta name=\"twitter:data1\" content=\"Staff\" \/>\n\t<meta name=\"twitter:label2\" content=\"Tiempo de lectura\" \/>\n\t<meta name=\"twitter:data2\" content=\"2 minutos\" \/>\n<script type=\"application\/ld+json\" class=\"yoast-schema-graph\">{\"@context\":\"https:\\\/\\\/schema.org\",\"@graph\":[{\"@type\":\"Article\",\"@id\":\"https:\\\/\\\/www.bbmnoticias.com\\\/labravaradiofm\\\/2021\\\/12\\\/14\\\/vinculan-a-proceso-a-2-por-violacion-tumultuaria-contra-adolescente-en-el-camalotal\\\/#article\",\"isPartOf\":{\"@id\":\"https:\\\/\\\/www.bbmnoticias.com\\\/labravaradiofm\\\/2021\\\/12\\\/14\\\/vinculan-a-proceso-a-2-por-violacion-tumultuaria-contra-adolescente-en-el-camalotal\\\/\"},\"author\":{\"name\":\"Staff\",\"@id\":\"https:\\\/\\\/www.bbmnoticias.com\\\/labravaradiofm\\\/#\\\/schema\\\/person\\\/68a9e9036ef3c5b55aeb2b71dc8bab45\"},\"headline\":\"Vinculan a proceso a 2 por violaci\u00f3n tumultuaria contra adolescente en el Camalotal\",\"datePublished\":\"2021-12-15T01:53:29+00:00\",\"dateModified\":\"2021-12-15T01:56:05+00:00\",\"mainEntityOfPage\":{\"@id\":\"https:\\\/\\\/www.bbmnoticias.com\\\/labravaradiofm\\\/2021\\\/12\\\/14\\\/vinculan-a-proceso-a-2-por-violacion-tumultuaria-contra-adolescente-en-el-camalotal\\\/\"},\"wordCount\":267,\"image\":{\"@id\":\"https:\\\/\\\/www.bbmnoticias.com\\\/labravaradiofm\\\/2021\\\/12\\\/14\\\/vinculan-a-proceso-a-2-por-violacion-tumultuaria-contra-adolescente-en-el-camalotal\\\/#primaryimage\"},\"thumbnailUrl\":\"https:\\\/\\\/www.bbmnoticias.com\\\/labravaradiofm\\\/wp-content\\\/uploads\\\/sites\\\/5\\\/2021\\\/12\\\/detenidos-oaxaca.jpg\",\"articleSection\":[\"POLICIACA\"],\"inLanguage\":\"es\"},{\"@type\":\"WebPage\",\"@id\":\"https:\\\/\\\/www.bbmnoticias.com\\\/labravaradiofm\\\/2021\\\/12\\\/14\\\/vinculan-a-proceso-a-2-por-violacion-tumultuaria-contra-adolescente-en-el-camalotal\\\/\",\"url\":\"https:\\\/\\\/www.bbmnoticias.com\\\/labravaradiofm\\\/2021\\\/12\\\/14\\\/vinculan-a-proceso-a-2-por-violacion-tumultuaria-contra-adolescente-en-el-camalotal\\\/\",\"name\":\"Vinculan a proceso a 2 por violaci\u00f3n tumultuaria contra adolescente en el Camalotal - LA BRAVA RADIO\",\"isPartOf\":{\"@id\":\"https:\\\/\\\/www.bbmnoticias.com\\\/labravaradiofm\\\/#website\"},\"primaryImageOfPage\":{\"@id\":\"https:\\\/\\\/www.bbmnoticias.com\\\/labravaradiofm\\\/2021\\\/12\\\/14\\\/vinculan-a-proceso-a-2-por-violacion-tumultuaria-contra-adolescente-en-el-camalotal\\\/#primaryimage\"},\"image\":{\"@id\":\"https:\\\/\\\/www.bbmnoticias.com\\\/labravaradiofm\\\/2021\\\/12\\\/14\\\/vinculan-a-proceso-a-2-por-violacion-tumultuaria-contra-adolescente-en-el-camalotal\\\/#primaryimage\"},\"thumbnailUrl\":\"https:\\\/\\\/www.bbmnoticias.com\\\/labravaradiofm\\\/wp-content\\\/uploads\\\/sites\\\/5\\\/2021\\\/12\\\/detenidos-oaxaca.jpg\",\"datePublished\":\"2021-12-15T01:53:29+00:00\",\"dateModified\":\"2021-12-15T01:56:05+00:00\",\"author\":{\"@id\":\"https:\\\/\\\/www.bbmnoticias.com\\\/labravaradiofm\\\/#\\\/schema\\\/person\\\/68a9e9036ef3c5b55aeb2b71dc8bab45\"},\"breadcrumb\":{\"@id\":\"https:\\\/\\\/www.bbmnoticias.com\\\/labravaradiofm\\\/2021\\\/12\\\/14\\\/vinculan-a-proceso-a-2-por-violacion-tumultuaria-contra-adolescente-en-el-camalotal\\\/#breadcrumb\"},\"inLanguage\":\"es\",\"potentialAction\":[{\"@type\":\"ReadAction\",\"target\":[\"https:\\\/\\\/www.bbmnoticias.com\\\/labravaradiofm\\\/2021\\\/12\\\/14\\\/vinculan-a-proceso-a-2-por-violacion-tumultuaria-contra-adolescente-en-el-camalotal\\\/\"]}]},{\"@type\":\"ImageObject\",\"inLanguage\":\"es\",\"@id\":\"https:\\\/\\\/www.bbmnoticias.com\\\/labravaradiofm\\\/2021\\\/12\\\/14\\\/vinculan-a-proceso-a-2-por-violacion-tumultuaria-contra-adolescente-en-el-camalotal\\\/#primaryimage\",\"url\":\"https:\\\/\\\/www.bbmnoticias.com\\\/labravaradiofm\\\/wp-content\\\/uploads\\\/sites\\\/5\\\/2021\\\/12\\\/detenidos-oaxaca.jpg\",\"contentUrl\":\"https:\\\/\\\/www.bbmnoticias.com\\\/labravaradiofm\\\/wp-content\\\/uploads\\\/sites\\\/5\\\/2021\\\/12\\\/detenidos-oaxaca.jpg\",\"width\":770,\"height\":587},{\"@type\":\"BreadcrumbList\",\"@id\":\"https:\\\/\\\/www.bbmnoticias.com\\\/labravaradiofm\\\/2021\\\/12\\\/14\\\/vinculan-a-proceso-a-2-por-violacion-tumultuaria-contra-adolescente-en-el-camalotal\\\/#breadcrumb\",\"itemListElement\":[{\"@type\":\"ListItem\",\"position\":1,\"name\":\"Inicio\",\"item\":\"https:\\\/\\\/www.bbmnoticias.com\\\/labravaradiofm\\\/\"},{\"@type\":\"ListItem\",\"position\":2,\"name\":\"Vinculan a proceso a 2 por violaci\u00f3n tumultuaria contra adolescente en el Camalotal\"}]},{\"@type\":\"WebSite\",\"@id\":\"https:\\\/\\\/www.bbmnoticias.com\\\/labravaradiofm\\\/#website\",\"url\":\"https:\\\/\\\/www.bbmnoticias.com\\\/labravaradiofm\\\/\",\"name\":\"LA BRAVA RADIO\",\"description\":\"Empresa productora de medios, Radiodifusi\u00f3n, Noticias, tendencias y todo lo que necesitas saber de la pol\u00edtica mexicana e internacional; entretenimiento, espect\u00e1culos, salud y mucho m\u00e1s.\",\"potentialAction\":[{\"@type\":\"SearchAction\",\"target\":{\"@type\":\"EntryPoint\",\"urlTemplate\":\"https:\\\/\\\/www.bbmnoticias.com\\\/labravaradiofm\\\/?s={search_term_string}\"},\"query-input\":{\"@type\":\"PropertyValueSpecification\",\"valueRequired\":true,\"valueName\":\"search_term_string\"}}],\"inLanguage\":\"es\"},{\"@type\":\"Person\",\"@id\":\"https:\\\/\\\/www.bbmnoticias.com\\\/labravaradiofm\\\/#\\\/schema\\\/person\\\/68a9e9036ef3c5b55aeb2b71dc8bab45\",\"name\":\"Staff\",\"image\":{\"@type\":\"ImageObject\",\"inLanguage\":\"es\",\"@id\":\"https:\\\/\\\/secure.gravatar.com\\\/avatar\\\/fdd21ad66fd8b98c407f9dee5b5e588cfe7f0d8579ec20fa6527cd59bab7f0f0?s=96&d=mm&r=g\",\"url\":\"https:\\\/\\\/secure.gravatar.com\\\/avatar\\\/fdd21ad66fd8b98c407f9dee5b5e588cfe7f0d8579ec20fa6527cd59bab7f0f0?s=96&d=mm&r=g\",\"contentUrl\":\"https:\\\/\\\/secure.gravatar.com\\\/avatar\\\/fdd21ad66fd8b98c407f9dee5b5e588cfe7f0d8579ec20fa6527cd59bab7f0f0?s=96&d=mm&r=g\",\"caption\":\"Staff\"},\"url\":\"https:\\\/\\\/www.bbmnoticias.com\\\/labravaradiofm\\\/author\\\/redaccion\\\/\"}]}<\/script>\n<!-- \/ Yoast SEO plugin. -->","yoast_head_json":{"title":"Vinculan a proceso a 2 por violaci\u00f3n tumultuaria contra adolescente en el Camalotal - LA BRAVA RADIO","robots":{"index":"index","follow":"follow","max-snippet":"max-snippet:-1","max-image-preview":"max-image-preview:large","max-video-preview":"max-video-preview:-1"},"canonical":"https:\/\/www.bbmnoticias.com\/labravaradiofm\/2021\/12\/14\/vinculan-a-proceso-a-2-por-violacion-tumultuaria-contra-adolescente-en-el-camalotal\/","og_locale":"es_MX","og_type":"article","og_title":"Vinculan a proceso a 2 por violaci\u00f3n tumultuaria contra adolescente en el Camalotal - LA BRAVA RADIO","og_description":"Oaxaca de Ju\u00e1rez, Oax., 14 de diciembre de 2021.- Gracias a la ininterrumpida labor de investigaci\u00f3n de la Fiscal\u00eda General del Estado de Oaxaca (FGEO), dos personas del sexo masculino fueron aprehendidas y vinculadas a proceso por su probable responsabilidad en la comisi\u00f3n del delito de violaci\u00f3n tumultuaria en agravio de una adolescente de 12 [&hellip;]","og_url":"https:\/\/www.bbmnoticias.com\/labravaradiofm\/2021\/12\/14\/vinculan-a-proceso-a-2-por-violacion-tumultuaria-contra-adolescente-en-el-camalotal\/","og_site_name":"LA BRAVA RADIO","article_published_time":"2021-12-15T01:53:29+00:00","article_modified_time":"2021-12-15T01:56:05+00:00","og_image":[{"width":770,"height":587,"url":"https:\/\/www.bbmnoticias.com\/labravaradiofm\/wp-content\/uploads\/sites\/5\/2021\/12\/detenidos-oaxaca.jpg","type":"image\/jpeg"}],"author":"Staff","twitter_card":"summary_large_image","twitter_misc":{"Escrito por":"Staff","Tiempo de lectura":"2 minutos"},"schema":{"@context":"https:\/\/schema.org","@graph":[{"@type":"Article","@id":"https:\/\/www.bbmnoticias.com\/labravaradiofm\/2021\/12\/14\/vinculan-a-proceso-a-2-por-violacion-tumultuaria-contra-adolescente-en-el-camalotal\/#article","isPartOf":{"@id":"https:\/\/www.bbmnoticias.com\/labravaradiofm\/2021\/12\/14\/vinculan-a-proceso-a-2-por-violacion-tumultuaria-contra-adolescente-en-el-camalotal\/"},"author":{"name":"Staff","@id":"https:\/\/www.bbmnoticias.com\/labravaradiofm\/#\/schema\/person\/68a9e9036ef3c5b55aeb2b71dc8bab45"},"headline":"Vinculan a proceso a 2 por violaci\u00f3n tumultuaria contra adolescente en el Camalotal","datePublished":"2021-12-15T01:53:29+00:00","dateModified":"2021-12-15T01:56:05+00:00","mainEntityOfPage":{"@id":"https:\/\/www.bbmnoticias.com\/labravaradiofm\/2021\/12\/14\/vinculan-a-proceso-a-2-por-violacion-tumultuaria-contra-adolescente-en-el-camalotal\/"},"wordCount":267,"image":{"@id":"https:\/\/www.bbmnoticias.com\/labravaradiofm\/2021\/12\/14\/vinculan-a-proceso-a-2-por-violacion-tumultuaria-contra-adolescente-en-el-camalotal\/#primaryimage"},"thumbnailUrl":"https:\/\/www.bbmnoticias.com\/labravaradiofm\/wp-content\/uploads\/sites\/5\/2021\/12\/detenidos-oaxaca.jpg","articleSection":["POLICIACA"],"inLanguage":"es"},{"@type":"WebPage","@id":"https:\/\/www.bbmnoticias.com\/labravaradiofm\/2021\/12\/14\/vinculan-a-proceso-a-2-por-violacion-tumultuaria-contra-adolescente-en-el-camalotal\/","url":"https:\/\/www.bbmnoticias.com\/labravaradiofm\/2021\/12\/14\/vinculan-a-proceso-a-2-por-violacion-tumultuaria-contra-adolescente-en-el-camalotal\/","name":"Vinculan a proceso a 2 por violaci\u00f3n tumultuaria contra adolescente en el Camalotal - LA BRAVA RADIO","isPartOf":{"@id":"https:\/\/www.bbmnoticias.com\/labravaradiofm\/#website"},"primaryImageOfPage":{"@id":"https:\/\/www.bbmnoticias.com\/labravaradiofm\/2021\/12\/14\/vinculan-a-proceso-a-2-por-violacion-tumultuaria-contra-adolescente-en-el-camalotal\/#primaryimage"},"image":{"@id":"https:\/\/www.bbmnoticias.com\/labravaradiofm\/2021\/12\/14\/vinculan-a-proceso-a-2-por-violacion-tumultuaria-contra-adolescente-en-el-camalotal\/#primaryimage"},"thumbnailUrl":"https:\/\/www.bbmnoticias.com\/labravaradiofm\/wp-content\/uploads\/sites\/5\/2021\/12\/detenidos-oaxaca.jpg","datePublished":"2021-12-15T01:53:29+00:00","dateModified":"2021-12-15T01:56:05+00:00","author":{"@id":"https:\/\/www.bbmnoticias.com\/labravaradiofm\/#\/schema\/person\/68a9e9036ef3c5b55aeb2b71dc8bab45"},"breadcrumb":{"@id":"https:\/\/www.bbmnoticias.com\/labravaradiofm\/2021\/12\/14\/vinculan-a-proceso-a-2-por-violacion-tumultuaria-contra-adolescente-en-el-camalotal\/#breadcrumb"},"inLanguage":"es","potentialAction":[{"@type":"ReadAction","target":["https:\/\/www.bbmnoticias.com\/labravaradiofm\/2021\/12\/14\/vinculan-a-proceso-a-2-por-violacion-tumultuaria-contra-adolescente-en-el-camalotal\/"]}]},{"@type":"ImageObject","inLanguage":"es","@id":"https:\/\/www.bbmnoticias.com\/labravaradiofm\/2021\/12\/14\/vinculan-a-proceso-a-2-por-violacion-tumultuaria-contra-adolescente-en-el-camalotal\/#primaryimage","url":"https:\/\/www.bbmnoticias.com\/labravaradiofm\/wp-content\/uploads\/sites\/5\/2021\/12\/detenidos-oaxaca.jpg","contentUrl":"https:\/\/www.bbmnoticias.com\/labravaradiofm\/wp-content\/uploads\/sites\/5\/2021\/12\/detenidos-oaxaca.jpg","width":770,"height":587},{"@type":"BreadcrumbList","@id":"https:\/\/www.bbmnoticias.com\/labravaradiofm\/2021\/12\/14\/vinculan-a-proceso-a-2-por-violacion-tumultuaria-contra-adolescente-en-el-camalotal\/#breadcrumb","itemListElement":[{"@type":"ListItem","position":1,"name":"Inicio","item":"https:\/\/www.bbmnoticias.com\/labravaradiofm\/"},{"@type":"ListItem","position":2,"name":"Vinculan a proceso a 2 por violaci\u00f3n tumultuaria contra adolescente en el Camalotal"}]},{"@type":"WebSite","@id":"https:\/\/www.bbmnoticias.com\/labravaradiofm\/#website","url":"https:\/\/www.bbmnoticias.com\/labravaradiofm\/","name":"LA BRAVA RADIO","description":"Empresa productora de medios, Radiodifusi\u00f3n, Noticias, tendencias y todo lo que necesitas saber de la pol\u00edtica mexicana e internacional; entretenimiento, espect\u00e1culos, salud y mucho m\u00e1s.","potentialAction":[{"@type":"SearchAction","target":{"@type":"EntryPoint","urlTemplate":"https:\/\/www.bbmnoticias.com\/labravaradiofm\/?s={search_term_string}"},"query-input":{"@type":"PropertyValueSpecification","valueRequired":true,"valueName":"search_term_string"}}],"inLanguage":"es"},{"@type":"Person","@id":"https:\/\/www.bbmnoticias.com\/labravaradiofm\/#\/schema\/person\/68a9e9036ef3c5b55aeb2b71dc8bab45","name":"Staff","image":{"@type":"ImageObject","inLanguage":"es","@id":"https:\/\/secure.gravatar.com\/avatar\/fdd21ad66fd8b98c407f9dee5b5e588cfe7f0d8579ec20fa6527cd59bab7f0f0?s=96&d=mm&r=g","url":"https:\/\/secure.gravatar.com\/avatar\/fdd21ad66fd8b98c407f9dee5b5e588cfe7f0d8579ec20fa6527cd59bab7f0f0?s=96&d=mm&r=g","contentUrl":"https:\/\/secure.gravatar.com\/avatar\/fdd21ad66fd8b98c407f9dee5b5e588cfe7f0d8579ec20fa6527cd59bab7f0f0?s=96&d=mm&r=g","caption":"Staff"},"url":"https:\/\/www.bbmnoticias.com\/labravaradiofm\/author\/redaccion\/"}]}},"_links":{"self":[{"href":"https:\/\/www.bbmnoticias.com\/labravaradiofm\/wp-json\/wp\/v2\/posts\/7191","targetHints":{"allow":["GET"]}}],"collection":[{"href":"https:\/\/www.bbmnoticias.com\/labravaradiofm\/wp-json\/wp\/v2\/posts"}],"about":[{"href":"https:\/\/www.bbmnoticias.com\/labravaradiofm\/wp-json\/wp\/v2\/types\/post"}],"author":[{"embeddable":true,"href":"https:\/\/www.bbmnoticias.com\/labravaradiofm\/wp-json\/wp\/v2\/users\/2"}],"replies":[{"embeddable":true,"href":"https:\/\/www.bbmnoticias.com\/labravaradiofm\/wp-json\/wp\/v2\/comments?post=7191"}],"version-history":[{"count":0,"href":"https:\/\/www.bbmnoticias.com\/labravaradiofm\/wp-json\/wp\/v2\/posts\/7191\/revisions"}],"wp:featuredmedia":[{"embeddable":true,"href":"https:\/\/www.bbmnoticias.com\/labravaradiofm\/wp-json\/wp\/v2\/media\/7193"}],"wp:attachment":[{"href":"https:\/\/www.bbmnoticias.com\/labravaradiofm\/wp-json\/wp\/v2\/media?parent=7191"}],"wp:term":[{"taxonomy":"category","embeddable":true,"href":"https:\/\/www.bbmnoticias.com\/labravaradiofm\/wp-json\/wp\/v2\/categories?post=7191"},{"taxonomy":"post_tag","embeddable":true,"href":"https:\/\/www.bbmnoticias.com\/labravaradiofm\/wp-json\/wp\/v2\/tags?post=7191"}],"curies":[{"name":"wp","href":"https:\/\/api.w.org\/{rel}","templated":true}]}}