{"id":71810,"date":"2025-12-24T07:40:44","date_gmt":"2025-12-24T13:40:44","guid":{"rendered":"https:\/\/www.bbmnoticias.com\/labravaradiofm\/2025\/12\/24\/con-saldo-blanco-concluyo-la-edicion-2025-de-la-tradicional-noche-de-rabanos\/"},"modified":"2025-12-24T07:41:03","modified_gmt":"2025-12-24T13:41:03","slug":"con-saldo-blanco-concluyo-la-edicion-2025-de-la-tradicional-noche-de-rabanos","status":"publish","type":"post","link":"https:\/\/www.bbmnoticias.com\/labravaradiofm\/2025\/12\/24\/con-saldo-blanco-concluyo-la-edicion-2025-de-la-tradicional-noche-de-rabanos\/","title":{"rendered":"Con saldo blanco concluy\u00f3 la edici\u00f3n 2025 de la Tradicional Noche de R\u00e1banos"},"content":{"rendered":"<div style=\"margin-top: 0px; margin-bottom: 0px;\" class=\"sharethis-inline-share-buttons\" ><\/div>\n<p>Oaxaca de Ju\u00e1rez, Oaxaca.\u2014 La Secretar\u00eda de Gobierno de Oaxaca (Sego) informa que la edici\u00f3n 2025 de la Tradicional Noche de R\u00e1banos concluy\u00f3 con saldo blanco, desarroll\u00e1ndose en un clima de paz, orden y seguridad para las familias oaxaque\u00f1as, as\u00ed como para visitantes nacionales y extranjeros.<\/p>\n\n\n\n<p>Durante la jornada, miles de asistentes recorrieron cerca de 150 stands, donde apreciaron el talento y la creatividad de las y los hortelanos oaxaque\u00f1os, en una de las celebraciones m\u00e1s representativas de la identidad cultural del estado, realizada sin incidentes y en condiciones de plena tranquilidad.<\/p>\n\n\n\n<p>En esta edici\u00f3n 128, se exhibieron m\u00e1s de cien creaciones talladas en r\u00e1bano, que convivieron con piezas elaboradas por artistas del totomoxtle y de la flor inmortal, que ha convertido a esta tradici\u00f3n como un referente de orgullo comunitario y expresi\u00f3n cultural.<\/p>\n\n\n\n<p>El saldo blanco registrado fue resultado de una pol\u00edtica basada en el di\u00e1logo y la concertaci\u00f3n, y de la coordinaci\u00f3n institucional de las diferentes corporaciones de seguridad, la Fiscal\u00eda del Estado de Oaxaca, la Sego, as\u00ed como la Coordinaci\u00f3n de Delegados de paz, lo que permiti\u00f3 garantizar condiciones de seguridad y convivencia pac\u00edfica, reafirmando el compromiso del Gobierno del Estado con la preservaci\u00f3n de las tradiciones en un entorno de gobernabilidad y paz social.<\/p>\n","protected":false},"excerpt":{"rendered":"<p>Oaxaca de Ju\u00e1rez, Oaxaca.\u2014 La Secretar\u00eda de Gobierno de Oaxaca (Sego) informa que la edici\u00f3n 2025 de la Tradicional Noche de R\u00e1banos concluy\u00f3 con saldo blanco, desarroll\u00e1ndose en un clima de paz, orden y seguridad para las familias oaxaque\u00f1as, as\u00ed como para visitantes nacionales y extranjeros. Durante la jornada, miles de asistentes recorrieron cerca de [&hellip;]<\/p>\n","protected":false},"author":2,"featured_media":71812,"comment_status":"closed","ping_status":"","sticky":false,"template":"","format":"standard","meta":{"footnotes":""},"categories":[2],"tags":[],"class_list":{"0":"post-71810","1":"post","2":"type-post","3":"status-publish","4":"format-standard","5":"has-post-thumbnail","7":"category-oaxaca"},"yoast_head":"<!-- This site is optimized with the Yoast SEO plugin v27.4 - https:\/\/yoast.com\/product\/yoast-seo-wordpress\/ -->\n<title>Con saldo blanco concluy\u00f3 la edici\u00f3n 2025 de la Tradicional Noche de R\u00e1banos - LA BRAVA RADIO<\/title>\n<meta name=\"robots\" content=\"index, follow, max-snippet:-1, max-image-preview:large, max-video-preview:-1\" \/>\n<link rel=\"canonical\" href=\"https:\/\/www.bbmnoticias.com\/con-saldo-blanco-concluyo-la-edicion-2025-de-la-tradicional-noche-de-rabanos\/\" \/>\n<meta property=\"og:locale\" content=\"es_MX\" \/>\n<meta property=\"og:type\" content=\"article\" \/>\n<meta property=\"og:title\" content=\"Con saldo blanco concluy\u00f3 la edici\u00f3n 2025 de la Tradicional Noche de R\u00e1banos - LA BRAVA RADIO\" \/>\n<meta property=\"og:description\" content=\"Oaxaca de Ju\u00e1rez, Oaxaca.\u2014 La Secretar\u00eda de Gobierno de Oaxaca (Sego) informa que la edici\u00f3n 2025 de la Tradicional Noche de R\u00e1banos concluy\u00f3 con saldo blanco, desarroll\u00e1ndose en un clima de paz, orden y seguridad para las familias oaxaque\u00f1as, as\u00ed como para visitantes nacionales y extranjeros. Durante la jornada, miles de asistentes recorrieron cerca de [&hellip;]\" \/>\n<meta property=\"og:url\" content=\"https:\/\/www.bbmnoticias.com\/con-saldo-blanco-concluyo-la-edicion-2025-de-la-tradicional-noche-de-rabanos\/\" \/>\n<meta property=\"og:site_name\" content=\"LA BRAVA RADIO\" \/>\n<meta property=\"article:published_time\" content=\"2025-12-24T13:40:44+00:00\" \/>\n<meta property=\"article:modified_time\" content=\"2025-12-24T13:41:03+00:00\" \/>\n<meta property=\"og:image\" content=\"https:\/\/www.bbmnoticias.com\/labravaradiofm\/wp-content\/uploads\/sites\/5\/2025\/12\/noche_rabanos_2025.jpg\" \/>\n\t<meta property=\"og:image:width\" content=\"800\" \/>\n\t<meta property=\"og:image:height\" content=\"534\" \/>\n\t<meta property=\"og:image:type\" content=\"image\/jpeg\" \/>\n<meta name=\"author\" content=\"Staff\" \/>\n<meta name=\"twitter:card\" content=\"summary_large_image\" \/>\n<meta name=\"twitter:label1\" content=\"Escrito por\" \/>\n\t<meta name=\"twitter:data1\" content=\"Staff\" \/>\n\t<meta name=\"twitter:label2\" content=\"Tiempo de lectura\" \/>\n\t<meta name=\"twitter:data2\" content=\"1 minuto\" \/>\n<script type=\"application\/ld+json\" class=\"yoast-schema-graph\">{\"@context\":\"https:\\\/\\\/schema.org\",\"@graph\":[{\"@type\":\"Article\",\"@id\":\"https:\\\/\\\/www.bbmnoticias.com\\\/con-saldo-blanco-concluyo-la-edicion-2025-de-la-tradicional-noche-de-rabanos\\\/#article\",\"isPartOf\":{\"@id\":\"https:\\\/\\\/www.bbmnoticias.com\\\/labravaradiofm\\\/2025\\\/12\\\/24\\\/con-saldo-blanco-concluyo-la-edicion-2025-de-la-tradicional-noche-de-rabanos\\\/\"},\"author\":{\"name\":\"Staff\",\"@id\":\"https:\\\/\\\/www.bbmnoticias.com\\\/labravaradiofm\\\/#\\\/schema\\\/person\\\/68a9e9036ef3c5b55aeb2b71dc8bab45\"},\"headline\":\"Con saldo blanco concluy\u00f3 la edici\u00f3n 2025 de la Tradicional Noche de R\u00e1banos\",\"datePublished\":\"2025-12-24T13:40:44+00:00\",\"dateModified\":\"2025-12-24T13:41:03+00:00\",\"mainEntityOfPage\":{\"@id\":\"https:\\\/\\\/www.bbmnoticias.com\\\/labravaradiofm\\\/2025\\\/12\\\/24\\\/con-saldo-blanco-concluyo-la-edicion-2025-de-la-tradicional-noche-de-rabanos\\\/\"},\"wordCount\":240,\"image\":{\"@id\":\"https:\\\/\\\/www.bbmnoticias.com\\\/con-saldo-blanco-concluyo-la-edicion-2025-de-la-tradicional-noche-de-rabanos\\\/#primaryimage\"},\"thumbnailUrl\":\"https:\\\/\\\/www.bbmnoticias.com\\\/labravaradiofm\\\/wp-content\\\/uploads\\\/sites\\\/5\\\/2025\\\/12\\\/noche_rabanos_2025.jpg\",\"articleSection\":[\"LOCAL\"],\"inLanguage\":\"es\"},{\"@type\":\"WebPage\",\"@id\":\"https:\\\/\\\/www.bbmnoticias.com\\\/labravaradiofm\\\/2025\\\/12\\\/24\\\/con-saldo-blanco-concluyo-la-edicion-2025-de-la-tradicional-noche-de-rabanos\\\/\",\"url\":\"https:\\\/\\\/www.bbmnoticias.com\\\/con-saldo-blanco-concluyo-la-edicion-2025-de-la-tradicional-noche-de-rabanos\\\/\",\"name\":\"Con saldo blanco concluy\u00f3 la edici\u00f3n 2025 de la Tradicional Noche de R\u00e1banos - LA BRAVA RADIO\",\"isPartOf\":{\"@id\":\"https:\\\/\\\/www.bbmnoticias.com\\\/labravaradiofm\\\/#website\"},\"primaryImageOfPage\":{\"@id\":\"https:\\\/\\\/www.bbmnoticias.com\\\/con-saldo-blanco-concluyo-la-edicion-2025-de-la-tradicional-noche-de-rabanos\\\/#primaryimage\"},\"image\":{\"@id\":\"https:\\\/\\\/www.bbmnoticias.com\\\/con-saldo-blanco-concluyo-la-edicion-2025-de-la-tradicional-noche-de-rabanos\\\/#primaryimage\"},\"thumbnailUrl\":\"https:\\\/\\\/www.bbmnoticias.com\\\/labravaradiofm\\\/wp-content\\\/uploads\\\/sites\\\/5\\\/2025\\\/12\\\/noche_rabanos_2025.jpg\",\"datePublished\":\"2025-12-24T13:40:44+00:00\",\"dateModified\":\"2025-12-24T13:41:03+00:00\",\"author\":{\"@id\":\"https:\\\/\\\/www.bbmnoticias.com\\\/labravaradiofm\\\/#\\\/schema\\\/person\\\/68a9e9036ef3c5b55aeb2b71dc8bab45\"},\"breadcrumb\":{\"@id\":\"https:\\\/\\\/www.bbmnoticias.com\\\/con-saldo-blanco-concluyo-la-edicion-2025-de-la-tradicional-noche-de-rabanos\\\/#breadcrumb\"},\"inLanguage\":\"es\",\"potentialAction\":[{\"@type\":\"ReadAction\",\"target\":[\"https:\\\/\\\/www.bbmnoticias.com\\\/con-saldo-blanco-concluyo-la-edicion-2025-de-la-tradicional-noche-de-rabanos\\\/\"]}]},{\"@type\":\"ImageObject\",\"inLanguage\":\"es\",\"@id\":\"https:\\\/\\\/www.bbmnoticias.com\\\/con-saldo-blanco-concluyo-la-edicion-2025-de-la-tradicional-noche-de-rabanos\\\/#primaryimage\",\"url\":\"https:\\\/\\\/www.bbmnoticias.com\\\/labravaradiofm\\\/wp-content\\\/uploads\\\/sites\\\/5\\\/2025\\\/12\\\/noche_rabanos_2025.jpg\",\"contentUrl\":\"https:\\\/\\\/www.bbmnoticias.com\\\/labravaradiofm\\\/wp-content\\\/uploads\\\/sites\\\/5\\\/2025\\\/12\\\/noche_rabanos_2025.jpg\",\"width\":800,\"height\":534},{\"@type\":\"BreadcrumbList\",\"@id\":\"https:\\\/\\\/www.bbmnoticias.com\\\/con-saldo-blanco-concluyo-la-edicion-2025-de-la-tradicional-noche-de-rabanos\\\/#breadcrumb\",\"itemListElement\":[{\"@type\":\"ListItem\",\"position\":1,\"name\":\"Inicio\",\"item\":\"https:\\\/\\\/www.bbmnoticias.com\\\/labravaradiofm\\\/\"},{\"@type\":\"ListItem\",\"position\":2,\"name\":\"Con saldo blanco concluy\u00f3 la edici\u00f3n 2025 de la Tradicional Noche de R\u00e1banos\"}]},{\"@type\":\"WebSite\",\"@id\":\"https:\\\/\\\/www.bbmnoticias.com\\\/labravaradiofm\\\/#website\",\"url\":\"https:\\\/\\\/www.bbmnoticias.com\\\/labravaradiofm\\\/\",\"name\":\"LA BRAVA RADIO\",\"description\":\"Empresa productora de medios, Radiodifusi\u00f3n, Noticias, tendencias y todo lo que necesitas saber de la pol\u00edtica mexicana e internacional; entretenimiento, espect\u00e1culos, salud y mucho m\u00e1s.\",\"potentialAction\":[{\"@type\":\"SearchAction\",\"target\":{\"@type\":\"EntryPoint\",\"urlTemplate\":\"https:\\\/\\\/www.bbmnoticias.com\\\/labravaradiofm\\\/?s={search_term_string}\"},\"query-input\":{\"@type\":\"PropertyValueSpecification\",\"valueRequired\":true,\"valueName\":\"search_term_string\"}}],\"inLanguage\":\"es\"},{\"@type\":\"Person\",\"@id\":\"https:\\\/\\\/www.bbmnoticias.com\\\/labravaradiofm\\\/#\\\/schema\\\/person\\\/68a9e9036ef3c5b55aeb2b71dc8bab45\",\"name\":\"Staff\",\"image\":{\"@type\":\"ImageObject\",\"inLanguage\":\"es\",\"@id\":\"https:\\\/\\\/secure.gravatar.com\\\/avatar\\\/fdd21ad66fd8b98c407f9dee5b5e588cfe7f0d8579ec20fa6527cd59bab7f0f0?s=96&d=mm&r=g\",\"url\":\"https:\\\/\\\/secure.gravatar.com\\\/avatar\\\/fdd21ad66fd8b98c407f9dee5b5e588cfe7f0d8579ec20fa6527cd59bab7f0f0?s=96&d=mm&r=g\",\"contentUrl\":\"https:\\\/\\\/secure.gravatar.com\\\/avatar\\\/fdd21ad66fd8b98c407f9dee5b5e588cfe7f0d8579ec20fa6527cd59bab7f0f0?s=96&d=mm&r=g\",\"caption\":\"Staff\"},\"url\":\"https:\\\/\\\/www.bbmnoticias.com\\\/labravaradiofm\\\/author\\\/redaccion\\\/\"}]}<\/script>\n<!-- \/ Yoast SEO plugin. -->","yoast_head_json":{"title":"Con saldo blanco concluy\u00f3 la edici\u00f3n 2025 de la Tradicional Noche de R\u00e1banos - LA BRAVA RADIO","robots":{"index":"index","follow":"follow","max-snippet":"max-snippet:-1","max-image-preview":"max-image-preview:large","max-video-preview":"max-video-preview:-1"},"canonical":"https:\/\/www.bbmnoticias.com\/con-saldo-blanco-concluyo-la-edicion-2025-de-la-tradicional-noche-de-rabanos\/","og_locale":"es_MX","og_type":"article","og_title":"Con saldo blanco concluy\u00f3 la edici\u00f3n 2025 de la Tradicional Noche de R\u00e1banos - LA BRAVA RADIO","og_description":"Oaxaca de Ju\u00e1rez, Oaxaca.\u2014 La Secretar\u00eda de Gobierno de Oaxaca (Sego) informa que la edici\u00f3n 2025 de la Tradicional Noche de R\u00e1banos concluy\u00f3 con saldo blanco, desarroll\u00e1ndose en un clima de paz, orden y seguridad para las familias oaxaque\u00f1as, as\u00ed como para visitantes nacionales y extranjeros. Durante la jornada, miles de asistentes recorrieron cerca de [&hellip;]","og_url":"https:\/\/www.bbmnoticias.com\/con-saldo-blanco-concluyo-la-edicion-2025-de-la-tradicional-noche-de-rabanos\/","og_site_name":"LA BRAVA RADIO","article_published_time":"2025-12-24T13:40:44+00:00","article_modified_time":"2025-12-24T13:41:03+00:00","og_image":[{"width":800,"height":534,"url":"https:\/\/www.bbmnoticias.com\/labravaradiofm\/wp-content\/uploads\/sites\/5\/2025\/12\/noche_rabanos_2025.jpg","type":"image\/jpeg"}],"author":"Staff","twitter_card":"summary_large_image","twitter_misc":{"Escrito por":"Staff","Tiempo de lectura":"1 minuto"},"schema":{"@context":"https:\/\/schema.org","@graph":[{"@type":"Article","@id":"https:\/\/www.bbmnoticias.com\/con-saldo-blanco-concluyo-la-edicion-2025-de-la-tradicional-noche-de-rabanos\/#article","isPartOf":{"@id":"https:\/\/www.bbmnoticias.com\/labravaradiofm\/2025\/12\/24\/con-saldo-blanco-concluyo-la-edicion-2025-de-la-tradicional-noche-de-rabanos\/"},"author":{"name":"Staff","@id":"https:\/\/www.bbmnoticias.com\/labravaradiofm\/#\/schema\/person\/68a9e9036ef3c5b55aeb2b71dc8bab45"},"headline":"Con saldo blanco concluy\u00f3 la edici\u00f3n 2025 de la Tradicional Noche de R\u00e1banos","datePublished":"2025-12-24T13:40:44+00:00","dateModified":"2025-12-24T13:41:03+00:00","mainEntityOfPage":{"@id":"https:\/\/www.bbmnoticias.com\/labravaradiofm\/2025\/12\/24\/con-saldo-blanco-concluyo-la-edicion-2025-de-la-tradicional-noche-de-rabanos\/"},"wordCount":240,"image":{"@id":"https:\/\/www.bbmnoticias.com\/con-saldo-blanco-concluyo-la-edicion-2025-de-la-tradicional-noche-de-rabanos\/#primaryimage"},"thumbnailUrl":"https:\/\/www.bbmnoticias.com\/labravaradiofm\/wp-content\/uploads\/sites\/5\/2025\/12\/noche_rabanos_2025.jpg","articleSection":["LOCAL"],"inLanguage":"es"},{"@type":"WebPage","@id":"https:\/\/www.bbmnoticias.com\/labravaradiofm\/2025\/12\/24\/con-saldo-blanco-concluyo-la-edicion-2025-de-la-tradicional-noche-de-rabanos\/","url":"https:\/\/www.bbmnoticias.com\/con-saldo-blanco-concluyo-la-edicion-2025-de-la-tradicional-noche-de-rabanos\/","name":"Con saldo blanco concluy\u00f3 la edici\u00f3n 2025 de la Tradicional Noche de R\u00e1banos - LA BRAVA RADIO","isPartOf":{"@id":"https:\/\/www.bbmnoticias.com\/labravaradiofm\/#website"},"primaryImageOfPage":{"@id":"https:\/\/www.bbmnoticias.com\/con-saldo-blanco-concluyo-la-edicion-2025-de-la-tradicional-noche-de-rabanos\/#primaryimage"},"image":{"@id":"https:\/\/www.bbmnoticias.com\/con-saldo-blanco-concluyo-la-edicion-2025-de-la-tradicional-noche-de-rabanos\/#primaryimage"},"thumbnailUrl":"https:\/\/www.bbmnoticias.com\/labravaradiofm\/wp-content\/uploads\/sites\/5\/2025\/12\/noche_rabanos_2025.jpg","datePublished":"2025-12-24T13:40:44+00:00","dateModified":"2025-12-24T13:41:03+00:00","author":{"@id":"https:\/\/www.bbmnoticias.com\/labravaradiofm\/#\/schema\/person\/68a9e9036ef3c5b55aeb2b71dc8bab45"},"breadcrumb":{"@id":"https:\/\/www.bbmnoticias.com\/con-saldo-blanco-concluyo-la-edicion-2025-de-la-tradicional-noche-de-rabanos\/#breadcrumb"},"inLanguage":"es","potentialAction":[{"@type":"ReadAction","target":["https:\/\/www.bbmnoticias.com\/con-saldo-blanco-concluyo-la-edicion-2025-de-la-tradicional-noche-de-rabanos\/"]}]},{"@type":"ImageObject","inLanguage":"es","@id":"https:\/\/www.bbmnoticias.com\/con-saldo-blanco-concluyo-la-edicion-2025-de-la-tradicional-noche-de-rabanos\/#primaryimage","url":"https:\/\/www.bbmnoticias.com\/labravaradiofm\/wp-content\/uploads\/sites\/5\/2025\/12\/noche_rabanos_2025.jpg","contentUrl":"https:\/\/www.bbmnoticias.com\/labravaradiofm\/wp-content\/uploads\/sites\/5\/2025\/12\/noche_rabanos_2025.jpg","width":800,"height":534},{"@type":"BreadcrumbList","@id":"https:\/\/www.bbmnoticias.com\/con-saldo-blanco-concluyo-la-edicion-2025-de-la-tradicional-noche-de-rabanos\/#breadcrumb","itemListElement":[{"@type":"ListItem","position":1,"name":"Inicio","item":"https:\/\/www.bbmnoticias.com\/labravaradiofm\/"},{"@type":"ListItem","position":2,"name":"Con saldo blanco concluy\u00f3 la edici\u00f3n 2025 de la Tradicional Noche de R\u00e1banos"}]},{"@type":"WebSite","@id":"https:\/\/www.bbmnoticias.com\/labravaradiofm\/#website","url":"https:\/\/www.bbmnoticias.com\/labravaradiofm\/","name":"LA BRAVA RADIO","description":"Empresa productora de medios, Radiodifusi\u00f3n, Noticias, tendencias y todo lo que necesitas saber de la pol\u00edtica mexicana e internacional; entretenimiento, espect\u00e1culos, salud y mucho m\u00e1s.","potentialAction":[{"@type":"SearchAction","target":{"@type":"EntryPoint","urlTemplate":"https:\/\/www.bbmnoticias.com\/labravaradiofm\/?s={search_term_string}"},"query-input":{"@type":"PropertyValueSpecification","valueRequired":true,"valueName":"search_term_string"}}],"inLanguage":"es"},{"@type":"Person","@id":"https:\/\/www.bbmnoticias.com\/labravaradiofm\/#\/schema\/person\/68a9e9036ef3c5b55aeb2b71dc8bab45","name":"Staff","image":{"@type":"ImageObject","inLanguage":"es","@id":"https:\/\/secure.gravatar.com\/avatar\/fdd21ad66fd8b98c407f9dee5b5e588cfe7f0d8579ec20fa6527cd59bab7f0f0?s=96&d=mm&r=g","url":"https:\/\/secure.gravatar.com\/avatar\/fdd21ad66fd8b98c407f9dee5b5e588cfe7f0d8579ec20fa6527cd59bab7f0f0?s=96&d=mm&r=g","contentUrl":"https:\/\/secure.gravatar.com\/avatar\/fdd21ad66fd8b98c407f9dee5b5e588cfe7f0d8579ec20fa6527cd59bab7f0f0?s=96&d=mm&r=g","caption":"Staff"},"url":"https:\/\/www.bbmnoticias.com\/labravaradiofm\/author\/redaccion\/"}]}},"_links":{"self":[{"href":"https:\/\/www.bbmnoticias.com\/labravaradiofm\/wp-json\/wp\/v2\/posts\/71810","targetHints":{"allow":["GET"]}}],"collection":[{"href":"https:\/\/www.bbmnoticias.com\/labravaradiofm\/wp-json\/wp\/v2\/posts"}],"about":[{"href":"https:\/\/www.bbmnoticias.com\/labravaradiofm\/wp-json\/wp\/v2\/types\/post"}],"author":[{"embeddable":true,"href":"https:\/\/www.bbmnoticias.com\/labravaradiofm\/wp-json\/wp\/v2\/users\/2"}],"replies":[{"embeddable":true,"href":"https:\/\/www.bbmnoticias.com\/labravaradiofm\/wp-json\/wp\/v2\/comments?post=71810"}],"version-history":[{"count":0,"href":"https:\/\/www.bbmnoticias.com\/labravaradiofm\/wp-json\/wp\/v2\/posts\/71810\/revisions"}],"wp:featuredmedia":[{"embeddable":true,"href":"https:\/\/www.bbmnoticias.com\/labravaradiofm\/wp-json\/wp\/v2\/media\/71812"}],"wp:attachment":[{"href":"https:\/\/www.bbmnoticias.com\/labravaradiofm\/wp-json\/wp\/v2\/media?parent=71810"}],"wp:term":[{"taxonomy":"category","embeddable":true,"href":"https:\/\/www.bbmnoticias.com\/labravaradiofm\/wp-json\/wp\/v2\/categories?post=71810"},{"taxonomy":"post_tag","embeddable":true,"href":"https:\/\/www.bbmnoticias.com\/labravaradiofm\/wp-json\/wp\/v2\/tags?post=71810"}],"curies":[{"name":"wp","href":"https:\/\/api.w.org\/{rel}","templated":true}]}}