{"id":71783,"date":"2025-12-23T13:05:00","date_gmt":"2025-12-23T19:05:00","guid":{"rendered":"https:\/\/www.bbmnoticias.com\/labravaradiofm\/2025\/12\/23\/alista-policia-vial-estatal-dispositivo-de-seguridad-con-motivo-de-la-noche-de-rabanos-2025\/"},"modified":"2025-12-23T13:26:40","modified_gmt":"2025-12-23T19:26:40","slug":"alista-policia-vial-estatal-dispositivo-de-seguridad-con-motivo-de-la-noche-de-rabanos-2025","status":"publish","type":"post","link":"https:\/\/www.bbmnoticias.com\/labravaradiofm\/2025\/12\/23\/alista-policia-vial-estatal-dispositivo-de-seguridad-con-motivo-de-la-noche-de-rabanos-2025\/","title":{"rendered":"Alista Polic\u00eda Vial Estatal dispositivo de seguridad con motivo de la Noche de R\u00e1banos 2025"},"content":{"rendered":"<div style=\"margin-top: 0px; margin-bottom: 0px;\" class=\"sharethis-inline-share-buttons\" ><\/div>\n<p>Oaxaca de Ju\u00e1rez, Oax.- Con motivo de la edici\u00f3n 128 de la Noche de R\u00e1banos 2025 que tendr\u00e1 lugar este martes en el z\u00f3calo capitalino, la Polic\u00eda Vial Estatal implementar\u00e1 un dispositivo de seguridad para garantizar una movilidad ordenada.<\/p>\n\n\n\n<p>En este despliegue operativo participan 80 elementos, apoyados por cinco patrullas, 15 motopatrullas y ocho bicipatrullas, quienes realizar\u00e1n labores de control del tr\u00e1nsito y de proximidad social con la ciudadan\u00eda en calles del primer cuadro de la ciudad.<\/p>\n\n\n\n<p>La corporaci\u00f3n integrante de la Secretar\u00eda de Seguridad y Protecci\u00f3n Ciudadana (SSPC) realizar\u00e1 cierres a la vialidad a partir de las 15:00 horas en la primera calle de Garc\u00eda Vigil, primera de Valerio Trujano y primera de Armenta y L\u00f3pez; la segunda de Carlos Mar\u00eda Bustamante, la segunda de Col\u00f3n, sexta de avenida Independencia y sexta y novena de Miguel Hidalgo.<\/p>\n\n\n\n<p>Habr\u00e1 circulaci\u00f3n normal en las calles 20 de Noviembre, Jos\u00e9 Mar\u00eda Morelos, Manuel Fern\u00e1ndez Fiallo, Ray\u00f3n y Aldama.<\/p>\n\n\n\n<p>Finalmente, la Polic\u00eda Vial Estatal exhorta a la ciudadan\u00eda a tomar previsiones, utilizar v\u00edas alternas, atender las indicaciones del personal operativo y conducir con responsabilidad, a fin de disfrutar de esta festividad en un ambiente de orden.<\/p>\n","protected":false},"excerpt":{"rendered":"<p>Oaxaca de Ju\u00e1rez, Oax.- Con motivo de la edici\u00f3n 128 de la Noche de R\u00e1banos 2025 que tendr\u00e1 lugar este martes en el z\u00f3calo capitalino, la Polic\u00eda Vial Estatal implementar\u00e1 un dispositivo de seguridad para garantizar una movilidad ordenada. En este despliegue operativo participan 80 elementos, apoyados por cinco patrullas, 15 motopatrullas y ocho bicipatrullas, [&hellip;]<\/p>\n","protected":false},"author":2,"featured_media":71785,"comment_status":"closed","ping_status":"","sticky":false,"template":"","format":"standard","meta":{"footnotes":""},"categories":[2],"tags":[],"class_list":{"0":"post-71783","1":"post","2":"type-post","3":"status-publish","4":"format-standard","5":"has-post-thumbnail","7":"category-oaxaca"},"yoast_head":"<!-- This site is optimized with the Yoast SEO plugin v27.4 - https:\/\/yoast.com\/product\/yoast-seo-wordpress\/ -->\n<title>Alista Polic\u00eda Vial Estatal dispositivo de seguridad con motivo de la Noche de R\u00e1banos 2025 - LA BRAVA RADIO<\/title>\n<meta name=\"robots\" content=\"index, follow, max-snippet:-1, max-image-preview:large, max-video-preview:-1\" \/>\n<link rel=\"canonical\" href=\"https:\/\/www.bbmnoticias.com\/alista-policia-vial-estatal-dispositivo-de-seguridad-con-motivo-de-la-noche-de-rabanos-2025\/\" \/>\n<meta property=\"og:locale\" content=\"es_MX\" \/>\n<meta property=\"og:type\" content=\"article\" \/>\n<meta property=\"og:title\" content=\"Alista Polic\u00eda Vial Estatal dispositivo de seguridad con motivo de la Noche de R\u00e1banos 2025 - LA BRAVA RADIO\" \/>\n<meta property=\"og:description\" content=\"Oaxaca de Ju\u00e1rez, Oax.- Con motivo de la edici\u00f3n 128 de la Noche de R\u00e1banos 2025 que tendr\u00e1 lugar este martes en el z\u00f3calo capitalino, la Polic\u00eda Vial Estatal implementar\u00e1 un dispositivo de seguridad para garantizar una movilidad ordenada. En este despliegue operativo participan 80 elementos, apoyados por cinco patrullas, 15 motopatrullas y ocho bicipatrullas, [&hellip;]\" \/>\n<meta property=\"og:url\" content=\"https:\/\/www.bbmnoticias.com\/alista-policia-vial-estatal-dispositivo-de-seguridad-con-motivo-de-la-noche-de-rabanos-2025\/\" \/>\n<meta property=\"og:site_name\" content=\"LA BRAVA RADIO\" \/>\n<meta property=\"article:published_time\" content=\"2025-12-23T19:05:00+00:00\" \/>\n<meta property=\"article:modified_time\" content=\"2025-12-23T19:26:40+00:00\" \/>\n<meta property=\"og:image\" content=\"https:\/\/www.bbmnoticias.com\/labravaradiofm\/wp-content\/uploads\/sites\/5\/2025\/12\/noche_rabanos-3.jpg\" \/>\n\t<meta property=\"og:image:width\" content=\"800\" \/>\n\t<meta property=\"og:image:height\" content=\"800\" \/>\n\t<meta property=\"og:image:type\" content=\"image\/jpeg\" \/>\n<meta name=\"author\" content=\"Staff\" \/>\n<meta name=\"twitter:card\" content=\"summary_large_image\" \/>\n<meta name=\"twitter:label1\" content=\"Escrito por\" \/>\n\t<meta name=\"twitter:data1\" content=\"Staff\" \/>\n\t<meta name=\"twitter:label2\" content=\"Tiempo de lectura\" \/>\n\t<meta name=\"twitter:data2\" content=\"1 minuto\" \/>\n<script type=\"application\/ld+json\" class=\"yoast-schema-graph\">{\"@context\":\"https:\\\/\\\/schema.org\",\"@graph\":[{\"@type\":\"Article\",\"@id\":\"https:\\\/\\\/www.bbmnoticias.com\\\/alista-policia-vial-estatal-dispositivo-de-seguridad-con-motivo-de-la-noche-de-rabanos-2025\\\/#article\",\"isPartOf\":{\"@id\":\"https:\\\/\\\/www.bbmnoticias.com\\\/labravaradiofm\\\/2025\\\/12\\\/23\\\/alista-policia-vial-estatal-dispositivo-de-seguridad-con-motivo-de-la-noche-de-rabanos-2025\\\/\"},\"author\":{\"name\":\"Staff\",\"@id\":\"https:\\\/\\\/www.bbmnoticias.com\\\/labravaradiofm\\\/#\\\/schema\\\/person\\\/34b139c617a70ea5bef5678bffe4dd7b\"},\"headline\":\"Alista Polic\u00eda Vial Estatal dispositivo de seguridad con motivo de la Noche de R\u00e1banos 2025\",\"datePublished\":\"2025-12-23T19:05:00+00:00\",\"dateModified\":\"2025-12-23T19:26:40+00:00\",\"mainEntityOfPage\":{\"@id\":\"https:\\\/\\\/www.bbmnoticias.com\\\/labravaradiofm\\\/2025\\\/12\\\/23\\\/alista-policia-vial-estatal-dispositivo-de-seguridad-con-motivo-de-la-noche-de-rabanos-2025\\\/\"},\"wordCount\":226,\"image\":{\"@id\":\"https:\\\/\\\/www.bbmnoticias.com\\\/alista-policia-vial-estatal-dispositivo-de-seguridad-con-motivo-de-la-noche-de-rabanos-2025\\\/#primaryimage\"},\"thumbnailUrl\":\"https:\\\/\\\/www.bbmnoticias.com\\\/labravaradiofm\\\/wp-content\\\/uploads\\\/sites\\\/5\\\/2025\\\/12\\\/noche_rabanos-3.jpg\",\"articleSection\":[\"LOCAL\"],\"inLanguage\":\"es\"},{\"@type\":\"WebPage\",\"@id\":\"https:\\\/\\\/www.bbmnoticias.com\\\/labravaradiofm\\\/2025\\\/12\\\/23\\\/alista-policia-vial-estatal-dispositivo-de-seguridad-con-motivo-de-la-noche-de-rabanos-2025\\\/\",\"url\":\"https:\\\/\\\/www.bbmnoticias.com\\\/alista-policia-vial-estatal-dispositivo-de-seguridad-con-motivo-de-la-noche-de-rabanos-2025\\\/\",\"name\":\"Alista Polic\u00eda Vial Estatal dispositivo de seguridad con motivo de la Noche de R\u00e1banos 2025 - LA BRAVA RADIO\",\"isPartOf\":{\"@id\":\"https:\\\/\\\/www.bbmnoticias.com\\\/labravaradiofm\\\/#website\"},\"primaryImageOfPage\":{\"@id\":\"https:\\\/\\\/www.bbmnoticias.com\\\/alista-policia-vial-estatal-dispositivo-de-seguridad-con-motivo-de-la-noche-de-rabanos-2025\\\/#primaryimage\"},\"image\":{\"@id\":\"https:\\\/\\\/www.bbmnoticias.com\\\/alista-policia-vial-estatal-dispositivo-de-seguridad-con-motivo-de-la-noche-de-rabanos-2025\\\/#primaryimage\"},\"thumbnailUrl\":\"https:\\\/\\\/www.bbmnoticias.com\\\/labravaradiofm\\\/wp-content\\\/uploads\\\/sites\\\/5\\\/2025\\\/12\\\/noche_rabanos-3.jpg\",\"datePublished\":\"2025-12-23T19:05:00+00:00\",\"dateModified\":\"2025-12-23T19:26:40+00:00\",\"author\":{\"@id\":\"https:\\\/\\\/www.bbmnoticias.com\\\/labravaradiofm\\\/#\\\/schema\\\/person\\\/34b139c617a70ea5bef5678bffe4dd7b\"},\"breadcrumb\":{\"@id\":\"https:\\\/\\\/www.bbmnoticias.com\\\/alista-policia-vial-estatal-dispositivo-de-seguridad-con-motivo-de-la-noche-de-rabanos-2025\\\/#breadcrumb\"},\"inLanguage\":\"es\",\"potentialAction\":[{\"@type\":\"ReadAction\",\"target\":[\"https:\\\/\\\/www.bbmnoticias.com\\\/alista-policia-vial-estatal-dispositivo-de-seguridad-con-motivo-de-la-noche-de-rabanos-2025\\\/\"]}]},{\"@type\":\"ImageObject\",\"inLanguage\":\"es\",\"@id\":\"https:\\\/\\\/www.bbmnoticias.com\\\/alista-policia-vial-estatal-dispositivo-de-seguridad-con-motivo-de-la-noche-de-rabanos-2025\\\/#primaryimage\",\"url\":\"https:\\\/\\\/www.bbmnoticias.com\\\/labravaradiofm\\\/wp-content\\\/uploads\\\/sites\\\/5\\\/2025\\\/12\\\/noche_rabanos-3.jpg\",\"contentUrl\":\"https:\\\/\\\/www.bbmnoticias.com\\\/labravaradiofm\\\/wp-content\\\/uploads\\\/sites\\\/5\\\/2025\\\/12\\\/noche_rabanos-3.jpg\",\"width\":800,\"height\":800},{\"@type\":\"BreadcrumbList\",\"@id\":\"https:\\\/\\\/www.bbmnoticias.com\\\/alista-policia-vial-estatal-dispositivo-de-seguridad-con-motivo-de-la-noche-de-rabanos-2025\\\/#breadcrumb\",\"itemListElement\":[{\"@type\":\"ListItem\",\"position\":1,\"name\":\"Inicio\",\"item\":\"https:\\\/\\\/www.bbmnoticias.com\\\/labravaradiofm\\\/\"},{\"@type\":\"ListItem\",\"position\":2,\"name\":\"Alista Polic\u00eda Vial Estatal dispositivo de seguridad con motivo de la Noche de R\u00e1banos 2025\"}]},{\"@type\":\"WebSite\",\"@id\":\"https:\\\/\\\/www.bbmnoticias.com\\\/labravaradiofm\\\/#website\",\"url\":\"https:\\\/\\\/www.bbmnoticias.com\\\/labravaradiofm\\\/\",\"name\":\"LA BRAVA RADIO\",\"description\":\"Empresa productora de medios, Radiodifusi\u00f3n, Noticias, tendencias y todo lo que necesitas saber de la pol\u00edtica mexicana e internacional; entretenimiento, espect\u00e1culos, salud y mucho m\u00e1s.\",\"potentialAction\":[{\"@type\":\"SearchAction\",\"target\":{\"@type\":\"EntryPoint\",\"urlTemplate\":\"https:\\\/\\\/www.bbmnoticias.com\\\/labravaradiofm\\\/?s={search_term_string}\"},\"query-input\":{\"@type\":\"PropertyValueSpecification\",\"valueRequired\":true,\"valueName\":\"search_term_string\"}}],\"inLanguage\":\"es\"},{\"@type\":\"Person\",\"@id\":\"https:\\\/\\\/www.bbmnoticias.com\\\/labravaradiofm\\\/#\\\/schema\\\/person\\\/34b139c617a70ea5bef5678bffe4dd7b\",\"name\":\"Staff\",\"image\":{\"@type\":\"ImageObject\",\"inLanguage\":\"es\",\"@id\":\"https:\\\/\\\/secure.gravatar.com\\\/avatar\\\/fdd21ad66fd8b98c407f9dee5b5e588cfe7f0d8579ec20fa6527cd59bab7f0f0?s=96&d=mm&r=g\",\"url\":\"https:\\\/\\\/secure.gravatar.com\\\/avatar\\\/fdd21ad66fd8b98c407f9dee5b5e588cfe7f0d8579ec20fa6527cd59bab7f0f0?s=96&d=mm&r=g\",\"contentUrl\":\"https:\\\/\\\/secure.gravatar.com\\\/avatar\\\/fdd21ad66fd8b98c407f9dee5b5e588cfe7f0d8579ec20fa6527cd59bab7f0f0?s=96&d=mm&r=g\",\"caption\":\"Staff\"},\"url\":\"https:\\\/\\\/www.bbmnoticias.com\\\/labravaradiofm\\\/author\\\/redaccion\\\/\"}]}<\/script>\n<!-- \/ Yoast SEO plugin. -->","yoast_head_json":{"title":"Alista Polic\u00eda Vial Estatal dispositivo de seguridad con motivo de la Noche de R\u00e1banos 2025 - LA BRAVA RADIO","robots":{"index":"index","follow":"follow","max-snippet":"max-snippet:-1","max-image-preview":"max-image-preview:large","max-video-preview":"max-video-preview:-1"},"canonical":"https:\/\/www.bbmnoticias.com\/alista-policia-vial-estatal-dispositivo-de-seguridad-con-motivo-de-la-noche-de-rabanos-2025\/","og_locale":"es_MX","og_type":"article","og_title":"Alista Polic\u00eda Vial Estatal dispositivo de seguridad con motivo de la Noche de R\u00e1banos 2025 - LA BRAVA RADIO","og_description":"Oaxaca de Ju\u00e1rez, Oax.- Con motivo de la edici\u00f3n 128 de la Noche de R\u00e1banos 2025 que tendr\u00e1 lugar este martes en el z\u00f3calo capitalino, la Polic\u00eda Vial Estatal implementar\u00e1 un dispositivo de seguridad para garantizar una movilidad ordenada. En este despliegue operativo participan 80 elementos, apoyados por cinco patrullas, 15 motopatrullas y ocho bicipatrullas, [&hellip;]","og_url":"https:\/\/www.bbmnoticias.com\/alista-policia-vial-estatal-dispositivo-de-seguridad-con-motivo-de-la-noche-de-rabanos-2025\/","og_site_name":"LA BRAVA RADIO","article_published_time":"2025-12-23T19:05:00+00:00","article_modified_time":"2025-12-23T19:26:40+00:00","og_image":[{"width":800,"height":800,"url":"https:\/\/www.bbmnoticias.com\/labravaradiofm\/wp-content\/uploads\/sites\/5\/2025\/12\/noche_rabanos-3.jpg","type":"image\/jpeg"}],"author":"Staff","twitter_card":"summary_large_image","twitter_misc":{"Escrito por":"Staff","Tiempo de lectura":"1 minuto"},"schema":{"@context":"https:\/\/schema.org","@graph":[{"@type":"Article","@id":"https:\/\/www.bbmnoticias.com\/alista-policia-vial-estatal-dispositivo-de-seguridad-con-motivo-de-la-noche-de-rabanos-2025\/#article","isPartOf":{"@id":"https:\/\/www.bbmnoticias.com\/labravaradiofm\/2025\/12\/23\/alista-policia-vial-estatal-dispositivo-de-seguridad-con-motivo-de-la-noche-de-rabanos-2025\/"},"author":{"name":"Staff","@id":"https:\/\/www.bbmnoticias.com\/labravaradiofm\/#\/schema\/person\/34b139c617a70ea5bef5678bffe4dd7b"},"headline":"Alista Polic\u00eda Vial Estatal dispositivo de seguridad con motivo de la Noche de R\u00e1banos 2025","datePublished":"2025-12-23T19:05:00+00:00","dateModified":"2025-12-23T19:26:40+00:00","mainEntityOfPage":{"@id":"https:\/\/www.bbmnoticias.com\/labravaradiofm\/2025\/12\/23\/alista-policia-vial-estatal-dispositivo-de-seguridad-con-motivo-de-la-noche-de-rabanos-2025\/"},"wordCount":226,"image":{"@id":"https:\/\/www.bbmnoticias.com\/alista-policia-vial-estatal-dispositivo-de-seguridad-con-motivo-de-la-noche-de-rabanos-2025\/#primaryimage"},"thumbnailUrl":"https:\/\/www.bbmnoticias.com\/labravaradiofm\/wp-content\/uploads\/sites\/5\/2025\/12\/noche_rabanos-3.jpg","articleSection":["LOCAL"],"inLanguage":"es"},{"@type":"WebPage","@id":"https:\/\/www.bbmnoticias.com\/labravaradiofm\/2025\/12\/23\/alista-policia-vial-estatal-dispositivo-de-seguridad-con-motivo-de-la-noche-de-rabanos-2025\/","url":"https:\/\/www.bbmnoticias.com\/alista-policia-vial-estatal-dispositivo-de-seguridad-con-motivo-de-la-noche-de-rabanos-2025\/","name":"Alista Polic\u00eda Vial Estatal dispositivo de seguridad con motivo de la Noche de R\u00e1banos 2025 - LA BRAVA RADIO","isPartOf":{"@id":"https:\/\/www.bbmnoticias.com\/labravaradiofm\/#website"},"primaryImageOfPage":{"@id":"https:\/\/www.bbmnoticias.com\/alista-policia-vial-estatal-dispositivo-de-seguridad-con-motivo-de-la-noche-de-rabanos-2025\/#primaryimage"},"image":{"@id":"https:\/\/www.bbmnoticias.com\/alista-policia-vial-estatal-dispositivo-de-seguridad-con-motivo-de-la-noche-de-rabanos-2025\/#primaryimage"},"thumbnailUrl":"https:\/\/www.bbmnoticias.com\/labravaradiofm\/wp-content\/uploads\/sites\/5\/2025\/12\/noche_rabanos-3.jpg","datePublished":"2025-12-23T19:05:00+00:00","dateModified":"2025-12-23T19:26:40+00:00","author":{"@id":"https:\/\/www.bbmnoticias.com\/labravaradiofm\/#\/schema\/person\/34b139c617a70ea5bef5678bffe4dd7b"},"breadcrumb":{"@id":"https:\/\/www.bbmnoticias.com\/alista-policia-vial-estatal-dispositivo-de-seguridad-con-motivo-de-la-noche-de-rabanos-2025\/#breadcrumb"},"inLanguage":"es","potentialAction":[{"@type":"ReadAction","target":["https:\/\/www.bbmnoticias.com\/alista-policia-vial-estatal-dispositivo-de-seguridad-con-motivo-de-la-noche-de-rabanos-2025\/"]}]},{"@type":"ImageObject","inLanguage":"es","@id":"https:\/\/www.bbmnoticias.com\/alista-policia-vial-estatal-dispositivo-de-seguridad-con-motivo-de-la-noche-de-rabanos-2025\/#primaryimage","url":"https:\/\/www.bbmnoticias.com\/labravaradiofm\/wp-content\/uploads\/sites\/5\/2025\/12\/noche_rabanos-3.jpg","contentUrl":"https:\/\/www.bbmnoticias.com\/labravaradiofm\/wp-content\/uploads\/sites\/5\/2025\/12\/noche_rabanos-3.jpg","width":800,"height":800},{"@type":"BreadcrumbList","@id":"https:\/\/www.bbmnoticias.com\/alista-policia-vial-estatal-dispositivo-de-seguridad-con-motivo-de-la-noche-de-rabanos-2025\/#breadcrumb","itemListElement":[{"@type":"ListItem","position":1,"name":"Inicio","item":"https:\/\/www.bbmnoticias.com\/labravaradiofm\/"},{"@type":"ListItem","position":2,"name":"Alista Polic\u00eda Vial Estatal dispositivo de seguridad con motivo de la Noche de R\u00e1banos 2025"}]},{"@type":"WebSite","@id":"https:\/\/www.bbmnoticias.com\/labravaradiofm\/#website","url":"https:\/\/www.bbmnoticias.com\/labravaradiofm\/","name":"LA BRAVA RADIO","description":"Empresa productora de medios, Radiodifusi\u00f3n, Noticias, tendencias y todo lo que necesitas saber de la pol\u00edtica mexicana e internacional; entretenimiento, espect\u00e1culos, salud y mucho m\u00e1s.","potentialAction":[{"@type":"SearchAction","target":{"@type":"EntryPoint","urlTemplate":"https:\/\/www.bbmnoticias.com\/labravaradiofm\/?s={search_term_string}"},"query-input":{"@type":"PropertyValueSpecification","valueRequired":true,"valueName":"search_term_string"}}],"inLanguage":"es"},{"@type":"Person","@id":"https:\/\/www.bbmnoticias.com\/labravaradiofm\/#\/schema\/person\/34b139c617a70ea5bef5678bffe4dd7b","name":"Staff","image":{"@type":"ImageObject","inLanguage":"es","@id":"https:\/\/secure.gravatar.com\/avatar\/fdd21ad66fd8b98c407f9dee5b5e588cfe7f0d8579ec20fa6527cd59bab7f0f0?s=96&d=mm&r=g","url":"https:\/\/secure.gravatar.com\/avatar\/fdd21ad66fd8b98c407f9dee5b5e588cfe7f0d8579ec20fa6527cd59bab7f0f0?s=96&d=mm&r=g","contentUrl":"https:\/\/secure.gravatar.com\/avatar\/fdd21ad66fd8b98c407f9dee5b5e588cfe7f0d8579ec20fa6527cd59bab7f0f0?s=96&d=mm&r=g","caption":"Staff"},"url":"https:\/\/www.bbmnoticias.com\/labravaradiofm\/author\/redaccion\/"}]}},"_links":{"self":[{"href":"https:\/\/www.bbmnoticias.com\/labravaradiofm\/wp-json\/wp\/v2\/posts\/71783","targetHints":{"allow":["GET"]}}],"collection":[{"href":"https:\/\/www.bbmnoticias.com\/labravaradiofm\/wp-json\/wp\/v2\/posts"}],"about":[{"href":"https:\/\/www.bbmnoticias.com\/labravaradiofm\/wp-json\/wp\/v2\/types\/post"}],"author":[{"embeddable":true,"href":"https:\/\/www.bbmnoticias.com\/labravaradiofm\/wp-json\/wp\/v2\/users\/2"}],"replies":[{"embeddable":true,"href":"https:\/\/www.bbmnoticias.com\/labravaradiofm\/wp-json\/wp\/v2\/comments?post=71783"}],"version-history":[{"count":0,"href":"https:\/\/www.bbmnoticias.com\/labravaradiofm\/wp-json\/wp\/v2\/posts\/71783\/revisions"}],"wp:featuredmedia":[{"embeddable":true,"href":"https:\/\/www.bbmnoticias.com\/labravaradiofm\/wp-json\/wp\/v2\/media\/71785"}],"wp:attachment":[{"href":"https:\/\/www.bbmnoticias.com\/labravaradiofm\/wp-json\/wp\/v2\/media?parent=71783"}],"wp:term":[{"taxonomy":"category","embeddable":true,"href":"https:\/\/www.bbmnoticias.com\/labravaradiofm\/wp-json\/wp\/v2\/categories?post=71783"},{"taxonomy":"post_tag","embeddable":true,"href":"https:\/\/www.bbmnoticias.com\/labravaradiofm\/wp-json\/wp\/v2\/tags?post=71783"}],"curies":[{"name":"wp","href":"https:\/\/api.w.org\/{rel}","templated":true}]}}