{"id":71777,"date":"2025-12-23T13:17:06","date_gmt":"2025-12-23T19:17:06","guid":{"rendered":"https:\/\/www.bbmnoticias.com\/labravaradiofm\/2025\/12\/23\/abre-brecha-oaxaca-en-el-pais-con-la-emision-de-la-convocatoria-para-la-revocacion-de-mandato-del-titular-de-la-gubernatura-salomon-jara\/"},"modified":"2025-12-23T13:17:11","modified_gmt":"2025-12-23T19:17:11","slug":"abre-brecha-oaxaca-en-el-pais-con-la-emision-de-la-convocatoria-para-la-revocacion-de-mandato-del-titular-de-la-gubernatura-salomon-jara","status":"publish","type":"post","link":"https:\/\/www.bbmnoticias.com\/labravaradiofm\/2025\/12\/23\/abre-brecha-oaxaca-en-el-pais-con-la-emision-de-la-convocatoria-para-la-revocacion-de-mandato-del-titular-de-la-gubernatura-salomon-jara\/","title":{"rendered":"Abre brecha Oaxaca en el pa\u00eds con la emisi\u00f3n de la convocatoria para la revocaci\u00f3n de mandato del titular de la Gubernatura: Salom\u00f3n Jara"},"content":{"rendered":"<div style=\"margin-top: 0px; margin-bottom: 0px;\" class=\"sharethis-inline-share-buttons\" ><\/div>\n<p>Oaxaca de Ju\u00e1rez, Oax.- Las y los oaxaque\u00f1os abren brecha en el pa\u00eds, tras la emisi\u00f3n de la convocatoria para el proceso de revocaci\u00f3n de mandato de la persona titular de la Gubernatura del Estado, por parte de la autoridad electoral local; lo que fortalece los mecanismos de decisi\u00f3n del pueblo, afirm\u00f3 el Gobernador Salom\u00f3n Jara Cruz.<\/p>\n\n\n\n<p>En su conferencia de prensa semanal, destac\u00f3 que, conforme al acuerdo aprobado la noche del lunes por el Consejo General del Instituto Estatal Electoral y de Participaci\u00f3n Ciudadana de Oaxaca (IEEPCO), el pr\u00f3ximo 25 de enero de 2026 se efectuar\u00e1 la jornada de votaci\u00f3n.<\/p>\n\n\n\n<p>\u201cLa pregunta es: \u00bfEst\u00e1s de acuerdo que a su servidor se le revoque el mandato por p\u00e9rdida de confianza o que siga en la Gubernatura hasta que termine su periodo?, ah\u00ed tienen dos opciones, yo los invito a que participen\u201d, expuso, el mandatario oaxaque\u00f1o.<\/p>\n\n\n\n<p>Jara Cruz explic\u00f3 que el instituto electoral local tiene prevista la instalaci\u00f3n de mesas receptoras de los votos, que tendr\u00e1n una funci\u00f3n similar a las casillas que se despliegan en todo el territorio estatal en las elecciones constitucionales ordinarias y extraordinarias.<\/p>\n\n\n\n<p>Se\u00f1al\u00f3 que este ejercicio, propuesto por \u00e9l al asumir el cargo en diciembre de 2022, no tiene precedente en el pa\u00eds en el \u00e1mbito estatal, al cual est\u00e1n convocados todas y todos los ciudadanos mayores de 18 a\u00f1os, de todos los sectores sociales, en las ocho regiones de la entidad.<\/p>\n\n\n\n<p>Por su parte, el titular de la Consejer\u00eda Jur\u00eddica y Asistencia Legal del Gobierno de Oaxaca, Geovany V\u00e1squez Sagrero aclar\u00f3 que este ejercicio es totalmente ciudadano e inform\u00f3 que el IEEPCO mediante diferentes acuerdos de su Consejo General tambi\u00e9n aprob\u00f3 el calendario para la organizaci\u00f3n, desarrollo y vigilancia de este proceso de revocaci\u00f3n de mandato.<\/p>\n\n\n\n<p>Tambi\u00e9n, los lineamientos para la implementaci\u00f3n de la observaci\u00f3n ciudadana y para el desarrollo de las sesiones de c\u00f3mputos distritales, as\u00ed como, el dise\u00f1o y la impresi\u00f3n de la papeleta, actas y documentaci\u00f3n electoral.<\/p>\n\n\n\n<p>\u201cEstaremos atentos como Consejer\u00eda Jur\u00eddica para la publicaci\u00f3n que nos mandata este \u00f3rgano aut\u00f3nomo en el Peri\u00f3dico Oficial para efecto de que empiece a surtir los efectos jur\u00eddicos correspondientes de esa convocatoria, estamos atentos a recibirla hoy\u201d, expres\u00f3, el funcionario.<\/p>\n\n\n\n<p>La organizaci\u00f3n de esta consulta ciudadana, in\u00e9dita en el estado, avanza por parte de la autoridad electoral, quien ya instal\u00f3 los Consejos Distritales, adem\u00e1s, defini\u00f3 la realizaci\u00f3n de, por lo menos, dos foros para analizar este mecanismo de participaci\u00f3n ciudadana.<\/p>\n","protected":false},"excerpt":{"rendered":"<p>Oaxaca de Ju\u00e1rez, Oax.- Las y los oaxaque\u00f1os abren brecha en el pa\u00eds, tras la emisi\u00f3n de la convocatoria para el proceso de revocaci\u00f3n de mandato de la persona titular de la Gubernatura del Estado, por parte de la autoridad electoral local; lo que fortalece los mecanismos de decisi\u00f3n del pueblo, afirm\u00f3 el Gobernador Salom\u00f3n [&hellip;]<\/p>\n","protected":false},"author":2,"featured_media":71779,"comment_status":"closed","ping_status":"","sticky":false,"template":"","format":"standard","meta":{"footnotes":""},"categories":[2],"tags":[],"class_list":{"0":"post-71777","1":"post","2":"type-post","3":"status-publish","4":"format-standard","5":"has-post-thumbnail","7":"category-oaxaca"},"yoast_head":"<!-- This site is optimized with the Yoast SEO plugin v27.4 - https:\/\/yoast.com\/product\/yoast-seo-wordpress\/ -->\n<title>Abre brecha Oaxaca en el pa\u00eds con la emisi\u00f3n de la convocatoria para la revocaci\u00f3n de mandato del titular de la Gubernatura: Salom\u00f3n Jara - LA BRAVA RADIO<\/title>\n<meta name=\"robots\" content=\"index, follow, max-snippet:-1, max-image-preview:large, max-video-preview:-1\" \/>\n<link rel=\"canonical\" href=\"https:\/\/www.bbmnoticias.com\/abre-brecha-oaxaca-en-el-pais-con-la-emision-de-la-convocatoria-para-la-revocacion-de-mandato-del-titular-de-la-gubernatura-salomon-jara\/\" \/>\n<meta property=\"og:locale\" content=\"es_MX\" \/>\n<meta property=\"og:type\" content=\"article\" \/>\n<meta property=\"og:title\" content=\"Abre brecha Oaxaca en el pa\u00eds con la emisi\u00f3n de la convocatoria para la revocaci\u00f3n de mandato del titular de la Gubernatura: Salom\u00f3n Jara - LA BRAVA RADIO\" \/>\n<meta property=\"og:description\" content=\"Oaxaca de Ju\u00e1rez, Oax.- Las y los oaxaque\u00f1os abren brecha en el pa\u00eds, tras la emisi\u00f3n de la convocatoria para el proceso de revocaci\u00f3n de mandato de la persona titular de la Gubernatura del Estado, por parte de la autoridad electoral local; lo que fortalece los mecanismos de decisi\u00f3n del pueblo, afirm\u00f3 el Gobernador Salom\u00f3n [&hellip;]\" \/>\n<meta property=\"og:url\" content=\"https:\/\/www.bbmnoticias.com\/abre-brecha-oaxaca-en-el-pais-con-la-emision-de-la-convocatoria-para-la-revocacion-de-mandato-del-titular-de-la-gubernatura-salomon-jara\/\" \/>\n<meta property=\"og:site_name\" content=\"LA BRAVA RADIO\" \/>\n<meta property=\"article:published_time\" content=\"2025-12-23T19:17:06+00:00\" \/>\n<meta property=\"article:modified_time\" content=\"2025-12-23T19:17:11+00:00\" \/>\n<meta property=\"og:image\" content=\"https:\/\/www.bbmnoticias.com\/labravaradiofm\/wp-content\/uploads\/sites\/5\/2025\/12\/65464lo.jpg\" \/>\n\t<meta property=\"og:image:width\" content=\"1130\" \/>\n\t<meta property=\"og:image:height\" content=\"704\" \/>\n\t<meta property=\"og:image:type\" content=\"image\/jpeg\" \/>\n<meta name=\"author\" content=\"Staff\" \/>\n<meta name=\"twitter:card\" content=\"summary_large_image\" \/>\n<meta name=\"twitter:label1\" content=\"Escrito por\" \/>\n\t<meta name=\"twitter:data1\" content=\"Staff\" \/>\n\t<meta name=\"twitter:label2\" content=\"Tiempo de lectura\" \/>\n\t<meta name=\"twitter:data2\" content=\"2 minutos\" \/>\n<script type=\"application\/ld+json\" class=\"yoast-schema-graph\">{\"@context\":\"https:\\\/\\\/schema.org\",\"@graph\":[{\"@type\":\"Article\",\"@id\":\"https:\\\/\\\/www.bbmnoticias.com\\\/abre-brecha-oaxaca-en-el-pais-con-la-emision-de-la-convocatoria-para-la-revocacion-de-mandato-del-titular-de-la-gubernatura-salomon-jara\\\/#article\",\"isPartOf\":{\"@id\":\"https:\\\/\\\/www.bbmnoticias.com\\\/labravaradiofm\\\/2025\\\/12\\\/23\\\/abre-brecha-oaxaca-en-el-pais-con-la-emision-de-la-convocatoria-para-la-revocacion-de-mandato-del-titular-de-la-gubernatura-salomon-jara\\\/\"},\"author\":{\"name\":\"Staff\",\"@id\":\"https:\\\/\\\/www.bbmnoticias.com\\\/labravaradiofm\\\/#\\\/schema\\\/person\\\/34b139c617a70ea5bef5678bffe4dd7b\"},\"headline\":\"Abre brecha Oaxaca en el pa\u00eds con la emisi\u00f3n de la convocatoria para la revocaci\u00f3n de mandato del titular de la Gubernatura: Salom\u00f3n Jara\",\"datePublished\":\"2025-12-23T19:17:06+00:00\",\"dateModified\":\"2025-12-23T19:17:11+00:00\",\"mainEntityOfPage\":{\"@id\":\"https:\\\/\\\/www.bbmnoticias.com\\\/labravaradiofm\\\/2025\\\/12\\\/23\\\/abre-brecha-oaxaca-en-el-pais-con-la-emision-de-la-convocatoria-para-la-revocacion-de-mandato-del-titular-de-la-gubernatura-salomon-jara\\\/\"},\"wordCount\":474,\"image\":{\"@id\":\"https:\\\/\\\/www.bbmnoticias.com\\\/abre-brecha-oaxaca-en-el-pais-con-la-emision-de-la-convocatoria-para-la-revocacion-de-mandato-del-titular-de-la-gubernatura-salomon-jara\\\/#primaryimage\"},\"thumbnailUrl\":\"https:\\\/\\\/www.bbmnoticias.com\\\/labravaradiofm\\\/wp-content\\\/uploads\\\/sites\\\/5\\\/2025\\\/12\\\/65464lo.jpg\",\"articleSection\":[\"LOCAL\"],\"inLanguage\":\"es\"},{\"@type\":\"WebPage\",\"@id\":\"https:\\\/\\\/www.bbmnoticias.com\\\/labravaradiofm\\\/2025\\\/12\\\/23\\\/abre-brecha-oaxaca-en-el-pais-con-la-emision-de-la-convocatoria-para-la-revocacion-de-mandato-del-titular-de-la-gubernatura-salomon-jara\\\/\",\"url\":\"https:\\\/\\\/www.bbmnoticias.com\\\/abre-brecha-oaxaca-en-el-pais-con-la-emision-de-la-convocatoria-para-la-revocacion-de-mandato-del-titular-de-la-gubernatura-salomon-jara\\\/\",\"name\":\"Abre brecha Oaxaca en el pa\u00eds con la emisi\u00f3n de la convocatoria para la revocaci\u00f3n de mandato del titular de la Gubernatura: Salom\u00f3n Jara - LA BRAVA RADIO\",\"isPartOf\":{\"@id\":\"https:\\\/\\\/www.bbmnoticias.com\\\/labravaradiofm\\\/#website\"},\"primaryImageOfPage\":{\"@id\":\"https:\\\/\\\/www.bbmnoticias.com\\\/abre-brecha-oaxaca-en-el-pais-con-la-emision-de-la-convocatoria-para-la-revocacion-de-mandato-del-titular-de-la-gubernatura-salomon-jara\\\/#primaryimage\"},\"image\":{\"@id\":\"https:\\\/\\\/www.bbmnoticias.com\\\/abre-brecha-oaxaca-en-el-pais-con-la-emision-de-la-convocatoria-para-la-revocacion-de-mandato-del-titular-de-la-gubernatura-salomon-jara\\\/#primaryimage\"},\"thumbnailUrl\":\"https:\\\/\\\/www.bbmnoticias.com\\\/labravaradiofm\\\/wp-content\\\/uploads\\\/sites\\\/5\\\/2025\\\/12\\\/65464lo.jpg\",\"datePublished\":\"2025-12-23T19:17:06+00:00\",\"dateModified\":\"2025-12-23T19:17:11+00:00\",\"author\":{\"@id\":\"https:\\\/\\\/www.bbmnoticias.com\\\/labravaradiofm\\\/#\\\/schema\\\/person\\\/34b139c617a70ea5bef5678bffe4dd7b\"},\"breadcrumb\":{\"@id\":\"https:\\\/\\\/www.bbmnoticias.com\\\/abre-brecha-oaxaca-en-el-pais-con-la-emision-de-la-convocatoria-para-la-revocacion-de-mandato-del-titular-de-la-gubernatura-salomon-jara\\\/#breadcrumb\"},\"inLanguage\":\"es\",\"potentialAction\":[{\"@type\":\"ReadAction\",\"target\":[\"https:\\\/\\\/www.bbmnoticias.com\\\/abre-brecha-oaxaca-en-el-pais-con-la-emision-de-la-convocatoria-para-la-revocacion-de-mandato-del-titular-de-la-gubernatura-salomon-jara\\\/\"]}]},{\"@type\":\"ImageObject\",\"inLanguage\":\"es\",\"@id\":\"https:\\\/\\\/www.bbmnoticias.com\\\/abre-brecha-oaxaca-en-el-pais-con-la-emision-de-la-convocatoria-para-la-revocacion-de-mandato-del-titular-de-la-gubernatura-salomon-jara\\\/#primaryimage\",\"url\":\"https:\\\/\\\/www.bbmnoticias.com\\\/labravaradiofm\\\/wp-content\\\/uploads\\\/sites\\\/5\\\/2025\\\/12\\\/65464lo.jpg\",\"contentUrl\":\"https:\\\/\\\/www.bbmnoticias.com\\\/labravaradiofm\\\/wp-content\\\/uploads\\\/sites\\\/5\\\/2025\\\/12\\\/65464lo.jpg\",\"width\":1130,\"height\":704},{\"@type\":\"BreadcrumbList\",\"@id\":\"https:\\\/\\\/www.bbmnoticias.com\\\/abre-brecha-oaxaca-en-el-pais-con-la-emision-de-la-convocatoria-para-la-revocacion-de-mandato-del-titular-de-la-gubernatura-salomon-jara\\\/#breadcrumb\",\"itemListElement\":[{\"@type\":\"ListItem\",\"position\":1,\"name\":\"Inicio\",\"item\":\"https:\\\/\\\/www.bbmnoticias.com\\\/labravaradiofm\\\/\"},{\"@type\":\"ListItem\",\"position\":2,\"name\":\"Abre brecha Oaxaca en el pa\u00eds con la emisi\u00f3n de la convocatoria para la revocaci\u00f3n de mandato del titular de la Gubernatura: Salom\u00f3n Jara\"}]},{\"@type\":\"WebSite\",\"@id\":\"https:\\\/\\\/www.bbmnoticias.com\\\/labravaradiofm\\\/#website\",\"url\":\"https:\\\/\\\/www.bbmnoticias.com\\\/labravaradiofm\\\/\",\"name\":\"LA BRAVA RADIO\",\"description\":\"Empresa productora de medios, Radiodifusi\u00f3n, Noticias, tendencias y todo lo que necesitas saber de la pol\u00edtica mexicana e internacional; entretenimiento, espect\u00e1culos, salud y mucho m\u00e1s.\",\"potentialAction\":[{\"@type\":\"SearchAction\",\"target\":{\"@type\":\"EntryPoint\",\"urlTemplate\":\"https:\\\/\\\/www.bbmnoticias.com\\\/labravaradiofm\\\/?s={search_term_string}\"},\"query-input\":{\"@type\":\"PropertyValueSpecification\",\"valueRequired\":true,\"valueName\":\"search_term_string\"}}],\"inLanguage\":\"es\"},{\"@type\":\"Person\",\"@id\":\"https:\\\/\\\/www.bbmnoticias.com\\\/labravaradiofm\\\/#\\\/schema\\\/person\\\/34b139c617a70ea5bef5678bffe4dd7b\",\"name\":\"Staff\",\"image\":{\"@type\":\"ImageObject\",\"inLanguage\":\"es\",\"@id\":\"https:\\\/\\\/secure.gravatar.com\\\/avatar\\\/fdd21ad66fd8b98c407f9dee5b5e588cfe7f0d8579ec20fa6527cd59bab7f0f0?s=96&d=mm&r=g\",\"url\":\"https:\\\/\\\/secure.gravatar.com\\\/avatar\\\/fdd21ad66fd8b98c407f9dee5b5e588cfe7f0d8579ec20fa6527cd59bab7f0f0?s=96&d=mm&r=g\",\"contentUrl\":\"https:\\\/\\\/secure.gravatar.com\\\/avatar\\\/fdd21ad66fd8b98c407f9dee5b5e588cfe7f0d8579ec20fa6527cd59bab7f0f0?s=96&d=mm&r=g\",\"caption\":\"Staff\"},\"url\":\"https:\\\/\\\/www.bbmnoticias.com\\\/labravaradiofm\\\/author\\\/redaccion\\\/\"}]}<\/script>\n<!-- \/ Yoast SEO plugin. -->","yoast_head_json":{"title":"Abre brecha Oaxaca en el pa\u00eds con la emisi\u00f3n de la convocatoria para la revocaci\u00f3n de mandato del titular de la Gubernatura: Salom\u00f3n Jara - LA BRAVA RADIO","robots":{"index":"index","follow":"follow","max-snippet":"max-snippet:-1","max-image-preview":"max-image-preview:large","max-video-preview":"max-video-preview:-1"},"canonical":"https:\/\/www.bbmnoticias.com\/abre-brecha-oaxaca-en-el-pais-con-la-emision-de-la-convocatoria-para-la-revocacion-de-mandato-del-titular-de-la-gubernatura-salomon-jara\/","og_locale":"es_MX","og_type":"article","og_title":"Abre brecha Oaxaca en el pa\u00eds con la emisi\u00f3n de la convocatoria para la revocaci\u00f3n de mandato del titular de la Gubernatura: Salom\u00f3n Jara - LA BRAVA RADIO","og_description":"Oaxaca de Ju\u00e1rez, Oax.- Las y los oaxaque\u00f1os abren brecha en el pa\u00eds, tras la emisi\u00f3n de la convocatoria para el proceso de revocaci\u00f3n de mandato de la persona titular de la Gubernatura del Estado, por parte de la autoridad electoral local; lo que fortalece los mecanismos de decisi\u00f3n del pueblo, afirm\u00f3 el Gobernador Salom\u00f3n [&hellip;]","og_url":"https:\/\/www.bbmnoticias.com\/abre-brecha-oaxaca-en-el-pais-con-la-emision-de-la-convocatoria-para-la-revocacion-de-mandato-del-titular-de-la-gubernatura-salomon-jara\/","og_site_name":"LA BRAVA RADIO","article_published_time":"2025-12-23T19:17:06+00:00","article_modified_time":"2025-12-23T19:17:11+00:00","og_image":[{"width":1130,"height":704,"url":"https:\/\/www.bbmnoticias.com\/labravaradiofm\/wp-content\/uploads\/sites\/5\/2025\/12\/65464lo.jpg","type":"image\/jpeg"}],"author":"Staff","twitter_card":"summary_large_image","twitter_misc":{"Escrito por":"Staff","Tiempo de lectura":"2 minutos"},"schema":{"@context":"https:\/\/schema.org","@graph":[{"@type":"Article","@id":"https:\/\/www.bbmnoticias.com\/abre-brecha-oaxaca-en-el-pais-con-la-emision-de-la-convocatoria-para-la-revocacion-de-mandato-del-titular-de-la-gubernatura-salomon-jara\/#article","isPartOf":{"@id":"https:\/\/www.bbmnoticias.com\/labravaradiofm\/2025\/12\/23\/abre-brecha-oaxaca-en-el-pais-con-la-emision-de-la-convocatoria-para-la-revocacion-de-mandato-del-titular-de-la-gubernatura-salomon-jara\/"},"author":{"name":"Staff","@id":"https:\/\/www.bbmnoticias.com\/labravaradiofm\/#\/schema\/person\/34b139c617a70ea5bef5678bffe4dd7b"},"headline":"Abre brecha Oaxaca en el pa\u00eds con la emisi\u00f3n de la convocatoria para la revocaci\u00f3n de mandato del titular de la Gubernatura: Salom\u00f3n Jara","datePublished":"2025-12-23T19:17:06+00:00","dateModified":"2025-12-23T19:17:11+00:00","mainEntityOfPage":{"@id":"https:\/\/www.bbmnoticias.com\/labravaradiofm\/2025\/12\/23\/abre-brecha-oaxaca-en-el-pais-con-la-emision-de-la-convocatoria-para-la-revocacion-de-mandato-del-titular-de-la-gubernatura-salomon-jara\/"},"wordCount":474,"image":{"@id":"https:\/\/www.bbmnoticias.com\/abre-brecha-oaxaca-en-el-pais-con-la-emision-de-la-convocatoria-para-la-revocacion-de-mandato-del-titular-de-la-gubernatura-salomon-jara\/#primaryimage"},"thumbnailUrl":"https:\/\/www.bbmnoticias.com\/labravaradiofm\/wp-content\/uploads\/sites\/5\/2025\/12\/65464lo.jpg","articleSection":["LOCAL"],"inLanguage":"es"},{"@type":"WebPage","@id":"https:\/\/www.bbmnoticias.com\/labravaradiofm\/2025\/12\/23\/abre-brecha-oaxaca-en-el-pais-con-la-emision-de-la-convocatoria-para-la-revocacion-de-mandato-del-titular-de-la-gubernatura-salomon-jara\/","url":"https:\/\/www.bbmnoticias.com\/abre-brecha-oaxaca-en-el-pais-con-la-emision-de-la-convocatoria-para-la-revocacion-de-mandato-del-titular-de-la-gubernatura-salomon-jara\/","name":"Abre brecha Oaxaca en el pa\u00eds con la emisi\u00f3n de la convocatoria para la revocaci\u00f3n de mandato del titular de la Gubernatura: Salom\u00f3n Jara - LA BRAVA RADIO","isPartOf":{"@id":"https:\/\/www.bbmnoticias.com\/labravaradiofm\/#website"},"primaryImageOfPage":{"@id":"https:\/\/www.bbmnoticias.com\/abre-brecha-oaxaca-en-el-pais-con-la-emision-de-la-convocatoria-para-la-revocacion-de-mandato-del-titular-de-la-gubernatura-salomon-jara\/#primaryimage"},"image":{"@id":"https:\/\/www.bbmnoticias.com\/abre-brecha-oaxaca-en-el-pais-con-la-emision-de-la-convocatoria-para-la-revocacion-de-mandato-del-titular-de-la-gubernatura-salomon-jara\/#primaryimage"},"thumbnailUrl":"https:\/\/www.bbmnoticias.com\/labravaradiofm\/wp-content\/uploads\/sites\/5\/2025\/12\/65464lo.jpg","datePublished":"2025-12-23T19:17:06+00:00","dateModified":"2025-12-23T19:17:11+00:00","author":{"@id":"https:\/\/www.bbmnoticias.com\/labravaradiofm\/#\/schema\/person\/34b139c617a70ea5bef5678bffe4dd7b"},"breadcrumb":{"@id":"https:\/\/www.bbmnoticias.com\/abre-brecha-oaxaca-en-el-pais-con-la-emision-de-la-convocatoria-para-la-revocacion-de-mandato-del-titular-de-la-gubernatura-salomon-jara\/#breadcrumb"},"inLanguage":"es","potentialAction":[{"@type":"ReadAction","target":["https:\/\/www.bbmnoticias.com\/abre-brecha-oaxaca-en-el-pais-con-la-emision-de-la-convocatoria-para-la-revocacion-de-mandato-del-titular-de-la-gubernatura-salomon-jara\/"]}]},{"@type":"ImageObject","inLanguage":"es","@id":"https:\/\/www.bbmnoticias.com\/abre-brecha-oaxaca-en-el-pais-con-la-emision-de-la-convocatoria-para-la-revocacion-de-mandato-del-titular-de-la-gubernatura-salomon-jara\/#primaryimage","url":"https:\/\/www.bbmnoticias.com\/labravaradiofm\/wp-content\/uploads\/sites\/5\/2025\/12\/65464lo.jpg","contentUrl":"https:\/\/www.bbmnoticias.com\/labravaradiofm\/wp-content\/uploads\/sites\/5\/2025\/12\/65464lo.jpg","width":1130,"height":704},{"@type":"BreadcrumbList","@id":"https:\/\/www.bbmnoticias.com\/abre-brecha-oaxaca-en-el-pais-con-la-emision-de-la-convocatoria-para-la-revocacion-de-mandato-del-titular-de-la-gubernatura-salomon-jara\/#breadcrumb","itemListElement":[{"@type":"ListItem","position":1,"name":"Inicio","item":"https:\/\/www.bbmnoticias.com\/labravaradiofm\/"},{"@type":"ListItem","position":2,"name":"Abre brecha Oaxaca en el pa\u00eds con la emisi\u00f3n de la convocatoria para la revocaci\u00f3n de mandato del titular de la Gubernatura: Salom\u00f3n Jara"}]},{"@type":"WebSite","@id":"https:\/\/www.bbmnoticias.com\/labravaradiofm\/#website","url":"https:\/\/www.bbmnoticias.com\/labravaradiofm\/","name":"LA BRAVA RADIO","description":"Empresa productora de medios, Radiodifusi\u00f3n, Noticias, tendencias y todo lo que necesitas saber de la pol\u00edtica mexicana e internacional; entretenimiento, espect\u00e1culos, salud y mucho m\u00e1s.","potentialAction":[{"@type":"SearchAction","target":{"@type":"EntryPoint","urlTemplate":"https:\/\/www.bbmnoticias.com\/labravaradiofm\/?s={search_term_string}"},"query-input":{"@type":"PropertyValueSpecification","valueRequired":true,"valueName":"search_term_string"}}],"inLanguage":"es"},{"@type":"Person","@id":"https:\/\/www.bbmnoticias.com\/labravaradiofm\/#\/schema\/person\/34b139c617a70ea5bef5678bffe4dd7b","name":"Staff","image":{"@type":"ImageObject","inLanguage":"es","@id":"https:\/\/secure.gravatar.com\/avatar\/fdd21ad66fd8b98c407f9dee5b5e588cfe7f0d8579ec20fa6527cd59bab7f0f0?s=96&d=mm&r=g","url":"https:\/\/secure.gravatar.com\/avatar\/fdd21ad66fd8b98c407f9dee5b5e588cfe7f0d8579ec20fa6527cd59bab7f0f0?s=96&d=mm&r=g","contentUrl":"https:\/\/secure.gravatar.com\/avatar\/fdd21ad66fd8b98c407f9dee5b5e588cfe7f0d8579ec20fa6527cd59bab7f0f0?s=96&d=mm&r=g","caption":"Staff"},"url":"https:\/\/www.bbmnoticias.com\/labravaradiofm\/author\/redaccion\/"}]}},"_links":{"self":[{"href":"https:\/\/www.bbmnoticias.com\/labravaradiofm\/wp-json\/wp\/v2\/posts\/71777","targetHints":{"allow":["GET"]}}],"collection":[{"href":"https:\/\/www.bbmnoticias.com\/labravaradiofm\/wp-json\/wp\/v2\/posts"}],"about":[{"href":"https:\/\/www.bbmnoticias.com\/labravaradiofm\/wp-json\/wp\/v2\/types\/post"}],"author":[{"embeddable":true,"href":"https:\/\/www.bbmnoticias.com\/labravaradiofm\/wp-json\/wp\/v2\/users\/2"}],"replies":[{"embeddable":true,"href":"https:\/\/www.bbmnoticias.com\/labravaradiofm\/wp-json\/wp\/v2\/comments?post=71777"}],"version-history":[{"count":0,"href":"https:\/\/www.bbmnoticias.com\/labravaradiofm\/wp-json\/wp\/v2\/posts\/71777\/revisions"}],"wp:featuredmedia":[{"embeddable":true,"href":"https:\/\/www.bbmnoticias.com\/labravaradiofm\/wp-json\/wp\/v2\/media\/71779"}],"wp:attachment":[{"href":"https:\/\/www.bbmnoticias.com\/labravaradiofm\/wp-json\/wp\/v2\/media?parent=71777"}],"wp:term":[{"taxonomy":"category","embeddable":true,"href":"https:\/\/www.bbmnoticias.com\/labravaradiofm\/wp-json\/wp\/v2\/categories?post=71777"},{"taxonomy":"post_tag","embeddable":true,"href":"https:\/\/www.bbmnoticias.com\/labravaradiofm\/wp-json\/wp\/v2\/tags?post=71777"}],"curies":[{"name":"wp","href":"https:\/\/api.w.org\/{rel}","templated":true}]}}