{"id":71774,"date":"2025-12-23T13:08:52","date_gmt":"2025-12-23T19:08:52","guid":{"rendered":"https:\/\/www.bbmnoticias.com\/labravaradiofm\/2025\/12\/23\/gobierno-de-oaxaca-adquiere-dos-nuevos-tomografos-y-resonador-magnetico-de-alta-tecnologia\/"},"modified":"2025-12-23T13:08:57","modified_gmt":"2025-12-23T19:08:57","slug":"gobierno-de-oaxaca-adquiere-dos-nuevos-tomografos-y-resonador-magnetico-de-alta-tecnologia","status":"publish","type":"post","link":"https:\/\/www.bbmnoticias.com\/labravaradiofm\/2025\/12\/23\/gobierno-de-oaxaca-adquiere-dos-nuevos-tomografos-y-resonador-magnetico-de-alta-tecnologia\/","title":{"rendered":"Gobierno de Oaxaca adquiere dos nuevos tom\u00f3grafos y resonador magn\u00e9tico de alta tecnolog\u00eda"},"content":{"rendered":"<div style=\"margin-top: 0px; margin-bottom: 0px;\" class=\"sharethis-inline-share-buttons\" ><\/div>\n<p>Oaxaca de Ju\u00e1rez, Oax.- El Gobierno de Oaxaca fortalece la capacidad diagn\u00f3stica en la entidad, con la adquisici\u00f3n de dos nuevos tom\u00f3grafos, un resonador magn\u00e9tico y equipamiento m\u00e9dico de alta especialidad para la detecci\u00f3n y atenci\u00f3n oportuna de diversas enfermedades.<\/p>\n\n\n\n<p>El secretario de Salud, Efr\u00e9n Emmanuel Jarqu\u00edn Gonz\u00e1lez, inform\u00f3 que se destin\u00f3 una inversi\u00f3n de 40 millones de pesos para la compra de dos tom\u00f3grafos de 68 cortes, con los que se atender\u00e1 el rezago hist\u00f3rico en servicios de Rayos X en la regi\u00f3n de la Costa.<\/p>\n\n\n\n<p>\u201cEl abandono en infraestructura m\u00e9dica provoc\u00f3 un rezago de hasta 60 a\u00f1os en atenci\u00f3n especializada, en toda la franja costera no exist\u00eda ninguno; cada hospital deber\u00eda contar con al menos uno\u201d, subray\u00f3.<\/p>\n\n\n\n<p>Asimismo, destac\u00f3 que en coordinaci\u00f3n con el Gobierno federal, se invirtieron m\u00e1s de 76.7 millones de pesos en la adquisici\u00f3n de un resonador magn\u00e9tico que entrar\u00e1 en operaci\u00f3n el pr\u00f3ximo 15 de enero de 2026 en el Hospital de la Mujer y la Ni\u00f1ez Oaxaque\u00f1a.<\/p>\n\n\n\n<p>Como parte del fortalecimiento del sistema de salud, el funcionario anunci\u00f3 la pr\u00f3xima adquisici\u00f3n de un resonador adicional y un acelerador lineal de baja potencia para el Centro Oncol\u00f3gico y de Radioterapia de Oaxaca (CORO).<\/p>\n\n\n\n<p>Adem\u00e1s, 10 mil mast\u00f3grafos que se instalar\u00e1n de manera permanente en unidades m\u00e9dicas y hospitales para garantizar atenci\u00f3n continua y seguimiento oportuno a las pacientes; que se complementar\u00e1n con las caravanas itinerantes que acuden a las comunidades m\u00e1s alejadas.<\/p>\n","protected":false},"excerpt":{"rendered":"<p>Oaxaca de Ju\u00e1rez, Oax.- El Gobierno de Oaxaca fortalece la capacidad diagn\u00f3stica en la entidad, con la adquisici\u00f3n de dos nuevos tom\u00f3grafos, un resonador magn\u00e9tico y equipamiento m\u00e9dico de alta especialidad para la detecci\u00f3n y atenci\u00f3n oportuna de diversas enfermedades. El secretario de Salud, Efr\u00e9n Emmanuel Jarqu\u00edn Gonz\u00e1lez, inform\u00f3 que se destin\u00f3 una inversi\u00f3n de [&hellip;]<\/p>\n","protected":false},"author":2,"featured_media":71776,"comment_status":"closed","ping_status":"","sticky":false,"template":"","format":"standard","meta":{"footnotes":""},"categories":[2],"tags":[],"class_list":{"0":"post-71774","1":"post","2":"type-post","3":"status-publish","4":"format-standard","5":"has-post-thumbnail","7":"category-oaxaca"},"yoast_head":"<!-- This site is optimized with the Yoast SEO plugin v27.4 - https:\/\/yoast.com\/product\/yoast-seo-wordpress\/ -->\n<title>Gobierno de Oaxaca adquiere dos nuevos tom\u00f3grafos y resonador magn\u00e9tico de alta tecnolog\u00eda - LA BRAVA RADIO<\/title>\n<meta name=\"robots\" content=\"index, follow, max-snippet:-1, max-image-preview:large, max-video-preview:-1\" \/>\n<link rel=\"canonical\" href=\"https:\/\/www.bbmnoticias.com\/gobierno-de-oaxaca-adquiere-dos-nuevos-tomografos-y-resonador-magnetico-de-alta-tecnologia\/\" \/>\n<meta property=\"og:locale\" content=\"es_MX\" \/>\n<meta property=\"og:type\" content=\"article\" \/>\n<meta property=\"og:title\" content=\"Gobierno de Oaxaca adquiere dos nuevos tom\u00f3grafos y resonador magn\u00e9tico de alta tecnolog\u00eda - LA BRAVA RADIO\" \/>\n<meta property=\"og:description\" content=\"Oaxaca de Ju\u00e1rez, Oax.- El Gobierno de Oaxaca fortalece la capacidad diagn\u00f3stica en la entidad, con la adquisici\u00f3n de dos nuevos tom\u00f3grafos, un resonador magn\u00e9tico y equipamiento m\u00e9dico de alta especialidad para la detecci\u00f3n y atenci\u00f3n oportuna de diversas enfermedades. El secretario de Salud, Efr\u00e9n Emmanuel Jarqu\u00edn Gonz\u00e1lez, inform\u00f3 que se destin\u00f3 una inversi\u00f3n de [&hellip;]\" \/>\n<meta property=\"og:url\" content=\"https:\/\/www.bbmnoticias.com\/gobierno-de-oaxaca-adquiere-dos-nuevos-tomografos-y-resonador-magnetico-de-alta-tecnologia\/\" \/>\n<meta property=\"og:site_name\" content=\"LA BRAVA RADIO\" \/>\n<meta property=\"article:published_time\" content=\"2025-12-23T19:08:52+00:00\" \/>\n<meta property=\"article:modified_time\" content=\"2025-12-23T19:08:57+00:00\" \/>\n<meta property=\"og:image\" content=\"https:\/\/www.bbmnoticias.com\/labravaradiofm\/wp-content\/uploads\/sites\/5\/2025\/12\/thumbnail_Adquiere-Oaxaca-tomografos-y-resonador-magnetico-de-alta-tecnologia-01.jpg\" \/>\n\t<meta property=\"og:image:width\" content=\"800\" \/>\n\t<meta property=\"og:image:height\" content=\"601\" \/>\n\t<meta property=\"og:image:type\" content=\"image\/jpeg\" \/>\n<meta name=\"author\" content=\"Staff\" \/>\n<meta name=\"twitter:card\" content=\"summary_large_image\" \/>\n<meta name=\"twitter:label1\" content=\"Escrito por\" \/>\n\t<meta name=\"twitter:data1\" content=\"Staff\" \/>\n\t<meta name=\"twitter:label2\" content=\"Tiempo de lectura\" \/>\n\t<meta name=\"twitter:data2\" content=\"1 minuto\" \/>\n<script type=\"application\/ld+json\" class=\"yoast-schema-graph\">{\"@context\":\"https:\\\/\\\/schema.org\",\"@graph\":[{\"@type\":\"Article\",\"@id\":\"https:\\\/\\\/www.bbmnoticias.com\\\/gobierno-de-oaxaca-adquiere-dos-nuevos-tomografos-y-resonador-magnetico-de-alta-tecnologia\\\/#article\",\"isPartOf\":{\"@id\":\"https:\\\/\\\/www.bbmnoticias.com\\\/labravaradiofm\\\/2025\\\/12\\\/23\\\/gobierno-de-oaxaca-adquiere-dos-nuevos-tomografos-y-resonador-magnetico-de-alta-tecnologia\\\/\"},\"author\":{\"name\":\"Staff\",\"@id\":\"https:\\\/\\\/www.bbmnoticias.com\\\/labravaradiofm\\\/#\\\/schema\\\/person\\\/34b139c617a70ea5bef5678bffe4dd7b\"},\"headline\":\"Gobierno de Oaxaca adquiere dos nuevos tom\u00f3grafos y resonador magn\u00e9tico de alta tecnolog\u00eda\",\"datePublished\":\"2025-12-23T19:08:52+00:00\",\"dateModified\":\"2025-12-23T19:08:57+00:00\",\"mainEntityOfPage\":{\"@id\":\"https:\\\/\\\/www.bbmnoticias.com\\\/labravaradiofm\\\/2025\\\/12\\\/23\\\/gobierno-de-oaxaca-adquiere-dos-nuevos-tomografos-y-resonador-magnetico-de-alta-tecnologia\\\/\"},\"wordCount\":286,\"image\":{\"@id\":\"https:\\\/\\\/www.bbmnoticias.com\\\/gobierno-de-oaxaca-adquiere-dos-nuevos-tomografos-y-resonador-magnetico-de-alta-tecnologia\\\/#primaryimage\"},\"thumbnailUrl\":\"https:\\\/\\\/www.bbmnoticias.com\\\/labravaradiofm\\\/wp-content\\\/uploads\\\/sites\\\/5\\\/2025\\\/12\\\/thumbnail_Adquiere-Oaxaca-tomografos-y-resonador-magnetico-de-alta-tecnologia-01.jpg\",\"articleSection\":[\"LOCAL\"],\"inLanguage\":\"es\"},{\"@type\":\"WebPage\",\"@id\":\"https:\\\/\\\/www.bbmnoticias.com\\\/labravaradiofm\\\/2025\\\/12\\\/23\\\/gobierno-de-oaxaca-adquiere-dos-nuevos-tomografos-y-resonador-magnetico-de-alta-tecnologia\\\/\",\"url\":\"https:\\\/\\\/www.bbmnoticias.com\\\/gobierno-de-oaxaca-adquiere-dos-nuevos-tomografos-y-resonador-magnetico-de-alta-tecnologia\\\/\",\"name\":\"Gobierno de Oaxaca adquiere dos nuevos tom\u00f3grafos y resonador magn\u00e9tico de alta tecnolog\u00eda - LA BRAVA RADIO\",\"isPartOf\":{\"@id\":\"https:\\\/\\\/www.bbmnoticias.com\\\/labravaradiofm\\\/#website\"},\"primaryImageOfPage\":{\"@id\":\"https:\\\/\\\/www.bbmnoticias.com\\\/gobierno-de-oaxaca-adquiere-dos-nuevos-tomografos-y-resonador-magnetico-de-alta-tecnologia\\\/#primaryimage\"},\"image\":{\"@id\":\"https:\\\/\\\/www.bbmnoticias.com\\\/gobierno-de-oaxaca-adquiere-dos-nuevos-tomografos-y-resonador-magnetico-de-alta-tecnologia\\\/#primaryimage\"},\"thumbnailUrl\":\"https:\\\/\\\/www.bbmnoticias.com\\\/labravaradiofm\\\/wp-content\\\/uploads\\\/sites\\\/5\\\/2025\\\/12\\\/thumbnail_Adquiere-Oaxaca-tomografos-y-resonador-magnetico-de-alta-tecnologia-01.jpg\",\"datePublished\":\"2025-12-23T19:08:52+00:00\",\"dateModified\":\"2025-12-23T19:08:57+00:00\",\"author\":{\"@id\":\"https:\\\/\\\/www.bbmnoticias.com\\\/labravaradiofm\\\/#\\\/schema\\\/person\\\/34b139c617a70ea5bef5678bffe4dd7b\"},\"breadcrumb\":{\"@id\":\"https:\\\/\\\/www.bbmnoticias.com\\\/gobierno-de-oaxaca-adquiere-dos-nuevos-tomografos-y-resonador-magnetico-de-alta-tecnologia\\\/#breadcrumb\"},\"inLanguage\":\"es\",\"potentialAction\":[{\"@type\":\"ReadAction\",\"target\":[\"https:\\\/\\\/www.bbmnoticias.com\\\/gobierno-de-oaxaca-adquiere-dos-nuevos-tomografos-y-resonador-magnetico-de-alta-tecnologia\\\/\"]}]},{\"@type\":\"ImageObject\",\"inLanguage\":\"es\",\"@id\":\"https:\\\/\\\/www.bbmnoticias.com\\\/gobierno-de-oaxaca-adquiere-dos-nuevos-tomografos-y-resonador-magnetico-de-alta-tecnologia\\\/#primaryimage\",\"url\":\"https:\\\/\\\/www.bbmnoticias.com\\\/labravaradiofm\\\/wp-content\\\/uploads\\\/sites\\\/5\\\/2025\\\/12\\\/thumbnail_Adquiere-Oaxaca-tomografos-y-resonador-magnetico-de-alta-tecnologia-01.jpg\",\"contentUrl\":\"https:\\\/\\\/www.bbmnoticias.com\\\/labravaradiofm\\\/wp-content\\\/uploads\\\/sites\\\/5\\\/2025\\\/12\\\/thumbnail_Adquiere-Oaxaca-tomografos-y-resonador-magnetico-de-alta-tecnologia-01.jpg\",\"width\":800,\"height\":601},{\"@type\":\"BreadcrumbList\",\"@id\":\"https:\\\/\\\/www.bbmnoticias.com\\\/gobierno-de-oaxaca-adquiere-dos-nuevos-tomografos-y-resonador-magnetico-de-alta-tecnologia\\\/#breadcrumb\",\"itemListElement\":[{\"@type\":\"ListItem\",\"position\":1,\"name\":\"Inicio\",\"item\":\"https:\\\/\\\/www.bbmnoticias.com\\\/labravaradiofm\\\/\"},{\"@type\":\"ListItem\",\"position\":2,\"name\":\"Gobierno de Oaxaca adquiere dos nuevos tom\u00f3grafos y resonador magn\u00e9tico de alta tecnolog\u00eda\"}]},{\"@type\":\"WebSite\",\"@id\":\"https:\\\/\\\/www.bbmnoticias.com\\\/labravaradiofm\\\/#website\",\"url\":\"https:\\\/\\\/www.bbmnoticias.com\\\/labravaradiofm\\\/\",\"name\":\"LA BRAVA RADIO\",\"description\":\"Empresa productora de medios, Radiodifusi\u00f3n, Noticias, tendencias y todo lo que necesitas saber de la pol\u00edtica mexicana e internacional; entretenimiento, espect\u00e1culos, salud y mucho m\u00e1s.\",\"potentialAction\":[{\"@type\":\"SearchAction\",\"target\":{\"@type\":\"EntryPoint\",\"urlTemplate\":\"https:\\\/\\\/www.bbmnoticias.com\\\/labravaradiofm\\\/?s={search_term_string}\"},\"query-input\":{\"@type\":\"PropertyValueSpecification\",\"valueRequired\":true,\"valueName\":\"search_term_string\"}}],\"inLanguage\":\"es\"},{\"@type\":\"Person\",\"@id\":\"https:\\\/\\\/www.bbmnoticias.com\\\/labravaradiofm\\\/#\\\/schema\\\/person\\\/34b139c617a70ea5bef5678bffe4dd7b\",\"name\":\"Staff\",\"image\":{\"@type\":\"ImageObject\",\"inLanguage\":\"es\",\"@id\":\"https:\\\/\\\/secure.gravatar.com\\\/avatar\\\/fdd21ad66fd8b98c407f9dee5b5e588cfe7f0d8579ec20fa6527cd59bab7f0f0?s=96&d=mm&r=g\",\"url\":\"https:\\\/\\\/secure.gravatar.com\\\/avatar\\\/fdd21ad66fd8b98c407f9dee5b5e588cfe7f0d8579ec20fa6527cd59bab7f0f0?s=96&d=mm&r=g\",\"contentUrl\":\"https:\\\/\\\/secure.gravatar.com\\\/avatar\\\/fdd21ad66fd8b98c407f9dee5b5e588cfe7f0d8579ec20fa6527cd59bab7f0f0?s=96&d=mm&r=g\",\"caption\":\"Staff\"},\"url\":\"https:\\\/\\\/www.bbmnoticias.com\\\/labravaradiofm\\\/author\\\/redaccion\\\/\"}]}<\/script>\n<!-- \/ Yoast SEO plugin. -->","yoast_head_json":{"title":"Gobierno de Oaxaca adquiere dos nuevos tom\u00f3grafos y resonador magn\u00e9tico de alta tecnolog\u00eda - LA BRAVA RADIO","robots":{"index":"index","follow":"follow","max-snippet":"max-snippet:-1","max-image-preview":"max-image-preview:large","max-video-preview":"max-video-preview:-1"},"canonical":"https:\/\/www.bbmnoticias.com\/gobierno-de-oaxaca-adquiere-dos-nuevos-tomografos-y-resonador-magnetico-de-alta-tecnologia\/","og_locale":"es_MX","og_type":"article","og_title":"Gobierno de Oaxaca adquiere dos nuevos tom\u00f3grafos y resonador magn\u00e9tico de alta tecnolog\u00eda - LA BRAVA RADIO","og_description":"Oaxaca de Ju\u00e1rez, Oax.- El Gobierno de Oaxaca fortalece la capacidad diagn\u00f3stica en la entidad, con la adquisici\u00f3n de dos nuevos tom\u00f3grafos, un resonador magn\u00e9tico y equipamiento m\u00e9dico de alta especialidad para la detecci\u00f3n y atenci\u00f3n oportuna de diversas enfermedades. El secretario de Salud, Efr\u00e9n Emmanuel Jarqu\u00edn Gonz\u00e1lez, inform\u00f3 que se destin\u00f3 una inversi\u00f3n de [&hellip;]","og_url":"https:\/\/www.bbmnoticias.com\/gobierno-de-oaxaca-adquiere-dos-nuevos-tomografos-y-resonador-magnetico-de-alta-tecnologia\/","og_site_name":"LA BRAVA RADIO","article_published_time":"2025-12-23T19:08:52+00:00","article_modified_time":"2025-12-23T19:08:57+00:00","og_image":[{"width":800,"height":601,"url":"https:\/\/www.bbmnoticias.com\/labravaradiofm\/wp-content\/uploads\/sites\/5\/2025\/12\/thumbnail_Adquiere-Oaxaca-tomografos-y-resonador-magnetico-de-alta-tecnologia-01.jpg","type":"image\/jpeg"}],"author":"Staff","twitter_card":"summary_large_image","twitter_misc":{"Escrito por":"Staff","Tiempo de lectura":"1 minuto"},"schema":{"@context":"https:\/\/schema.org","@graph":[{"@type":"Article","@id":"https:\/\/www.bbmnoticias.com\/gobierno-de-oaxaca-adquiere-dos-nuevos-tomografos-y-resonador-magnetico-de-alta-tecnologia\/#article","isPartOf":{"@id":"https:\/\/www.bbmnoticias.com\/labravaradiofm\/2025\/12\/23\/gobierno-de-oaxaca-adquiere-dos-nuevos-tomografos-y-resonador-magnetico-de-alta-tecnologia\/"},"author":{"name":"Staff","@id":"https:\/\/www.bbmnoticias.com\/labravaradiofm\/#\/schema\/person\/34b139c617a70ea5bef5678bffe4dd7b"},"headline":"Gobierno de Oaxaca adquiere dos nuevos tom\u00f3grafos y resonador magn\u00e9tico de alta tecnolog\u00eda","datePublished":"2025-12-23T19:08:52+00:00","dateModified":"2025-12-23T19:08:57+00:00","mainEntityOfPage":{"@id":"https:\/\/www.bbmnoticias.com\/labravaradiofm\/2025\/12\/23\/gobierno-de-oaxaca-adquiere-dos-nuevos-tomografos-y-resonador-magnetico-de-alta-tecnologia\/"},"wordCount":286,"image":{"@id":"https:\/\/www.bbmnoticias.com\/gobierno-de-oaxaca-adquiere-dos-nuevos-tomografos-y-resonador-magnetico-de-alta-tecnologia\/#primaryimage"},"thumbnailUrl":"https:\/\/www.bbmnoticias.com\/labravaradiofm\/wp-content\/uploads\/sites\/5\/2025\/12\/thumbnail_Adquiere-Oaxaca-tomografos-y-resonador-magnetico-de-alta-tecnologia-01.jpg","articleSection":["LOCAL"],"inLanguage":"es"},{"@type":"WebPage","@id":"https:\/\/www.bbmnoticias.com\/labravaradiofm\/2025\/12\/23\/gobierno-de-oaxaca-adquiere-dos-nuevos-tomografos-y-resonador-magnetico-de-alta-tecnologia\/","url":"https:\/\/www.bbmnoticias.com\/gobierno-de-oaxaca-adquiere-dos-nuevos-tomografos-y-resonador-magnetico-de-alta-tecnologia\/","name":"Gobierno de Oaxaca adquiere dos nuevos tom\u00f3grafos y resonador magn\u00e9tico de alta tecnolog\u00eda - LA BRAVA RADIO","isPartOf":{"@id":"https:\/\/www.bbmnoticias.com\/labravaradiofm\/#website"},"primaryImageOfPage":{"@id":"https:\/\/www.bbmnoticias.com\/gobierno-de-oaxaca-adquiere-dos-nuevos-tomografos-y-resonador-magnetico-de-alta-tecnologia\/#primaryimage"},"image":{"@id":"https:\/\/www.bbmnoticias.com\/gobierno-de-oaxaca-adquiere-dos-nuevos-tomografos-y-resonador-magnetico-de-alta-tecnologia\/#primaryimage"},"thumbnailUrl":"https:\/\/www.bbmnoticias.com\/labravaradiofm\/wp-content\/uploads\/sites\/5\/2025\/12\/thumbnail_Adquiere-Oaxaca-tomografos-y-resonador-magnetico-de-alta-tecnologia-01.jpg","datePublished":"2025-12-23T19:08:52+00:00","dateModified":"2025-12-23T19:08:57+00:00","author":{"@id":"https:\/\/www.bbmnoticias.com\/labravaradiofm\/#\/schema\/person\/34b139c617a70ea5bef5678bffe4dd7b"},"breadcrumb":{"@id":"https:\/\/www.bbmnoticias.com\/gobierno-de-oaxaca-adquiere-dos-nuevos-tomografos-y-resonador-magnetico-de-alta-tecnologia\/#breadcrumb"},"inLanguage":"es","potentialAction":[{"@type":"ReadAction","target":["https:\/\/www.bbmnoticias.com\/gobierno-de-oaxaca-adquiere-dos-nuevos-tomografos-y-resonador-magnetico-de-alta-tecnologia\/"]}]},{"@type":"ImageObject","inLanguage":"es","@id":"https:\/\/www.bbmnoticias.com\/gobierno-de-oaxaca-adquiere-dos-nuevos-tomografos-y-resonador-magnetico-de-alta-tecnologia\/#primaryimage","url":"https:\/\/www.bbmnoticias.com\/labravaradiofm\/wp-content\/uploads\/sites\/5\/2025\/12\/thumbnail_Adquiere-Oaxaca-tomografos-y-resonador-magnetico-de-alta-tecnologia-01.jpg","contentUrl":"https:\/\/www.bbmnoticias.com\/labravaradiofm\/wp-content\/uploads\/sites\/5\/2025\/12\/thumbnail_Adquiere-Oaxaca-tomografos-y-resonador-magnetico-de-alta-tecnologia-01.jpg","width":800,"height":601},{"@type":"BreadcrumbList","@id":"https:\/\/www.bbmnoticias.com\/gobierno-de-oaxaca-adquiere-dos-nuevos-tomografos-y-resonador-magnetico-de-alta-tecnologia\/#breadcrumb","itemListElement":[{"@type":"ListItem","position":1,"name":"Inicio","item":"https:\/\/www.bbmnoticias.com\/labravaradiofm\/"},{"@type":"ListItem","position":2,"name":"Gobierno de Oaxaca adquiere dos nuevos tom\u00f3grafos y resonador magn\u00e9tico de alta tecnolog\u00eda"}]},{"@type":"WebSite","@id":"https:\/\/www.bbmnoticias.com\/labravaradiofm\/#website","url":"https:\/\/www.bbmnoticias.com\/labravaradiofm\/","name":"LA BRAVA RADIO","description":"Empresa productora de medios, Radiodifusi\u00f3n, Noticias, tendencias y todo lo que necesitas saber de la pol\u00edtica mexicana e internacional; entretenimiento, espect\u00e1culos, salud y mucho m\u00e1s.","potentialAction":[{"@type":"SearchAction","target":{"@type":"EntryPoint","urlTemplate":"https:\/\/www.bbmnoticias.com\/labravaradiofm\/?s={search_term_string}"},"query-input":{"@type":"PropertyValueSpecification","valueRequired":true,"valueName":"search_term_string"}}],"inLanguage":"es"},{"@type":"Person","@id":"https:\/\/www.bbmnoticias.com\/labravaradiofm\/#\/schema\/person\/34b139c617a70ea5bef5678bffe4dd7b","name":"Staff","image":{"@type":"ImageObject","inLanguage":"es","@id":"https:\/\/secure.gravatar.com\/avatar\/fdd21ad66fd8b98c407f9dee5b5e588cfe7f0d8579ec20fa6527cd59bab7f0f0?s=96&d=mm&r=g","url":"https:\/\/secure.gravatar.com\/avatar\/fdd21ad66fd8b98c407f9dee5b5e588cfe7f0d8579ec20fa6527cd59bab7f0f0?s=96&d=mm&r=g","contentUrl":"https:\/\/secure.gravatar.com\/avatar\/fdd21ad66fd8b98c407f9dee5b5e588cfe7f0d8579ec20fa6527cd59bab7f0f0?s=96&d=mm&r=g","caption":"Staff"},"url":"https:\/\/www.bbmnoticias.com\/labravaradiofm\/author\/redaccion\/"}]}},"_links":{"self":[{"href":"https:\/\/www.bbmnoticias.com\/labravaradiofm\/wp-json\/wp\/v2\/posts\/71774","targetHints":{"allow":["GET"]}}],"collection":[{"href":"https:\/\/www.bbmnoticias.com\/labravaradiofm\/wp-json\/wp\/v2\/posts"}],"about":[{"href":"https:\/\/www.bbmnoticias.com\/labravaradiofm\/wp-json\/wp\/v2\/types\/post"}],"author":[{"embeddable":true,"href":"https:\/\/www.bbmnoticias.com\/labravaradiofm\/wp-json\/wp\/v2\/users\/2"}],"replies":[{"embeddable":true,"href":"https:\/\/www.bbmnoticias.com\/labravaradiofm\/wp-json\/wp\/v2\/comments?post=71774"}],"version-history":[{"count":0,"href":"https:\/\/www.bbmnoticias.com\/labravaradiofm\/wp-json\/wp\/v2\/posts\/71774\/revisions"}],"wp:featuredmedia":[{"embeddable":true,"href":"https:\/\/www.bbmnoticias.com\/labravaradiofm\/wp-json\/wp\/v2\/media\/71776"}],"wp:attachment":[{"href":"https:\/\/www.bbmnoticias.com\/labravaradiofm\/wp-json\/wp\/v2\/media?parent=71774"}],"wp:term":[{"taxonomy":"category","embeddable":true,"href":"https:\/\/www.bbmnoticias.com\/labravaradiofm\/wp-json\/wp\/v2\/categories?post=71774"},{"taxonomy":"post_tag","embeddable":true,"href":"https:\/\/www.bbmnoticias.com\/labravaradiofm\/wp-json\/wp\/v2\/tags?post=71774"}],"curies":[{"name":"wp","href":"https:\/\/api.w.org\/{rel}","templated":true}]}}