{"id":71771,"date":"2025-12-23T13:02:48","date_gmt":"2025-12-23T19:02:48","guid":{"rendered":"https:\/\/www.bbmnoticias.com\/labravaradiofm\/2025\/12\/23\/fiscalia-de-oaxaca-ejecuta-orden-de-aprehension-y-detiene-a-un-hombre-por-asalto-a-una-tienda-oxxo\/"},"modified":"2025-12-23T13:02:52","modified_gmt":"2025-12-23T19:02:52","slug":"fiscalia-de-oaxaca-ejecuta-orden-de-aprehension-y-detiene-a-un-hombre-por-asalto-a-una-tienda-oxxo","status":"publish","type":"post","link":"https:\/\/www.bbmnoticias.com\/labravaradiofm\/2025\/12\/23\/fiscalia-de-oaxaca-ejecuta-orden-de-aprehension-y-detiene-a-un-hombre-por-asalto-a-una-tienda-oxxo\/","title":{"rendered":"Fiscal\u00eda de Oaxaca ejecuta orden de aprehensi\u00f3n y detiene a un hombre por asalto a una tienda Oxxo"},"content":{"rendered":"<div style=\"margin-top: 0px; margin-bottom: 0px;\" class=\"sharethis-inline-share-buttons\" ><\/div>\n<p><strong>Oaxaca de Ju\u00e1rez, Oax.- <\/strong>La Fiscal\u00eda General del Estado de Oaxaca (FGEO) dio cumplimiento a una orden de aprehensi\u00f3n que permiti\u00f3 la detenci\u00f3n de un hombre identificado como A.M.B., por el delito de robo calificado por equiparaci\u00f3n en perjuicio patrimonial de una sucursal de la cadena de tiendas de conveniencia denominadas OXXO S.A. de C.V., ubicada en la regi\u00f3n de la Cuenca del Papaloapan.<\/p>\n\n\n\n<p>La detenci\u00f3n de A.M.B., se llev\u00f3 a cabo sobre el callej\u00f3n Buena Vista, en la colonia Santa F\u00e9, del municipio de San Juan Bautista Tuxtepec y fue efectuada por elementos de la Agencia Estatal de Investigaciones (AEI) adscritos a la Vicefiscal\u00eda Regional de la Cuenca.<\/p>\n\n\n\n<p>De acuerdo con el informe ministerial, los hechos ocurrieron el 15 de enero de 2025, cuando el responsable ingres\u00f3 a un establecimiento de la cadena comercial OXXO, ubicado en la calle Pedro Castillo, esquina con calle Jorge L. Tamayo, colonia Ex Normal, de donde sustrajo dinero en efectivo y diversas mercanc\u00edas.<\/p>\n\n\n\n<p>Una vez detenido, A.M.B. fue puesto a disposici\u00f3n de la autoridad judicial competente, quien determinar\u00e1 su situaci\u00f3n jur\u00eddica conforme a derecho.<\/p>\n\n\n\n<p>La Fiscal\u00eda General del Estado de Oaxaca refrenda su compromiso de combatir los delitos patrimoniales, dar cumplimiento a los mandamientos judiciales y garantizar el debido proceso, en estricto apego a los derechos humanos.<\/p>\n","protected":false},"excerpt":{"rendered":"<p>Oaxaca de Ju\u00e1rez, Oax.- La Fiscal\u00eda General del Estado de Oaxaca (FGEO) dio cumplimiento a una orden de aprehensi\u00f3n que permiti\u00f3 la detenci\u00f3n de un hombre identificado como A.M.B., por el delito de robo calificado por equiparaci\u00f3n en perjuicio patrimonial de una sucursal de la cadena de tiendas de conveniencia denominadas OXXO S.A. de C.V., [&hellip;]<\/p>\n","protected":false},"author":2,"featured_media":71773,"comment_status":"closed","ping_status":"","sticky":false,"template":"","format":"standard","meta":{"footnotes":""},"categories":[2,20],"tags":[],"class_list":{"0":"post-71771","1":"post","2":"type-post","3":"status-publish","4":"format-standard","5":"has-post-thumbnail","7":"category-oaxaca","8":"category-policiaca"},"yoast_head":"<!-- This site is optimized with the Yoast SEO plugin v27.4 - https:\/\/yoast.com\/product\/yoast-seo-wordpress\/ -->\n<title>Fiscal\u00eda de Oaxaca ejecuta orden de aprehensi\u00f3n y detiene a un hombre por asalto a una tienda Oxxo - LA BRAVA RADIO<\/title>\n<meta name=\"robots\" content=\"index, follow, max-snippet:-1, max-image-preview:large, max-video-preview:-1\" \/>\n<link rel=\"canonical\" href=\"https:\/\/www.bbmnoticias.com\/fiscalia-de-oaxaca-ejecuta-orden-de-aprehension-y-detiene-a-un-hombre-por-asalto-a-una-tienda-oxxo\/\" \/>\n<meta property=\"og:locale\" content=\"es_MX\" \/>\n<meta property=\"og:type\" content=\"article\" \/>\n<meta property=\"og:title\" content=\"Fiscal\u00eda de Oaxaca ejecuta orden de aprehensi\u00f3n y detiene a un hombre por asalto a una tienda Oxxo - LA BRAVA RADIO\" \/>\n<meta property=\"og:description\" content=\"Oaxaca de Ju\u00e1rez, Oax.- La Fiscal\u00eda General del Estado de Oaxaca (FGEO) dio cumplimiento a una orden de aprehensi\u00f3n que permiti\u00f3 la detenci\u00f3n de un hombre identificado como A.M.B., por el delito de robo calificado por equiparaci\u00f3n en perjuicio patrimonial de una sucursal de la cadena de tiendas de conveniencia denominadas OXXO S.A. de C.V., [&hellip;]\" \/>\n<meta property=\"og:url\" content=\"https:\/\/www.bbmnoticias.com\/fiscalia-de-oaxaca-ejecuta-orden-de-aprehension-y-detiene-a-un-hombre-por-asalto-a-una-tienda-oxxo\/\" \/>\n<meta property=\"og:site_name\" content=\"LA BRAVA RADIO\" \/>\n<meta property=\"article:published_time\" content=\"2025-12-23T19:02:48+00:00\" \/>\n<meta property=\"article:modified_time\" content=\"2025-12-23T19:02:52+00:00\" \/>\n<meta property=\"og:image\" content=\"https:\/\/www.bbmnoticias.com\/labravaradiofm\/wp-content\/uploads\/sites\/5\/2025\/12\/thumbnail_WhatsApp-Image-2025-12-22-at-5.15.20-PM-1.jpg\" \/>\n\t<meta property=\"og:image:width\" content=\"995\" \/>\n\t<meta property=\"og:image:height\" content=\"864\" \/>\n\t<meta property=\"og:image:type\" content=\"image\/jpeg\" \/>\n<meta name=\"author\" content=\"Staff\" \/>\n<meta name=\"twitter:card\" content=\"summary_large_image\" \/>\n<meta name=\"twitter:label1\" content=\"Escrito por\" \/>\n\t<meta name=\"twitter:data1\" content=\"Staff\" \/>\n\t<meta name=\"twitter:label2\" content=\"Tiempo de lectura\" \/>\n\t<meta name=\"twitter:data2\" content=\"1 minuto\" \/>\n<script type=\"application\/ld+json\" class=\"yoast-schema-graph\">{\"@context\":\"https:\\\/\\\/schema.org\",\"@graph\":[{\"@type\":\"Article\",\"@id\":\"https:\\\/\\\/www.bbmnoticias.com\\\/fiscalia-de-oaxaca-ejecuta-orden-de-aprehension-y-detiene-a-un-hombre-por-asalto-a-una-tienda-oxxo\\\/#article\",\"isPartOf\":{\"@id\":\"https:\\\/\\\/www.bbmnoticias.com\\\/labravaradiofm\\\/2025\\\/12\\\/23\\\/fiscalia-de-oaxaca-ejecuta-orden-de-aprehension-y-detiene-a-un-hombre-por-asalto-a-una-tienda-oxxo\\\/\"},\"author\":{\"name\":\"Staff\",\"@id\":\"https:\\\/\\\/www.bbmnoticias.com\\\/labravaradiofm\\\/#\\\/schema\\\/person\\\/34b139c617a70ea5bef5678bffe4dd7b\"},\"headline\":\"Fiscal\u00eda de Oaxaca ejecuta orden de aprehensi\u00f3n y detiene a un hombre por asalto a una tienda Oxxo\",\"datePublished\":\"2025-12-23T19:02:48+00:00\",\"dateModified\":\"2025-12-23T19:02:52+00:00\",\"mainEntityOfPage\":{\"@id\":\"https:\\\/\\\/www.bbmnoticias.com\\\/labravaradiofm\\\/2025\\\/12\\\/23\\\/fiscalia-de-oaxaca-ejecuta-orden-de-aprehension-y-detiene-a-un-hombre-por-asalto-a-una-tienda-oxxo\\\/\"},\"wordCount\":255,\"image\":{\"@id\":\"https:\\\/\\\/www.bbmnoticias.com\\\/fiscalia-de-oaxaca-ejecuta-orden-de-aprehension-y-detiene-a-un-hombre-por-asalto-a-una-tienda-oxxo\\\/#primaryimage\"},\"thumbnailUrl\":\"https:\\\/\\\/www.bbmnoticias.com\\\/labravaradiofm\\\/wp-content\\\/uploads\\\/sites\\\/5\\\/2025\\\/12\\\/thumbnail_WhatsApp-Image-2025-12-22-at-5.15.20-PM-1.jpg\",\"articleSection\":[\"LOCAL\",\"POLICIACA\"],\"inLanguage\":\"es\"},{\"@type\":\"WebPage\",\"@id\":\"https:\\\/\\\/www.bbmnoticias.com\\\/labravaradiofm\\\/2025\\\/12\\\/23\\\/fiscalia-de-oaxaca-ejecuta-orden-de-aprehension-y-detiene-a-un-hombre-por-asalto-a-una-tienda-oxxo\\\/\",\"url\":\"https:\\\/\\\/www.bbmnoticias.com\\\/fiscalia-de-oaxaca-ejecuta-orden-de-aprehension-y-detiene-a-un-hombre-por-asalto-a-una-tienda-oxxo\\\/\",\"name\":\"Fiscal\u00eda de Oaxaca ejecuta orden de aprehensi\u00f3n y detiene a un hombre por asalto a una tienda Oxxo - LA BRAVA RADIO\",\"isPartOf\":{\"@id\":\"https:\\\/\\\/www.bbmnoticias.com\\\/labravaradiofm\\\/#website\"},\"primaryImageOfPage\":{\"@id\":\"https:\\\/\\\/www.bbmnoticias.com\\\/fiscalia-de-oaxaca-ejecuta-orden-de-aprehension-y-detiene-a-un-hombre-por-asalto-a-una-tienda-oxxo\\\/#primaryimage\"},\"image\":{\"@id\":\"https:\\\/\\\/www.bbmnoticias.com\\\/fiscalia-de-oaxaca-ejecuta-orden-de-aprehension-y-detiene-a-un-hombre-por-asalto-a-una-tienda-oxxo\\\/#primaryimage\"},\"thumbnailUrl\":\"https:\\\/\\\/www.bbmnoticias.com\\\/labravaradiofm\\\/wp-content\\\/uploads\\\/sites\\\/5\\\/2025\\\/12\\\/thumbnail_WhatsApp-Image-2025-12-22-at-5.15.20-PM-1.jpg\",\"datePublished\":\"2025-12-23T19:02:48+00:00\",\"dateModified\":\"2025-12-23T19:02:52+00:00\",\"author\":{\"@id\":\"https:\\\/\\\/www.bbmnoticias.com\\\/labravaradiofm\\\/#\\\/schema\\\/person\\\/34b139c617a70ea5bef5678bffe4dd7b\"},\"breadcrumb\":{\"@id\":\"https:\\\/\\\/www.bbmnoticias.com\\\/fiscalia-de-oaxaca-ejecuta-orden-de-aprehension-y-detiene-a-un-hombre-por-asalto-a-una-tienda-oxxo\\\/#breadcrumb\"},\"inLanguage\":\"es\",\"potentialAction\":[{\"@type\":\"ReadAction\",\"target\":[\"https:\\\/\\\/www.bbmnoticias.com\\\/fiscalia-de-oaxaca-ejecuta-orden-de-aprehension-y-detiene-a-un-hombre-por-asalto-a-una-tienda-oxxo\\\/\"]}]},{\"@type\":\"ImageObject\",\"inLanguage\":\"es\",\"@id\":\"https:\\\/\\\/www.bbmnoticias.com\\\/fiscalia-de-oaxaca-ejecuta-orden-de-aprehension-y-detiene-a-un-hombre-por-asalto-a-una-tienda-oxxo\\\/#primaryimage\",\"url\":\"https:\\\/\\\/www.bbmnoticias.com\\\/labravaradiofm\\\/wp-content\\\/uploads\\\/sites\\\/5\\\/2025\\\/12\\\/thumbnail_WhatsApp-Image-2025-12-22-at-5.15.20-PM-1.jpg\",\"contentUrl\":\"https:\\\/\\\/www.bbmnoticias.com\\\/labravaradiofm\\\/wp-content\\\/uploads\\\/sites\\\/5\\\/2025\\\/12\\\/thumbnail_WhatsApp-Image-2025-12-22-at-5.15.20-PM-1.jpg\",\"width\":995,\"height\":864},{\"@type\":\"BreadcrumbList\",\"@id\":\"https:\\\/\\\/www.bbmnoticias.com\\\/fiscalia-de-oaxaca-ejecuta-orden-de-aprehension-y-detiene-a-un-hombre-por-asalto-a-una-tienda-oxxo\\\/#breadcrumb\",\"itemListElement\":[{\"@type\":\"ListItem\",\"position\":1,\"name\":\"Inicio\",\"item\":\"https:\\\/\\\/www.bbmnoticias.com\\\/labravaradiofm\\\/\"},{\"@type\":\"ListItem\",\"position\":2,\"name\":\"Fiscal\u00eda de Oaxaca ejecuta orden de aprehensi\u00f3n y detiene a un hombre por asalto a una tienda Oxxo\"}]},{\"@type\":\"WebSite\",\"@id\":\"https:\\\/\\\/www.bbmnoticias.com\\\/labravaradiofm\\\/#website\",\"url\":\"https:\\\/\\\/www.bbmnoticias.com\\\/labravaradiofm\\\/\",\"name\":\"LA BRAVA RADIO\",\"description\":\"Empresa productora de medios, Radiodifusi\u00f3n, Noticias, tendencias y todo lo que necesitas saber de la pol\u00edtica mexicana e internacional; entretenimiento, espect\u00e1culos, salud y mucho m\u00e1s.\",\"potentialAction\":[{\"@type\":\"SearchAction\",\"target\":{\"@type\":\"EntryPoint\",\"urlTemplate\":\"https:\\\/\\\/www.bbmnoticias.com\\\/labravaradiofm\\\/?s={search_term_string}\"},\"query-input\":{\"@type\":\"PropertyValueSpecification\",\"valueRequired\":true,\"valueName\":\"search_term_string\"}}],\"inLanguage\":\"es\"},{\"@type\":\"Person\",\"@id\":\"https:\\\/\\\/www.bbmnoticias.com\\\/labravaradiofm\\\/#\\\/schema\\\/person\\\/34b139c617a70ea5bef5678bffe4dd7b\",\"name\":\"Staff\",\"image\":{\"@type\":\"ImageObject\",\"inLanguage\":\"es\",\"@id\":\"https:\\\/\\\/secure.gravatar.com\\\/avatar\\\/fdd21ad66fd8b98c407f9dee5b5e588cfe7f0d8579ec20fa6527cd59bab7f0f0?s=96&d=mm&r=g\",\"url\":\"https:\\\/\\\/secure.gravatar.com\\\/avatar\\\/fdd21ad66fd8b98c407f9dee5b5e588cfe7f0d8579ec20fa6527cd59bab7f0f0?s=96&d=mm&r=g\",\"contentUrl\":\"https:\\\/\\\/secure.gravatar.com\\\/avatar\\\/fdd21ad66fd8b98c407f9dee5b5e588cfe7f0d8579ec20fa6527cd59bab7f0f0?s=96&d=mm&r=g\",\"caption\":\"Staff\"},\"url\":\"https:\\\/\\\/www.bbmnoticias.com\\\/labravaradiofm\\\/author\\\/redaccion\\\/\"}]}<\/script>\n<!-- \/ Yoast SEO plugin. -->","yoast_head_json":{"title":"Fiscal\u00eda de Oaxaca ejecuta orden de aprehensi\u00f3n y detiene a un hombre por asalto a una tienda Oxxo - LA BRAVA RADIO","robots":{"index":"index","follow":"follow","max-snippet":"max-snippet:-1","max-image-preview":"max-image-preview:large","max-video-preview":"max-video-preview:-1"},"canonical":"https:\/\/www.bbmnoticias.com\/fiscalia-de-oaxaca-ejecuta-orden-de-aprehension-y-detiene-a-un-hombre-por-asalto-a-una-tienda-oxxo\/","og_locale":"es_MX","og_type":"article","og_title":"Fiscal\u00eda de Oaxaca ejecuta orden de aprehensi\u00f3n y detiene a un hombre por asalto a una tienda Oxxo - LA BRAVA RADIO","og_description":"Oaxaca de Ju\u00e1rez, Oax.- La Fiscal\u00eda General del Estado de Oaxaca (FGEO) dio cumplimiento a una orden de aprehensi\u00f3n que permiti\u00f3 la detenci\u00f3n de un hombre identificado como A.M.B., por el delito de robo calificado por equiparaci\u00f3n en perjuicio patrimonial de una sucursal de la cadena de tiendas de conveniencia denominadas OXXO S.A. de C.V., [&hellip;]","og_url":"https:\/\/www.bbmnoticias.com\/fiscalia-de-oaxaca-ejecuta-orden-de-aprehension-y-detiene-a-un-hombre-por-asalto-a-una-tienda-oxxo\/","og_site_name":"LA BRAVA RADIO","article_published_time":"2025-12-23T19:02:48+00:00","article_modified_time":"2025-12-23T19:02:52+00:00","og_image":[{"width":995,"height":864,"url":"https:\/\/www.bbmnoticias.com\/labravaradiofm\/wp-content\/uploads\/sites\/5\/2025\/12\/thumbnail_WhatsApp-Image-2025-12-22-at-5.15.20-PM-1.jpg","type":"image\/jpeg"}],"author":"Staff","twitter_card":"summary_large_image","twitter_misc":{"Escrito por":"Staff","Tiempo de lectura":"1 minuto"},"schema":{"@context":"https:\/\/schema.org","@graph":[{"@type":"Article","@id":"https:\/\/www.bbmnoticias.com\/fiscalia-de-oaxaca-ejecuta-orden-de-aprehension-y-detiene-a-un-hombre-por-asalto-a-una-tienda-oxxo\/#article","isPartOf":{"@id":"https:\/\/www.bbmnoticias.com\/labravaradiofm\/2025\/12\/23\/fiscalia-de-oaxaca-ejecuta-orden-de-aprehension-y-detiene-a-un-hombre-por-asalto-a-una-tienda-oxxo\/"},"author":{"name":"Staff","@id":"https:\/\/www.bbmnoticias.com\/labravaradiofm\/#\/schema\/person\/34b139c617a70ea5bef5678bffe4dd7b"},"headline":"Fiscal\u00eda de Oaxaca ejecuta orden de aprehensi\u00f3n y detiene a un hombre por asalto a una tienda Oxxo","datePublished":"2025-12-23T19:02:48+00:00","dateModified":"2025-12-23T19:02:52+00:00","mainEntityOfPage":{"@id":"https:\/\/www.bbmnoticias.com\/labravaradiofm\/2025\/12\/23\/fiscalia-de-oaxaca-ejecuta-orden-de-aprehension-y-detiene-a-un-hombre-por-asalto-a-una-tienda-oxxo\/"},"wordCount":255,"image":{"@id":"https:\/\/www.bbmnoticias.com\/fiscalia-de-oaxaca-ejecuta-orden-de-aprehension-y-detiene-a-un-hombre-por-asalto-a-una-tienda-oxxo\/#primaryimage"},"thumbnailUrl":"https:\/\/www.bbmnoticias.com\/labravaradiofm\/wp-content\/uploads\/sites\/5\/2025\/12\/thumbnail_WhatsApp-Image-2025-12-22-at-5.15.20-PM-1.jpg","articleSection":["LOCAL","POLICIACA"],"inLanguage":"es"},{"@type":"WebPage","@id":"https:\/\/www.bbmnoticias.com\/labravaradiofm\/2025\/12\/23\/fiscalia-de-oaxaca-ejecuta-orden-de-aprehension-y-detiene-a-un-hombre-por-asalto-a-una-tienda-oxxo\/","url":"https:\/\/www.bbmnoticias.com\/fiscalia-de-oaxaca-ejecuta-orden-de-aprehension-y-detiene-a-un-hombre-por-asalto-a-una-tienda-oxxo\/","name":"Fiscal\u00eda de Oaxaca ejecuta orden de aprehensi\u00f3n y detiene a un hombre por asalto a una tienda Oxxo - LA BRAVA RADIO","isPartOf":{"@id":"https:\/\/www.bbmnoticias.com\/labravaradiofm\/#website"},"primaryImageOfPage":{"@id":"https:\/\/www.bbmnoticias.com\/fiscalia-de-oaxaca-ejecuta-orden-de-aprehension-y-detiene-a-un-hombre-por-asalto-a-una-tienda-oxxo\/#primaryimage"},"image":{"@id":"https:\/\/www.bbmnoticias.com\/fiscalia-de-oaxaca-ejecuta-orden-de-aprehension-y-detiene-a-un-hombre-por-asalto-a-una-tienda-oxxo\/#primaryimage"},"thumbnailUrl":"https:\/\/www.bbmnoticias.com\/labravaradiofm\/wp-content\/uploads\/sites\/5\/2025\/12\/thumbnail_WhatsApp-Image-2025-12-22-at-5.15.20-PM-1.jpg","datePublished":"2025-12-23T19:02:48+00:00","dateModified":"2025-12-23T19:02:52+00:00","author":{"@id":"https:\/\/www.bbmnoticias.com\/labravaradiofm\/#\/schema\/person\/34b139c617a70ea5bef5678bffe4dd7b"},"breadcrumb":{"@id":"https:\/\/www.bbmnoticias.com\/fiscalia-de-oaxaca-ejecuta-orden-de-aprehension-y-detiene-a-un-hombre-por-asalto-a-una-tienda-oxxo\/#breadcrumb"},"inLanguage":"es","potentialAction":[{"@type":"ReadAction","target":["https:\/\/www.bbmnoticias.com\/fiscalia-de-oaxaca-ejecuta-orden-de-aprehension-y-detiene-a-un-hombre-por-asalto-a-una-tienda-oxxo\/"]}]},{"@type":"ImageObject","inLanguage":"es","@id":"https:\/\/www.bbmnoticias.com\/fiscalia-de-oaxaca-ejecuta-orden-de-aprehension-y-detiene-a-un-hombre-por-asalto-a-una-tienda-oxxo\/#primaryimage","url":"https:\/\/www.bbmnoticias.com\/labravaradiofm\/wp-content\/uploads\/sites\/5\/2025\/12\/thumbnail_WhatsApp-Image-2025-12-22-at-5.15.20-PM-1.jpg","contentUrl":"https:\/\/www.bbmnoticias.com\/labravaradiofm\/wp-content\/uploads\/sites\/5\/2025\/12\/thumbnail_WhatsApp-Image-2025-12-22-at-5.15.20-PM-1.jpg","width":995,"height":864},{"@type":"BreadcrumbList","@id":"https:\/\/www.bbmnoticias.com\/fiscalia-de-oaxaca-ejecuta-orden-de-aprehension-y-detiene-a-un-hombre-por-asalto-a-una-tienda-oxxo\/#breadcrumb","itemListElement":[{"@type":"ListItem","position":1,"name":"Inicio","item":"https:\/\/www.bbmnoticias.com\/labravaradiofm\/"},{"@type":"ListItem","position":2,"name":"Fiscal\u00eda de Oaxaca ejecuta orden de aprehensi\u00f3n y detiene a un hombre por asalto a una tienda Oxxo"}]},{"@type":"WebSite","@id":"https:\/\/www.bbmnoticias.com\/labravaradiofm\/#website","url":"https:\/\/www.bbmnoticias.com\/labravaradiofm\/","name":"LA BRAVA RADIO","description":"Empresa productora de medios, Radiodifusi\u00f3n, Noticias, tendencias y todo lo que necesitas saber de la pol\u00edtica mexicana e internacional; entretenimiento, espect\u00e1culos, salud y mucho m\u00e1s.","potentialAction":[{"@type":"SearchAction","target":{"@type":"EntryPoint","urlTemplate":"https:\/\/www.bbmnoticias.com\/labravaradiofm\/?s={search_term_string}"},"query-input":{"@type":"PropertyValueSpecification","valueRequired":true,"valueName":"search_term_string"}}],"inLanguage":"es"},{"@type":"Person","@id":"https:\/\/www.bbmnoticias.com\/labravaradiofm\/#\/schema\/person\/34b139c617a70ea5bef5678bffe4dd7b","name":"Staff","image":{"@type":"ImageObject","inLanguage":"es","@id":"https:\/\/secure.gravatar.com\/avatar\/fdd21ad66fd8b98c407f9dee5b5e588cfe7f0d8579ec20fa6527cd59bab7f0f0?s=96&d=mm&r=g","url":"https:\/\/secure.gravatar.com\/avatar\/fdd21ad66fd8b98c407f9dee5b5e588cfe7f0d8579ec20fa6527cd59bab7f0f0?s=96&d=mm&r=g","contentUrl":"https:\/\/secure.gravatar.com\/avatar\/fdd21ad66fd8b98c407f9dee5b5e588cfe7f0d8579ec20fa6527cd59bab7f0f0?s=96&d=mm&r=g","caption":"Staff"},"url":"https:\/\/www.bbmnoticias.com\/labravaradiofm\/author\/redaccion\/"}]}},"_links":{"self":[{"href":"https:\/\/www.bbmnoticias.com\/labravaradiofm\/wp-json\/wp\/v2\/posts\/71771","targetHints":{"allow":["GET"]}}],"collection":[{"href":"https:\/\/www.bbmnoticias.com\/labravaradiofm\/wp-json\/wp\/v2\/posts"}],"about":[{"href":"https:\/\/www.bbmnoticias.com\/labravaradiofm\/wp-json\/wp\/v2\/types\/post"}],"author":[{"embeddable":true,"href":"https:\/\/www.bbmnoticias.com\/labravaradiofm\/wp-json\/wp\/v2\/users\/2"}],"replies":[{"embeddable":true,"href":"https:\/\/www.bbmnoticias.com\/labravaradiofm\/wp-json\/wp\/v2\/comments?post=71771"}],"version-history":[{"count":0,"href":"https:\/\/www.bbmnoticias.com\/labravaradiofm\/wp-json\/wp\/v2\/posts\/71771\/revisions"}],"wp:featuredmedia":[{"embeddable":true,"href":"https:\/\/www.bbmnoticias.com\/labravaradiofm\/wp-json\/wp\/v2\/media\/71773"}],"wp:attachment":[{"href":"https:\/\/www.bbmnoticias.com\/labravaradiofm\/wp-json\/wp\/v2\/media?parent=71771"}],"wp:term":[{"taxonomy":"category","embeddable":true,"href":"https:\/\/www.bbmnoticias.com\/labravaradiofm\/wp-json\/wp\/v2\/categories?post=71771"},{"taxonomy":"post_tag","embeddable":true,"href":"https:\/\/www.bbmnoticias.com\/labravaradiofm\/wp-json\/wp\/v2\/tags?post=71771"}],"curies":[{"name":"wp","href":"https:\/\/api.w.org\/{rel}","templated":true}]}}