{"id":71765,"date":"2025-12-23T11:40:24","date_gmt":"2025-12-23T17:40:24","guid":{"rendered":"https:\/\/www.bbmnoticias.com\/labravaradiofm\/2025\/12\/23\/con-el-programa-oaxaca-es-tu-tierra-salomon-jara-facilita-retorno-digno-voluntario-y-productivo-de-migrantes\/"},"modified":"2025-12-23T11:40:36","modified_gmt":"2025-12-23T17:40:36","slug":"con-el-programa-oaxaca-es-tu-tierra-salomon-jara-facilita-retorno-digno-voluntario-y-productivo-de-migrantes","status":"publish","type":"post","link":"https:\/\/www.bbmnoticias.com\/labravaradiofm\/2025\/12\/23\/con-el-programa-oaxaca-es-tu-tierra-salomon-jara-facilita-retorno-digno-voluntario-y-productivo-de-migrantes\/","title":{"rendered":"Con el programa Oaxaca es tu tierra, Salom\u00f3n Jara facilita retorno digno, voluntario y productivo de migrantes"},"content":{"rendered":"<div style=\"margin-top: 0px; margin-bottom: 0px;\" class=\"sharethis-inline-share-buttons\" ><\/div>\n<p>Oaxaca de Ju\u00e1rez, Oax.- En el marco del D\u00eda Internacional del Migrante, que se celebra el 18 de diciembre, el Gobernador Salom\u00f3n Jara Cruz inform\u00f3 que, en este a\u00f1o, se han brindado 8 mil 642 atenciones integrales a esta poblaci\u00f3n a trav\u00e9s del programa Oaxaca es tu tierra, que facilita su retorno digno, voluntario y productivo.<\/p>\n\n\n\n<p>En conferencia de prensa, expres\u00f3 que estas acciones se complementan con la iniciativa \u201cM\u00e9xico te Abraza\u201d, impulsada por la Presidenta Claudia Sheinbaum Pardo; que consolidan un modelo integral, interinstitucional y territorial; sostenido con trabajo sostenido y resultados.<\/p>\n\n\n\n<p>\u201cA nuestras comunidades en el exterior les decimos que trabajamos intensamente para que, cuando vuelvan a pisar esta tierra, encuentren nuevas oportunidades\u201d, expres\u00f3 el Mandatario estatal.<\/p>\n\n\n\n<p>El Gobierno de la Primavera Oaxaque\u00f1a ha proporcionado 614 asesor\u00edas especializadas, mil 274 atenciones en programas prioritarios, 3 mil 294 tr\u00e1mites y servicios, 3 mil 448 atenciones en Ferias Informativas en 23 municipios.<\/p>\n\n\n\n<p>Asimismo, fortaleci\u00f3 la vinculaci\u00f3n con 23 Consulados de M\u00e9xico en Estados Unidos, as\u00ed como el trabajo con 30 liderazgos comunitarios oaxaque\u00f1os.<\/p>\n\n\n\n<p>De manera permanente se tiene presencia territorial en Baja California, donde habitan 8 de cada 10 oaxaque\u00f1as y oaxaque\u00f1os; mediante oficinas de atenci\u00f3n en: Tijuana con domicilio en Pasaje Foreing Club, planta alta, local 15, avenida Constituci\u00f3n, Centro, tel\u00e9fono 951 275 1783.<\/p>\n\n\n\n<p>En Ensenada, con direcci\u00f3n en Carretera Transpeninsular n\u00famero 6500 A, primer piso, Ex ejido Chapultepec, y al tel\u00e9fono 951 273 9083; y en San Quint\u00edn, en Plaza Tartany, carretera Transpeninsular, kil\u00f3metro 190, locales 4 y 5; o a la l\u00ednea telef\u00f3nica 951 106 0944.<\/p>\n\n\n\n<p>En su oportunidad, el subsecretario de Migraci\u00f3n y Poblaci\u00f3n, dependiente de la Secretar\u00eda de Gobierno (Sego), Leonardo D\u00edaz Jim\u00e9nez expres\u00f3 que en esta temporada vacacional se mantiene coordinaci\u00f3n constante con el Instituto Nacional de Migraci\u00f3n (INM), para garantizar la protecci\u00f3n de la poblaci\u00f3n migrante y evitar abusos.<\/p>\n\n\n\n<p>\u201cEstas atenciones se mantienen abiertas de manera permanente para que toda persona migrante que lo requiera, pueda acercarse, informarse y recibir acompa\u00f1amiento institucional oportuno\u201d. dijo.<\/p>\n","protected":false},"excerpt":{"rendered":"<p>Oaxaca de Ju\u00e1rez, Oax.- En el marco del D\u00eda Internacional del Migrante, que se celebra el 18 de diciembre, el Gobernador Salom\u00f3n Jara Cruz inform\u00f3 que, en este a\u00f1o, se han brindado 8 mil 642 atenciones integrales a esta poblaci\u00f3n a trav\u00e9s del programa Oaxaca es tu tierra, que facilita su retorno digno, voluntario y [&hellip;]<\/p>\n","protected":false},"author":2,"featured_media":71767,"comment_status":"closed","ping_status":"","sticky":false,"template":"","format":"standard","meta":{"footnotes":""},"categories":[2],"tags":[],"class_list":{"0":"post-71765","1":"post","2":"type-post","3":"status-publish","4":"format-standard","5":"has-post-thumbnail","7":"category-oaxaca"},"yoast_head":"<!-- This site is optimized with the Yoast SEO plugin v27.4 - https:\/\/yoast.com\/product\/yoast-seo-wordpress\/ -->\n<title>Con el programa Oaxaca es tu tierra, Salom\u00f3n Jara facilita retorno digno, voluntario y productivo de migrantes - LA BRAVA RADIO<\/title>\n<meta name=\"robots\" content=\"index, follow, max-snippet:-1, max-image-preview:large, max-video-preview:-1\" \/>\n<link rel=\"canonical\" href=\"https:\/\/www.bbmnoticias.com\/con-el-programa-oaxaca-es-tu-tierra-salomon-jara-facilita-retorno-digno-voluntario-y-productivo-de-migrantes\/\" \/>\n<meta property=\"og:locale\" content=\"es_MX\" \/>\n<meta property=\"og:type\" content=\"article\" \/>\n<meta property=\"og:title\" content=\"Con el programa Oaxaca es tu tierra, Salom\u00f3n Jara facilita retorno digno, voluntario y productivo de migrantes - LA BRAVA RADIO\" \/>\n<meta property=\"og:description\" content=\"Oaxaca de Ju\u00e1rez, Oax.- En el marco del D\u00eda Internacional del Migrante, que se celebra el 18 de diciembre, el Gobernador Salom\u00f3n Jara Cruz inform\u00f3 que, en este a\u00f1o, se han brindado 8 mil 642 atenciones integrales a esta poblaci\u00f3n a trav\u00e9s del programa Oaxaca es tu tierra, que facilita su retorno digno, voluntario y [&hellip;]\" \/>\n<meta property=\"og:url\" content=\"https:\/\/www.bbmnoticias.com\/con-el-programa-oaxaca-es-tu-tierra-salomon-jara-facilita-retorno-digno-voluntario-y-productivo-de-migrantes\/\" \/>\n<meta property=\"og:site_name\" content=\"LA BRAVA RADIO\" \/>\n<meta property=\"article:published_time\" content=\"2025-12-23T17:40:24+00:00\" \/>\n<meta property=\"article:modified_time\" content=\"2025-12-23T17:40:36+00:00\" \/>\n<meta property=\"og:image\" content=\"https:\/\/www.bbmnoticias.com\/labravaradiofm\/wp-content\/uploads\/sites\/5\/2025\/12\/thumbnail_GOBERNADOR-CONFERENCIA-2.jpg\" \/>\n\t<meta property=\"og:image:width\" content=\"1920\" \/>\n\t<meta property=\"og:image:height\" content=\"1279\" \/>\n\t<meta property=\"og:image:type\" content=\"image\/jpeg\" \/>\n<meta name=\"author\" content=\"Staff\" \/>\n<meta name=\"twitter:card\" content=\"summary_large_image\" \/>\n<meta name=\"twitter:label1\" content=\"Escrito por\" \/>\n\t<meta name=\"twitter:data1\" content=\"Staff\" \/>\n\t<meta name=\"twitter:label2\" content=\"Tiempo de lectura\" \/>\n\t<meta name=\"twitter:data2\" content=\"2 minutos\" \/>\n<script type=\"application\/ld+json\" class=\"yoast-schema-graph\">{\"@context\":\"https:\\\/\\\/schema.org\",\"@graph\":[{\"@type\":\"Article\",\"@id\":\"https:\\\/\\\/www.bbmnoticias.com\\\/con-el-programa-oaxaca-es-tu-tierra-salomon-jara-facilita-retorno-digno-voluntario-y-productivo-de-migrantes\\\/#article\",\"isPartOf\":{\"@id\":\"https:\\\/\\\/www.bbmnoticias.com\\\/labravaradiofm\\\/2025\\\/12\\\/23\\\/con-el-programa-oaxaca-es-tu-tierra-salomon-jara-facilita-retorno-digno-voluntario-y-productivo-de-migrantes\\\/\"},\"author\":{\"name\":\"Staff\",\"@id\":\"https:\\\/\\\/www.bbmnoticias.com\\\/labravaradiofm\\\/#\\\/schema\\\/person\\\/34b139c617a70ea5bef5678bffe4dd7b\"},\"headline\":\"Con el programa Oaxaca es tu tierra, Salom\u00f3n Jara facilita retorno digno, voluntario y productivo de migrantes\",\"datePublished\":\"2025-12-23T17:40:24+00:00\",\"dateModified\":\"2025-12-23T17:40:36+00:00\",\"mainEntityOfPage\":{\"@id\":\"https:\\\/\\\/www.bbmnoticias.com\\\/labravaradiofm\\\/2025\\\/12\\\/23\\\/con-el-programa-oaxaca-es-tu-tierra-salomon-jara-facilita-retorno-digno-voluntario-y-productivo-de-migrantes\\\/\"},\"wordCount\":357,\"image\":{\"@id\":\"https:\\\/\\\/www.bbmnoticias.com\\\/con-el-programa-oaxaca-es-tu-tierra-salomon-jara-facilita-retorno-digno-voluntario-y-productivo-de-migrantes\\\/#primaryimage\"},\"thumbnailUrl\":\"https:\\\/\\\/www.bbmnoticias.com\\\/labravaradiofm\\\/wp-content\\\/uploads\\\/sites\\\/5\\\/2025\\\/12\\\/thumbnail_GOBERNADOR-CONFERENCIA-2.jpg\",\"articleSection\":[\"LOCAL\"],\"inLanguage\":\"es\"},{\"@type\":\"WebPage\",\"@id\":\"https:\\\/\\\/www.bbmnoticias.com\\\/labravaradiofm\\\/2025\\\/12\\\/23\\\/con-el-programa-oaxaca-es-tu-tierra-salomon-jara-facilita-retorno-digno-voluntario-y-productivo-de-migrantes\\\/\",\"url\":\"https:\\\/\\\/www.bbmnoticias.com\\\/con-el-programa-oaxaca-es-tu-tierra-salomon-jara-facilita-retorno-digno-voluntario-y-productivo-de-migrantes\\\/\",\"name\":\"Con el programa Oaxaca es tu tierra, Salom\u00f3n Jara facilita retorno digno, voluntario y productivo de migrantes - LA BRAVA RADIO\",\"isPartOf\":{\"@id\":\"https:\\\/\\\/www.bbmnoticias.com\\\/labravaradiofm\\\/#website\"},\"primaryImageOfPage\":{\"@id\":\"https:\\\/\\\/www.bbmnoticias.com\\\/con-el-programa-oaxaca-es-tu-tierra-salomon-jara-facilita-retorno-digno-voluntario-y-productivo-de-migrantes\\\/#primaryimage\"},\"image\":{\"@id\":\"https:\\\/\\\/www.bbmnoticias.com\\\/con-el-programa-oaxaca-es-tu-tierra-salomon-jara-facilita-retorno-digno-voluntario-y-productivo-de-migrantes\\\/#primaryimage\"},\"thumbnailUrl\":\"https:\\\/\\\/www.bbmnoticias.com\\\/labravaradiofm\\\/wp-content\\\/uploads\\\/sites\\\/5\\\/2025\\\/12\\\/thumbnail_GOBERNADOR-CONFERENCIA-2.jpg\",\"datePublished\":\"2025-12-23T17:40:24+00:00\",\"dateModified\":\"2025-12-23T17:40:36+00:00\",\"author\":{\"@id\":\"https:\\\/\\\/www.bbmnoticias.com\\\/labravaradiofm\\\/#\\\/schema\\\/person\\\/34b139c617a70ea5bef5678bffe4dd7b\"},\"breadcrumb\":{\"@id\":\"https:\\\/\\\/www.bbmnoticias.com\\\/con-el-programa-oaxaca-es-tu-tierra-salomon-jara-facilita-retorno-digno-voluntario-y-productivo-de-migrantes\\\/#breadcrumb\"},\"inLanguage\":\"es\",\"potentialAction\":[{\"@type\":\"ReadAction\",\"target\":[\"https:\\\/\\\/www.bbmnoticias.com\\\/con-el-programa-oaxaca-es-tu-tierra-salomon-jara-facilita-retorno-digno-voluntario-y-productivo-de-migrantes\\\/\"]}]},{\"@type\":\"ImageObject\",\"inLanguage\":\"es\",\"@id\":\"https:\\\/\\\/www.bbmnoticias.com\\\/con-el-programa-oaxaca-es-tu-tierra-salomon-jara-facilita-retorno-digno-voluntario-y-productivo-de-migrantes\\\/#primaryimage\",\"url\":\"https:\\\/\\\/www.bbmnoticias.com\\\/labravaradiofm\\\/wp-content\\\/uploads\\\/sites\\\/5\\\/2025\\\/12\\\/thumbnail_GOBERNADOR-CONFERENCIA-2.jpg\",\"contentUrl\":\"https:\\\/\\\/www.bbmnoticias.com\\\/labravaradiofm\\\/wp-content\\\/uploads\\\/sites\\\/5\\\/2025\\\/12\\\/thumbnail_GOBERNADOR-CONFERENCIA-2.jpg\",\"width\":1920,\"height\":1279},{\"@type\":\"BreadcrumbList\",\"@id\":\"https:\\\/\\\/www.bbmnoticias.com\\\/con-el-programa-oaxaca-es-tu-tierra-salomon-jara-facilita-retorno-digno-voluntario-y-productivo-de-migrantes\\\/#breadcrumb\",\"itemListElement\":[{\"@type\":\"ListItem\",\"position\":1,\"name\":\"Inicio\",\"item\":\"https:\\\/\\\/www.bbmnoticias.com\\\/labravaradiofm\\\/\"},{\"@type\":\"ListItem\",\"position\":2,\"name\":\"Con el programa Oaxaca es tu tierra, Salom\u00f3n Jara facilita retorno digno, voluntario y productivo de migrantes\"}]},{\"@type\":\"WebSite\",\"@id\":\"https:\\\/\\\/www.bbmnoticias.com\\\/labravaradiofm\\\/#website\",\"url\":\"https:\\\/\\\/www.bbmnoticias.com\\\/labravaradiofm\\\/\",\"name\":\"LA BRAVA RADIO\",\"description\":\"Empresa productora de medios, Radiodifusi\u00f3n, Noticias, tendencias y todo lo que necesitas saber de la pol\u00edtica mexicana e internacional; entretenimiento, espect\u00e1culos, salud y mucho m\u00e1s.\",\"potentialAction\":[{\"@type\":\"SearchAction\",\"target\":{\"@type\":\"EntryPoint\",\"urlTemplate\":\"https:\\\/\\\/www.bbmnoticias.com\\\/labravaradiofm\\\/?s={search_term_string}\"},\"query-input\":{\"@type\":\"PropertyValueSpecification\",\"valueRequired\":true,\"valueName\":\"search_term_string\"}}],\"inLanguage\":\"es\"},{\"@type\":\"Person\",\"@id\":\"https:\\\/\\\/www.bbmnoticias.com\\\/labravaradiofm\\\/#\\\/schema\\\/person\\\/34b139c617a70ea5bef5678bffe4dd7b\",\"name\":\"Staff\",\"image\":{\"@type\":\"ImageObject\",\"inLanguage\":\"es\",\"@id\":\"https:\\\/\\\/secure.gravatar.com\\\/avatar\\\/fdd21ad66fd8b98c407f9dee5b5e588cfe7f0d8579ec20fa6527cd59bab7f0f0?s=96&d=mm&r=g\",\"url\":\"https:\\\/\\\/secure.gravatar.com\\\/avatar\\\/fdd21ad66fd8b98c407f9dee5b5e588cfe7f0d8579ec20fa6527cd59bab7f0f0?s=96&d=mm&r=g\",\"contentUrl\":\"https:\\\/\\\/secure.gravatar.com\\\/avatar\\\/fdd21ad66fd8b98c407f9dee5b5e588cfe7f0d8579ec20fa6527cd59bab7f0f0?s=96&d=mm&r=g\",\"caption\":\"Staff\"},\"url\":\"https:\\\/\\\/www.bbmnoticias.com\\\/labravaradiofm\\\/author\\\/redaccion\\\/\"}]}<\/script>\n<!-- \/ Yoast SEO plugin. -->","yoast_head_json":{"title":"Con el programa Oaxaca es tu tierra, Salom\u00f3n Jara facilita retorno digno, voluntario y productivo de migrantes - LA BRAVA RADIO","robots":{"index":"index","follow":"follow","max-snippet":"max-snippet:-1","max-image-preview":"max-image-preview:large","max-video-preview":"max-video-preview:-1"},"canonical":"https:\/\/www.bbmnoticias.com\/con-el-programa-oaxaca-es-tu-tierra-salomon-jara-facilita-retorno-digno-voluntario-y-productivo-de-migrantes\/","og_locale":"es_MX","og_type":"article","og_title":"Con el programa Oaxaca es tu tierra, Salom\u00f3n Jara facilita retorno digno, voluntario y productivo de migrantes - LA BRAVA RADIO","og_description":"Oaxaca de Ju\u00e1rez, Oax.- En el marco del D\u00eda Internacional del Migrante, que se celebra el 18 de diciembre, el Gobernador Salom\u00f3n Jara Cruz inform\u00f3 que, en este a\u00f1o, se han brindado 8 mil 642 atenciones integrales a esta poblaci\u00f3n a trav\u00e9s del programa Oaxaca es tu tierra, que facilita su retorno digno, voluntario y [&hellip;]","og_url":"https:\/\/www.bbmnoticias.com\/con-el-programa-oaxaca-es-tu-tierra-salomon-jara-facilita-retorno-digno-voluntario-y-productivo-de-migrantes\/","og_site_name":"LA BRAVA RADIO","article_published_time":"2025-12-23T17:40:24+00:00","article_modified_time":"2025-12-23T17:40:36+00:00","og_image":[{"width":1920,"height":1279,"url":"https:\/\/www.bbmnoticias.com\/labravaradiofm\/wp-content\/uploads\/sites\/5\/2025\/12\/thumbnail_GOBERNADOR-CONFERENCIA-2.jpg","type":"image\/jpeg"}],"author":"Staff","twitter_card":"summary_large_image","twitter_misc":{"Escrito por":"Staff","Tiempo de lectura":"2 minutos"},"schema":{"@context":"https:\/\/schema.org","@graph":[{"@type":"Article","@id":"https:\/\/www.bbmnoticias.com\/con-el-programa-oaxaca-es-tu-tierra-salomon-jara-facilita-retorno-digno-voluntario-y-productivo-de-migrantes\/#article","isPartOf":{"@id":"https:\/\/www.bbmnoticias.com\/labravaradiofm\/2025\/12\/23\/con-el-programa-oaxaca-es-tu-tierra-salomon-jara-facilita-retorno-digno-voluntario-y-productivo-de-migrantes\/"},"author":{"name":"Staff","@id":"https:\/\/www.bbmnoticias.com\/labravaradiofm\/#\/schema\/person\/34b139c617a70ea5bef5678bffe4dd7b"},"headline":"Con el programa Oaxaca es tu tierra, Salom\u00f3n Jara facilita retorno digno, voluntario y productivo de migrantes","datePublished":"2025-12-23T17:40:24+00:00","dateModified":"2025-12-23T17:40:36+00:00","mainEntityOfPage":{"@id":"https:\/\/www.bbmnoticias.com\/labravaradiofm\/2025\/12\/23\/con-el-programa-oaxaca-es-tu-tierra-salomon-jara-facilita-retorno-digno-voluntario-y-productivo-de-migrantes\/"},"wordCount":357,"image":{"@id":"https:\/\/www.bbmnoticias.com\/con-el-programa-oaxaca-es-tu-tierra-salomon-jara-facilita-retorno-digno-voluntario-y-productivo-de-migrantes\/#primaryimage"},"thumbnailUrl":"https:\/\/www.bbmnoticias.com\/labravaradiofm\/wp-content\/uploads\/sites\/5\/2025\/12\/thumbnail_GOBERNADOR-CONFERENCIA-2.jpg","articleSection":["LOCAL"],"inLanguage":"es"},{"@type":"WebPage","@id":"https:\/\/www.bbmnoticias.com\/labravaradiofm\/2025\/12\/23\/con-el-programa-oaxaca-es-tu-tierra-salomon-jara-facilita-retorno-digno-voluntario-y-productivo-de-migrantes\/","url":"https:\/\/www.bbmnoticias.com\/con-el-programa-oaxaca-es-tu-tierra-salomon-jara-facilita-retorno-digno-voluntario-y-productivo-de-migrantes\/","name":"Con el programa Oaxaca es tu tierra, Salom\u00f3n Jara facilita retorno digno, voluntario y productivo de migrantes - LA BRAVA RADIO","isPartOf":{"@id":"https:\/\/www.bbmnoticias.com\/labravaradiofm\/#website"},"primaryImageOfPage":{"@id":"https:\/\/www.bbmnoticias.com\/con-el-programa-oaxaca-es-tu-tierra-salomon-jara-facilita-retorno-digno-voluntario-y-productivo-de-migrantes\/#primaryimage"},"image":{"@id":"https:\/\/www.bbmnoticias.com\/con-el-programa-oaxaca-es-tu-tierra-salomon-jara-facilita-retorno-digno-voluntario-y-productivo-de-migrantes\/#primaryimage"},"thumbnailUrl":"https:\/\/www.bbmnoticias.com\/labravaradiofm\/wp-content\/uploads\/sites\/5\/2025\/12\/thumbnail_GOBERNADOR-CONFERENCIA-2.jpg","datePublished":"2025-12-23T17:40:24+00:00","dateModified":"2025-12-23T17:40:36+00:00","author":{"@id":"https:\/\/www.bbmnoticias.com\/labravaradiofm\/#\/schema\/person\/34b139c617a70ea5bef5678bffe4dd7b"},"breadcrumb":{"@id":"https:\/\/www.bbmnoticias.com\/con-el-programa-oaxaca-es-tu-tierra-salomon-jara-facilita-retorno-digno-voluntario-y-productivo-de-migrantes\/#breadcrumb"},"inLanguage":"es","potentialAction":[{"@type":"ReadAction","target":["https:\/\/www.bbmnoticias.com\/con-el-programa-oaxaca-es-tu-tierra-salomon-jara-facilita-retorno-digno-voluntario-y-productivo-de-migrantes\/"]}]},{"@type":"ImageObject","inLanguage":"es","@id":"https:\/\/www.bbmnoticias.com\/con-el-programa-oaxaca-es-tu-tierra-salomon-jara-facilita-retorno-digno-voluntario-y-productivo-de-migrantes\/#primaryimage","url":"https:\/\/www.bbmnoticias.com\/labravaradiofm\/wp-content\/uploads\/sites\/5\/2025\/12\/thumbnail_GOBERNADOR-CONFERENCIA-2.jpg","contentUrl":"https:\/\/www.bbmnoticias.com\/labravaradiofm\/wp-content\/uploads\/sites\/5\/2025\/12\/thumbnail_GOBERNADOR-CONFERENCIA-2.jpg","width":1920,"height":1279},{"@type":"BreadcrumbList","@id":"https:\/\/www.bbmnoticias.com\/con-el-programa-oaxaca-es-tu-tierra-salomon-jara-facilita-retorno-digno-voluntario-y-productivo-de-migrantes\/#breadcrumb","itemListElement":[{"@type":"ListItem","position":1,"name":"Inicio","item":"https:\/\/www.bbmnoticias.com\/labravaradiofm\/"},{"@type":"ListItem","position":2,"name":"Con el programa Oaxaca es tu tierra, Salom\u00f3n Jara facilita retorno digno, voluntario y productivo de migrantes"}]},{"@type":"WebSite","@id":"https:\/\/www.bbmnoticias.com\/labravaradiofm\/#website","url":"https:\/\/www.bbmnoticias.com\/labravaradiofm\/","name":"LA BRAVA RADIO","description":"Empresa productora de medios, Radiodifusi\u00f3n, Noticias, tendencias y todo lo que necesitas saber de la pol\u00edtica mexicana e internacional; entretenimiento, espect\u00e1culos, salud y mucho m\u00e1s.","potentialAction":[{"@type":"SearchAction","target":{"@type":"EntryPoint","urlTemplate":"https:\/\/www.bbmnoticias.com\/labravaradiofm\/?s={search_term_string}"},"query-input":{"@type":"PropertyValueSpecification","valueRequired":true,"valueName":"search_term_string"}}],"inLanguage":"es"},{"@type":"Person","@id":"https:\/\/www.bbmnoticias.com\/labravaradiofm\/#\/schema\/person\/34b139c617a70ea5bef5678bffe4dd7b","name":"Staff","image":{"@type":"ImageObject","inLanguage":"es","@id":"https:\/\/secure.gravatar.com\/avatar\/fdd21ad66fd8b98c407f9dee5b5e588cfe7f0d8579ec20fa6527cd59bab7f0f0?s=96&d=mm&r=g","url":"https:\/\/secure.gravatar.com\/avatar\/fdd21ad66fd8b98c407f9dee5b5e588cfe7f0d8579ec20fa6527cd59bab7f0f0?s=96&d=mm&r=g","contentUrl":"https:\/\/secure.gravatar.com\/avatar\/fdd21ad66fd8b98c407f9dee5b5e588cfe7f0d8579ec20fa6527cd59bab7f0f0?s=96&d=mm&r=g","caption":"Staff"},"url":"https:\/\/www.bbmnoticias.com\/labravaradiofm\/author\/redaccion\/"}]}},"_links":{"self":[{"href":"https:\/\/www.bbmnoticias.com\/labravaradiofm\/wp-json\/wp\/v2\/posts\/71765","targetHints":{"allow":["GET"]}}],"collection":[{"href":"https:\/\/www.bbmnoticias.com\/labravaradiofm\/wp-json\/wp\/v2\/posts"}],"about":[{"href":"https:\/\/www.bbmnoticias.com\/labravaradiofm\/wp-json\/wp\/v2\/types\/post"}],"author":[{"embeddable":true,"href":"https:\/\/www.bbmnoticias.com\/labravaradiofm\/wp-json\/wp\/v2\/users\/2"}],"replies":[{"embeddable":true,"href":"https:\/\/www.bbmnoticias.com\/labravaradiofm\/wp-json\/wp\/v2\/comments?post=71765"}],"version-history":[{"count":0,"href":"https:\/\/www.bbmnoticias.com\/labravaradiofm\/wp-json\/wp\/v2\/posts\/71765\/revisions"}],"wp:featuredmedia":[{"embeddable":true,"href":"https:\/\/www.bbmnoticias.com\/labravaradiofm\/wp-json\/wp\/v2\/media\/71767"}],"wp:attachment":[{"href":"https:\/\/www.bbmnoticias.com\/labravaradiofm\/wp-json\/wp\/v2\/media?parent=71765"}],"wp:term":[{"taxonomy":"category","embeddable":true,"href":"https:\/\/www.bbmnoticias.com\/labravaradiofm\/wp-json\/wp\/v2\/categories?post=71765"},{"taxonomy":"post_tag","embeddable":true,"href":"https:\/\/www.bbmnoticias.com\/labravaradiofm\/wp-json\/wp\/v2\/tags?post=71765"}],"curies":[{"name":"wp","href":"https:\/\/api.w.org\/{rel}","templated":true}]}}