{"id":71753,"date":"2025-12-23T10:45:19","date_gmt":"2025-12-23T16:45:19","guid":{"rendered":"https:\/\/www.bbmnoticias.com\/labravaradiofm\/2025\/12\/23\/mexico-ya-tendra-la-vacuna-contra-el-virus-sincicial-respiratorio-a-estas-personas-se-les-aplicara\/"},"modified":"2025-12-23T10:45:24","modified_gmt":"2025-12-23T16:45:24","slug":"mexico-ya-tendra-la-vacuna-contra-el-virus-sincicial-respiratorio-a-estas-personas-se-les-aplicara","status":"publish","type":"post","link":"https:\/\/www.bbmnoticias.com\/labravaradiofm\/2025\/12\/23\/mexico-ya-tendra-la-vacuna-contra-el-virus-sincicial-respiratorio-a-estas-personas-se-les-aplicara\/","title":{"rendered":"M\u00e9xico ya tendr\u00e1 la vacuna contra el Virus Sincicial Respiratorio; a estas personas se les aplicar\u00e1"},"content":{"rendered":"<div style=\"margin-top: 0px; margin-bottom: 0px;\" class=\"sharethis-inline-share-buttons\" ><\/div>\n<p>La vacuna contra el <strong>Virus Sincicial Respiratorio<\/strong> (VSR) estar\u00e1 muy pronto disponible en M\u00e9xico en el sector de salud p\u00fablico luego de que \u00e9sta fuera aprobada por la Comisi\u00f3n Federal para la Protecci\u00f3n contra Riesgos Sanitarios (Cofepris) el pasado 16 de diciembre, anunci\u00f3 el secretario de Salud, <strong>David Kershenobich<\/strong>, quien celebr\u00f3 la noticia ya que se proteger\u00e1 a los grupos de la poblaci\u00f3n m\u00e1s vulnerables.<\/p>\n\n\n\n<p>En la <em>ma\u00f1anera<\/em> de este martes de la presidenta <strong>Claudia Sheinbaum<\/strong>, el secretario de Salud precis\u00f3 que la dependencia a su cargo est\u00e1 <strong>en proceso de adquirir la vacuna<\/strong> tras el aval de Cofepris, a fin de tenerla disponible en las cl\u00ednicas del pa\u00eds y empezar a aplicarla en esta temporada invernal cuando hay riesgo de que se presente este virus y ataque a grupos de la poblaci\u00f3n.<\/p>\n\n\n\n<h3 class=\"wp-block-heading\"><\/h3>\n\n\n\n<h3 class=\"wp-block-heading\">La vacuna sincicial respiratoria es muy importante\u201d, puntualiz\u00f3 David Kershenobich y anunci\u00f3 que una vez que ya la tengan se emitir\u00e1n los criterios bajo los cuales se aplicar\u00e1. \u201cYa Cofepris ha autorizado la vacuna, estamos en el proceso de adquirirla ya y nada m\u00e1s habr\u00e1 que precisar bajo que situaci\u00f3n se indica esa vacuna en particular&#8221;, mencion\u00f3.<\/h3>\n\n\n\n<p>El secretario de Salud asegur\u00f3 que en la dependencia a su cargo llevan un <strong>monitoreo constante de las enfermedades respiratorias agudas<\/strong>, por lo que insisti\u00f3 que una vez que la vacuna contra este virus est\u00e9 disponible dar\u00e1n la indicaci\u00f3n &#8220;precisa&#8221; en su momento para aplicarla a la poblaci\u00f3n.<\/p>\n\n\n\n<p>La vacuna contra el Virus Sincicial Respiratorio (VSR) aprobada por la Cofepris a mediados de diciembre est\u00e1 indicada para <strong>dos grupos de la poblaci\u00f3n<\/strong>, a quienes se les suministrar\u00e1 el biol\u00f3gico a fin de protegerlos, en particular en esta temporada invernal cuando pueden presentarse casos por esta enfermedad.<\/p>\n\n\n\n<p>La Cofepris dio su visto bueno y otorg\u00f3&nbsp;<strong>dos registros para la vacuna<\/strong>&nbsp;(bivalente, recombinante) contra el Virus&nbsp;SincicialRespiratorio. Tras un &#8220;riguroso an\u00e1lisis de regulaci\u00f3n&#8221; aprob\u00f3 la vacuna de dos laboratorios que presentaron la documentaci\u00f3n correspondiente a la autoridad regulatoria.<\/p>\n\n\n\n<p>Las vacuna aprobadas por la Cofepris est\u00e1n dirigidas a dos grupos de la poblaci\u00f3n, a quienes se les aplicar\u00e1 el biol\u00f3gico una vez que la Secretar\u00eda de Salud lo haya adquirido. Las personas que recibir\u00e1n la protecci\u00f3n contra este virus ser\u00e1n:<\/p>\n\n\n\n<ul class=\"wp-block-list\">\n<li>Mujeres embarazadas.<\/li>\n\n\n\n<li>Adultos mayores a partir de los 60 a\u00f1os.<\/li>\n<\/ul>\n\n\n\n<p>En el caso de las mujeres embarazadas, la vacuna busca proteger a los beb\u00e9s desde los 0 hasta los seis meses de edad, por lo que la inmunizaci\u00f3n se realizar\u00e1 a trav\u00e9s de la vacunaci\u00f3n materna durante el estado de gestaci\u00f3n. La vacuna&nbsp;<strong>se aplica entre la semana 32 y 36 de gestaci\u00f3<\/strong>n.<\/p>\n\n\n\n<p>Por otro lado, en adultos mayores la aplicaci\u00f3n de la vacuna es para protegerlos de la enfermedad respiratoria aguda y&nbsp;<strong>enfermedad en v\u00edas respiratorias inferiores<\/strong>&nbsp;causadas por el Virus&nbsp;Sincicial&nbsp;Respiratorio (VSR).<\/p>\n\n\n\n<h2 class=\"wp-block-heading\"><strong>\u00bfQu\u00e9 es el Virus Sincicial Respiratorio?<\/strong><\/h2>\n\n\n\n<p>El&nbsp;<strong>virus sincicial respiratorio<\/strong>&nbsp;es una de las principales causas de&nbsp;<strong>infecciones respiratorias en beb\u00e9s y ni\u00f1os peque\u00f1os<\/strong>. Seg\u00fan la Biblioteca Nacional de Medicina de Estados Unidos (NLM), suele confundirse con un resfriado porque provoca s\u00edntomas como tos o escurrimiento nasal, pero puede derivar en bronquiolitis o&nbsp;neumon\u00eda&nbsp;en menores de un a\u00f1o, adultos mayores y personas con padecimientos previos.<\/p>\n","protected":false},"excerpt":{"rendered":"<p>La vacuna contra el Virus Sincicial Respiratorio (VSR) estar\u00e1 muy pronto disponible en M\u00e9xico en el sector de salud p\u00fablico luego de que \u00e9sta fuera aprobada por la Comisi\u00f3n Federal para la Protecci\u00f3n contra Riesgos Sanitarios (Cofepris) el pasado 16 de diciembre, anunci\u00f3 el secretario de Salud, David Kershenobich, quien celebr\u00f3 la noticia ya que [&hellip;]<\/p>\n","protected":false},"author":8,"featured_media":71755,"comment_status":"closed","ping_status":"","sticky":false,"template":"","format":"standard","meta":{"footnotes":""},"categories":[2,19],"tags":[],"class_list":{"0":"post-71753","1":"post","2":"type-post","3":"status-publish","4":"format-standard","5":"has-post-thumbnail","7":"category-oaxaca","8":"category-nacional"},"yoast_head":"<!-- This site is optimized with the Yoast SEO plugin v27.4 - https:\/\/yoast.com\/product\/yoast-seo-wordpress\/ -->\n<title>M\u00e9xico ya tendr\u00e1 la vacuna contra el Virus Sincicial Respiratorio; a estas personas se les aplicar\u00e1 - LA BRAVA RADIO<\/title>\n<meta name=\"robots\" content=\"index, follow, max-snippet:-1, max-image-preview:large, max-video-preview:-1\" \/>\n<link rel=\"canonical\" href=\"https:\/\/www.bbmnoticias.com\/mexico-ya-tendra-la-vacuna-contra-el-virus-sincicial-respiratorio-a-estas-personas-se-les-aplicara\/\" \/>\n<meta property=\"og:locale\" content=\"es_MX\" \/>\n<meta property=\"og:type\" content=\"article\" \/>\n<meta property=\"og:title\" content=\"M\u00e9xico ya tendr\u00e1 la vacuna contra el Virus Sincicial Respiratorio; a estas personas se les aplicar\u00e1 - LA BRAVA RADIO\" \/>\n<meta property=\"og:description\" content=\"La vacuna contra el Virus Sincicial Respiratorio (VSR) estar\u00e1 muy pronto disponible en M\u00e9xico en el sector de salud p\u00fablico luego de que \u00e9sta fuera aprobada por la Comisi\u00f3n Federal para la Protecci\u00f3n contra Riesgos Sanitarios (Cofepris) el pasado 16 de diciembre, anunci\u00f3 el secretario de Salud, David Kershenobich, quien celebr\u00f3 la noticia ya que [&hellip;]\" \/>\n<meta property=\"og:url\" content=\"https:\/\/www.bbmnoticias.com\/mexico-ya-tendra-la-vacuna-contra-el-virus-sincicial-respiratorio-a-estas-personas-se-les-aplicara\/\" \/>\n<meta property=\"og:site_name\" content=\"LA BRAVA RADIO\" \/>\n<meta property=\"article:published_time\" content=\"2025-12-23T16:45:19+00:00\" \/>\n<meta property=\"article:modified_time\" content=\"2025-12-23T16:45:24+00:00\" \/>\n<meta property=\"og:image\" content=\"https:\/\/www.bbmnoticias.com\/labravaradiofm\/wp-content\/uploads\/sites\/5\/2025\/12\/694ac077b857d.r_d.2763-1075-5882.jpeg\" \/>\n\t<meta property=\"og:image:width\" content=\"800\" \/>\n\t<meta property=\"og:image:height\" content=\"450\" \/>\n\t<meta property=\"og:image:type\" content=\"image\/jpeg\" \/>\n<meta name=\"author\" content=\"Exc\u00e9lsior\" \/>\n<meta name=\"twitter:card\" content=\"summary_large_image\" \/>\n<meta name=\"twitter:label1\" content=\"Escrito por\" \/>\n\t<meta name=\"twitter:data1\" content=\"Exc\u00e9lsior\" \/>\n\t<meta name=\"twitter:label2\" content=\"Tiempo de lectura\" \/>\n\t<meta name=\"twitter:data2\" content=\"3 minutos\" \/>\n<script type=\"application\/ld+json\" class=\"yoast-schema-graph\">{\"@context\":\"https:\\\/\\\/schema.org\",\"@graph\":[{\"@type\":\"Article\",\"@id\":\"https:\\\/\\\/www.bbmnoticias.com\\\/mexico-ya-tendra-la-vacuna-contra-el-virus-sincicial-respiratorio-a-estas-personas-se-les-aplicara\\\/#article\",\"isPartOf\":{\"@id\":\"https:\\\/\\\/www.bbmnoticias.com\\\/labravaradiofm\\\/2025\\\/12\\\/23\\\/mexico-ya-tendra-la-vacuna-contra-el-virus-sincicial-respiratorio-a-estas-personas-se-les-aplicara\\\/\"},\"author\":{\"name\":\"Exc\u00e9lsior\",\"@id\":\"https:\\\/\\\/www.bbmnoticias.com\\\/labravaradiofm\\\/#\\\/schema\\\/person\\\/279575048ab2ce30543ef887b4b9095f\"},\"headline\":\"M\u00e9xico ya tendr\u00e1 la vacuna contra el Virus Sincicial Respiratorio; a estas personas se les aplicar\u00e1\",\"datePublished\":\"2025-12-23T16:45:19+00:00\",\"dateModified\":\"2025-12-23T16:45:24+00:00\",\"mainEntityOfPage\":{\"@id\":\"https:\\\/\\\/www.bbmnoticias.com\\\/labravaradiofm\\\/2025\\\/12\\\/23\\\/mexico-ya-tendra-la-vacuna-contra-el-virus-sincicial-respiratorio-a-estas-personas-se-les-aplicara\\\/\"},\"wordCount\":597,\"image\":{\"@id\":\"https:\\\/\\\/www.bbmnoticias.com\\\/mexico-ya-tendra-la-vacuna-contra-el-virus-sincicial-respiratorio-a-estas-personas-se-les-aplicara\\\/#primaryimage\"},\"thumbnailUrl\":\"https:\\\/\\\/www.bbmnoticias.com\\\/labravaradiofm\\\/wp-content\\\/uploads\\\/sites\\\/5\\\/2025\\\/12\\\/694ac077b857d.r_d.2763-1075-5882.jpeg\",\"articleSection\":[\"LOCAL\",\"NACIONAL\"],\"inLanguage\":\"es\"},{\"@type\":\"WebPage\",\"@id\":\"https:\\\/\\\/www.bbmnoticias.com\\\/labravaradiofm\\\/2025\\\/12\\\/23\\\/mexico-ya-tendra-la-vacuna-contra-el-virus-sincicial-respiratorio-a-estas-personas-se-les-aplicara\\\/\",\"url\":\"https:\\\/\\\/www.bbmnoticias.com\\\/mexico-ya-tendra-la-vacuna-contra-el-virus-sincicial-respiratorio-a-estas-personas-se-les-aplicara\\\/\",\"name\":\"M\u00e9xico ya tendr\u00e1 la vacuna contra el Virus Sincicial Respiratorio; a estas personas se les aplicar\u00e1 - LA BRAVA RADIO\",\"isPartOf\":{\"@id\":\"https:\\\/\\\/www.bbmnoticias.com\\\/labravaradiofm\\\/#website\"},\"primaryImageOfPage\":{\"@id\":\"https:\\\/\\\/www.bbmnoticias.com\\\/mexico-ya-tendra-la-vacuna-contra-el-virus-sincicial-respiratorio-a-estas-personas-se-les-aplicara\\\/#primaryimage\"},\"image\":{\"@id\":\"https:\\\/\\\/www.bbmnoticias.com\\\/mexico-ya-tendra-la-vacuna-contra-el-virus-sincicial-respiratorio-a-estas-personas-se-les-aplicara\\\/#primaryimage\"},\"thumbnailUrl\":\"https:\\\/\\\/www.bbmnoticias.com\\\/labravaradiofm\\\/wp-content\\\/uploads\\\/sites\\\/5\\\/2025\\\/12\\\/694ac077b857d.r_d.2763-1075-5882.jpeg\",\"datePublished\":\"2025-12-23T16:45:19+00:00\",\"dateModified\":\"2025-12-23T16:45:24+00:00\",\"author\":{\"@id\":\"https:\\\/\\\/www.bbmnoticias.com\\\/labravaradiofm\\\/#\\\/schema\\\/person\\\/279575048ab2ce30543ef887b4b9095f\"},\"breadcrumb\":{\"@id\":\"https:\\\/\\\/www.bbmnoticias.com\\\/mexico-ya-tendra-la-vacuna-contra-el-virus-sincicial-respiratorio-a-estas-personas-se-les-aplicara\\\/#breadcrumb\"},\"inLanguage\":\"es\",\"potentialAction\":[{\"@type\":\"ReadAction\",\"target\":[\"https:\\\/\\\/www.bbmnoticias.com\\\/mexico-ya-tendra-la-vacuna-contra-el-virus-sincicial-respiratorio-a-estas-personas-se-les-aplicara\\\/\"]}]},{\"@type\":\"ImageObject\",\"inLanguage\":\"es\",\"@id\":\"https:\\\/\\\/www.bbmnoticias.com\\\/mexico-ya-tendra-la-vacuna-contra-el-virus-sincicial-respiratorio-a-estas-personas-se-les-aplicara\\\/#primaryimage\",\"url\":\"https:\\\/\\\/www.bbmnoticias.com\\\/labravaradiofm\\\/wp-content\\\/uploads\\\/sites\\\/5\\\/2025\\\/12\\\/694ac077b857d.r_d.2763-1075-5882.jpeg\",\"contentUrl\":\"https:\\\/\\\/www.bbmnoticias.com\\\/labravaradiofm\\\/wp-content\\\/uploads\\\/sites\\\/5\\\/2025\\\/12\\\/694ac077b857d.r_d.2763-1075-5882.jpeg\",\"width\":800,\"height\":450},{\"@type\":\"BreadcrumbList\",\"@id\":\"https:\\\/\\\/www.bbmnoticias.com\\\/mexico-ya-tendra-la-vacuna-contra-el-virus-sincicial-respiratorio-a-estas-personas-se-les-aplicara\\\/#breadcrumb\",\"itemListElement\":[{\"@type\":\"ListItem\",\"position\":1,\"name\":\"Inicio\",\"item\":\"https:\\\/\\\/www.bbmnoticias.com\\\/labravaradiofm\\\/\"},{\"@type\":\"ListItem\",\"position\":2,\"name\":\"M\u00e9xico ya tendr\u00e1 la vacuna contra el Virus Sincicial Respiratorio; a estas personas se les aplicar\u00e1\"}]},{\"@type\":\"WebSite\",\"@id\":\"https:\\\/\\\/www.bbmnoticias.com\\\/labravaradiofm\\\/#website\",\"url\":\"https:\\\/\\\/www.bbmnoticias.com\\\/labravaradiofm\\\/\",\"name\":\"LA BRAVA RADIO\",\"description\":\"Empresa productora de medios, Radiodifusi\u00f3n, Noticias, tendencias y todo lo que necesitas saber de la pol\u00edtica mexicana e internacional; entretenimiento, espect\u00e1culos, salud y mucho m\u00e1s.\",\"potentialAction\":[{\"@type\":\"SearchAction\",\"target\":{\"@type\":\"EntryPoint\",\"urlTemplate\":\"https:\\\/\\\/www.bbmnoticias.com\\\/labravaradiofm\\\/?s={search_term_string}\"},\"query-input\":{\"@type\":\"PropertyValueSpecification\",\"valueRequired\":true,\"valueName\":\"search_term_string\"}}],\"inLanguage\":\"es\"},{\"@type\":\"Person\",\"@id\":\"https:\\\/\\\/www.bbmnoticias.com\\\/labravaradiofm\\\/#\\\/schema\\\/person\\\/279575048ab2ce30543ef887b4b9095f\",\"name\":\"Exc\u00e9lsior\",\"image\":{\"@type\":\"ImageObject\",\"inLanguage\":\"es\",\"@id\":\"https:\\\/\\\/secure.gravatar.com\\\/avatar\\\/497265c4dbe1cd0e2f3f1b19aba0f5779c7f95d09e139a5b83c1ecd47b4e780d?s=96&d=mm&r=g\",\"url\":\"https:\\\/\\\/secure.gravatar.com\\\/avatar\\\/497265c4dbe1cd0e2f3f1b19aba0f5779c7f95d09e139a5b83c1ecd47b4e780d?s=96&d=mm&r=g\",\"contentUrl\":\"https:\\\/\\\/secure.gravatar.com\\\/avatar\\\/497265c4dbe1cd0e2f3f1b19aba0f5779c7f95d09e139a5b83c1ecd47b4e780d?s=96&d=mm&r=g\",\"caption\":\"Exc\u00e9lsior\"},\"url\":\"https:\\\/\\\/www.bbmnoticias.com\\\/labravaradiofm\\\/author\\\/excelsior\\\/\"}]}<\/script>\n<!-- \/ Yoast SEO plugin. -->","yoast_head_json":{"title":"M\u00e9xico ya tendr\u00e1 la vacuna contra el Virus Sincicial Respiratorio; a estas personas se les aplicar\u00e1 - LA BRAVA RADIO","robots":{"index":"index","follow":"follow","max-snippet":"max-snippet:-1","max-image-preview":"max-image-preview:large","max-video-preview":"max-video-preview:-1"},"canonical":"https:\/\/www.bbmnoticias.com\/mexico-ya-tendra-la-vacuna-contra-el-virus-sincicial-respiratorio-a-estas-personas-se-les-aplicara\/","og_locale":"es_MX","og_type":"article","og_title":"M\u00e9xico ya tendr\u00e1 la vacuna contra el Virus Sincicial Respiratorio; a estas personas se les aplicar\u00e1 - LA BRAVA RADIO","og_description":"La vacuna contra el Virus Sincicial Respiratorio (VSR) estar\u00e1 muy pronto disponible en M\u00e9xico en el sector de salud p\u00fablico luego de que \u00e9sta fuera aprobada por la Comisi\u00f3n Federal para la Protecci\u00f3n contra Riesgos Sanitarios (Cofepris) el pasado 16 de diciembre, anunci\u00f3 el secretario de Salud, David Kershenobich, quien celebr\u00f3 la noticia ya que [&hellip;]","og_url":"https:\/\/www.bbmnoticias.com\/mexico-ya-tendra-la-vacuna-contra-el-virus-sincicial-respiratorio-a-estas-personas-se-les-aplicara\/","og_site_name":"LA BRAVA RADIO","article_published_time":"2025-12-23T16:45:19+00:00","article_modified_time":"2025-12-23T16:45:24+00:00","og_image":[{"width":800,"height":450,"url":"https:\/\/www.bbmnoticias.com\/labravaradiofm\/wp-content\/uploads\/sites\/5\/2025\/12\/694ac077b857d.r_d.2763-1075-5882.jpeg","type":"image\/jpeg"}],"author":"Exc\u00e9lsior","twitter_card":"summary_large_image","twitter_misc":{"Escrito por":"Exc\u00e9lsior","Tiempo de lectura":"3 minutos"},"schema":{"@context":"https:\/\/schema.org","@graph":[{"@type":"Article","@id":"https:\/\/www.bbmnoticias.com\/mexico-ya-tendra-la-vacuna-contra-el-virus-sincicial-respiratorio-a-estas-personas-se-les-aplicara\/#article","isPartOf":{"@id":"https:\/\/www.bbmnoticias.com\/labravaradiofm\/2025\/12\/23\/mexico-ya-tendra-la-vacuna-contra-el-virus-sincicial-respiratorio-a-estas-personas-se-les-aplicara\/"},"author":{"name":"Exc\u00e9lsior","@id":"https:\/\/www.bbmnoticias.com\/labravaradiofm\/#\/schema\/person\/279575048ab2ce30543ef887b4b9095f"},"headline":"M\u00e9xico ya tendr\u00e1 la vacuna contra el Virus Sincicial Respiratorio; a estas personas se les aplicar\u00e1","datePublished":"2025-12-23T16:45:19+00:00","dateModified":"2025-12-23T16:45:24+00:00","mainEntityOfPage":{"@id":"https:\/\/www.bbmnoticias.com\/labravaradiofm\/2025\/12\/23\/mexico-ya-tendra-la-vacuna-contra-el-virus-sincicial-respiratorio-a-estas-personas-se-les-aplicara\/"},"wordCount":597,"image":{"@id":"https:\/\/www.bbmnoticias.com\/mexico-ya-tendra-la-vacuna-contra-el-virus-sincicial-respiratorio-a-estas-personas-se-les-aplicara\/#primaryimage"},"thumbnailUrl":"https:\/\/www.bbmnoticias.com\/labravaradiofm\/wp-content\/uploads\/sites\/5\/2025\/12\/694ac077b857d.r_d.2763-1075-5882.jpeg","articleSection":["LOCAL","NACIONAL"],"inLanguage":"es"},{"@type":"WebPage","@id":"https:\/\/www.bbmnoticias.com\/labravaradiofm\/2025\/12\/23\/mexico-ya-tendra-la-vacuna-contra-el-virus-sincicial-respiratorio-a-estas-personas-se-les-aplicara\/","url":"https:\/\/www.bbmnoticias.com\/mexico-ya-tendra-la-vacuna-contra-el-virus-sincicial-respiratorio-a-estas-personas-se-les-aplicara\/","name":"M\u00e9xico ya tendr\u00e1 la vacuna contra el Virus Sincicial Respiratorio; a estas personas se les aplicar\u00e1 - LA BRAVA RADIO","isPartOf":{"@id":"https:\/\/www.bbmnoticias.com\/labravaradiofm\/#website"},"primaryImageOfPage":{"@id":"https:\/\/www.bbmnoticias.com\/mexico-ya-tendra-la-vacuna-contra-el-virus-sincicial-respiratorio-a-estas-personas-se-les-aplicara\/#primaryimage"},"image":{"@id":"https:\/\/www.bbmnoticias.com\/mexico-ya-tendra-la-vacuna-contra-el-virus-sincicial-respiratorio-a-estas-personas-se-les-aplicara\/#primaryimage"},"thumbnailUrl":"https:\/\/www.bbmnoticias.com\/labravaradiofm\/wp-content\/uploads\/sites\/5\/2025\/12\/694ac077b857d.r_d.2763-1075-5882.jpeg","datePublished":"2025-12-23T16:45:19+00:00","dateModified":"2025-12-23T16:45:24+00:00","author":{"@id":"https:\/\/www.bbmnoticias.com\/labravaradiofm\/#\/schema\/person\/279575048ab2ce30543ef887b4b9095f"},"breadcrumb":{"@id":"https:\/\/www.bbmnoticias.com\/mexico-ya-tendra-la-vacuna-contra-el-virus-sincicial-respiratorio-a-estas-personas-se-les-aplicara\/#breadcrumb"},"inLanguage":"es","potentialAction":[{"@type":"ReadAction","target":["https:\/\/www.bbmnoticias.com\/mexico-ya-tendra-la-vacuna-contra-el-virus-sincicial-respiratorio-a-estas-personas-se-les-aplicara\/"]}]},{"@type":"ImageObject","inLanguage":"es","@id":"https:\/\/www.bbmnoticias.com\/mexico-ya-tendra-la-vacuna-contra-el-virus-sincicial-respiratorio-a-estas-personas-se-les-aplicara\/#primaryimage","url":"https:\/\/www.bbmnoticias.com\/labravaradiofm\/wp-content\/uploads\/sites\/5\/2025\/12\/694ac077b857d.r_d.2763-1075-5882.jpeg","contentUrl":"https:\/\/www.bbmnoticias.com\/labravaradiofm\/wp-content\/uploads\/sites\/5\/2025\/12\/694ac077b857d.r_d.2763-1075-5882.jpeg","width":800,"height":450},{"@type":"BreadcrumbList","@id":"https:\/\/www.bbmnoticias.com\/mexico-ya-tendra-la-vacuna-contra-el-virus-sincicial-respiratorio-a-estas-personas-se-les-aplicara\/#breadcrumb","itemListElement":[{"@type":"ListItem","position":1,"name":"Inicio","item":"https:\/\/www.bbmnoticias.com\/labravaradiofm\/"},{"@type":"ListItem","position":2,"name":"M\u00e9xico ya tendr\u00e1 la vacuna contra el Virus Sincicial Respiratorio; a estas personas se les aplicar\u00e1"}]},{"@type":"WebSite","@id":"https:\/\/www.bbmnoticias.com\/labravaradiofm\/#website","url":"https:\/\/www.bbmnoticias.com\/labravaradiofm\/","name":"LA BRAVA RADIO","description":"Empresa productora de medios, Radiodifusi\u00f3n, Noticias, tendencias y todo lo que necesitas saber de la pol\u00edtica mexicana e internacional; entretenimiento, espect\u00e1culos, salud y mucho m\u00e1s.","potentialAction":[{"@type":"SearchAction","target":{"@type":"EntryPoint","urlTemplate":"https:\/\/www.bbmnoticias.com\/labravaradiofm\/?s={search_term_string}"},"query-input":{"@type":"PropertyValueSpecification","valueRequired":true,"valueName":"search_term_string"}}],"inLanguage":"es"},{"@type":"Person","@id":"https:\/\/www.bbmnoticias.com\/labravaradiofm\/#\/schema\/person\/279575048ab2ce30543ef887b4b9095f","name":"Exc\u00e9lsior","image":{"@type":"ImageObject","inLanguage":"es","@id":"https:\/\/secure.gravatar.com\/avatar\/497265c4dbe1cd0e2f3f1b19aba0f5779c7f95d09e139a5b83c1ecd47b4e780d?s=96&d=mm&r=g","url":"https:\/\/secure.gravatar.com\/avatar\/497265c4dbe1cd0e2f3f1b19aba0f5779c7f95d09e139a5b83c1ecd47b4e780d?s=96&d=mm&r=g","contentUrl":"https:\/\/secure.gravatar.com\/avatar\/497265c4dbe1cd0e2f3f1b19aba0f5779c7f95d09e139a5b83c1ecd47b4e780d?s=96&d=mm&r=g","caption":"Exc\u00e9lsior"},"url":"https:\/\/www.bbmnoticias.com\/labravaradiofm\/author\/excelsior\/"}]}},"_links":{"self":[{"href":"https:\/\/www.bbmnoticias.com\/labravaradiofm\/wp-json\/wp\/v2\/posts\/71753","targetHints":{"allow":["GET"]}}],"collection":[{"href":"https:\/\/www.bbmnoticias.com\/labravaradiofm\/wp-json\/wp\/v2\/posts"}],"about":[{"href":"https:\/\/www.bbmnoticias.com\/labravaradiofm\/wp-json\/wp\/v2\/types\/post"}],"author":[{"embeddable":true,"href":"https:\/\/www.bbmnoticias.com\/labravaradiofm\/wp-json\/wp\/v2\/users\/8"}],"replies":[{"embeddable":true,"href":"https:\/\/www.bbmnoticias.com\/labravaradiofm\/wp-json\/wp\/v2\/comments?post=71753"}],"version-history":[{"count":0,"href":"https:\/\/www.bbmnoticias.com\/labravaradiofm\/wp-json\/wp\/v2\/posts\/71753\/revisions"}],"wp:featuredmedia":[{"embeddable":true,"href":"https:\/\/www.bbmnoticias.com\/labravaradiofm\/wp-json\/wp\/v2\/media\/71755"}],"wp:attachment":[{"href":"https:\/\/www.bbmnoticias.com\/labravaradiofm\/wp-json\/wp\/v2\/media?parent=71753"}],"wp:term":[{"taxonomy":"category","embeddable":true,"href":"https:\/\/www.bbmnoticias.com\/labravaradiofm\/wp-json\/wp\/v2\/categories?post=71753"},{"taxonomy":"post_tag","embeddable":true,"href":"https:\/\/www.bbmnoticias.com\/labravaradiofm\/wp-json\/wp\/v2\/tags?post=71753"}],"curies":[{"name":"wp","href":"https:\/\/api.w.org\/{rel}","templated":true}]}}