{"id":71750,"date":"2025-12-23T10:39:46","date_gmt":"2025-12-23T16:39:46","guid":{"rendered":"https:\/\/www.bbmnoticias.com\/labravaradiofm\/2025\/12\/23\/inflacion-de-mexico-se-desacelera-en-primera-quincena-de-diciembre-llego-a-3-72\/"},"modified":"2025-12-23T10:41:54","modified_gmt":"2025-12-23T16:41:54","slug":"inflacion-de-mexico-se-desacelera-en-primera-quincena-de-diciembre-llego-a-3-72","status":"publish","type":"post","link":"https:\/\/www.bbmnoticias.com\/labravaradiofm\/2025\/12\/23\/inflacion-de-mexico-se-desacelera-en-primera-quincena-de-diciembre-llego-a-3-72\/","title":{"rendered":"Inflaci\u00f3n de M\u00e9xico se desacelera en primera quincena de diciembre; lleg\u00f3 a 3.72%"},"content":{"rendered":"<div style=\"margin-top: 0px; margin-bottom: 0px;\" class=\"sharethis-inline-share-buttons\" ><\/div>\n<p>La <strong>inflaci\u00f3n interanual de M\u00e9xico<\/strong> se desaceler\u00f3 en la primera quincena de diciembre de 2025 m\u00e1s de lo previsto, aunque el \u00edndice subyacente permaneci\u00f3 por encima de la meta oficial, reforzando las perspectivas de que el Banco de M\u00e9xico (Banxico) pondr\u00e1 pausa a su ciclo de recortes a la tasa clave de inter\u00e9s.<\/p>\n\n\n\n<p>El \u00cdndice Nacional de Precios al Consumidor (INPC) se moder\u00f3 a un <strong>3.72% a tasa interanual<\/strong>, luego de dos quincenas continuas en ascenso, de acuerdo con datos dados a conocer este martes por el&nbsp;<strong>Instituto Nacional de Estad\u00edstica y Geograf\u00eda (Inegi).<\/strong><\/p>\n\n\n\n<p>Por su parte, la <strong>inflaci\u00f3n subyacente<\/strong>, considerada un mejor par\u00e1metro para medir la trayectoria de los precios porque elimina productos de alta volatilidad, disminuy\u00f3 a un 4.34%, aun as\u00ed, continu\u00f3 por encima del objetivo permanente del Banxico de un 3% +\/- un punto porcentual.<\/p>\n\n\n\n<p>S\u00f3lo en los primeros 15 d\u00edas de diciembre, los precios aumentaron un 0.17%, mientras que el \u00edndice subyacente arroj\u00f3 una tasa del 0.31%, precis\u00f3 el Inegi. A su interior, los&nbsp;<strong>precios de las mercanc\u00edas subieron 0.13%<\/strong>&nbsp;y los de servicios, 0.47 por ciento.<\/p>\n\n\n\n<p>En tanto el \u00edndice no subyacente retrocedi\u00f3 0.30 por ciento. Al interior de este, los <strong>precios de frutas y verduras cayeron 1.54%<\/strong>, mientras que los de energ\u00e9ticos y tarifas autorizadas por el gobierno ascendieron 0.21 %.<\/p>\n\n\n\n<p>Los rubros que <strong>m\u00e1s incrementos<\/strong> sufrieron en la quincena fueron el <strong>transporte a\u00e9reo, las loncher\u00edas, fondas, torter\u00edas y taquer\u00edas<\/strong> y los servicios tur\u00edsticos en paquete, mientras que el jitomate, el huevo y el pollo fueron los que m\u00e1s bajaron.<\/p>\n\n\n\n<h2 class=\"wp-block-heading\">Productos que m\u00e1s subieron de precio en primera quincena de diciembre<\/h2>\n\n\n\n<p>Los productos y servicios que m\u00e1s subieron de precio en los primeros 15 d\u00edas de diciembre fueron:<\/p>\n\n\n\n<ul class=\"wp-block-list\">\n<li><strong>Transporte a\u00e9reo, con un aumento del 38.25%.<\/strong><\/li>\n\n\n\n<li>Tomate verde, con un incremento del 10.69%.<\/li>\n\n\n\n<li>Servicio tur\u00edsticos en paquete, con una alza del 9.02%.<\/li>\n\n\n\n<li>Az\u00facar, con un aumento del 3.36%.<\/li>\n<\/ul>\n\n\n\n<h2 class=\"wp-block-heading\">Productos que m\u00e1s bajaron de precio en primera quincena de diciembre<\/h2>\n\n\n\n<p>En contraste, los productos y servicios que m\u00e1s bajaron de precio en la primera quincena de diciembre fueron<\/p>\n\n\n\n<ul class=\"wp-block-list\">\n<li><strong>Calabacita, con una reducci\u00f3n del 10.62%.<\/strong><\/li>\n\n\n\n<li>Chile serrano, con una disminuci\u00f3n del 7.80%.<\/li>\n\n\n\n<li>Papaya, con un decremento del 6.58%.<\/li>\n\n\n\n<li>Jitomate, con una reducci\u00f3n del 4.84%.<\/li>\n\n\n\n<li>Otras verduras y legumbres, con una disminuci\u00f3n del 3.52%<\/li>\n<\/ul>\n\n\n\n<p><em>Con informaci\u00f3n de Reuters<\/em><\/p>\n","protected":false},"excerpt":{"rendered":"<p>La inflaci\u00f3n interanual de M\u00e9xico se desaceler\u00f3 en la primera quincena de diciembre de 2025 m\u00e1s de lo previsto, aunque el \u00edndice subyacente permaneci\u00f3 por encima de la meta oficial, reforzando las perspectivas de que el Banco de M\u00e9xico (Banxico) pondr\u00e1 pausa a su ciclo de recortes a la tasa clave de inter\u00e9s. El \u00cdndice [&hellip;]<\/p>\n","protected":false},"author":8,"featured_media":71752,"comment_status":"closed","ping_status":"","sticky":false,"template":"","format":"standard","meta":{"footnotes":""},"categories":[2,19],"tags":[],"class_list":{"0":"post-71750","1":"post","2":"type-post","3":"status-publish","4":"format-standard","5":"has-post-thumbnail","7":"category-oaxaca","8":"category-nacional"},"yoast_head":"<!-- This site is optimized with the Yoast SEO plugin v27.4 - https:\/\/yoast.com\/product\/yoast-seo-wordpress\/ -->\n<title>Inflaci\u00f3n de M\u00e9xico se desacelera en primera quincena de diciembre; lleg\u00f3 a 3.72% - LA BRAVA RADIO<\/title>\n<meta name=\"robots\" content=\"index, follow, max-snippet:-1, max-image-preview:large, max-video-preview:-1\" \/>\n<link rel=\"canonical\" href=\"https:\/\/www.bbmnoticias.com\/inflacion-de-mexico-se-desacelera-en-primera-quincena-de-diciembre-llego-a-3-72\/\" \/>\n<meta property=\"og:locale\" content=\"es_MX\" \/>\n<meta property=\"og:type\" content=\"article\" \/>\n<meta property=\"og:title\" content=\"Inflaci\u00f3n de M\u00e9xico se desacelera en primera quincena de diciembre; lleg\u00f3 a 3.72% - LA BRAVA RADIO\" \/>\n<meta property=\"og:description\" content=\"La inflaci\u00f3n interanual de M\u00e9xico se desaceler\u00f3 en la primera quincena de diciembre de 2025 m\u00e1s de lo previsto, aunque el \u00edndice subyacente permaneci\u00f3 por encima de la meta oficial, reforzando las perspectivas de que el Banco de M\u00e9xico (Banxico) pondr\u00e1 pausa a su ciclo de recortes a la tasa clave de inter\u00e9s. El \u00cdndice [&hellip;]\" \/>\n<meta property=\"og:url\" content=\"https:\/\/www.bbmnoticias.com\/inflacion-de-mexico-se-desacelera-en-primera-quincena-de-diciembre-llego-a-3-72\/\" \/>\n<meta property=\"og:site_name\" content=\"LA BRAVA RADIO\" \/>\n<meta property=\"article:published_time\" content=\"2025-12-23T16:39:46+00:00\" \/>\n<meta property=\"article:modified_time\" content=\"2025-12-23T16:41:54+00:00\" \/>\n<meta property=\"og:image\" content=\"https:\/\/www.bbmnoticias.com\/labravaradiofm\/wp-content\/uploads\/sites\/5\/2025\/12\/694aa0db4c582.jpeg\" \/>\n\t<meta property=\"og:image:width\" content=\"1200\" \/>\n\t<meta property=\"og:image:height\" content=\"800\" \/>\n\t<meta property=\"og:image:type\" content=\"image\/jpeg\" \/>\n<meta name=\"author\" content=\"Exc\u00e9lsior\" \/>\n<meta name=\"twitter:card\" content=\"summary_large_image\" \/>\n<meta name=\"twitter:label1\" content=\"Escrito por\" \/>\n\t<meta name=\"twitter:data1\" content=\"Exc\u00e9lsior\" \/>\n\t<meta name=\"twitter:label2\" content=\"Tiempo de lectura\" \/>\n\t<meta name=\"twitter:data2\" content=\"2 minutos\" \/>\n<script type=\"application\/ld+json\" class=\"yoast-schema-graph\">{\"@context\":\"https:\\\/\\\/schema.org\",\"@graph\":[{\"@type\":\"Article\",\"@id\":\"https:\\\/\\\/www.bbmnoticias.com\\\/inflacion-de-mexico-se-desacelera-en-primera-quincena-de-diciembre-llego-a-3-72\\\/#article\",\"isPartOf\":{\"@id\":\"https:\\\/\\\/www.bbmnoticias.com\\\/labravaradiofm\\\/2025\\\/12\\\/23\\\/inflacion-de-mexico-se-desacelera-en-primera-quincena-de-diciembre-llego-a-3-72\\\/\"},\"author\":{\"name\":\"Exc\u00e9lsior\",\"@id\":\"https:\\\/\\\/www.bbmnoticias.com\\\/labravaradiofm\\\/#\\\/schema\\\/person\\\/279575048ab2ce30543ef887b4b9095f\"},\"headline\":\"Inflaci\u00f3n de M\u00e9xico se desacelera en primera quincena de diciembre; lleg\u00f3 a 3.72%\",\"datePublished\":\"2025-12-23T16:39:46+00:00\",\"dateModified\":\"2025-12-23T16:41:54+00:00\",\"mainEntityOfPage\":{\"@id\":\"https:\\\/\\\/www.bbmnoticias.com\\\/labravaradiofm\\\/2025\\\/12\\\/23\\\/inflacion-de-mexico-se-desacelera-en-primera-quincena-de-diciembre-llego-a-3-72\\\/\"},\"wordCount\":407,\"image\":{\"@id\":\"https:\\\/\\\/www.bbmnoticias.com\\\/inflacion-de-mexico-se-desacelera-en-primera-quincena-de-diciembre-llego-a-3-72\\\/#primaryimage\"},\"thumbnailUrl\":\"https:\\\/\\\/www.bbmnoticias.com\\\/labravaradiofm\\\/wp-content\\\/uploads\\\/sites\\\/5\\\/2025\\\/12\\\/694aa0db4c582.jpeg\",\"articleSection\":[\"LOCAL\",\"NACIONAL\"],\"inLanguage\":\"es\"},{\"@type\":\"WebPage\",\"@id\":\"https:\\\/\\\/www.bbmnoticias.com\\\/labravaradiofm\\\/2025\\\/12\\\/23\\\/inflacion-de-mexico-se-desacelera-en-primera-quincena-de-diciembre-llego-a-3-72\\\/\",\"url\":\"https:\\\/\\\/www.bbmnoticias.com\\\/inflacion-de-mexico-se-desacelera-en-primera-quincena-de-diciembre-llego-a-3-72\\\/\",\"name\":\"Inflaci\u00f3n de M\u00e9xico se desacelera en primera quincena de diciembre; lleg\u00f3 a 3.72% - LA BRAVA RADIO\",\"isPartOf\":{\"@id\":\"https:\\\/\\\/www.bbmnoticias.com\\\/labravaradiofm\\\/#website\"},\"primaryImageOfPage\":{\"@id\":\"https:\\\/\\\/www.bbmnoticias.com\\\/inflacion-de-mexico-se-desacelera-en-primera-quincena-de-diciembre-llego-a-3-72\\\/#primaryimage\"},\"image\":{\"@id\":\"https:\\\/\\\/www.bbmnoticias.com\\\/inflacion-de-mexico-se-desacelera-en-primera-quincena-de-diciembre-llego-a-3-72\\\/#primaryimage\"},\"thumbnailUrl\":\"https:\\\/\\\/www.bbmnoticias.com\\\/labravaradiofm\\\/wp-content\\\/uploads\\\/sites\\\/5\\\/2025\\\/12\\\/694aa0db4c582.jpeg\",\"datePublished\":\"2025-12-23T16:39:46+00:00\",\"dateModified\":\"2025-12-23T16:41:54+00:00\",\"author\":{\"@id\":\"https:\\\/\\\/www.bbmnoticias.com\\\/labravaradiofm\\\/#\\\/schema\\\/person\\\/279575048ab2ce30543ef887b4b9095f\"},\"breadcrumb\":{\"@id\":\"https:\\\/\\\/www.bbmnoticias.com\\\/inflacion-de-mexico-se-desacelera-en-primera-quincena-de-diciembre-llego-a-3-72\\\/#breadcrumb\"},\"inLanguage\":\"es\",\"potentialAction\":[{\"@type\":\"ReadAction\",\"target\":[\"https:\\\/\\\/www.bbmnoticias.com\\\/inflacion-de-mexico-se-desacelera-en-primera-quincena-de-diciembre-llego-a-3-72\\\/\"]}]},{\"@type\":\"ImageObject\",\"inLanguage\":\"es\",\"@id\":\"https:\\\/\\\/www.bbmnoticias.com\\\/inflacion-de-mexico-se-desacelera-en-primera-quincena-de-diciembre-llego-a-3-72\\\/#primaryimage\",\"url\":\"https:\\\/\\\/www.bbmnoticias.com\\\/labravaradiofm\\\/wp-content\\\/uploads\\\/sites\\\/5\\\/2025\\\/12\\\/694aa0db4c582.jpeg\",\"contentUrl\":\"https:\\\/\\\/www.bbmnoticias.com\\\/labravaradiofm\\\/wp-content\\\/uploads\\\/sites\\\/5\\\/2025\\\/12\\\/694aa0db4c582.jpeg\",\"width\":1200,\"height\":800},{\"@type\":\"BreadcrumbList\",\"@id\":\"https:\\\/\\\/www.bbmnoticias.com\\\/inflacion-de-mexico-se-desacelera-en-primera-quincena-de-diciembre-llego-a-3-72\\\/#breadcrumb\",\"itemListElement\":[{\"@type\":\"ListItem\",\"position\":1,\"name\":\"Inicio\",\"item\":\"https:\\\/\\\/www.bbmnoticias.com\\\/labravaradiofm\\\/\"},{\"@type\":\"ListItem\",\"position\":2,\"name\":\"Inflaci\u00f3n de M\u00e9xico se desacelera en primera quincena de diciembre; lleg\u00f3 a 3.72%\"}]},{\"@type\":\"WebSite\",\"@id\":\"https:\\\/\\\/www.bbmnoticias.com\\\/labravaradiofm\\\/#website\",\"url\":\"https:\\\/\\\/www.bbmnoticias.com\\\/labravaradiofm\\\/\",\"name\":\"LA BRAVA RADIO\",\"description\":\"Empresa productora de medios, Radiodifusi\u00f3n, Noticias, tendencias y todo lo que necesitas saber de la pol\u00edtica mexicana e internacional; entretenimiento, espect\u00e1culos, salud y mucho m\u00e1s.\",\"potentialAction\":[{\"@type\":\"SearchAction\",\"target\":{\"@type\":\"EntryPoint\",\"urlTemplate\":\"https:\\\/\\\/www.bbmnoticias.com\\\/labravaradiofm\\\/?s={search_term_string}\"},\"query-input\":{\"@type\":\"PropertyValueSpecification\",\"valueRequired\":true,\"valueName\":\"search_term_string\"}}],\"inLanguage\":\"es\"},{\"@type\":\"Person\",\"@id\":\"https:\\\/\\\/www.bbmnoticias.com\\\/labravaradiofm\\\/#\\\/schema\\\/person\\\/279575048ab2ce30543ef887b4b9095f\",\"name\":\"Exc\u00e9lsior\",\"image\":{\"@type\":\"ImageObject\",\"inLanguage\":\"es\",\"@id\":\"https:\\\/\\\/secure.gravatar.com\\\/avatar\\\/497265c4dbe1cd0e2f3f1b19aba0f5779c7f95d09e139a5b83c1ecd47b4e780d?s=96&d=mm&r=g\",\"url\":\"https:\\\/\\\/secure.gravatar.com\\\/avatar\\\/497265c4dbe1cd0e2f3f1b19aba0f5779c7f95d09e139a5b83c1ecd47b4e780d?s=96&d=mm&r=g\",\"contentUrl\":\"https:\\\/\\\/secure.gravatar.com\\\/avatar\\\/497265c4dbe1cd0e2f3f1b19aba0f5779c7f95d09e139a5b83c1ecd47b4e780d?s=96&d=mm&r=g\",\"caption\":\"Exc\u00e9lsior\"},\"url\":\"https:\\\/\\\/www.bbmnoticias.com\\\/labravaradiofm\\\/author\\\/excelsior\\\/\"}]}<\/script>\n<!-- \/ Yoast SEO plugin. -->","yoast_head_json":{"title":"Inflaci\u00f3n de M\u00e9xico se desacelera en primera quincena de diciembre; lleg\u00f3 a 3.72% - LA BRAVA RADIO","robots":{"index":"index","follow":"follow","max-snippet":"max-snippet:-1","max-image-preview":"max-image-preview:large","max-video-preview":"max-video-preview:-1"},"canonical":"https:\/\/www.bbmnoticias.com\/inflacion-de-mexico-se-desacelera-en-primera-quincena-de-diciembre-llego-a-3-72\/","og_locale":"es_MX","og_type":"article","og_title":"Inflaci\u00f3n de M\u00e9xico se desacelera en primera quincena de diciembre; lleg\u00f3 a 3.72% - LA BRAVA RADIO","og_description":"La inflaci\u00f3n interanual de M\u00e9xico se desaceler\u00f3 en la primera quincena de diciembre de 2025 m\u00e1s de lo previsto, aunque el \u00edndice subyacente permaneci\u00f3 por encima de la meta oficial, reforzando las perspectivas de que el Banco de M\u00e9xico (Banxico) pondr\u00e1 pausa a su ciclo de recortes a la tasa clave de inter\u00e9s. El \u00cdndice [&hellip;]","og_url":"https:\/\/www.bbmnoticias.com\/inflacion-de-mexico-se-desacelera-en-primera-quincena-de-diciembre-llego-a-3-72\/","og_site_name":"LA BRAVA RADIO","article_published_time":"2025-12-23T16:39:46+00:00","article_modified_time":"2025-12-23T16:41:54+00:00","og_image":[{"width":1200,"height":800,"url":"https:\/\/www.bbmnoticias.com\/labravaradiofm\/wp-content\/uploads\/sites\/5\/2025\/12\/694aa0db4c582.jpeg","type":"image\/jpeg"}],"author":"Exc\u00e9lsior","twitter_card":"summary_large_image","twitter_misc":{"Escrito por":"Exc\u00e9lsior","Tiempo de lectura":"2 minutos"},"schema":{"@context":"https:\/\/schema.org","@graph":[{"@type":"Article","@id":"https:\/\/www.bbmnoticias.com\/inflacion-de-mexico-se-desacelera-en-primera-quincena-de-diciembre-llego-a-3-72\/#article","isPartOf":{"@id":"https:\/\/www.bbmnoticias.com\/labravaradiofm\/2025\/12\/23\/inflacion-de-mexico-se-desacelera-en-primera-quincena-de-diciembre-llego-a-3-72\/"},"author":{"name":"Exc\u00e9lsior","@id":"https:\/\/www.bbmnoticias.com\/labravaradiofm\/#\/schema\/person\/279575048ab2ce30543ef887b4b9095f"},"headline":"Inflaci\u00f3n de M\u00e9xico se desacelera en primera quincena de diciembre; lleg\u00f3 a 3.72%","datePublished":"2025-12-23T16:39:46+00:00","dateModified":"2025-12-23T16:41:54+00:00","mainEntityOfPage":{"@id":"https:\/\/www.bbmnoticias.com\/labravaradiofm\/2025\/12\/23\/inflacion-de-mexico-se-desacelera-en-primera-quincena-de-diciembre-llego-a-3-72\/"},"wordCount":407,"image":{"@id":"https:\/\/www.bbmnoticias.com\/inflacion-de-mexico-se-desacelera-en-primera-quincena-de-diciembre-llego-a-3-72\/#primaryimage"},"thumbnailUrl":"https:\/\/www.bbmnoticias.com\/labravaradiofm\/wp-content\/uploads\/sites\/5\/2025\/12\/694aa0db4c582.jpeg","articleSection":["LOCAL","NACIONAL"],"inLanguage":"es"},{"@type":"WebPage","@id":"https:\/\/www.bbmnoticias.com\/labravaradiofm\/2025\/12\/23\/inflacion-de-mexico-se-desacelera-en-primera-quincena-de-diciembre-llego-a-3-72\/","url":"https:\/\/www.bbmnoticias.com\/inflacion-de-mexico-se-desacelera-en-primera-quincena-de-diciembre-llego-a-3-72\/","name":"Inflaci\u00f3n de M\u00e9xico se desacelera en primera quincena de diciembre; lleg\u00f3 a 3.72% - LA BRAVA RADIO","isPartOf":{"@id":"https:\/\/www.bbmnoticias.com\/labravaradiofm\/#website"},"primaryImageOfPage":{"@id":"https:\/\/www.bbmnoticias.com\/inflacion-de-mexico-se-desacelera-en-primera-quincena-de-diciembre-llego-a-3-72\/#primaryimage"},"image":{"@id":"https:\/\/www.bbmnoticias.com\/inflacion-de-mexico-se-desacelera-en-primera-quincena-de-diciembre-llego-a-3-72\/#primaryimage"},"thumbnailUrl":"https:\/\/www.bbmnoticias.com\/labravaradiofm\/wp-content\/uploads\/sites\/5\/2025\/12\/694aa0db4c582.jpeg","datePublished":"2025-12-23T16:39:46+00:00","dateModified":"2025-12-23T16:41:54+00:00","author":{"@id":"https:\/\/www.bbmnoticias.com\/labravaradiofm\/#\/schema\/person\/279575048ab2ce30543ef887b4b9095f"},"breadcrumb":{"@id":"https:\/\/www.bbmnoticias.com\/inflacion-de-mexico-se-desacelera-en-primera-quincena-de-diciembre-llego-a-3-72\/#breadcrumb"},"inLanguage":"es","potentialAction":[{"@type":"ReadAction","target":["https:\/\/www.bbmnoticias.com\/inflacion-de-mexico-se-desacelera-en-primera-quincena-de-diciembre-llego-a-3-72\/"]}]},{"@type":"ImageObject","inLanguage":"es","@id":"https:\/\/www.bbmnoticias.com\/inflacion-de-mexico-se-desacelera-en-primera-quincena-de-diciembre-llego-a-3-72\/#primaryimage","url":"https:\/\/www.bbmnoticias.com\/labravaradiofm\/wp-content\/uploads\/sites\/5\/2025\/12\/694aa0db4c582.jpeg","contentUrl":"https:\/\/www.bbmnoticias.com\/labravaradiofm\/wp-content\/uploads\/sites\/5\/2025\/12\/694aa0db4c582.jpeg","width":1200,"height":800},{"@type":"BreadcrumbList","@id":"https:\/\/www.bbmnoticias.com\/inflacion-de-mexico-se-desacelera-en-primera-quincena-de-diciembre-llego-a-3-72\/#breadcrumb","itemListElement":[{"@type":"ListItem","position":1,"name":"Inicio","item":"https:\/\/www.bbmnoticias.com\/labravaradiofm\/"},{"@type":"ListItem","position":2,"name":"Inflaci\u00f3n de M\u00e9xico se desacelera en primera quincena de diciembre; lleg\u00f3 a 3.72%"}]},{"@type":"WebSite","@id":"https:\/\/www.bbmnoticias.com\/labravaradiofm\/#website","url":"https:\/\/www.bbmnoticias.com\/labravaradiofm\/","name":"LA BRAVA RADIO","description":"Empresa productora de medios, Radiodifusi\u00f3n, Noticias, tendencias y todo lo que necesitas saber de la pol\u00edtica mexicana e internacional; entretenimiento, espect\u00e1culos, salud y mucho m\u00e1s.","potentialAction":[{"@type":"SearchAction","target":{"@type":"EntryPoint","urlTemplate":"https:\/\/www.bbmnoticias.com\/labravaradiofm\/?s={search_term_string}"},"query-input":{"@type":"PropertyValueSpecification","valueRequired":true,"valueName":"search_term_string"}}],"inLanguage":"es"},{"@type":"Person","@id":"https:\/\/www.bbmnoticias.com\/labravaradiofm\/#\/schema\/person\/279575048ab2ce30543ef887b4b9095f","name":"Exc\u00e9lsior","image":{"@type":"ImageObject","inLanguage":"es","@id":"https:\/\/secure.gravatar.com\/avatar\/497265c4dbe1cd0e2f3f1b19aba0f5779c7f95d09e139a5b83c1ecd47b4e780d?s=96&d=mm&r=g","url":"https:\/\/secure.gravatar.com\/avatar\/497265c4dbe1cd0e2f3f1b19aba0f5779c7f95d09e139a5b83c1ecd47b4e780d?s=96&d=mm&r=g","contentUrl":"https:\/\/secure.gravatar.com\/avatar\/497265c4dbe1cd0e2f3f1b19aba0f5779c7f95d09e139a5b83c1ecd47b4e780d?s=96&d=mm&r=g","caption":"Exc\u00e9lsior"},"url":"https:\/\/www.bbmnoticias.com\/labravaradiofm\/author\/excelsior\/"}]}},"_links":{"self":[{"href":"https:\/\/www.bbmnoticias.com\/labravaradiofm\/wp-json\/wp\/v2\/posts\/71750","targetHints":{"allow":["GET"]}}],"collection":[{"href":"https:\/\/www.bbmnoticias.com\/labravaradiofm\/wp-json\/wp\/v2\/posts"}],"about":[{"href":"https:\/\/www.bbmnoticias.com\/labravaradiofm\/wp-json\/wp\/v2\/types\/post"}],"author":[{"embeddable":true,"href":"https:\/\/www.bbmnoticias.com\/labravaradiofm\/wp-json\/wp\/v2\/users\/8"}],"replies":[{"embeddable":true,"href":"https:\/\/www.bbmnoticias.com\/labravaradiofm\/wp-json\/wp\/v2\/comments?post=71750"}],"version-history":[{"count":0,"href":"https:\/\/www.bbmnoticias.com\/labravaradiofm\/wp-json\/wp\/v2\/posts\/71750\/revisions"}],"wp:featuredmedia":[{"embeddable":true,"href":"https:\/\/www.bbmnoticias.com\/labravaradiofm\/wp-json\/wp\/v2\/media\/71752"}],"wp:attachment":[{"href":"https:\/\/www.bbmnoticias.com\/labravaradiofm\/wp-json\/wp\/v2\/media?parent=71750"}],"wp:term":[{"taxonomy":"category","embeddable":true,"href":"https:\/\/www.bbmnoticias.com\/labravaradiofm\/wp-json\/wp\/v2\/categories?post=71750"},{"taxonomy":"post_tag","embeddable":true,"href":"https:\/\/www.bbmnoticias.com\/labravaradiofm\/wp-json\/wp\/v2\/tags?post=71750"}],"curies":[{"name":"wp","href":"https:\/\/api.w.org\/{rel}","templated":true}]}}