{"id":71716,"date":"2025-12-22T18:55:45","date_gmt":"2025-12-23T00:55:45","guid":{"rendered":"https:\/\/www.bbmnoticias.com\/labravaradiofm\/2025\/12\/22\/con-mas-de-11-mdp-salomon-jara-equipa-y-moderniza-las-158-oficialias-del-registro-civil\/"},"modified":"2025-12-22T18:56:21","modified_gmt":"2025-12-23T00:56:21","slug":"con-mas-de-11-mdp-salomon-jara-equipa-y-moderniza-las-158-oficialias-del-registro-civil","status":"publish","type":"post","link":"https:\/\/www.bbmnoticias.com\/labravaradiofm\/2025\/12\/22\/con-mas-de-11-mdp-salomon-jara-equipa-y-moderniza-las-158-oficialias-del-registro-civil\/","title":{"rendered":"Con m\u00e1s de 11 mdp, Salom\u00f3n Jara equipa y moderniza las 158 oficial\u00edas del Registro Civil"},"content":{"rendered":"<div style=\"margin-top: 0px; margin-bottom: 0px;\" class=\"sharethis-inline-share-buttons\" ><\/div>\n<p><strong>Oaxaca de Ju\u00e1rez, Oax.- <\/strong>Con una inversi\u00f3n superior a 11 millones de pesos, el Gobernador Salom\u00f3n Jara Cruz entreg\u00f3 equipamiento tecnol\u00f3gico para la modernizaci\u00f3n de las 158 oficial\u00edas del Registro Civil de Oaxaca, lo que representa un paso firme hacia un servicio p\u00fablico m\u00e1s digno, eficiente y humano.<\/p>\n\n\n\n<p>Desde Palacio de Gobierno, el Mandatario estatal destac\u00f3 que estas herramientas son un acto de justicia social, toda vez que acercar\u00e1n atenci\u00f3n a las comunidades que por a\u00f1os enfrentaron rezago y abandono, lo que reducir\u00e1 tiempos y evitar\u00e1 traslados innecesarios.<\/p>\n\n\n\n<p>\u201cLa Primavera Oaxaque\u00f1a florece con un Registro Civil actualizado y moderno, con infraestructura tecnol\u00f3gica y de vanguardia que fortalece la atenci\u00f3n a la ciudadan\u00eda y garantiza el derecho fundamental de la identidad\u201d, afirm\u00f3.<\/p>\n\n\n\n<p>Con la entrega de equipos de c\u00f3mputo, impresoras, insumos e instalaci\u00f3n de internet satelital en todas las oficial\u00edas, se construye un servicio p\u00fablico m\u00e1s \u00e1gil y seguro para atender necesidades reales.<\/p>\n\n\n\n<p>El titular de la Consejer\u00eda Jur\u00eddica y Asistencia Legal del Gobierno del Estado, Geovany V\u00e1squez Sagrero indic\u00f3 que la conexi\u00f3n v\u00eda internet de las oficial\u00edas de la entidad permitir\u00e1 acceder al Registro Nacional de Poblaci\u00f3n (Renapo), lo que mantendr\u00e1 actualizados los datos personales de las y los oaxaque\u00f1os.<\/p>\n\n\n\n<p>\u201cHoy se da un avance importante, porque por muchos a\u00f1os no se hab\u00eda volteado a ver al Registro Civil para modernizarlo\u201d, dijo.<\/p>\n\n\n\n<p>En tanto, el director general del Registro Civil, Alfredo Santiago Ch\u00e1vez destac\u00f3 que con este equipo tecnol\u00f3gico se podr\u00e1n realizar tr\u00e1mites como la certificaci\u00f3n de la Clave \u00danica de Registro de Poblaci\u00f3n (CURP) de manera inmediata.<\/p>\n\n\n\n<p>\u201cYa no habr\u00e1 pretextos para atender bien a las personas usuarias, estamos en un proceso de cambio profundo\u201d, declar\u00f3.<\/p>\n\n\n\n<p>En representaci\u00f3n de las y los beneficiarios, el responsable de la Segunda Oficial\u00eda de la Heroica Ciudad de Huajuapan de Le\u00f3n, Domingo Sampedro Salazar a\u00f1adi\u00f3 que esta dotaci\u00f3n pone a Oaxaca a la vanguardia en materia registral para que las personas accedan a sus derechos.<\/p>\n","protected":false},"excerpt":{"rendered":"<p>Oaxaca de Ju\u00e1rez, Oax.- Con una inversi\u00f3n superior a 11 millones de pesos, el Gobernador Salom\u00f3n Jara Cruz entreg\u00f3 equipamiento tecnol\u00f3gico para la modernizaci\u00f3n de las 158 oficial\u00edas del Registro Civil de Oaxaca, lo que representa un paso firme hacia un servicio p\u00fablico m\u00e1s digno, eficiente y humano. Desde Palacio de Gobierno, el Mandatario estatal [&hellip;]<\/p>\n","protected":false},"author":2,"featured_media":71718,"comment_status":"closed","ping_status":"","sticky":false,"template":"","format":"standard","meta":{"footnotes":""},"categories":[2],"tags":[],"class_list":{"0":"post-71716","1":"post","2":"type-post","3":"status-publish","4":"format-standard","5":"has-post-thumbnail","7":"category-oaxaca"},"yoast_head":"<!-- This site is optimized with the Yoast SEO plugin v27.4 - https:\/\/yoast.com\/product\/yoast-seo-wordpress\/ -->\n<title>Con m\u00e1s de 11 mdp, Salom\u00f3n Jara equipa y moderniza las 158 oficial\u00edas del Registro Civil - LA BRAVA RADIO<\/title>\n<meta name=\"robots\" content=\"index, follow, max-snippet:-1, max-image-preview:large, max-video-preview:-1\" \/>\n<link rel=\"canonical\" href=\"https:\/\/www.bbmnoticias.com\/con-mas-de-11-mdp-salomon-jara-equipa-y-moderniza-las-158-oficialias-del-registro-civil\/\" \/>\n<meta property=\"og:locale\" content=\"es_MX\" \/>\n<meta property=\"og:type\" content=\"article\" \/>\n<meta property=\"og:title\" content=\"Con m\u00e1s de 11 mdp, Salom\u00f3n Jara equipa y moderniza las 158 oficial\u00edas del Registro Civil - LA BRAVA RADIO\" \/>\n<meta property=\"og:description\" content=\"Oaxaca de Ju\u00e1rez, Oax.- Con una inversi\u00f3n superior a 11 millones de pesos, el Gobernador Salom\u00f3n Jara Cruz entreg\u00f3 equipamiento tecnol\u00f3gico para la modernizaci\u00f3n de las 158 oficial\u00edas del Registro Civil de Oaxaca, lo que representa un paso firme hacia un servicio p\u00fablico m\u00e1s digno, eficiente y humano. Desde Palacio de Gobierno, el Mandatario estatal [&hellip;]\" \/>\n<meta property=\"og:url\" content=\"https:\/\/www.bbmnoticias.com\/con-mas-de-11-mdp-salomon-jara-equipa-y-moderniza-las-158-oficialias-del-registro-civil\/\" \/>\n<meta property=\"og:site_name\" content=\"LA BRAVA RADIO\" \/>\n<meta property=\"article:published_time\" content=\"2025-12-23T00:55:45+00:00\" \/>\n<meta property=\"article:modified_time\" content=\"2025-12-23T00:56:21+00:00\" \/>\n<meta property=\"og:image\" content=\"https:\/\/www.bbmnoticias.com\/labravaradiofm\/wp-content\/uploads\/sites\/5\/2025\/12\/gobierno_reg_civil.jpg\" \/>\n\t<meta property=\"og:image:width\" content=\"800\" \/>\n\t<meta property=\"og:image:height\" content=\"534\" \/>\n\t<meta property=\"og:image:type\" content=\"image\/jpeg\" \/>\n<meta name=\"author\" content=\"Staff\" \/>\n<meta name=\"twitter:card\" content=\"summary_large_image\" \/>\n<meta name=\"twitter:label1\" content=\"Escrito por\" \/>\n\t<meta name=\"twitter:data1\" content=\"Staff\" \/>\n\t<meta name=\"twitter:label2\" content=\"Tiempo de lectura\" \/>\n\t<meta name=\"twitter:data2\" content=\"2 minutos\" \/>\n<script type=\"application\/ld+json\" class=\"yoast-schema-graph\">{\"@context\":\"https:\\\/\\\/schema.org\",\"@graph\":[{\"@type\":\"Article\",\"@id\":\"https:\\\/\\\/www.bbmnoticias.com\\\/con-mas-de-11-mdp-salomon-jara-equipa-y-moderniza-las-158-oficialias-del-registro-civil\\\/#article\",\"isPartOf\":{\"@id\":\"https:\\\/\\\/www.bbmnoticias.com\\\/labravaradiofm\\\/2025\\\/12\\\/22\\\/con-mas-de-11-mdp-salomon-jara-equipa-y-moderniza-las-158-oficialias-del-registro-civil\\\/\"},\"author\":{\"name\":\"Staff\",\"@id\":\"https:\\\/\\\/www.bbmnoticias.com\\\/labravaradiofm\\\/#\\\/schema\\\/person\\\/68a9e9036ef3c5b55aeb2b71dc8bab45\"},\"headline\":\"Con m\u00e1s de 11 mdp, Salom\u00f3n Jara equipa y moderniza las 158 oficial\u00edas del Registro Civil\",\"datePublished\":\"2025-12-23T00:55:45+00:00\",\"dateModified\":\"2025-12-23T00:56:21+00:00\",\"mainEntityOfPage\":{\"@id\":\"https:\\\/\\\/www.bbmnoticias.com\\\/labravaradiofm\\\/2025\\\/12\\\/22\\\/con-mas-de-11-mdp-salomon-jara-equipa-y-moderniza-las-158-oficialias-del-registro-civil\\\/\"},\"wordCount\":379,\"image\":{\"@id\":\"https:\\\/\\\/www.bbmnoticias.com\\\/con-mas-de-11-mdp-salomon-jara-equipa-y-moderniza-las-158-oficialias-del-registro-civil\\\/#primaryimage\"},\"thumbnailUrl\":\"https:\\\/\\\/www.bbmnoticias.com\\\/labravaradiofm\\\/wp-content\\\/uploads\\\/sites\\\/5\\\/2025\\\/12\\\/gobierno_reg_civil.jpg\",\"articleSection\":[\"LOCAL\"],\"inLanguage\":\"es\"},{\"@type\":\"WebPage\",\"@id\":\"https:\\\/\\\/www.bbmnoticias.com\\\/labravaradiofm\\\/2025\\\/12\\\/22\\\/con-mas-de-11-mdp-salomon-jara-equipa-y-moderniza-las-158-oficialias-del-registro-civil\\\/\",\"url\":\"https:\\\/\\\/www.bbmnoticias.com\\\/con-mas-de-11-mdp-salomon-jara-equipa-y-moderniza-las-158-oficialias-del-registro-civil\\\/\",\"name\":\"Con m\u00e1s de 11 mdp, Salom\u00f3n Jara equipa y moderniza las 158 oficial\u00edas del Registro Civil - LA BRAVA RADIO\",\"isPartOf\":{\"@id\":\"https:\\\/\\\/www.bbmnoticias.com\\\/labravaradiofm\\\/#website\"},\"primaryImageOfPage\":{\"@id\":\"https:\\\/\\\/www.bbmnoticias.com\\\/con-mas-de-11-mdp-salomon-jara-equipa-y-moderniza-las-158-oficialias-del-registro-civil\\\/#primaryimage\"},\"image\":{\"@id\":\"https:\\\/\\\/www.bbmnoticias.com\\\/con-mas-de-11-mdp-salomon-jara-equipa-y-moderniza-las-158-oficialias-del-registro-civil\\\/#primaryimage\"},\"thumbnailUrl\":\"https:\\\/\\\/www.bbmnoticias.com\\\/labravaradiofm\\\/wp-content\\\/uploads\\\/sites\\\/5\\\/2025\\\/12\\\/gobierno_reg_civil.jpg\",\"datePublished\":\"2025-12-23T00:55:45+00:00\",\"dateModified\":\"2025-12-23T00:56:21+00:00\",\"author\":{\"@id\":\"https:\\\/\\\/www.bbmnoticias.com\\\/labravaradiofm\\\/#\\\/schema\\\/person\\\/68a9e9036ef3c5b55aeb2b71dc8bab45\"},\"breadcrumb\":{\"@id\":\"https:\\\/\\\/www.bbmnoticias.com\\\/con-mas-de-11-mdp-salomon-jara-equipa-y-moderniza-las-158-oficialias-del-registro-civil\\\/#breadcrumb\"},\"inLanguage\":\"es\",\"potentialAction\":[{\"@type\":\"ReadAction\",\"target\":[\"https:\\\/\\\/www.bbmnoticias.com\\\/con-mas-de-11-mdp-salomon-jara-equipa-y-moderniza-las-158-oficialias-del-registro-civil\\\/\"]}]},{\"@type\":\"ImageObject\",\"inLanguage\":\"es\",\"@id\":\"https:\\\/\\\/www.bbmnoticias.com\\\/con-mas-de-11-mdp-salomon-jara-equipa-y-moderniza-las-158-oficialias-del-registro-civil\\\/#primaryimage\",\"url\":\"https:\\\/\\\/www.bbmnoticias.com\\\/labravaradiofm\\\/wp-content\\\/uploads\\\/sites\\\/5\\\/2025\\\/12\\\/gobierno_reg_civil.jpg\",\"contentUrl\":\"https:\\\/\\\/www.bbmnoticias.com\\\/labravaradiofm\\\/wp-content\\\/uploads\\\/sites\\\/5\\\/2025\\\/12\\\/gobierno_reg_civil.jpg\",\"width\":800,\"height\":534},{\"@type\":\"BreadcrumbList\",\"@id\":\"https:\\\/\\\/www.bbmnoticias.com\\\/con-mas-de-11-mdp-salomon-jara-equipa-y-moderniza-las-158-oficialias-del-registro-civil\\\/#breadcrumb\",\"itemListElement\":[{\"@type\":\"ListItem\",\"position\":1,\"name\":\"Inicio\",\"item\":\"https:\\\/\\\/www.bbmnoticias.com\\\/labravaradiofm\\\/\"},{\"@type\":\"ListItem\",\"position\":2,\"name\":\"Con m\u00e1s de 11 mdp, Salom\u00f3n Jara equipa y moderniza las 158 oficial\u00edas del Registro Civil\"}]},{\"@type\":\"WebSite\",\"@id\":\"https:\\\/\\\/www.bbmnoticias.com\\\/labravaradiofm\\\/#website\",\"url\":\"https:\\\/\\\/www.bbmnoticias.com\\\/labravaradiofm\\\/\",\"name\":\"LA BRAVA RADIO\",\"description\":\"Empresa productora de medios, Radiodifusi\u00f3n, Noticias, tendencias y todo lo que necesitas saber de la pol\u00edtica mexicana e internacional; entretenimiento, espect\u00e1culos, salud y mucho m\u00e1s.\",\"potentialAction\":[{\"@type\":\"SearchAction\",\"target\":{\"@type\":\"EntryPoint\",\"urlTemplate\":\"https:\\\/\\\/www.bbmnoticias.com\\\/labravaradiofm\\\/?s={search_term_string}\"},\"query-input\":{\"@type\":\"PropertyValueSpecification\",\"valueRequired\":true,\"valueName\":\"search_term_string\"}}],\"inLanguage\":\"es\"},{\"@type\":\"Person\",\"@id\":\"https:\\\/\\\/www.bbmnoticias.com\\\/labravaradiofm\\\/#\\\/schema\\\/person\\\/68a9e9036ef3c5b55aeb2b71dc8bab45\",\"name\":\"Staff\",\"image\":{\"@type\":\"ImageObject\",\"inLanguage\":\"es\",\"@id\":\"https:\\\/\\\/secure.gravatar.com\\\/avatar\\\/fdd21ad66fd8b98c407f9dee5b5e588cfe7f0d8579ec20fa6527cd59bab7f0f0?s=96&d=mm&r=g\",\"url\":\"https:\\\/\\\/secure.gravatar.com\\\/avatar\\\/fdd21ad66fd8b98c407f9dee5b5e588cfe7f0d8579ec20fa6527cd59bab7f0f0?s=96&d=mm&r=g\",\"contentUrl\":\"https:\\\/\\\/secure.gravatar.com\\\/avatar\\\/fdd21ad66fd8b98c407f9dee5b5e588cfe7f0d8579ec20fa6527cd59bab7f0f0?s=96&d=mm&r=g\",\"caption\":\"Staff\"},\"url\":\"https:\\\/\\\/www.bbmnoticias.com\\\/labravaradiofm\\\/author\\\/redaccion\\\/\"}]}<\/script>\n<!-- \/ Yoast SEO plugin. -->","yoast_head_json":{"title":"Con m\u00e1s de 11 mdp, Salom\u00f3n Jara equipa y moderniza las 158 oficial\u00edas del Registro Civil - LA BRAVA RADIO","robots":{"index":"index","follow":"follow","max-snippet":"max-snippet:-1","max-image-preview":"max-image-preview:large","max-video-preview":"max-video-preview:-1"},"canonical":"https:\/\/www.bbmnoticias.com\/con-mas-de-11-mdp-salomon-jara-equipa-y-moderniza-las-158-oficialias-del-registro-civil\/","og_locale":"es_MX","og_type":"article","og_title":"Con m\u00e1s de 11 mdp, Salom\u00f3n Jara equipa y moderniza las 158 oficial\u00edas del Registro Civil - LA BRAVA RADIO","og_description":"Oaxaca de Ju\u00e1rez, Oax.- Con una inversi\u00f3n superior a 11 millones de pesos, el Gobernador Salom\u00f3n Jara Cruz entreg\u00f3 equipamiento tecnol\u00f3gico para la modernizaci\u00f3n de las 158 oficial\u00edas del Registro Civil de Oaxaca, lo que representa un paso firme hacia un servicio p\u00fablico m\u00e1s digno, eficiente y humano. Desde Palacio de Gobierno, el Mandatario estatal [&hellip;]","og_url":"https:\/\/www.bbmnoticias.com\/con-mas-de-11-mdp-salomon-jara-equipa-y-moderniza-las-158-oficialias-del-registro-civil\/","og_site_name":"LA BRAVA RADIO","article_published_time":"2025-12-23T00:55:45+00:00","article_modified_time":"2025-12-23T00:56:21+00:00","og_image":[{"width":800,"height":534,"url":"https:\/\/www.bbmnoticias.com\/labravaradiofm\/wp-content\/uploads\/sites\/5\/2025\/12\/gobierno_reg_civil.jpg","type":"image\/jpeg"}],"author":"Staff","twitter_card":"summary_large_image","twitter_misc":{"Escrito por":"Staff","Tiempo de lectura":"2 minutos"},"schema":{"@context":"https:\/\/schema.org","@graph":[{"@type":"Article","@id":"https:\/\/www.bbmnoticias.com\/con-mas-de-11-mdp-salomon-jara-equipa-y-moderniza-las-158-oficialias-del-registro-civil\/#article","isPartOf":{"@id":"https:\/\/www.bbmnoticias.com\/labravaradiofm\/2025\/12\/22\/con-mas-de-11-mdp-salomon-jara-equipa-y-moderniza-las-158-oficialias-del-registro-civil\/"},"author":{"name":"Staff","@id":"https:\/\/www.bbmnoticias.com\/labravaradiofm\/#\/schema\/person\/68a9e9036ef3c5b55aeb2b71dc8bab45"},"headline":"Con m\u00e1s de 11 mdp, Salom\u00f3n Jara equipa y moderniza las 158 oficial\u00edas del Registro Civil","datePublished":"2025-12-23T00:55:45+00:00","dateModified":"2025-12-23T00:56:21+00:00","mainEntityOfPage":{"@id":"https:\/\/www.bbmnoticias.com\/labravaradiofm\/2025\/12\/22\/con-mas-de-11-mdp-salomon-jara-equipa-y-moderniza-las-158-oficialias-del-registro-civil\/"},"wordCount":379,"image":{"@id":"https:\/\/www.bbmnoticias.com\/con-mas-de-11-mdp-salomon-jara-equipa-y-moderniza-las-158-oficialias-del-registro-civil\/#primaryimage"},"thumbnailUrl":"https:\/\/www.bbmnoticias.com\/labravaradiofm\/wp-content\/uploads\/sites\/5\/2025\/12\/gobierno_reg_civil.jpg","articleSection":["LOCAL"],"inLanguage":"es"},{"@type":"WebPage","@id":"https:\/\/www.bbmnoticias.com\/labravaradiofm\/2025\/12\/22\/con-mas-de-11-mdp-salomon-jara-equipa-y-moderniza-las-158-oficialias-del-registro-civil\/","url":"https:\/\/www.bbmnoticias.com\/con-mas-de-11-mdp-salomon-jara-equipa-y-moderniza-las-158-oficialias-del-registro-civil\/","name":"Con m\u00e1s de 11 mdp, Salom\u00f3n Jara equipa y moderniza las 158 oficial\u00edas del Registro Civil - LA BRAVA RADIO","isPartOf":{"@id":"https:\/\/www.bbmnoticias.com\/labravaradiofm\/#website"},"primaryImageOfPage":{"@id":"https:\/\/www.bbmnoticias.com\/con-mas-de-11-mdp-salomon-jara-equipa-y-moderniza-las-158-oficialias-del-registro-civil\/#primaryimage"},"image":{"@id":"https:\/\/www.bbmnoticias.com\/con-mas-de-11-mdp-salomon-jara-equipa-y-moderniza-las-158-oficialias-del-registro-civil\/#primaryimage"},"thumbnailUrl":"https:\/\/www.bbmnoticias.com\/labravaradiofm\/wp-content\/uploads\/sites\/5\/2025\/12\/gobierno_reg_civil.jpg","datePublished":"2025-12-23T00:55:45+00:00","dateModified":"2025-12-23T00:56:21+00:00","author":{"@id":"https:\/\/www.bbmnoticias.com\/labravaradiofm\/#\/schema\/person\/68a9e9036ef3c5b55aeb2b71dc8bab45"},"breadcrumb":{"@id":"https:\/\/www.bbmnoticias.com\/con-mas-de-11-mdp-salomon-jara-equipa-y-moderniza-las-158-oficialias-del-registro-civil\/#breadcrumb"},"inLanguage":"es","potentialAction":[{"@type":"ReadAction","target":["https:\/\/www.bbmnoticias.com\/con-mas-de-11-mdp-salomon-jara-equipa-y-moderniza-las-158-oficialias-del-registro-civil\/"]}]},{"@type":"ImageObject","inLanguage":"es","@id":"https:\/\/www.bbmnoticias.com\/con-mas-de-11-mdp-salomon-jara-equipa-y-moderniza-las-158-oficialias-del-registro-civil\/#primaryimage","url":"https:\/\/www.bbmnoticias.com\/labravaradiofm\/wp-content\/uploads\/sites\/5\/2025\/12\/gobierno_reg_civil.jpg","contentUrl":"https:\/\/www.bbmnoticias.com\/labravaradiofm\/wp-content\/uploads\/sites\/5\/2025\/12\/gobierno_reg_civil.jpg","width":800,"height":534},{"@type":"BreadcrumbList","@id":"https:\/\/www.bbmnoticias.com\/con-mas-de-11-mdp-salomon-jara-equipa-y-moderniza-las-158-oficialias-del-registro-civil\/#breadcrumb","itemListElement":[{"@type":"ListItem","position":1,"name":"Inicio","item":"https:\/\/www.bbmnoticias.com\/labravaradiofm\/"},{"@type":"ListItem","position":2,"name":"Con m\u00e1s de 11 mdp, Salom\u00f3n Jara equipa y moderniza las 158 oficial\u00edas del Registro Civil"}]},{"@type":"WebSite","@id":"https:\/\/www.bbmnoticias.com\/labravaradiofm\/#website","url":"https:\/\/www.bbmnoticias.com\/labravaradiofm\/","name":"LA BRAVA RADIO","description":"Empresa productora de medios, Radiodifusi\u00f3n, Noticias, tendencias y todo lo que necesitas saber de la pol\u00edtica mexicana e internacional; entretenimiento, espect\u00e1culos, salud y mucho m\u00e1s.","potentialAction":[{"@type":"SearchAction","target":{"@type":"EntryPoint","urlTemplate":"https:\/\/www.bbmnoticias.com\/labravaradiofm\/?s={search_term_string}"},"query-input":{"@type":"PropertyValueSpecification","valueRequired":true,"valueName":"search_term_string"}}],"inLanguage":"es"},{"@type":"Person","@id":"https:\/\/www.bbmnoticias.com\/labravaradiofm\/#\/schema\/person\/68a9e9036ef3c5b55aeb2b71dc8bab45","name":"Staff","image":{"@type":"ImageObject","inLanguage":"es","@id":"https:\/\/secure.gravatar.com\/avatar\/fdd21ad66fd8b98c407f9dee5b5e588cfe7f0d8579ec20fa6527cd59bab7f0f0?s=96&d=mm&r=g","url":"https:\/\/secure.gravatar.com\/avatar\/fdd21ad66fd8b98c407f9dee5b5e588cfe7f0d8579ec20fa6527cd59bab7f0f0?s=96&d=mm&r=g","contentUrl":"https:\/\/secure.gravatar.com\/avatar\/fdd21ad66fd8b98c407f9dee5b5e588cfe7f0d8579ec20fa6527cd59bab7f0f0?s=96&d=mm&r=g","caption":"Staff"},"url":"https:\/\/www.bbmnoticias.com\/labravaradiofm\/author\/redaccion\/"}]}},"_links":{"self":[{"href":"https:\/\/www.bbmnoticias.com\/labravaradiofm\/wp-json\/wp\/v2\/posts\/71716","targetHints":{"allow":["GET"]}}],"collection":[{"href":"https:\/\/www.bbmnoticias.com\/labravaradiofm\/wp-json\/wp\/v2\/posts"}],"about":[{"href":"https:\/\/www.bbmnoticias.com\/labravaradiofm\/wp-json\/wp\/v2\/types\/post"}],"author":[{"embeddable":true,"href":"https:\/\/www.bbmnoticias.com\/labravaradiofm\/wp-json\/wp\/v2\/users\/2"}],"replies":[{"embeddable":true,"href":"https:\/\/www.bbmnoticias.com\/labravaradiofm\/wp-json\/wp\/v2\/comments?post=71716"}],"version-history":[{"count":0,"href":"https:\/\/www.bbmnoticias.com\/labravaradiofm\/wp-json\/wp\/v2\/posts\/71716\/revisions"}],"wp:featuredmedia":[{"embeddable":true,"href":"https:\/\/www.bbmnoticias.com\/labravaradiofm\/wp-json\/wp\/v2\/media\/71718"}],"wp:attachment":[{"href":"https:\/\/www.bbmnoticias.com\/labravaradiofm\/wp-json\/wp\/v2\/media?parent=71716"}],"wp:term":[{"taxonomy":"category","embeddable":true,"href":"https:\/\/www.bbmnoticias.com\/labravaradiofm\/wp-json\/wp\/v2\/categories?post=71716"},{"taxonomy":"post_tag","embeddable":true,"href":"https:\/\/www.bbmnoticias.com\/labravaradiofm\/wp-json\/wp\/v2\/tags?post=71716"}],"curies":[{"name":"wp","href":"https:\/\/api.w.org\/{rel}","templated":true}]}}