{"id":71713,"date":"2025-12-22T17:45:38","date_gmt":"2025-12-22T23:45:38","guid":{"rendered":"https:\/\/www.bbmnoticias.com\/labravaradiofm\/2025\/12\/22\/aeronave-de-semar-sufre-incidente-en-texas\/"},"modified":"2025-12-22T17:46:05","modified_gmt":"2025-12-22T23:46:05","slug":"aeronave-de-semar-sufre-incidente-en-texas","status":"publish","type":"post","link":"https:\/\/www.bbmnoticias.com\/labravaradiofm\/2025\/12\/22\/aeronave-de-semar-sufre-incidente-en-texas\/","title":{"rendered":"Aeronave de Semar sufre incidente en Texas"},"content":{"rendered":"<div style=\"margin-top: 0px; margin-bottom: 0px;\" class=\"sharethis-inline-share-buttons\" ><\/div>\n<p>Una <strong>aeronave de la Semar<\/strong>(Secretar\u00eda de Marina-Armada de M\u00e9xico) sufri\u00f3 un incidente durante su aproximaci\u00f3n a Galveston, Texas, en Estados Unidos, mientras efectuaba una <strong>misi\u00f3n de apoyo m\u00e9dico.<\/strong><\/p>\n\n\n\n<p>La dependencia federal confirm\u00f3 el hecho a trav\u00e9s de un comunicado oficial, en el que detall\u00f3 que la unidad a\u00e9rea operaba en coordinaci\u00f3n con la Fundaci\u00f3n Michou y Mau, organizaci\u00f3n dedicada a la asistencia de ni\u00f1os con quemaduras severas.<\/p>\n\n\n\n<p><strong>Protocolos de rescate en marcha<\/strong><\/p>\n\n\n\n<p>De acuerdo con la informaci\u00f3n preliminar proporcionada por la dependencia, el evento ocurri\u00f3 en las inmediaciones de Galveston. Ante la situaci\u00f3n, se activaron de manera inmediata los protocolos de b\u00fasqueda y rescate (SAR).<\/p>\n\n\n\n<p>La Semar indic\u00f3 que estas acciones se llevan a cabo en estrecha coordinaci\u00f3n con las autoridades locales de Estados Unidos, que suelen involucrar a la Guardia Costera para operaciones en zonas costeras o mar\u00edtimas de esta regi\u00f3n del Golfo de M\u00e9xico.<\/p>\n\n\n\n<p>La instituci\u00f3n naval subray\u00f3 que el evento se encuentra &#8220;en desarrollo&#8221;, por lo que la informaci\u00f3n sobre el estado de la tripulaci\u00f3n, los pasajeros m\u00e9dicos o los pacientes a bordo se mantiene reservada hasta contar con datos verificados. Se espera que en las pr\u00f3ximas horas se emita una actualizaci\u00f3n sobre las maniobras de localizaci\u00f3n y el estado de la aeronave.<\/p>\n\n\n\n<p><strong>La alianza humanitaria Semar &#8211; Michou y Mau<\/strong><\/p>\n\n\n\n<p>Este incidente pone de relieve la colaboraci\u00f3n constante entre las Fuerzas Armadas y la sociedad civil. La Secretar\u00eda de Marina mantiene una alianza estrat\u00e9gica con la Fundaci\u00f3n Michou y Mau para habilitar puentes a\u00e9reos humanitarios.<\/p>\n\n\n\n<p>Las aeronaves de la Armada de M\u00e9xico son habilitadas frecuentemente como ambulancias a\u00e9reas para el traslado urgente de infantes mexicanos que han sufrido quemaduras graves. El destino habitual de estos vuelos es el Hospital Shriners para Ni\u00f1os en Galveston (Shriners Hospitals for Children), un centro de referencia mundial en el tratamiento de quemaduras pedi\u00e1tricas.<\/p>\n\n\n\n<p>Estos traslados requieren una log\u00edstica compleja y pilotos experimentados, dado que el tiempo es un factor cr\u00edtico para la supervivencia y recuperaci\u00f3n de los pacientes. Las unidades a\u00e9reas de la Marina suelen estar equipadas con soporte vital avanzado para garantizar la estabilidad de los menores durante el trayecto transfronterizo.<\/p>\n\n\n\n<p>Hasta el momento, la Fundaci\u00f3n Michou y Mau no ha emitido un posicionamiento independiente sobre el incidente, manteni\u00e9ndose a la espera de los reportes oficiales de las autoridades navales y estadunidenses.<\/p>\n","protected":false},"excerpt":{"rendered":"<p>Una aeronave de la Semar(Secretar\u00eda de Marina-Armada de M\u00e9xico) sufri\u00f3 un incidente durante su aproximaci\u00f3n a Galveston, Texas, en Estados Unidos, mientras efectuaba una misi\u00f3n de apoyo m\u00e9dico. La dependencia federal confirm\u00f3 el hecho a trav\u00e9s de un comunicado oficial, en el que detall\u00f3 que la unidad a\u00e9rea operaba en coordinaci\u00f3n con la Fundaci\u00f3n Michou [&hellip;]<\/p>\n","protected":false},"author":8,"featured_media":71715,"comment_status":"closed","ping_status":"","sticky":false,"template":"","format":"standard","meta":{"footnotes":""},"categories":[2,19],"tags":[],"class_list":{"0":"post-71713","1":"post","2":"type-post","3":"status-publish","4":"format-standard","5":"has-post-thumbnail","7":"category-oaxaca","8":"category-nacional"},"yoast_head":"<!-- This site is optimized with the Yoast SEO plugin v27.4 - https:\/\/yoast.com\/product\/yoast-seo-wordpress\/ -->\n<title>Aeronave de Semar sufre incidente en Texas - LA BRAVA RADIO<\/title>\n<meta name=\"robots\" content=\"index, follow, max-snippet:-1, max-image-preview:large, max-video-preview:-1\" \/>\n<link rel=\"canonical\" href=\"https:\/\/www.bbmnoticias.com\/aeronave-de-semar-sufre-incidente-en-texas\/\" \/>\n<meta property=\"og:locale\" content=\"es_MX\" \/>\n<meta property=\"og:type\" content=\"article\" \/>\n<meta property=\"og:title\" content=\"Aeronave de Semar sufre incidente en Texas - LA BRAVA RADIO\" \/>\n<meta property=\"og:description\" content=\"Una aeronave de la Semar(Secretar\u00eda de Marina-Armada de M\u00e9xico) sufri\u00f3 un incidente durante su aproximaci\u00f3n a Galveston, Texas, en Estados Unidos, mientras efectuaba una misi\u00f3n de apoyo m\u00e9dico. La dependencia federal confirm\u00f3 el hecho a trav\u00e9s de un comunicado oficial, en el que detall\u00f3 que la unidad a\u00e9rea operaba en coordinaci\u00f3n con la Fundaci\u00f3n Michou [&hellip;]\" \/>\n<meta property=\"og:url\" content=\"https:\/\/www.bbmnoticias.com\/aeronave-de-semar-sufre-incidente-en-texas\/\" \/>\n<meta property=\"og:site_name\" content=\"LA BRAVA RADIO\" \/>\n<meta property=\"article:published_time\" content=\"2025-12-22T23:45:38+00:00\" \/>\n<meta property=\"article:modified_time\" content=\"2025-12-22T23:46:05+00:00\" \/>\n<meta property=\"og:image\" content=\"https:\/\/www.bbmnoticias.com\/labravaradiofm\/wp-content\/uploads\/sites\/5\/2025\/12\/6949d2d87a60b.jpeg\" \/>\n\t<meta property=\"og:image:width\" content=\"813\" \/>\n\t<meta property=\"og:image:height\" content=\"542\" \/>\n\t<meta property=\"og:image:type\" content=\"image\/jpeg\" \/>\n<meta name=\"author\" content=\"Exc\u00e9lsior\" \/>\n<meta name=\"twitter:card\" content=\"summary_large_image\" \/>\n<meta name=\"twitter:label1\" content=\"Escrito por\" \/>\n\t<meta name=\"twitter:data1\" content=\"Exc\u00e9lsior\" \/>\n\t<meta name=\"twitter:label2\" content=\"Tiempo de lectura\" \/>\n\t<meta name=\"twitter:data2\" content=\"2 minutos\" \/>\n<script type=\"application\/ld+json\" class=\"yoast-schema-graph\">{\"@context\":\"https:\\\/\\\/schema.org\",\"@graph\":[{\"@type\":\"Article\",\"@id\":\"https:\\\/\\\/www.bbmnoticias.com\\\/aeronave-de-semar-sufre-incidente-en-texas\\\/#article\",\"isPartOf\":{\"@id\":\"https:\\\/\\\/www.bbmnoticias.com\\\/labravaradiofm\\\/2025\\\/12\\\/22\\\/aeronave-de-semar-sufre-incidente-en-texas\\\/\"},\"author\":{\"name\":\"Exc\u00e9lsior\",\"@id\":\"https:\\\/\\\/www.bbmnoticias.com\\\/labravaradiofm\\\/#\\\/schema\\\/person\\\/56f4677efb93d47930db8f58aa971b20\"},\"headline\":\"Aeronave de Semar sufre incidente en Texas\",\"datePublished\":\"2025-12-22T23:45:38+00:00\",\"dateModified\":\"2025-12-22T23:46:05+00:00\",\"mainEntityOfPage\":{\"@id\":\"https:\\\/\\\/www.bbmnoticias.com\\\/labravaradiofm\\\/2025\\\/12\\\/22\\\/aeronave-de-semar-sufre-incidente-en-texas\\\/\"},\"wordCount\":431,\"image\":{\"@id\":\"https:\\\/\\\/www.bbmnoticias.com\\\/aeronave-de-semar-sufre-incidente-en-texas\\\/#primaryimage\"},\"thumbnailUrl\":\"https:\\\/\\\/www.bbmnoticias.com\\\/labravaradiofm\\\/wp-content\\\/uploads\\\/sites\\\/5\\\/2025\\\/12\\\/6949d2d87a60b.jpeg\",\"articleSection\":[\"LOCAL\",\"NACIONAL\"],\"inLanguage\":\"es\"},{\"@type\":\"WebPage\",\"@id\":\"https:\\\/\\\/www.bbmnoticias.com\\\/labravaradiofm\\\/2025\\\/12\\\/22\\\/aeronave-de-semar-sufre-incidente-en-texas\\\/\",\"url\":\"https:\\\/\\\/www.bbmnoticias.com\\\/aeronave-de-semar-sufre-incidente-en-texas\\\/\",\"name\":\"Aeronave de Semar sufre incidente en Texas - LA BRAVA RADIO\",\"isPartOf\":{\"@id\":\"https:\\\/\\\/www.bbmnoticias.com\\\/labravaradiofm\\\/#website\"},\"primaryImageOfPage\":{\"@id\":\"https:\\\/\\\/www.bbmnoticias.com\\\/aeronave-de-semar-sufre-incidente-en-texas\\\/#primaryimage\"},\"image\":{\"@id\":\"https:\\\/\\\/www.bbmnoticias.com\\\/aeronave-de-semar-sufre-incidente-en-texas\\\/#primaryimage\"},\"thumbnailUrl\":\"https:\\\/\\\/www.bbmnoticias.com\\\/labravaradiofm\\\/wp-content\\\/uploads\\\/sites\\\/5\\\/2025\\\/12\\\/6949d2d87a60b.jpeg\",\"datePublished\":\"2025-12-22T23:45:38+00:00\",\"dateModified\":\"2025-12-22T23:46:05+00:00\",\"author\":{\"@id\":\"https:\\\/\\\/www.bbmnoticias.com\\\/labravaradiofm\\\/#\\\/schema\\\/person\\\/56f4677efb93d47930db8f58aa971b20\"},\"breadcrumb\":{\"@id\":\"https:\\\/\\\/www.bbmnoticias.com\\\/aeronave-de-semar-sufre-incidente-en-texas\\\/#breadcrumb\"},\"inLanguage\":\"es\",\"potentialAction\":[{\"@type\":\"ReadAction\",\"target\":[\"https:\\\/\\\/www.bbmnoticias.com\\\/aeronave-de-semar-sufre-incidente-en-texas\\\/\"]}]},{\"@type\":\"ImageObject\",\"inLanguage\":\"es\",\"@id\":\"https:\\\/\\\/www.bbmnoticias.com\\\/aeronave-de-semar-sufre-incidente-en-texas\\\/#primaryimage\",\"url\":\"https:\\\/\\\/www.bbmnoticias.com\\\/labravaradiofm\\\/wp-content\\\/uploads\\\/sites\\\/5\\\/2025\\\/12\\\/6949d2d87a60b.jpeg\",\"contentUrl\":\"https:\\\/\\\/www.bbmnoticias.com\\\/labravaradiofm\\\/wp-content\\\/uploads\\\/sites\\\/5\\\/2025\\\/12\\\/6949d2d87a60b.jpeg\",\"width\":813,\"height\":542},{\"@type\":\"BreadcrumbList\",\"@id\":\"https:\\\/\\\/www.bbmnoticias.com\\\/aeronave-de-semar-sufre-incidente-en-texas\\\/#breadcrumb\",\"itemListElement\":[{\"@type\":\"ListItem\",\"position\":1,\"name\":\"Inicio\",\"item\":\"https:\\\/\\\/www.bbmnoticias.com\\\/labravaradiofm\\\/\"},{\"@type\":\"ListItem\",\"position\":2,\"name\":\"Aeronave de Semar sufre incidente en Texas\"}]},{\"@type\":\"WebSite\",\"@id\":\"https:\\\/\\\/www.bbmnoticias.com\\\/labravaradiofm\\\/#website\",\"url\":\"https:\\\/\\\/www.bbmnoticias.com\\\/labravaradiofm\\\/\",\"name\":\"LA BRAVA RADIO\",\"description\":\"Empresa productora de medios, Radiodifusi\u00f3n, Noticias, tendencias y todo lo que necesitas saber de la pol\u00edtica mexicana e internacional; entretenimiento, espect\u00e1culos, salud y mucho m\u00e1s.\",\"potentialAction\":[{\"@type\":\"SearchAction\",\"target\":{\"@type\":\"EntryPoint\",\"urlTemplate\":\"https:\\\/\\\/www.bbmnoticias.com\\\/labravaradiofm\\\/?s={search_term_string}\"},\"query-input\":{\"@type\":\"PropertyValueSpecification\",\"valueRequired\":true,\"valueName\":\"search_term_string\"}}],\"inLanguage\":\"es\"},{\"@type\":\"Person\",\"@id\":\"https:\\\/\\\/www.bbmnoticias.com\\\/labravaradiofm\\\/#\\\/schema\\\/person\\\/56f4677efb93d47930db8f58aa971b20\",\"name\":\"Exc\u00e9lsior\",\"image\":{\"@type\":\"ImageObject\",\"inLanguage\":\"es\",\"@id\":\"https:\\\/\\\/secure.gravatar.com\\\/avatar\\\/497265c4dbe1cd0e2f3f1b19aba0f5779c7f95d09e139a5b83c1ecd47b4e780d?s=96&d=mm&r=g\",\"url\":\"https:\\\/\\\/secure.gravatar.com\\\/avatar\\\/497265c4dbe1cd0e2f3f1b19aba0f5779c7f95d09e139a5b83c1ecd47b4e780d?s=96&d=mm&r=g\",\"contentUrl\":\"https:\\\/\\\/secure.gravatar.com\\\/avatar\\\/497265c4dbe1cd0e2f3f1b19aba0f5779c7f95d09e139a5b83c1ecd47b4e780d?s=96&d=mm&r=g\",\"caption\":\"Exc\u00e9lsior\"},\"url\":\"https:\\\/\\\/www.bbmnoticias.com\\\/labravaradiofm\\\/author\\\/excelsior\\\/\"}]}<\/script>\n<!-- \/ Yoast SEO plugin. -->","yoast_head_json":{"title":"Aeronave de Semar sufre incidente en Texas - LA BRAVA RADIO","robots":{"index":"index","follow":"follow","max-snippet":"max-snippet:-1","max-image-preview":"max-image-preview:large","max-video-preview":"max-video-preview:-1"},"canonical":"https:\/\/www.bbmnoticias.com\/aeronave-de-semar-sufre-incidente-en-texas\/","og_locale":"es_MX","og_type":"article","og_title":"Aeronave de Semar sufre incidente en Texas - LA BRAVA RADIO","og_description":"Una aeronave de la Semar(Secretar\u00eda de Marina-Armada de M\u00e9xico) sufri\u00f3 un incidente durante su aproximaci\u00f3n a Galveston, Texas, en Estados Unidos, mientras efectuaba una misi\u00f3n de apoyo m\u00e9dico. La dependencia federal confirm\u00f3 el hecho a trav\u00e9s de un comunicado oficial, en el que detall\u00f3 que la unidad a\u00e9rea operaba en coordinaci\u00f3n con la Fundaci\u00f3n Michou [&hellip;]","og_url":"https:\/\/www.bbmnoticias.com\/aeronave-de-semar-sufre-incidente-en-texas\/","og_site_name":"LA BRAVA RADIO","article_published_time":"2025-12-22T23:45:38+00:00","article_modified_time":"2025-12-22T23:46:05+00:00","og_image":[{"width":813,"height":542,"url":"https:\/\/www.bbmnoticias.com\/labravaradiofm\/wp-content\/uploads\/sites\/5\/2025\/12\/6949d2d87a60b.jpeg","type":"image\/jpeg"}],"author":"Exc\u00e9lsior","twitter_card":"summary_large_image","twitter_misc":{"Escrito por":"Exc\u00e9lsior","Tiempo de lectura":"2 minutos"},"schema":{"@context":"https:\/\/schema.org","@graph":[{"@type":"Article","@id":"https:\/\/www.bbmnoticias.com\/aeronave-de-semar-sufre-incidente-en-texas\/#article","isPartOf":{"@id":"https:\/\/www.bbmnoticias.com\/labravaradiofm\/2025\/12\/22\/aeronave-de-semar-sufre-incidente-en-texas\/"},"author":{"name":"Exc\u00e9lsior","@id":"https:\/\/www.bbmnoticias.com\/labravaradiofm\/#\/schema\/person\/56f4677efb93d47930db8f58aa971b20"},"headline":"Aeronave de Semar sufre incidente en Texas","datePublished":"2025-12-22T23:45:38+00:00","dateModified":"2025-12-22T23:46:05+00:00","mainEntityOfPage":{"@id":"https:\/\/www.bbmnoticias.com\/labravaradiofm\/2025\/12\/22\/aeronave-de-semar-sufre-incidente-en-texas\/"},"wordCount":431,"image":{"@id":"https:\/\/www.bbmnoticias.com\/aeronave-de-semar-sufre-incidente-en-texas\/#primaryimage"},"thumbnailUrl":"https:\/\/www.bbmnoticias.com\/labravaradiofm\/wp-content\/uploads\/sites\/5\/2025\/12\/6949d2d87a60b.jpeg","articleSection":["LOCAL","NACIONAL"],"inLanguage":"es"},{"@type":"WebPage","@id":"https:\/\/www.bbmnoticias.com\/labravaradiofm\/2025\/12\/22\/aeronave-de-semar-sufre-incidente-en-texas\/","url":"https:\/\/www.bbmnoticias.com\/aeronave-de-semar-sufre-incidente-en-texas\/","name":"Aeronave de Semar sufre incidente en Texas - LA BRAVA RADIO","isPartOf":{"@id":"https:\/\/www.bbmnoticias.com\/labravaradiofm\/#website"},"primaryImageOfPage":{"@id":"https:\/\/www.bbmnoticias.com\/aeronave-de-semar-sufre-incidente-en-texas\/#primaryimage"},"image":{"@id":"https:\/\/www.bbmnoticias.com\/aeronave-de-semar-sufre-incidente-en-texas\/#primaryimage"},"thumbnailUrl":"https:\/\/www.bbmnoticias.com\/labravaradiofm\/wp-content\/uploads\/sites\/5\/2025\/12\/6949d2d87a60b.jpeg","datePublished":"2025-12-22T23:45:38+00:00","dateModified":"2025-12-22T23:46:05+00:00","author":{"@id":"https:\/\/www.bbmnoticias.com\/labravaradiofm\/#\/schema\/person\/56f4677efb93d47930db8f58aa971b20"},"breadcrumb":{"@id":"https:\/\/www.bbmnoticias.com\/aeronave-de-semar-sufre-incidente-en-texas\/#breadcrumb"},"inLanguage":"es","potentialAction":[{"@type":"ReadAction","target":["https:\/\/www.bbmnoticias.com\/aeronave-de-semar-sufre-incidente-en-texas\/"]}]},{"@type":"ImageObject","inLanguage":"es","@id":"https:\/\/www.bbmnoticias.com\/aeronave-de-semar-sufre-incidente-en-texas\/#primaryimage","url":"https:\/\/www.bbmnoticias.com\/labravaradiofm\/wp-content\/uploads\/sites\/5\/2025\/12\/6949d2d87a60b.jpeg","contentUrl":"https:\/\/www.bbmnoticias.com\/labravaradiofm\/wp-content\/uploads\/sites\/5\/2025\/12\/6949d2d87a60b.jpeg","width":813,"height":542},{"@type":"BreadcrumbList","@id":"https:\/\/www.bbmnoticias.com\/aeronave-de-semar-sufre-incidente-en-texas\/#breadcrumb","itemListElement":[{"@type":"ListItem","position":1,"name":"Inicio","item":"https:\/\/www.bbmnoticias.com\/labravaradiofm\/"},{"@type":"ListItem","position":2,"name":"Aeronave de Semar sufre incidente en Texas"}]},{"@type":"WebSite","@id":"https:\/\/www.bbmnoticias.com\/labravaradiofm\/#website","url":"https:\/\/www.bbmnoticias.com\/labravaradiofm\/","name":"LA BRAVA RADIO","description":"Empresa productora de medios, Radiodifusi\u00f3n, Noticias, tendencias y todo lo que necesitas saber de la pol\u00edtica mexicana e internacional; entretenimiento, espect\u00e1culos, salud y mucho m\u00e1s.","potentialAction":[{"@type":"SearchAction","target":{"@type":"EntryPoint","urlTemplate":"https:\/\/www.bbmnoticias.com\/labravaradiofm\/?s={search_term_string}"},"query-input":{"@type":"PropertyValueSpecification","valueRequired":true,"valueName":"search_term_string"}}],"inLanguage":"es"},{"@type":"Person","@id":"https:\/\/www.bbmnoticias.com\/labravaradiofm\/#\/schema\/person\/56f4677efb93d47930db8f58aa971b20","name":"Exc\u00e9lsior","image":{"@type":"ImageObject","inLanguage":"es","@id":"https:\/\/secure.gravatar.com\/avatar\/497265c4dbe1cd0e2f3f1b19aba0f5779c7f95d09e139a5b83c1ecd47b4e780d?s=96&d=mm&r=g","url":"https:\/\/secure.gravatar.com\/avatar\/497265c4dbe1cd0e2f3f1b19aba0f5779c7f95d09e139a5b83c1ecd47b4e780d?s=96&d=mm&r=g","contentUrl":"https:\/\/secure.gravatar.com\/avatar\/497265c4dbe1cd0e2f3f1b19aba0f5779c7f95d09e139a5b83c1ecd47b4e780d?s=96&d=mm&r=g","caption":"Exc\u00e9lsior"},"url":"https:\/\/www.bbmnoticias.com\/labravaradiofm\/author\/excelsior\/"}]}},"_links":{"self":[{"href":"https:\/\/www.bbmnoticias.com\/labravaradiofm\/wp-json\/wp\/v2\/posts\/71713","targetHints":{"allow":["GET"]}}],"collection":[{"href":"https:\/\/www.bbmnoticias.com\/labravaradiofm\/wp-json\/wp\/v2\/posts"}],"about":[{"href":"https:\/\/www.bbmnoticias.com\/labravaradiofm\/wp-json\/wp\/v2\/types\/post"}],"author":[{"embeddable":true,"href":"https:\/\/www.bbmnoticias.com\/labravaradiofm\/wp-json\/wp\/v2\/users\/8"}],"replies":[{"embeddable":true,"href":"https:\/\/www.bbmnoticias.com\/labravaradiofm\/wp-json\/wp\/v2\/comments?post=71713"}],"version-history":[{"count":0,"href":"https:\/\/www.bbmnoticias.com\/labravaradiofm\/wp-json\/wp\/v2\/posts\/71713\/revisions"}],"wp:featuredmedia":[{"embeddable":true,"href":"https:\/\/www.bbmnoticias.com\/labravaradiofm\/wp-json\/wp\/v2\/media\/71715"}],"wp:attachment":[{"href":"https:\/\/www.bbmnoticias.com\/labravaradiofm\/wp-json\/wp\/v2\/media?parent=71713"}],"wp:term":[{"taxonomy":"category","embeddable":true,"href":"https:\/\/www.bbmnoticias.com\/labravaradiofm\/wp-json\/wp\/v2\/categories?post=71713"},{"taxonomy":"post_tag","embeddable":true,"href":"https:\/\/www.bbmnoticias.com\/labravaradiofm\/wp-json\/wp\/v2\/tags?post=71713"}],"curies":[{"name":"wp","href":"https:\/\/api.w.org\/{rel}","templated":true}]}}