{"id":71704,"date":"2025-12-22T15:37:23","date_gmt":"2025-12-22T21:37:23","guid":{"rendered":"https:\/\/www.bbmnoticias.com\/labravaradiofm\/2025\/12\/22\/pemex-cierra-bien-el-ano-fitch-ratings-mejora-su-calificacion-nacional-a-aa\/"},"modified":"2025-12-22T15:37:26","modified_gmt":"2025-12-22T21:37:26","slug":"pemex-cierra-bien-el-ano-fitch-ratings-mejora-su-calificacion-nacional-a-aa","status":"publish","type":"post","link":"https:\/\/www.bbmnoticias.com\/labravaradiofm\/2025\/12\/22\/pemex-cierra-bien-el-ano-fitch-ratings-mejora-su-calificacion-nacional-a-aa\/","title":{"rendered":"Pemex cierra bien el a\u00f1o: Fitch Ratings mejora su calificaci\u00f3n nacional a \u2018\u2019AA\u2019&#8217;"},"content":{"rendered":"<div style=\"margin-top: 0px; margin-bottom: 0px;\" class=\"sharethis-inline-share-buttons\" ><\/div>\n<p>La agencia Fitch Ratings otorg\u00f3<strong> una mejora en calificaci\u00f3n nacional a Petr\u00f3leos Mexicanos (Pemex)<\/strong> al ubicarla en \u201cAA\u201d, con perspectiva estable. Esto, justificado por su v\u00ednculo con el Estado mexicano.<\/p>\n\n\n\n<p>Fue el <strong>31 de marzo de 2021 <\/strong>cuando la calificadora retir\u00f3 las calificaciones de largo y corto plazo en escala nacional de Pemex, que se encontraban en \u201cA\u201d, con perspectiva negativa; y \u201cF1(mex)\u201d, respectivamente, por razones comerciales.<\/p>\n\n\n\n<p>Sin embargo, ahora est\u00e1 tres escalones arriba de ese entonces. Adem\u00e1s, esta nota es congruente con la calificaci\u00f3n en escala internacional de riesgo emisor en monedas extranjera y local es de \u201cBB+\u201d con perspectiva estable, la cual fue asignada desde octubre pasado.<\/p>\n\n\n\n<p>\u201cM\u00e9xico tom\u00f3 medidas legislativas que permiten a Pemex compartir un techo de deuda con la Secretar\u00eda de Hacienda y Cr\u00e9dito P\u00fablico (SHCP). Estos cambios abordaron de manera significativa el apalancamiento de la compa\u00f1\u00eda y su costo de financiamiento\u201d, enfatiz\u00f3.<\/p>\n\n\n\n<p>Incluso, Fitch record\u00f3 que se ejecut\u00f3 una oferta de adquisici\u00f3n por nueve mil 900 millones de d\u00f3lares para ocho series de valores de la petrolera, financiada con efectivo de la SHCP, lo cual materializa la intenci\u00f3n legislativa y proporciona evidencia tangible de una mayor direcci\u00f3n, apoyo y control del gobierno sobre la pol\u00edtica financiera de la empresa.<\/p>\n\n\n\n<p>Destac\u00f3 que el <strong>perfil financiero individual de PEMEX es \u201cccc\u201d<\/strong>, lo que refleja un flujo de fondos operacional negativo persistente, compresi\u00f3n del EBITDA debido a menores precios y producci\u00f3n de crudo, liquidez ajustada y p\u00e9rdidas constantes en el negocio de downstream.<\/p>\n\n\n\n<h2 class=\"wp-block-heading\">\u00bfQu\u00e9 tan endeudado est\u00e1 Pemex?<\/h2>\n\n\n\n<p>Al 30 de septiembre de 2025, la empresa ten\u00eda <strong>100 mil 300 millones de d\u00f3lares en deuda<\/strong> y gastos por intereses de cinco mil 700 millones de d\u00f3lares, m\u00e1s de la mitad del EBITDA de los primeros nueve meses del a\u00f1o.<\/p>\n\n\n\n<p>\u201cEl apalancamiento esperado en 2025 se redujo en una vuelta tras la oferta, y el apalancamiento a lo largo del horizonte de calificaci\u00f3n permanece sin cambios y supera 15 veces\u201d, indic\u00f3.<\/p>\n\n\n\n<p>Entre los factores que podr\u00edan, individual o colectivamente, conducir a una acci\u00f3n de calificaci\u00f3n negativa o baja est\u00e1n una reducci\u00f3n en la calificaci\u00f3n soberana de M\u00e9xico; capacidad y\/o disposici\u00f3n debilitada del gobierno para apoyar de manera significativa a Pemex y la incapacidad para gestionar exitosamente la responsabilidad con proveedores.<\/p>\n\n\n\n<p>En cambio, <strong>podr\u00eda aumentar la nota crediticia <\/strong>si hay una mejora de la calificaci\u00f3n soberana de M\u00e9xico; as\u00ed como una garant\u00eda irrevocable del gobierno de M\u00e9xico para cubrir de manera sostenible m\u00e1s de 75 por ciento de la deuda de Petr\u00f3leos Mexicanos, indic\u00f3.<\/p>\n","protected":false},"excerpt":{"rendered":"<p>La agencia Fitch Ratings otorg\u00f3 una mejora en calificaci\u00f3n nacional a Petr\u00f3leos Mexicanos (Pemex) al ubicarla en \u201cAA\u201d, con perspectiva estable. Esto, justificado por su v\u00ednculo con el Estado mexicano. Fue el 31 de marzo de 2021 cuando la calificadora retir\u00f3 las calificaciones de largo y corto plazo en escala nacional de Pemex, que se [&hellip;]<\/p>\n","protected":false},"author":4,"featured_media":71706,"comment_status":"closed","ping_status":"","sticky":false,"template":"","format":"standard","meta":{"footnotes":""},"categories":[2,19],"tags":[],"class_list":{"0":"post-71704","1":"post","2":"type-post","3":"status-publish","4":"format-standard","5":"has-post-thumbnail","7":"category-oaxaca","8":"category-nacional"},"yoast_head":"<!-- This site is optimized with the Yoast SEO plugin v27.4 - https:\/\/yoast.com\/product\/yoast-seo-wordpress\/ -->\n<title>Pemex cierra bien el a\u00f1o: Fitch Ratings mejora su calificaci\u00f3n nacional a \u2018\u2019AA\u2019&#039; - LA BRAVA RADIO<\/title>\n<meta name=\"robots\" content=\"index, follow, max-snippet:-1, max-image-preview:large, max-video-preview:-1\" \/>\n<link rel=\"canonical\" href=\"https:\/\/www.bbmnoticias.com\/pemex-cierra-bien-el-ano-fitch-ratings-mejora-su-calificacion-nacional-a-aa\/\" \/>\n<meta property=\"og:locale\" content=\"es_MX\" \/>\n<meta property=\"og:type\" content=\"article\" \/>\n<meta property=\"og:title\" content=\"Pemex cierra bien el a\u00f1o: Fitch Ratings mejora su calificaci\u00f3n nacional a \u2018\u2019AA\u2019&#039; - LA BRAVA RADIO\" \/>\n<meta property=\"og:description\" content=\"La agencia Fitch Ratings otorg\u00f3 una mejora en calificaci\u00f3n nacional a Petr\u00f3leos Mexicanos (Pemex) al ubicarla en \u201cAA\u201d, con perspectiva estable. Esto, justificado por su v\u00ednculo con el Estado mexicano. Fue el 31 de marzo de 2021 cuando la calificadora retir\u00f3 las calificaciones de largo y corto plazo en escala nacional de Pemex, que se [&hellip;]\" \/>\n<meta property=\"og:url\" content=\"https:\/\/www.bbmnoticias.com\/pemex-cierra-bien-el-ano-fitch-ratings-mejora-su-calificacion-nacional-a-aa\/\" \/>\n<meta property=\"og:site_name\" content=\"LA BRAVA RADIO\" \/>\n<meta property=\"article:published_time\" content=\"2025-12-22T21:37:23+00:00\" \/>\n<meta property=\"article:modified_time\" content=\"2025-12-22T21:37:26+00:00\" \/>\n<meta property=\"og:image\" content=\"https:\/\/www.bbmnoticias.com\/labravaradiofm\/wp-content\/uploads\/sites\/5\/2025\/12\/pemex_calificacion.jpg\" \/>\n\t<meta property=\"og:image:width\" content=\"800\" \/>\n\t<meta property=\"og:image:height\" content=\"480\" \/>\n\t<meta property=\"og:image:type\" content=\"image\/jpeg\" \/>\n<meta name=\"author\" content=\"Agencias\" \/>\n<meta name=\"twitter:card\" content=\"summary_large_image\" \/>\n<meta name=\"twitter:label1\" content=\"Escrito por\" \/>\n\t<meta name=\"twitter:data1\" content=\"Agencias\" \/>\n\t<meta name=\"twitter:label2\" content=\"Tiempo de lectura\" \/>\n\t<meta name=\"twitter:data2\" content=\"2 minutos\" \/>\n<script type=\"application\/ld+json\" class=\"yoast-schema-graph\">{\"@context\":\"https:\\\/\\\/schema.org\",\"@graph\":[{\"@type\":\"Article\",\"@id\":\"https:\\\/\\\/www.bbmnoticias.com\\\/pemex-cierra-bien-el-ano-fitch-ratings-mejora-su-calificacion-nacional-a-aa\\\/#article\",\"isPartOf\":{\"@id\":\"https:\\\/\\\/www.bbmnoticias.com\\\/labravaradiofm\\\/2025\\\/12\\\/22\\\/pemex-cierra-bien-el-ano-fitch-ratings-mejora-su-calificacion-nacional-a-aa\\\/\"},\"author\":{\"name\":\"Agencias\",\"@id\":\"https:\\\/\\\/www.bbmnoticias.com\\\/labravaradiofm\\\/#\\\/schema\\\/person\\\/000bdaf0a8fb5bff0d537c4d0778e33f\"},\"headline\":\"Pemex cierra bien el a\u00f1o: Fitch Ratings mejora su calificaci\u00f3n nacional a \u2018\u2019AA\u2019&#8217;\",\"datePublished\":\"2025-12-22T21:37:23+00:00\",\"dateModified\":\"2025-12-22T21:37:26+00:00\",\"mainEntityOfPage\":{\"@id\":\"https:\\\/\\\/www.bbmnoticias.com\\\/labravaradiofm\\\/2025\\\/12\\\/22\\\/pemex-cierra-bien-el-ano-fitch-ratings-mejora-su-calificacion-nacional-a-aa\\\/\"},\"wordCount\":460,\"image\":{\"@id\":\"https:\\\/\\\/www.bbmnoticias.com\\\/pemex-cierra-bien-el-ano-fitch-ratings-mejora-su-calificacion-nacional-a-aa\\\/#primaryimage\"},\"thumbnailUrl\":\"https:\\\/\\\/www.bbmnoticias.com\\\/labravaradiofm\\\/wp-content\\\/uploads\\\/sites\\\/5\\\/2025\\\/12\\\/pemex_calificacion.jpg\",\"articleSection\":[\"LOCAL\",\"NACIONAL\"],\"inLanguage\":\"es\"},{\"@type\":\"WebPage\",\"@id\":\"https:\\\/\\\/www.bbmnoticias.com\\\/labravaradiofm\\\/2025\\\/12\\\/22\\\/pemex-cierra-bien-el-ano-fitch-ratings-mejora-su-calificacion-nacional-a-aa\\\/\",\"url\":\"https:\\\/\\\/www.bbmnoticias.com\\\/pemex-cierra-bien-el-ano-fitch-ratings-mejora-su-calificacion-nacional-a-aa\\\/\",\"name\":\"Pemex cierra bien el a\u00f1o: Fitch Ratings mejora su calificaci\u00f3n nacional a \u2018\u2019AA\u2019' - LA BRAVA RADIO\",\"isPartOf\":{\"@id\":\"https:\\\/\\\/www.bbmnoticias.com\\\/labravaradiofm\\\/#website\"},\"primaryImageOfPage\":{\"@id\":\"https:\\\/\\\/www.bbmnoticias.com\\\/pemex-cierra-bien-el-ano-fitch-ratings-mejora-su-calificacion-nacional-a-aa\\\/#primaryimage\"},\"image\":{\"@id\":\"https:\\\/\\\/www.bbmnoticias.com\\\/pemex-cierra-bien-el-ano-fitch-ratings-mejora-su-calificacion-nacional-a-aa\\\/#primaryimage\"},\"thumbnailUrl\":\"https:\\\/\\\/www.bbmnoticias.com\\\/labravaradiofm\\\/wp-content\\\/uploads\\\/sites\\\/5\\\/2025\\\/12\\\/pemex_calificacion.jpg\",\"datePublished\":\"2025-12-22T21:37:23+00:00\",\"dateModified\":\"2025-12-22T21:37:26+00:00\",\"author\":{\"@id\":\"https:\\\/\\\/www.bbmnoticias.com\\\/labravaradiofm\\\/#\\\/schema\\\/person\\\/000bdaf0a8fb5bff0d537c4d0778e33f\"},\"breadcrumb\":{\"@id\":\"https:\\\/\\\/www.bbmnoticias.com\\\/pemex-cierra-bien-el-ano-fitch-ratings-mejora-su-calificacion-nacional-a-aa\\\/#breadcrumb\"},\"inLanguage\":\"es\",\"potentialAction\":[{\"@type\":\"ReadAction\",\"target\":[\"https:\\\/\\\/www.bbmnoticias.com\\\/pemex-cierra-bien-el-ano-fitch-ratings-mejora-su-calificacion-nacional-a-aa\\\/\"]}]},{\"@type\":\"ImageObject\",\"inLanguage\":\"es\",\"@id\":\"https:\\\/\\\/www.bbmnoticias.com\\\/pemex-cierra-bien-el-ano-fitch-ratings-mejora-su-calificacion-nacional-a-aa\\\/#primaryimage\",\"url\":\"https:\\\/\\\/www.bbmnoticias.com\\\/labravaradiofm\\\/wp-content\\\/uploads\\\/sites\\\/5\\\/2025\\\/12\\\/pemex_calificacion.jpg\",\"contentUrl\":\"https:\\\/\\\/www.bbmnoticias.com\\\/labravaradiofm\\\/wp-content\\\/uploads\\\/sites\\\/5\\\/2025\\\/12\\\/pemex_calificacion.jpg\",\"width\":800,\"height\":480},{\"@type\":\"BreadcrumbList\",\"@id\":\"https:\\\/\\\/www.bbmnoticias.com\\\/pemex-cierra-bien-el-ano-fitch-ratings-mejora-su-calificacion-nacional-a-aa\\\/#breadcrumb\",\"itemListElement\":[{\"@type\":\"ListItem\",\"position\":1,\"name\":\"Inicio\",\"item\":\"https:\\\/\\\/www.bbmnoticias.com\\\/labravaradiofm\\\/\"},{\"@type\":\"ListItem\",\"position\":2,\"name\":\"Pemex cierra bien el a\u00f1o: Fitch Ratings mejora su calificaci\u00f3n nacional a \u2018\u2019AA\u2019&#8217;\"}]},{\"@type\":\"WebSite\",\"@id\":\"https:\\\/\\\/www.bbmnoticias.com\\\/labravaradiofm\\\/#website\",\"url\":\"https:\\\/\\\/www.bbmnoticias.com\\\/labravaradiofm\\\/\",\"name\":\"LA BRAVA RADIO\",\"description\":\"Empresa productora de medios, Radiodifusi\u00f3n, Noticias, tendencias y todo lo que necesitas saber de la pol\u00edtica mexicana e internacional; entretenimiento, espect\u00e1culos, salud y mucho m\u00e1s.\",\"potentialAction\":[{\"@type\":\"SearchAction\",\"target\":{\"@type\":\"EntryPoint\",\"urlTemplate\":\"https:\\\/\\\/www.bbmnoticias.com\\\/labravaradiofm\\\/?s={search_term_string}\"},\"query-input\":{\"@type\":\"PropertyValueSpecification\",\"valueRequired\":true,\"valueName\":\"search_term_string\"}}],\"inLanguage\":\"es\"},{\"@type\":\"Person\",\"@id\":\"https:\\\/\\\/www.bbmnoticias.com\\\/labravaradiofm\\\/#\\\/schema\\\/person\\\/000bdaf0a8fb5bff0d537c4d0778e33f\",\"name\":\"Agencias\",\"image\":{\"@type\":\"ImageObject\",\"inLanguage\":\"es\",\"@id\":\"https:\\\/\\\/secure.gravatar.com\\\/avatar\\\/739e0b61adf9e398b425c36718c8752286da0e8cd90f20ce9a86678abc26aa0d?s=96&d=mm&r=g\",\"url\":\"https:\\\/\\\/secure.gravatar.com\\\/avatar\\\/739e0b61adf9e398b425c36718c8752286da0e8cd90f20ce9a86678abc26aa0d?s=96&d=mm&r=g\",\"contentUrl\":\"https:\\\/\\\/secure.gravatar.com\\\/avatar\\\/739e0b61adf9e398b425c36718c8752286da0e8cd90f20ce9a86678abc26aa0d?s=96&d=mm&r=g\",\"caption\":\"Agencias\"},\"url\":\"https:\\\/\\\/www.bbmnoticias.com\\\/labravaradiofm\\\/author\\\/agencias\\\/\"}]}<\/script>\n<!-- \/ Yoast SEO plugin. -->","yoast_head_json":{"title":"Pemex cierra bien el a\u00f1o: Fitch Ratings mejora su calificaci\u00f3n nacional a \u2018\u2019AA\u2019' - LA BRAVA RADIO","robots":{"index":"index","follow":"follow","max-snippet":"max-snippet:-1","max-image-preview":"max-image-preview:large","max-video-preview":"max-video-preview:-1"},"canonical":"https:\/\/www.bbmnoticias.com\/pemex-cierra-bien-el-ano-fitch-ratings-mejora-su-calificacion-nacional-a-aa\/","og_locale":"es_MX","og_type":"article","og_title":"Pemex cierra bien el a\u00f1o: Fitch Ratings mejora su calificaci\u00f3n nacional a \u2018\u2019AA\u2019' - LA BRAVA RADIO","og_description":"La agencia Fitch Ratings otorg\u00f3 una mejora en calificaci\u00f3n nacional a Petr\u00f3leos Mexicanos (Pemex) al ubicarla en \u201cAA\u201d, con perspectiva estable. Esto, justificado por su v\u00ednculo con el Estado mexicano. Fue el 31 de marzo de 2021 cuando la calificadora retir\u00f3 las calificaciones de largo y corto plazo en escala nacional de Pemex, que se [&hellip;]","og_url":"https:\/\/www.bbmnoticias.com\/pemex-cierra-bien-el-ano-fitch-ratings-mejora-su-calificacion-nacional-a-aa\/","og_site_name":"LA BRAVA RADIO","article_published_time":"2025-12-22T21:37:23+00:00","article_modified_time":"2025-12-22T21:37:26+00:00","og_image":[{"width":800,"height":480,"url":"https:\/\/www.bbmnoticias.com\/labravaradiofm\/wp-content\/uploads\/sites\/5\/2025\/12\/pemex_calificacion.jpg","type":"image\/jpeg"}],"author":"Agencias","twitter_card":"summary_large_image","twitter_misc":{"Escrito por":"Agencias","Tiempo de lectura":"2 minutos"},"schema":{"@context":"https:\/\/schema.org","@graph":[{"@type":"Article","@id":"https:\/\/www.bbmnoticias.com\/pemex-cierra-bien-el-ano-fitch-ratings-mejora-su-calificacion-nacional-a-aa\/#article","isPartOf":{"@id":"https:\/\/www.bbmnoticias.com\/labravaradiofm\/2025\/12\/22\/pemex-cierra-bien-el-ano-fitch-ratings-mejora-su-calificacion-nacional-a-aa\/"},"author":{"name":"Agencias","@id":"https:\/\/www.bbmnoticias.com\/labravaradiofm\/#\/schema\/person\/000bdaf0a8fb5bff0d537c4d0778e33f"},"headline":"Pemex cierra bien el a\u00f1o: Fitch Ratings mejora su calificaci\u00f3n nacional a \u2018\u2019AA\u2019&#8217;","datePublished":"2025-12-22T21:37:23+00:00","dateModified":"2025-12-22T21:37:26+00:00","mainEntityOfPage":{"@id":"https:\/\/www.bbmnoticias.com\/labravaradiofm\/2025\/12\/22\/pemex-cierra-bien-el-ano-fitch-ratings-mejora-su-calificacion-nacional-a-aa\/"},"wordCount":460,"image":{"@id":"https:\/\/www.bbmnoticias.com\/pemex-cierra-bien-el-ano-fitch-ratings-mejora-su-calificacion-nacional-a-aa\/#primaryimage"},"thumbnailUrl":"https:\/\/www.bbmnoticias.com\/labravaradiofm\/wp-content\/uploads\/sites\/5\/2025\/12\/pemex_calificacion.jpg","articleSection":["LOCAL","NACIONAL"],"inLanguage":"es"},{"@type":"WebPage","@id":"https:\/\/www.bbmnoticias.com\/labravaradiofm\/2025\/12\/22\/pemex-cierra-bien-el-ano-fitch-ratings-mejora-su-calificacion-nacional-a-aa\/","url":"https:\/\/www.bbmnoticias.com\/pemex-cierra-bien-el-ano-fitch-ratings-mejora-su-calificacion-nacional-a-aa\/","name":"Pemex cierra bien el a\u00f1o: Fitch Ratings mejora su calificaci\u00f3n nacional a \u2018\u2019AA\u2019' - LA BRAVA RADIO","isPartOf":{"@id":"https:\/\/www.bbmnoticias.com\/labravaradiofm\/#website"},"primaryImageOfPage":{"@id":"https:\/\/www.bbmnoticias.com\/pemex-cierra-bien-el-ano-fitch-ratings-mejora-su-calificacion-nacional-a-aa\/#primaryimage"},"image":{"@id":"https:\/\/www.bbmnoticias.com\/pemex-cierra-bien-el-ano-fitch-ratings-mejora-su-calificacion-nacional-a-aa\/#primaryimage"},"thumbnailUrl":"https:\/\/www.bbmnoticias.com\/labravaradiofm\/wp-content\/uploads\/sites\/5\/2025\/12\/pemex_calificacion.jpg","datePublished":"2025-12-22T21:37:23+00:00","dateModified":"2025-12-22T21:37:26+00:00","author":{"@id":"https:\/\/www.bbmnoticias.com\/labravaradiofm\/#\/schema\/person\/000bdaf0a8fb5bff0d537c4d0778e33f"},"breadcrumb":{"@id":"https:\/\/www.bbmnoticias.com\/pemex-cierra-bien-el-ano-fitch-ratings-mejora-su-calificacion-nacional-a-aa\/#breadcrumb"},"inLanguage":"es","potentialAction":[{"@type":"ReadAction","target":["https:\/\/www.bbmnoticias.com\/pemex-cierra-bien-el-ano-fitch-ratings-mejora-su-calificacion-nacional-a-aa\/"]}]},{"@type":"ImageObject","inLanguage":"es","@id":"https:\/\/www.bbmnoticias.com\/pemex-cierra-bien-el-ano-fitch-ratings-mejora-su-calificacion-nacional-a-aa\/#primaryimage","url":"https:\/\/www.bbmnoticias.com\/labravaradiofm\/wp-content\/uploads\/sites\/5\/2025\/12\/pemex_calificacion.jpg","contentUrl":"https:\/\/www.bbmnoticias.com\/labravaradiofm\/wp-content\/uploads\/sites\/5\/2025\/12\/pemex_calificacion.jpg","width":800,"height":480},{"@type":"BreadcrumbList","@id":"https:\/\/www.bbmnoticias.com\/pemex-cierra-bien-el-ano-fitch-ratings-mejora-su-calificacion-nacional-a-aa\/#breadcrumb","itemListElement":[{"@type":"ListItem","position":1,"name":"Inicio","item":"https:\/\/www.bbmnoticias.com\/labravaradiofm\/"},{"@type":"ListItem","position":2,"name":"Pemex cierra bien el a\u00f1o: Fitch Ratings mejora su calificaci\u00f3n nacional a \u2018\u2019AA\u2019&#8217;"}]},{"@type":"WebSite","@id":"https:\/\/www.bbmnoticias.com\/labravaradiofm\/#website","url":"https:\/\/www.bbmnoticias.com\/labravaradiofm\/","name":"LA BRAVA RADIO","description":"Empresa productora de medios, Radiodifusi\u00f3n, Noticias, tendencias y todo lo que necesitas saber de la pol\u00edtica mexicana e internacional; entretenimiento, espect\u00e1culos, salud y mucho m\u00e1s.","potentialAction":[{"@type":"SearchAction","target":{"@type":"EntryPoint","urlTemplate":"https:\/\/www.bbmnoticias.com\/labravaradiofm\/?s={search_term_string}"},"query-input":{"@type":"PropertyValueSpecification","valueRequired":true,"valueName":"search_term_string"}}],"inLanguage":"es"},{"@type":"Person","@id":"https:\/\/www.bbmnoticias.com\/labravaradiofm\/#\/schema\/person\/000bdaf0a8fb5bff0d537c4d0778e33f","name":"Agencias","image":{"@type":"ImageObject","inLanguage":"es","@id":"https:\/\/secure.gravatar.com\/avatar\/739e0b61adf9e398b425c36718c8752286da0e8cd90f20ce9a86678abc26aa0d?s=96&d=mm&r=g","url":"https:\/\/secure.gravatar.com\/avatar\/739e0b61adf9e398b425c36718c8752286da0e8cd90f20ce9a86678abc26aa0d?s=96&d=mm&r=g","contentUrl":"https:\/\/secure.gravatar.com\/avatar\/739e0b61adf9e398b425c36718c8752286da0e8cd90f20ce9a86678abc26aa0d?s=96&d=mm&r=g","caption":"Agencias"},"url":"https:\/\/www.bbmnoticias.com\/labravaradiofm\/author\/agencias\/"}]}},"_links":{"self":[{"href":"https:\/\/www.bbmnoticias.com\/labravaradiofm\/wp-json\/wp\/v2\/posts\/71704","targetHints":{"allow":["GET"]}}],"collection":[{"href":"https:\/\/www.bbmnoticias.com\/labravaradiofm\/wp-json\/wp\/v2\/posts"}],"about":[{"href":"https:\/\/www.bbmnoticias.com\/labravaradiofm\/wp-json\/wp\/v2\/types\/post"}],"author":[{"embeddable":true,"href":"https:\/\/www.bbmnoticias.com\/labravaradiofm\/wp-json\/wp\/v2\/users\/4"}],"replies":[{"embeddable":true,"href":"https:\/\/www.bbmnoticias.com\/labravaradiofm\/wp-json\/wp\/v2\/comments?post=71704"}],"version-history":[{"count":0,"href":"https:\/\/www.bbmnoticias.com\/labravaradiofm\/wp-json\/wp\/v2\/posts\/71704\/revisions"}],"wp:featuredmedia":[{"embeddable":true,"href":"https:\/\/www.bbmnoticias.com\/labravaradiofm\/wp-json\/wp\/v2\/media\/71706"}],"wp:attachment":[{"href":"https:\/\/www.bbmnoticias.com\/labravaradiofm\/wp-json\/wp\/v2\/media?parent=71704"}],"wp:term":[{"taxonomy":"category","embeddable":true,"href":"https:\/\/www.bbmnoticias.com\/labravaradiofm\/wp-json\/wp\/v2\/categories?post=71704"},{"taxonomy":"post_tag","embeddable":true,"href":"https:\/\/www.bbmnoticias.com\/labravaradiofm\/wp-json\/wp\/v2\/tags?post=71704"}],"curies":[{"name":"wp","href":"https:\/\/api.w.org\/{rel}","templated":true}]}}