{"id":71356,"date":"2025-12-15T18:16:30","date_gmt":"2025-12-16T00:16:30","guid":{"rendered":"https:\/\/www.bbmnoticias.com\/labravaradiofm\/2025\/12\/15\/atestigua-salomon-jara-la-puesta-de-quilla-de-la-patrulla-oceanica-clase-yucatan-opv-en-salina-cruz\/"},"modified":"2025-12-15T18:16:37","modified_gmt":"2025-12-16T00:16:37","slug":"atestigua-salomon-jara-la-puesta-de-quilla-de-la-patrulla-oceanica-clase-yucatan-opv-en-salina-cruz","status":"publish","type":"post","link":"https:\/\/www.bbmnoticias.com\/labravaradiofm\/2025\/12\/15\/atestigua-salomon-jara-la-puesta-de-quilla-de-la-patrulla-oceanica-clase-yucatan-opv-en-salina-cruz\/","title":{"rendered":"Atestigua Salom\u00f3n Jara la puesta de quilla de la patrulla oce\u00e1nica clase Yucat\u00e1n OPV en Salina Cruz"},"content":{"rendered":"<div style=\"margin-top: 0px; margin-bottom: 0px;\" class=\"sharethis-inline-share-buttons\" ><\/div>\n<p><strong>Salina Cruz, Oax, Oax.-<\/strong> El Gobernador Salom\u00f3n Jara Cruz atestigu\u00f3 la puesta de quilla con la que se da inicio a la construcci\u00f3n de la patrulla oce\u00e1nica clase Yucat\u00e1n OPV 2025, que fortalece la industria naval de M\u00e9xico y robustece la seguridad mar\u00edtima.<\/p>\n\n\n\n<p>Desde el Astillero de Marina (Astimar) n\u00famero 1 \u201cAlmirante Jos\u00e9 Luis Cubria Palma\u201d, del puerto de Salina Cruz; el Mandatario estatal celebr\u00f3 este acto, que forma parte del programa permanente de sustituci\u00f3n de buques de la Secretar\u00eda de Marina (Semar), con lo cual se ampl\u00eda el alcance operativo, mejora la vigilancia mar\u00edtima, optimiza la respuesta ante emergencias y refuerza la presencia naval en \u00e1reas de inter\u00e9s.<\/p>\n\n\n\n<p>En su oportunidad, el titular de la Semar, Raymundo Pedro Morales destac\u00f3 que esta nave es la primera de siete que se tienen programadas de esta clase para el Oc\u00e9ano Pac\u00edfico y Golfo de M\u00e9xico, y cuya construcci\u00f3n representa una industria naval autosuficiente para garantizar seguridad de las aguas del territorio nacional, con tecnolog\u00eda de \u00faltima generaci\u00f3n, procesos sustentables y dise\u00f1os de vanguardia.<\/p>\n\n\n\n<p>\u201cContar con unidades equipadas, funcionales y estrat\u00e9gicamente dise\u00f1adas hace posible ejercer plenamente el poder naval de la federaci\u00f3n y preservar el estado de derecho de los mares nacionales, gracias a la visi\u00f3n mar\u00edtima de la Comandanta Suprema de las Fuerzas Armadas Mexicanas, Claudia Sheinbaum Pardo\u201d, afirm\u00f3.<\/p>\n\n\n\n<p>Esta patrulla oce\u00e1nica tendr\u00e1 un desplazamiento de 1 mil 100 toneladas, velocidad m\u00e1xima de 30 nudos y velocidad de crucero de 11 nudos. Albergar\u00e1 una tripulaci\u00f3n 60 elementos, y m\u00e1s del 90 por ciento de la mano de obra la realizar\u00e1n habitantes del Istmo de Tehuantepec.<\/p>\n\n\n\n<p>\u201cLa nueva patrulla nace con un objetivo claro, desarrollar un buque de nueva generaci\u00f3n capaz de cumplir con eficiencia y eficacia la gran diversidad de visiones que los mares nacionales requieren de la Marina Armada de M\u00e9xico\u201d, expuso, el director del Astimar 1, Juan Jes\u00fas Gallardo Alvarado.<\/p>\n\n\n\n<p>La puesta de quilla representa el nacimiento de un buque, ya que se trata de un elemento estructural del cual depende la resistencia del resto de sus componentes, que ayuda a sortear tempestades y lleva a la tripulaci\u00f3n a buen puerto.<\/p>\n","protected":false},"excerpt":{"rendered":"<p>Salina Cruz, Oax, Oax.- El Gobernador Salom\u00f3n Jara Cruz atestigu\u00f3 la puesta de quilla con la que se da inicio a la construcci\u00f3n de la patrulla oce\u00e1nica clase Yucat\u00e1n OPV 2025, que fortalece la industria naval de M\u00e9xico y robustece la seguridad mar\u00edtima. Desde el Astillero de Marina (Astimar) n\u00famero 1 \u201cAlmirante Jos\u00e9 Luis Cubria [&hellip;]<\/p>\n","protected":false},"author":2,"featured_media":71358,"comment_status":"closed","ping_status":"","sticky":false,"template":"","format":"standard","meta":{"footnotes":""},"categories":[2],"tags":[],"class_list":{"0":"post-71356","1":"post","2":"type-post","3":"status-publish","4":"format-standard","5":"has-post-thumbnail","7":"category-oaxaca"},"yoast_head":"<!-- This site is optimized with the Yoast SEO plugin v27.4 - https:\/\/yoast.com\/product\/yoast-seo-wordpress\/ -->\n<title>Atestigua Salom\u00f3n Jara la puesta de quilla de la patrulla oce\u00e1nica clase Yucat\u00e1n OPV en Salina Cruz - LA BRAVA RADIO<\/title>\n<meta name=\"robots\" content=\"index, follow, max-snippet:-1, max-image-preview:large, max-video-preview:-1\" \/>\n<link rel=\"canonical\" href=\"https:\/\/www.bbmnoticias.com\/atestigua-salomon-jara-la-puesta-de-quilla-de-la-patrulla-oceanica-clase-yucatan-opv-en-salina-cruz\/\" \/>\n<meta property=\"og:locale\" content=\"es_MX\" \/>\n<meta property=\"og:type\" content=\"article\" \/>\n<meta property=\"og:title\" content=\"Atestigua Salom\u00f3n Jara la puesta de quilla de la patrulla oce\u00e1nica clase Yucat\u00e1n OPV en Salina Cruz - LA BRAVA RADIO\" \/>\n<meta property=\"og:description\" content=\"Salina Cruz, Oax, Oax.- El Gobernador Salom\u00f3n Jara Cruz atestigu\u00f3 la puesta de quilla con la que se da inicio a la construcci\u00f3n de la patrulla oce\u00e1nica clase Yucat\u00e1n OPV 2025, que fortalece la industria naval de M\u00e9xico y robustece la seguridad mar\u00edtima. Desde el Astillero de Marina (Astimar) n\u00famero 1 \u201cAlmirante Jos\u00e9 Luis Cubria [&hellip;]\" \/>\n<meta property=\"og:url\" content=\"https:\/\/www.bbmnoticias.com\/atestigua-salomon-jara-la-puesta-de-quilla-de-la-patrulla-oceanica-clase-yucatan-opv-en-salina-cruz\/\" \/>\n<meta property=\"og:site_name\" content=\"LA BRAVA RADIO\" \/>\n<meta property=\"article:published_time\" content=\"2025-12-16T00:16:30+00:00\" \/>\n<meta property=\"article:modified_time\" content=\"2025-12-16T00:16:37+00:00\" \/>\n<meta property=\"og:image\" content=\"https:\/\/www.bbmnoticias.com\/labravaradiofm\/wp-content\/uploads\/sites\/5\/2025\/12\/thumbnail_GOBERNADOR-PUESTA-DE-QUILLA-3.jpg\" \/>\n\t<meta property=\"og:image:width\" content=\"900\" \/>\n\t<meta property=\"og:image:height\" content=\"599\" \/>\n\t<meta property=\"og:image:type\" content=\"image\/jpeg\" \/>\n<meta name=\"author\" content=\"Staff\" \/>\n<meta name=\"twitter:card\" content=\"summary_large_image\" \/>\n<meta name=\"twitter:label1\" content=\"Escrito por\" \/>\n\t<meta name=\"twitter:data1\" content=\"Staff\" \/>\n\t<meta name=\"twitter:label2\" content=\"Tiempo de lectura\" \/>\n\t<meta name=\"twitter:data2\" content=\"2 minutos\" \/>\n<script type=\"application\/ld+json\" class=\"yoast-schema-graph\">{\"@context\":\"https:\\\/\\\/schema.org\",\"@graph\":[{\"@type\":\"Article\",\"@id\":\"https:\\\/\\\/www.bbmnoticias.com\\\/atestigua-salomon-jara-la-puesta-de-quilla-de-la-patrulla-oceanica-clase-yucatan-opv-en-salina-cruz\\\/#article\",\"isPartOf\":{\"@id\":\"https:\\\/\\\/www.bbmnoticias.com\\\/labravaradiofm\\\/2025\\\/12\\\/15\\\/atestigua-salomon-jara-la-puesta-de-quilla-de-la-patrulla-oceanica-clase-yucatan-opv-en-salina-cruz\\\/\"},\"author\":{\"name\":\"Staff\",\"@id\":\"https:\\\/\\\/www.bbmnoticias.com\\\/labravaradiofm\\\/#\\\/schema\\\/person\\\/68a9e9036ef3c5b55aeb2b71dc8bab45\"},\"headline\":\"Atestigua Salom\u00f3n Jara la puesta de quilla de la patrulla oce\u00e1nica clase Yucat\u00e1n OPV en Salina Cruz\",\"datePublished\":\"2025-12-16T00:16:30+00:00\",\"dateModified\":\"2025-12-16T00:16:37+00:00\",\"mainEntityOfPage\":{\"@id\":\"https:\\\/\\\/www.bbmnoticias.com\\\/labravaradiofm\\\/2025\\\/12\\\/15\\\/atestigua-salomon-jara-la-puesta-de-quilla-de-la-patrulla-oceanica-clase-yucatan-opv-en-salina-cruz\\\/\"},\"wordCount\":397,\"image\":{\"@id\":\"https:\\\/\\\/www.bbmnoticias.com\\\/atestigua-salomon-jara-la-puesta-de-quilla-de-la-patrulla-oceanica-clase-yucatan-opv-en-salina-cruz\\\/#primaryimage\"},\"thumbnailUrl\":\"https:\\\/\\\/www.bbmnoticias.com\\\/labravaradiofm\\\/wp-content\\\/uploads\\\/sites\\\/5\\\/2025\\\/12\\\/thumbnail_GOBERNADOR-PUESTA-DE-QUILLA-3.jpg\",\"articleSection\":[\"LOCAL\"],\"inLanguage\":\"es\"},{\"@type\":\"WebPage\",\"@id\":\"https:\\\/\\\/www.bbmnoticias.com\\\/labravaradiofm\\\/2025\\\/12\\\/15\\\/atestigua-salomon-jara-la-puesta-de-quilla-de-la-patrulla-oceanica-clase-yucatan-opv-en-salina-cruz\\\/\",\"url\":\"https:\\\/\\\/www.bbmnoticias.com\\\/atestigua-salomon-jara-la-puesta-de-quilla-de-la-patrulla-oceanica-clase-yucatan-opv-en-salina-cruz\\\/\",\"name\":\"Atestigua Salom\u00f3n Jara la puesta de quilla de la patrulla oce\u00e1nica clase Yucat\u00e1n OPV en Salina Cruz - LA BRAVA RADIO\",\"isPartOf\":{\"@id\":\"https:\\\/\\\/www.bbmnoticias.com\\\/labravaradiofm\\\/#website\"},\"primaryImageOfPage\":{\"@id\":\"https:\\\/\\\/www.bbmnoticias.com\\\/atestigua-salomon-jara-la-puesta-de-quilla-de-la-patrulla-oceanica-clase-yucatan-opv-en-salina-cruz\\\/#primaryimage\"},\"image\":{\"@id\":\"https:\\\/\\\/www.bbmnoticias.com\\\/atestigua-salomon-jara-la-puesta-de-quilla-de-la-patrulla-oceanica-clase-yucatan-opv-en-salina-cruz\\\/#primaryimage\"},\"thumbnailUrl\":\"https:\\\/\\\/www.bbmnoticias.com\\\/labravaradiofm\\\/wp-content\\\/uploads\\\/sites\\\/5\\\/2025\\\/12\\\/thumbnail_GOBERNADOR-PUESTA-DE-QUILLA-3.jpg\",\"datePublished\":\"2025-12-16T00:16:30+00:00\",\"dateModified\":\"2025-12-16T00:16:37+00:00\",\"author\":{\"@id\":\"https:\\\/\\\/www.bbmnoticias.com\\\/labravaradiofm\\\/#\\\/schema\\\/person\\\/68a9e9036ef3c5b55aeb2b71dc8bab45\"},\"breadcrumb\":{\"@id\":\"https:\\\/\\\/www.bbmnoticias.com\\\/atestigua-salomon-jara-la-puesta-de-quilla-de-la-patrulla-oceanica-clase-yucatan-opv-en-salina-cruz\\\/#breadcrumb\"},\"inLanguage\":\"es\",\"potentialAction\":[{\"@type\":\"ReadAction\",\"target\":[\"https:\\\/\\\/www.bbmnoticias.com\\\/atestigua-salomon-jara-la-puesta-de-quilla-de-la-patrulla-oceanica-clase-yucatan-opv-en-salina-cruz\\\/\"]}]},{\"@type\":\"ImageObject\",\"inLanguage\":\"es\",\"@id\":\"https:\\\/\\\/www.bbmnoticias.com\\\/atestigua-salomon-jara-la-puesta-de-quilla-de-la-patrulla-oceanica-clase-yucatan-opv-en-salina-cruz\\\/#primaryimage\",\"url\":\"https:\\\/\\\/www.bbmnoticias.com\\\/labravaradiofm\\\/wp-content\\\/uploads\\\/sites\\\/5\\\/2025\\\/12\\\/thumbnail_GOBERNADOR-PUESTA-DE-QUILLA-3.jpg\",\"contentUrl\":\"https:\\\/\\\/www.bbmnoticias.com\\\/labravaradiofm\\\/wp-content\\\/uploads\\\/sites\\\/5\\\/2025\\\/12\\\/thumbnail_GOBERNADOR-PUESTA-DE-QUILLA-3.jpg\",\"width\":900,\"height\":599},{\"@type\":\"BreadcrumbList\",\"@id\":\"https:\\\/\\\/www.bbmnoticias.com\\\/atestigua-salomon-jara-la-puesta-de-quilla-de-la-patrulla-oceanica-clase-yucatan-opv-en-salina-cruz\\\/#breadcrumb\",\"itemListElement\":[{\"@type\":\"ListItem\",\"position\":1,\"name\":\"Inicio\",\"item\":\"https:\\\/\\\/www.bbmnoticias.com\\\/labravaradiofm\\\/\"},{\"@type\":\"ListItem\",\"position\":2,\"name\":\"Atestigua Salom\u00f3n Jara la puesta de quilla de la patrulla oce\u00e1nica clase Yucat\u00e1n OPV en Salina Cruz\"}]},{\"@type\":\"WebSite\",\"@id\":\"https:\\\/\\\/www.bbmnoticias.com\\\/labravaradiofm\\\/#website\",\"url\":\"https:\\\/\\\/www.bbmnoticias.com\\\/labravaradiofm\\\/\",\"name\":\"LA BRAVA RADIO\",\"description\":\"Empresa productora de medios, Radiodifusi\u00f3n, Noticias, tendencias y todo lo que necesitas saber de la pol\u00edtica mexicana e internacional; entretenimiento, espect\u00e1culos, salud y mucho m\u00e1s.\",\"potentialAction\":[{\"@type\":\"SearchAction\",\"target\":{\"@type\":\"EntryPoint\",\"urlTemplate\":\"https:\\\/\\\/www.bbmnoticias.com\\\/labravaradiofm\\\/?s={search_term_string}\"},\"query-input\":{\"@type\":\"PropertyValueSpecification\",\"valueRequired\":true,\"valueName\":\"search_term_string\"}}],\"inLanguage\":\"es\"},{\"@type\":\"Person\",\"@id\":\"https:\\\/\\\/www.bbmnoticias.com\\\/labravaradiofm\\\/#\\\/schema\\\/person\\\/68a9e9036ef3c5b55aeb2b71dc8bab45\",\"name\":\"Staff\",\"image\":{\"@type\":\"ImageObject\",\"inLanguage\":\"es\",\"@id\":\"https:\\\/\\\/secure.gravatar.com\\\/avatar\\\/fdd21ad66fd8b98c407f9dee5b5e588cfe7f0d8579ec20fa6527cd59bab7f0f0?s=96&d=mm&r=g\",\"url\":\"https:\\\/\\\/secure.gravatar.com\\\/avatar\\\/fdd21ad66fd8b98c407f9dee5b5e588cfe7f0d8579ec20fa6527cd59bab7f0f0?s=96&d=mm&r=g\",\"contentUrl\":\"https:\\\/\\\/secure.gravatar.com\\\/avatar\\\/fdd21ad66fd8b98c407f9dee5b5e588cfe7f0d8579ec20fa6527cd59bab7f0f0?s=96&d=mm&r=g\",\"caption\":\"Staff\"},\"url\":\"https:\\\/\\\/www.bbmnoticias.com\\\/labravaradiofm\\\/author\\\/redaccion\\\/\"}]}<\/script>\n<!-- \/ Yoast SEO plugin. -->","yoast_head_json":{"title":"Atestigua Salom\u00f3n Jara la puesta de quilla de la patrulla oce\u00e1nica clase Yucat\u00e1n OPV en Salina Cruz - LA BRAVA RADIO","robots":{"index":"index","follow":"follow","max-snippet":"max-snippet:-1","max-image-preview":"max-image-preview:large","max-video-preview":"max-video-preview:-1"},"canonical":"https:\/\/www.bbmnoticias.com\/atestigua-salomon-jara-la-puesta-de-quilla-de-la-patrulla-oceanica-clase-yucatan-opv-en-salina-cruz\/","og_locale":"es_MX","og_type":"article","og_title":"Atestigua Salom\u00f3n Jara la puesta de quilla de la patrulla oce\u00e1nica clase Yucat\u00e1n OPV en Salina Cruz - LA BRAVA RADIO","og_description":"Salina Cruz, Oax, Oax.- El Gobernador Salom\u00f3n Jara Cruz atestigu\u00f3 la puesta de quilla con la que se da inicio a la construcci\u00f3n de la patrulla oce\u00e1nica clase Yucat\u00e1n OPV 2025, que fortalece la industria naval de M\u00e9xico y robustece la seguridad mar\u00edtima. Desde el Astillero de Marina (Astimar) n\u00famero 1 \u201cAlmirante Jos\u00e9 Luis Cubria [&hellip;]","og_url":"https:\/\/www.bbmnoticias.com\/atestigua-salomon-jara-la-puesta-de-quilla-de-la-patrulla-oceanica-clase-yucatan-opv-en-salina-cruz\/","og_site_name":"LA BRAVA RADIO","article_published_time":"2025-12-16T00:16:30+00:00","article_modified_time":"2025-12-16T00:16:37+00:00","og_image":[{"width":900,"height":599,"url":"https:\/\/www.bbmnoticias.com\/labravaradiofm\/wp-content\/uploads\/sites\/5\/2025\/12\/thumbnail_GOBERNADOR-PUESTA-DE-QUILLA-3.jpg","type":"image\/jpeg"}],"author":"Staff","twitter_card":"summary_large_image","twitter_misc":{"Escrito por":"Staff","Tiempo de lectura":"2 minutos"},"schema":{"@context":"https:\/\/schema.org","@graph":[{"@type":"Article","@id":"https:\/\/www.bbmnoticias.com\/atestigua-salomon-jara-la-puesta-de-quilla-de-la-patrulla-oceanica-clase-yucatan-opv-en-salina-cruz\/#article","isPartOf":{"@id":"https:\/\/www.bbmnoticias.com\/labravaradiofm\/2025\/12\/15\/atestigua-salomon-jara-la-puesta-de-quilla-de-la-patrulla-oceanica-clase-yucatan-opv-en-salina-cruz\/"},"author":{"name":"Staff","@id":"https:\/\/www.bbmnoticias.com\/labravaradiofm\/#\/schema\/person\/68a9e9036ef3c5b55aeb2b71dc8bab45"},"headline":"Atestigua Salom\u00f3n Jara la puesta de quilla de la patrulla oce\u00e1nica clase Yucat\u00e1n OPV en Salina Cruz","datePublished":"2025-12-16T00:16:30+00:00","dateModified":"2025-12-16T00:16:37+00:00","mainEntityOfPage":{"@id":"https:\/\/www.bbmnoticias.com\/labravaradiofm\/2025\/12\/15\/atestigua-salomon-jara-la-puesta-de-quilla-de-la-patrulla-oceanica-clase-yucatan-opv-en-salina-cruz\/"},"wordCount":397,"image":{"@id":"https:\/\/www.bbmnoticias.com\/atestigua-salomon-jara-la-puesta-de-quilla-de-la-patrulla-oceanica-clase-yucatan-opv-en-salina-cruz\/#primaryimage"},"thumbnailUrl":"https:\/\/www.bbmnoticias.com\/labravaradiofm\/wp-content\/uploads\/sites\/5\/2025\/12\/thumbnail_GOBERNADOR-PUESTA-DE-QUILLA-3.jpg","articleSection":["LOCAL"],"inLanguage":"es"},{"@type":"WebPage","@id":"https:\/\/www.bbmnoticias.com\/labravaradiofm\/2025\/12\/15\/atestigua-salomon-jara-la-puesta-de-quilla-de-la-patrulla-oceanica-clase-yucatan-opv-en-salina-cruz\/","url":"https:\/\/www.bbmnoticias.com\/atestigua-salomon-jara-la-puesta-de-quilla-de-la-patrulla-oceanica-clase-yucatan-opv-en-salina-cruz\/","name":"Atestigua Salom\u00f3n Jara la puesta de quilla de la patrulla oce\u00e1nica clase Yucat\u00e1n OPV en Salina Cruz - LA BRAVA RADIO","isPartOf":{"@id":"https:\/\/www.bbmnoticias.com\/labravaradiofm\/#website"},"primaryImageOfPage":{"@id":"https:\/\/www.bbmnoticias.com\/atestigua-salomon-jara-la-puesta-de-quilla-de-la-patrulla-oceanica-clase-yucatan-opv-en-salina-cruz\/#primaryimage"},"image":{"@id":"https:\/\/www.bbmnoticias.com\/atestigua-salomon-jara-la-puesta-de-quilla-de-la-patrulla-oceanica-clase-yucatan-opv-en-salina-cruz\/#primaryimage"},"thumbnailUrl":"https:\/\/www.bbmnoticias.com\/labravaradiofm\/wp-content\/uploads\/sites\/5\/2025\/12\/thumbnail_GOBERNADOR-PUESTA-DE-QUILLA-3.jpg","datePublished":"2025-12-16T00:16:30+00:00","dateModified":"2025-12-16T00:16:37+00:00","author":{"@id":"https:\/\/www.bbmnoticias.com\/labravaradiofm\/#\/schema\/person\/68a9e9036ef3c5b55aeb2b71dc8bab45"},"breadcrumb":{"@id":"https:\/\/www.bbmnoticias.com\/atestigua-salomon-jara-la-puesta-de-quilla-de-la-patrulla-oceanica-clase-yucatan-opv-en-salina-cruz\/#breadcrumb"},"inLanguage":"es","potentialAction":[{"@type":"ReadAction","target":["https:\/\/www.bbmnoticias.com\/atestigua-salomon-jara-la-puesta-de-quilla-de-la-patrulla-oceanica-clase-yucatan-opv-en-salina-cruz\/"]}]},{"@type":"ImageObject","inLanguage":"es","@id":"https:\/\/www.bbmnoticias.com\/atestigua-salomon-jara-la-puesta-de-quilla-de-la-patrulla-oceanica-clase-yucatan-opv-en-salina-cruz\/#primaryimage","url":"https:\/\/www.bbmnoticias.com\/labravaradiofm\/wp-content\/uploads\/sites\/5\/2025\/12\/thumbnail_GOBERNADOR-PUESTA-DE-QUILLA-3.jpg","contentUrl":"https:\/\/www.bbmnoticias.com\/labravaradiofm\/wp-content\/uploads\/sites\/5\/2025\/12\/thumbnail_GOBERNADOR-PUESTA-DE-QUILLA-3.jpg","width":900,"height":599},{"@type":"BreadcrumbList","@id":"https:\/\/www.bbmnoticias.com\/atestigua-salomon-jara-la-puesta-de-quilla-de-la-patrulla-oceanica-clase-yucatan-opv-en-salina-cruz\/#breadcrumb","itemListElement":[{"@type":"ListItem","position":1,"name":"Inicio","item":"https:\/\/www.bbmnoticias.com\/labravaradiofm\/"},{"@type":"ListItem","position":2,"name":"Atestigua Salom\u00f3n Jara la puesta de quilla de la patrulla oce\u00e1nica clase Yucat\u00e1n OPV en Salina Cruz"}]},{"@type":"WebSite","@id":"https:\/\/www.bbmnoticias.com\/labravaradiofm\/#website","url":"https:\/\/www.bbmnoticias.com\/labravaradiofm\/","name":"LA BRAVA RADIO","description":"Empresa productora de medios, Radiodifusi\u00f3n, Noticias, tendencias y todo lo que necesitas saber de la pol\u00edtica mexicana e internacional; entretenimiento, espect\u00e1culos, salud y mucho m\u00e1s.","potentialAction":[{"@type":"SearchAction","target":{"@type":"EntryPoint","urlTemplate":"https:\/\/www.bbmnoticias.com\/labravaradiofm\/?s={search_term_string}"},"query-input":{"@type":"PropertyValueSpecification","valueRequired":true,"valueName":"search_term_string"}}],"inLanguage":"es"},{"@type":"Person","@id":"https:\/\/www.bbmnoticias.com\/labravaradiofm\/#\/schema\/person\/68a9e9036ef3c5b55aeb2b71dc8bab45","name":"Staff","image":{"@type":"ImageObject","inLanguage":"es","@id":"https:\/\/secure.gravatar.com\/avatar\/fdd21ad66fd8b98c407f9dee5b5e588cfe7f0d8579ec20fa6527cd59bab7f0f0?s=96&d=mm&r=g","url":"https:\/\/secure.gravatar.com\/avatar\/fdd21ad66fd8b98c407f9dee5b5e588cfe7f0d8579ec20fa6527cd59bab7f0f0?s=96&d=mm&r=g","contentUrl":"https:\/\/secure.gravatar.com\/avatar\/fdd21ad66fd8b98c407f9dee5b5e588cfe7f0d8579ec20fa6527cd59bab7f0f0?s=96&d=mm&r=g","caption":"Staff"},"url":"https:\/\/www.bbmnoticias.com\/labravaradiofm\/author\/redaccion\/"}]}},"_links":{"self":[{"href":"https:\/\/www.bbmnoticias.com\/labravaradiofm\/wp-json\/wp\/v2\/posts\/71356","targetHints":{"allow":["GET"]}}],"collection":[{"href":"https:\/\/www.bbmnoticias.com\/labravaradiofm\/wp-json\/wp\/v2\/posts"}],"about":[{"href":"https:\/\/www.bbmnoticias.com\/labravaradiofm\/wp-json\/wp\/v2\/types\/post"}],"author":[{"embeddable":true,"href":"https:\/\/www.bbmnoticias.com\/labravaradiofm\/wp-json\/wp\/v2\/users\/2"}],"replies":[{"embeddable":true,"href":"https:\/\/www.bbmnoticias.com\/labravaradiofm\/wp-json\/wp\/v2\/comments?post=71356"}],"version-history":[{"count":0,"href":"https:\/\/www.bbmnoticias.com\/labravaradiofm\/wp-json\/wp\/v2\/posts\/71356\/revisions"}],"wp:featuredmedia":[{"embeddable":true,"href":"https:\/\/www.bbmnoticias.com\/labravaradiofm\/wp-json\/wp\/v2\/media\/71358"}],"wp:attachment":[{"href":"https:\/\/www.bbmnoticias.com\/labravaradiofm\/wp-json\/wp\/v2\/media?parent=71356"}],"wp:term":[{"taxonomy":"category","embeddable":true,"href":"https:\/\/www.bbmnoticias.com\/labravaradiofm\/wp-json\/wp\/v2\/categories?post=71356"},{"taxonomy":"post_tag","embeddable":true,"href":"https:\/\/www.bbmnoticias.com\/labravaradiofm\/wp-json\/wp\/v2\/tags?post=71356"}],"curies":[{"name":"wp","href":"https:\/\/api.w.org\/{rel}","templated":true}]}}