{"id":7133,"date":"2021-12-14T10:41:30","date_gmt":"2021-12-14T16:41:30","guid":{"rendered":"https:\/\/www.bbmnoticias.com\/labravaradiofm\/?p=7133"},"modified":"2021-12-14T10:41:30","modified_gmt":"2021-12-14T16:41:30","slug":"smo-inaugura-mini-boutique-oaxaca-mujeres-con-talento","status":"publish","type":"post","link":"https:\/\/www.bbmnoticias.com\/labravaradiofm\/2021\/12\/14\/smo-inaugura-mini-boutique-oaxaca-mujeres-con-talento\/","title":{"rendered":"SMO inaugura \u201cMini Boutique Oaxaca\u201d Mujeres con Talento"},"content":{"rendered":"<div style=\"margin-top: 0px; margin-bottom: 0px;\" class=\"sharethis-inline-share-buttons\" ><\/div>\n<p><strong>Oaxaca de Ju\u00e1rez, Oax., 14 de diciembre de 2021.-<\/strong> Con el objetivo de apoyar la reactivaci\u00f3n econ\u00f3mica de las mujeres artesanas y fortalecer su empoderamiento econ\u00f3mico, la Secretar\u00eda de las Mujeres de Oaxaca (SMO) en coordinaci\u00f3n con la Asociaci\u00f3n de Hoteles y Moteles de la Verde Antequera llevaron a cabo la inauguraci\u00f3n de la \u201cMini Boutique Oaxaca\u201d Mujeres con Talento en instalaciones del Hotel Oaxaca Real ubicado en la calle Garc\u00eda Vigil n\u00famero 306, en el Centro Hist\u00f3rico.<\/p>\n\n\n\n<p>Desde esta fecha y hasta el 19 de diciembre, en un horario de 9:00 a 18:00 horas, estar\u00e1n a la venta productos artesanales con diversas t\u00e9cnicas ancestrales, textiles tradicionales, art\u00edculos de joyer\u00eda de hojalata, comestibles como miel, caf\u00e9, curados, mezcal, entre otros. Todos los productos y creaciones son el resultado del talento y trabajo de aproximadamente 20 mujeres artesanas provenientes de las ocho regiones de la entidad.<\/p>\n\n\n\n<p>Gracias a la gran sororidad de aliadas integrantes de la asociaci\u00f3n, ser\u00e1 posible que otras artesanas se instalen en otros sitios de hospedaje como Hotel Agrado Guest House ubicado en la calle Murgu\u00eda n\u00famero 305 y Hotel Casa de Siete Balcones con domicilio en Avenida Jos\u00e9 Mar\u00eda Morelos 800, en el Centro Hist\u00f3rico.<\/p>\n\n\n\n<p>Tras recorrer los distintos puestos, la titular de la SMO, Ana Isabel V\u00e1squez Colmenares Guzm\u00e1n y la Presidenta de la Asociaci\u00f3n de Hoteles y Moteles de la Verde Antequera, Laura Patricia Barranco Ru\u00edz invitaron a disfrutar de la riqueza cultural de Oaxaca a trav\u00e9s de sus artesan\u00edas hechas con el coraz\u00f3n y a impulsar el consumo local para reactivar la econom\u00eda de las mujeres oaxaque\u00f1as.<\/p>\n\n\n\n<p>\u201cTenemos que sumar esfuerzos\u201d, se\u00f1al\u00f3 la funcionaria, pues la pandemia ha afectado a todos los sectores y el tur\u00edstico es uno de los m\u00e1s da\u00f1ados, pues las artesanas depend\u00edan de las ventas fuertes en fiestas como la Guelaguetza, la temporada decembrina y no pudieron trabajar porque se cerraron las tiendas y se cancelaron las ferias y todos los grandes eventos. Por ello el equipo de la SMO cre\u00f3 el sitio web <a href=\"http:\/\/www.artesanas.com\" target=\"_blank\" rel=\"noreferrer noopener\">www.artesanas.com<\/a>, acot\u00f3 V\u00e1squez Colmenares.<\/p>\n\n\n\n<p>En el marco de un convenio de colaboraci\u00f3n con la Asociaci\u00f3n de Hoteles \u2013continu\u00f3- generamos espacios alternativos m\u00f3viles como est\u00e1s mini boutiques que funcionan bien y representan un comercio justo porque hay buenos precios sin intermediarismo, al tiempo que present\u00f3 el saludo y reconocimiento a su trabajo por parte del gobernador Alejandro Murat Hinojosa y de la se\u00f1ora Ivett Mor\u00e1n de Murat, quienes reiteran su compromiso con las mujeres de la entidad.<\/p>\n\n\n\n<p>En representaci\u00f3n de las artesanas participantes, Josefina Jim\u00e9nez Hern\u00e1ndez agradeci\u00f3 a la titular de la SMO el apoyo, as\u00ed como las capacitaciones recibidas para vender en l\u00ednea.<\/p>\n\n\n\n<p>Tambi\u00e9n estuvieron presentes la Subsecretaria de Promoci\u00f3n, Participaci\u00f3n y Equidad de G\u00e9nero de la SMO, Raquel Alberto Mar\u00edn; la vicepresidenta y vicepresidente de la Asociaci\u00f3n de Hoteles y Moteles de la Verde Antequera, Lizbeth A. Sierra Morales y Arnel Cruz Salazar, respectivamente.<\/p>\n","protected":false},"excerpt":{"rendered":"<p>Oaxaca de Ju\u00e1rez, Oax., 14 de diciembre de 2021.- Con el objetivo de apoyar la reactivaci\u00f3n econ\u00f3mica de las mujeres artesanas y fortalecer su empoderamiento econ\u00f3mico, la Secretar\u00eda de las Mujeres de Oaxaca (SMO) en coordinaci\u00f3n con la Asociaci\u00f3n de Hoteles y Moteles de la Verde Antequera llevaron a cabo la inauguraci\u00f3n de la \u201cMini [&hellip;]<\/p>\n","protected":false},"author":2,"featured_media":7134,"comment_status":"closed","ping_status":"closed","sticky":false,"template":"","format":"standard","meta":{"footnotes":""},"categories":[2],"tags":[],"class_list":{"0":"post-7133","1":"post","2":"type-post","3":"status-publish","4":"format-standard","5":"has-post-thumbnail","7":"category-oaxaca"},"yoast_head":"<!-- This site is optimized with the Yoast SEO plugin v27.4 - https:\/\/yoast.com\/product\/yoast-seo-wordpress\/ -->\n<title>SMO inaugura \u201cMini Boutique Oaxaca\u201d Mujeres con Talento - LA BRAVA RADIO<\/title>\n<meta name=\"robots\" content=\"index, follow, max-snippet:-1, max-image-preview:large, max-video-preview:-1\" \/>\n<link rel=\"canonical\" href=\"https:\/\/www.bbmnoticias.com\/labravaradiofm\/2021\/12\/14\/smo-inaugura-mini-boutique-oaxaca-mujeres-con-talento\/\" \/>\n<meta property=\"og:locale\" content=\"es_MX\" \/>\n<meta property=\"og:type\" content=\"article\" \/>\n<meta property=\"og:title\" content=\"SMO inaugura \u201cMini Boutique Oaxaca\u201d Mujeres con Talento - LA BRAVA RADIO\" \/>\n<meta property=\"og:description\" content=\"Oaxaca de Ju\u00e1rez, Oax., 14 de diciembre de 2021.- Con el objetivo de apoyar la reactivaci\u00f3n econ\u00f3mica de las mujeres artesanas y fortalecer su empoderamiento econ\u00f3mico, la Secretar\u00eda de las Mujeres de Oaxaca (SMO) en coordinaci\u00f3n con la Asociaci\u00f3n de Hoteles y Moteles de la Verde Antequera llevaron a cabo la inauguraci\u00f3n de la \u201cMini [&hellip;]\" \/>\n<meta property=\"og:url\" content=\"https:\/\/www.bbmnoticias.com\/labravaradiofm\/2021\/12\/14\/smo-inaugura-mini-boutique-oaxaca-mujeres-con-talento\/\" \/>\n<meta property=\"og:site_name\" content=\"LA BRAVA RADIO\" \/>\n<meta property=\"article:published_time\" content=\"2021-12-14T16:41:30+00:00\" \/>\n<meta property=\"og:image\" content=\"https:\/\/www.bbmnoticias.com\/labravaradiofm\/wp-content\/uploads\/sites\/5\/2021\/12\/smo-boutique.jpeg\" \/>\n\t<meta property=\"og:image:width\" content=\"1600\" \/>\n\t<meta property=\"og:image:height\" content=\"1066\" \/>\n\t<meta property=\"og:image:type\" content=\"image\/jpeg\" \/>\n<meta name=\"author\" content=\"Staff\" \/>\n<meta name=\"twitter:card\" content=\"summary_large_image\" \/>\n<meta name=\"twitter:label1\" content=\"Escrito por\" \/>\n\t<meta name=\"twitter:data1\" content=\"Staff\" \/>\n\t<meta name=\"twitter:label2\" content=\"Tiempo de lectura\" \/>\n\t<meta name=\"twitter:data2\" content=\"3 minutos\" \/>\n<script type=\"application\/ld+json\" class=\"yoast-schema-graph\">{\"@context\":\"https:\\\/\\\/schema.org\",\"@graph\":[{\"@type\":\"Article\",\"@id\":\"https:\\\/\\\/www.bbmnoticias.com\\\/labravaradiofm\\\/2021\\\/12\\\/14\\\/smo-inaugura-mini-boutique-oaxaca-mujeres-con-talento\\\/#article\",\"isPartOf\":{\"@id\":\"https:\\\/\\\/www.bbmnoticias.com\\\/labravaradiofm\\\/2021\\\/12\\\/14\\\/smo-inaugura-mini-boutique-oaxaca-mujeres-con-talento\\\/\"},\"author\":{\"name\":\"Staff\",\"@id\":\"https:\\\/\\\/www.bbmnoticias.com\\\/labravaradiofm\\\/#\\\/schema\\\/person\\\/68a9e9036ef3c5b55aeb2b71dc8bab45\"},\"headline\":\"SMO inaugura \u201cMini Boutique Oaxaca\u201d Mujeres con Talento\",\"datePublished\":\"2021-12-14T16:41:30+00:00\",\"mainEntityOfPage\":{\"@id\":\"https:\\\/\\\/www.bbmnoticias.com\\\/labravaradiofm\\\/2021\\\/12\\\/14\\\/smo-inaugura-mini-boutique-oaxaca-mujeres-con-talento\\\/\"},\"wordCount\":533,\"image\":{\"@id\":\"https:\\\/\\\/www.bbmnoticias.com\\\/labravaradiofm\\\/2021\\\/12\\\/14\\\/smo-inaugura-mini-boutique-oaxaca-mujeres-con-talento\\\/#primaryimage\"},\"thumbnailUrl\":\"https:\\\/\\\/www.bbmnoticias.com\\\/labravaradiofm\\\/wp-content\\\/uploads\\\/sites\\\/5\\\/2021\\\/12\\\/smo-boutique.jpeg\",\"articleSection\":[\"LOCAL\"],\"inLanguage\":\"es\"},{\"@type\":\"WebPage\",\"@id\":\"https:\\\/\\\/www.bbmnoticias.com\\\/labravaradiofm\\\/2021\\\/12\\\/14\\\/smo-inaugura-mini-boutique-oaxaca-mujeres-con-talento\\\/\",\"url\":\"https:\\\/\\\/www.bbmnoticias.com\\\/labravaradiofm\\\/2021\\\/12\\\/14\\\/smo-inaugura-mini-boutique-oaxaca-mujeres-con-talento\\\/\",\"name\":\"SMO inaugura \u201cMini Boutique Oaxaca\u201d Mujeres con Talento - LA BRAVA RADIO\",\"isPartOf\":{\"@id\":\"https:\\\/\\\/www.bbmnoticias.com\\\/labravaradiofm\\\/#website\"},\"primaryImageOfPage\":{\"@id\":\"https:\\\/\\\/www.bbmnoticias.com\\\/labravaradiofm\\\/2021\\\/12\\\/14\\\/smo-inaugura-mini-boutique-oaxaca-mujeres-con-talento\\\/#primaryimage\"},\"image\":{\"@id\":\"https:\\\/\\\/www.bbmnoticias.com\\\/labravaradiofm\\\/2021\\\/12\\\/14\\\/smo-inaugura-mini-boutique-oaxaca-mujeres-con-talento\\\/#primaryimage\"},\"thumbnailUrl\":\"https:\\\/\\\/www.bbmnoticias.com\\\/labravaradiofm\\\/wp-content\\\/uploads\\\/sites\\\/5\\\/2021\\\/12\\\/smo-boutique.jpeg\",\"datePublished\":\"2021-12-14T16:41:30+00:00\",\"author\":{\"@id\":\"https:\\\/\\\/www.bbmnoticias.com\\\/labravaradiofm\\\/#\\\/schema\\\/person\\\/68a9e9036ef3c5b55aeb2b71dc8bab45\"},\"breadcrumb\":{\"@id\":\"https:\\\/\\\/www.bbmnoticias.com\\\/labravaradiofm\\\/2021\\\/12\\\/14\\\/smo-inaugura-mini-boutique-oaxaca-mujeres-con-talento\\\/#breadcrumb\"},\"inLanguage\":\"es\",\"potentialAction\":[{\"@type\":\"ReadAction\",\"target\":[\"https:\\\/\\\/www.bbmnoticias.com\\\/labravaradiofm\\\/2021\\\/12\\\/14\\\/smo-inaugura-mini-boutique-oaxaca-mujeres-con-talento\\\/\"]}]},{\"@type\":\"ImageObject\",\"inLanguage\":\"es\",\"@id\":\"https:\\\/\\\/www.bbmnoticias.com\\\/labravaradiofm\\\/2021\\\/12\\\/14\\\/smo-inaugura-mini-boutique-oaxaca-mujeres-con-talento\\\/#primaryimage\",\"url\":\"https:\\\/\\\/www.bbmnoticias.com\\\/labravaradiofm\\\/wp-content\\\/uploads\\\/sites\\\/5\\\/2021\\\/12\\\/smo-boutique.jpeg\",\"contentUrl\":\"https:\\\/\\\/www.bbmnoticias.com\\\/labravaradiofm\\\/wp-content\\\/uploads\\\/sites\\\/5\\\/2021\\\/12\\\/smo-boutique.jpeg\",\"width\":1600,\"height\":1066},{\"@type\":\"BreadcrumbList\",\"@id\":\"https:\\\/\\\/www.bbmnoticias.com\\\/labravaradiofm\\\/2021\\\/12\\\/14\\\/smo-inaugura-mini-boutique-oaxaca-mujeres-con-talento\\\/#breadcrumb\",\"itemListElement\":[{\"@type\":\"ListItem\",\"position\":1,\"name\":\"Inicio\",\"item\":\"https:\\\/\\\/www.bbmnoticias.com\\\/labravaradiofm\\\/\"},{\"@type\":\"ListItem\",\"position\":2,\"name\":\"SMO inaugura \u201cMini Boutique Oaxaca\u201d Mujeres con Talento\"}]},{\"@type\":\"WebSite\",\"@id\":\"https:\\\/\\\/www.bbmnoticias.com\\\/labravaradiofm\\\/#website\",\"url\":\"https:\\\/\\\/www.bbmnoticias.com\\\/labravaradiofm\\\/\",\"name\":\"LA BRAVA RADIO\",\"description\":\"Empresa productora de medios, Radiodifusi\u00f3n, Noticias, tendencias y todo lo que necesitas saber de la pol\u00edtica mexicana e internacional; entretenimiento, espect\u00e1culos, salud y mucho m\u00e1s.\",\"potentialAction\":[{\"@type\":\"SearchAction\",\"target\":{\"@type\":\"EntryPoint\",\"urlTemplate\":\"https:\\\/\\\/www.bbmnoticias.com\\\/labravaradiofm\\\/?s={search_term_string}\"},\"query-input\":{\"@type\":\"PropertyValueSpecification\",\"valueRequired\":true,\"valueName\":\"search_term_string\"}}],\"inLanguage\":\"es\"},{\"@type\":\"Person\",\"@id\":\"https:\\\/\\\/www.bbmnoticias.com\\\/labravaradiofm\\\/#\\\/schema\\\/person\\\/68a9e9036ef3c5b55aeb2b71dc8bab45\",\"name\":\"Staff\",\"image\":{\"@type\":\"ImageObject\",\"inLanguage\":\"es\",\"@id\":\"https:\\\/\\\/secure.gravatar.com\\\/avatar\\\/fdd21ad66fd8b98c407f9dee5b5e588cfe7f0d8579ec20fa6527cd59bab7f0f0?s=96&d=mm&r=g\",\"url\":\"https:\\\/\\\/secure.gravatar.com\\\/avatar\\\/fdd21ad66fd8b98c407f9dee5b5e588cfe7f0d8579ec20fa6527cd59bab7f0f0?s=96&d=mm&r=g\",\"contentUrl\":\"https:\\\/\\\/secure.gravatar.com\\\/avatar\\\/fdd21ad66fd8b98c407f9dee5b5e588cfe7f0d8579ec20fa6527cd59bab7f0f0?s=96&d=mm&r=g\",\"caption\":\"Staff\"},\"url\":\"https:\\\/\\\/www.bbmnoticias.com\\\/labravaradiofm\\\/author\\\/redaccion\\\/\"}]}<\/script>\n<!-- \/ Yoast SEO plugin. -->","yoast_head_json":{"title":"SMO inaugura \u201cMini Boutique Oaxaca\u201d Mujeres con Talento - LA BRAVA RADIO","robots":{"index":"index","follow":"follow","max-snippet":"max-snippet:-1","max-image-preview":"max-image-preview:large","max-video-preview":"max-video-preview:-1"},"canonical":"https:\/\/www.bbmnoticias.com\/labravaradiofm\/2021\/12\/14\/smo-inaugura-mini-boutique-oaxaca-mujeres-con-talento\/","og_locale":"es_MX","og_type":"article","og_title":"SMO inaugura \u201cMini Boutique Oaxaca\u201d Mujeres con Talento - LA BRAVA RADIO","og_description":"Oaxaca de Ju\u00e1rez, Oax., 14 de diciembre de 2021.- Con el objetivo de apoyar la reactivaci\u00f3n econ\u00f3mica de las mujeres artesanas y fortalecer su empoderamiento econ\u00f3mico, la Secretar\u00eda de las Mujeres de Oaxaca (SMO) en coordinaci\u00f3n con la Asociaci\u00f3n de Hoteles y Moteles de la Verde Antequera llevaron a cabo la inauguraci\u00f3n de la \u201cMini [&hellip;]","og_url":"https:\/\/www.bbmnoticias.com\/labravaradiofm\/2021\/12\/14\/smo-inaugura-mini-boutique-oaxaca-mujeres-con-talento\/","og_site_name":"LA BRAVA RADIO","article_published_time":"2021-12-14T16:41:30+00:00","og_image":[{"width":1600,"height":1066,"url":"https:\/\/www.bbmnoticias.com\/labravaradiofm\/wp-content\/uploads\/sites\/5\/2021\/12\/smo-boutique.jpeg","type":"image\/jpeg"}],"author":"Staff","twitter_card":"summary_large_image","twitter_misc":{"Escrito por":"Staff","Tiempo de lectura":"3 minutos"},"schema":{"@context":"https:\/\/schema.org","@graph":[{"@type":"Article","@id":"https:\/\/www.bbmnoticias.com\/labravaradiofm\/2021\/12\/14\/smo-inaugura-mini-boutique-oaxaca-mujeres-con-talento\/#article","isPartOf":{"@id":"https:\/\/www.bbmnoticias.com\/labravaradiofm\/2021\/12\/14\/smo-inaugura-mini-boutique-oaxaca-mujeres-con-talento\/"},"author":{"name":"Staff","@id":"https:\/\/www.bbmnoticias.com\/labravaradiofm\/#\/schema\/person\/68a9e9036ef3c5b55aeb2b71dc8bab45"},"headline":"SMO inaugura \u201cMini Boutique Oaxaca\u201d Mujeres con Talento","datePublished":"2021-12-14T16:41:30+00:00","mainEntityOfPage":{"@id":"https:\/\/www.bbmnoticias.com\/labravaradiofm\/2021\/12\/14\/smo-inaugura-mini-boutique-oaxaca-mujeres-con-talento\/"},"wordCount":533,"image":{"@id":"https:\/\/www.bbmnoticias.com\/labravaradiofm\/2021\/12\/14\/smo-inaugura-mini-boutique-oaxaca-mujeres-con-talento\/#primaryimage"},"thumbnailUrl":"https:\/\/www.bbmnoticias.com\/labravaradiofm\/wp-content\/uploads\/sites\/5\/2021\/12\/smo-boutique.jpeg","articleSection":["LOCAL"],"inLanguage":"es"},{"@type":"WebPage","@id":"https:\/\/www.bbmnoticias.com\/labravaradiofm\/2021\/12\/14\/smo-inaugura-mini-boutique-oaxaca-mujeres-con-talento\/","url":"https:\/\/www.bbmnoticias.com\/labravaradiofm\/2021\/12\/14\/smo-inaugura-mini-boutique-oaxaca-mujeres-con-talento\/","name":"SMO inaugura \u201cMini Boutique Oaxaca\u201d Mujeres con Talento - LA BRAVA RADIO","isPartOf":{"@id":"https:\/\/www.bbmnoticias.com\/labravaradiofm\/#website"},"primaryImageOfPage":{"@id":"https:\/\/www.bbmnoticias.com\/labravaradiofm\/2021\/12\/14\/smo-inaugura-mini-boutique-oaxaca-mujeres-con-talento\/#primaryimage"},"image":{"@id":"https:\/\/www.bbmnoticias.com\/labravaradiofm\/2021\/12\/14\/smo-inaugura-mini-boutique-oaxaca-mujeres-con-talento\/#primaryimage"},"thumbnailUrl":"https:\/\/www.bbmnoticias.com\/labravaradiofm\/wp-content\/uploads\/sites\/5\/2021\/12\/smo-boutique.jpeg","datePublished":"2021-12-14T16:41:30+00:00","author":{"@id":"https:\/\/www.bbmnoticias.com\/labravaradiofm\/#\/schema\/person\/68a9e9036ef3c5b55aeb2b71dc8bab45"},"breadcrumb":{"@id":"https:\/\/www.bbmnoticias.com\/labravaradiofm\/2021\/12\/14\/smo-inaugura-mini-boutique-oaxaca-mujeres-con-talento\/#breadcrumb"},"inLanguage":"es","potentialAction":[{"@type":"ReadAction","target":["https:\/\/www.bbmnoticias.com\/labravaradiofm\/2021\/12\/14\/smo-inaugura-mini-boutique-oaxaca-mujeres-con-talento\/"]}]},{"@type":"ImageObject","inLanguage":"es","@id":"https:\/\/www.bbmnoticias.com\/labravaradiofm\/2021\/12\/14\/smo-inaugura-mini-boutique-oaxaca-mujeres-con-talento\/#primaryimage","url":"https:\/\/www.bbmnoticias.com\/labravaradiofm\/wp-content\/uploads\/sites\/5\/2021\/12\/smo-boutique.jpeg","contentUrl":"https:\/\/www.bbmnoticias.com\/labravaradiofm\/wp-content\/uploads\/sites\/5\/2021\/12\/smo-boutique.jpeg","width":1600,"height":1066},{"@type":"BreadcrumbList","@id":"https:\/\/www.bbmnoticias.com\/labravaradiofm\/2021\/12\/14\/smo-inaugura-mini-boutique-oaxaca-mujeres-con-talento\/#breadcrumb","itemListElement":[{"@type":"ListItem","position":1,"name":"Inicio","item":"https:\/\/www.bbmnoticias.com\/labravaradiofm\/"},{"@type":"ListItem","position":2,"name":"SMO inaugura \u201cMini Boutique Oaxaca\u201d Mujeres con Talento"}]},{"@type":"WebSite","@id":"https:\/\/www.bbmnoticias.com\/labravaradiofm\/#website","url":"https:\/\/www.bbmnoticias.com\/labravaradiofm\/","name":"LA BRAVA RADIO","description":"Empresa productora de medios, Radiodifusi\u00f3n, Noticias, tendencias y todo lo que necesitas saber de la pol\u00edtica mexicana e internacional; entretenimiento, espect\u00e1culos, salud y mucho m\u00e1s.","potentialAction":[{"@type":"SearchAction","target":{"@type":"EntryPoint","urlTemplate":"https:\/\/www.bbmnoticias.com\/labravaradiofm\/?s={search_term_string}"},"query-input":{"@type":"PropertyValueSpecification","valueRequired":true,"valueName":"search_term_string"}}],"inLanguage":"es"},{"@type":"Person","@id":"https:\/\/www.bbmnoticias.com\/labravaradiofm\/#\/schema\/person\/68a9e9036ef3c5b55aeb2b71dc8bab45","name":"Staff","image":{"@type":"ImageObject","inLanguage":"es","@id":"https:\/\/secure.gravatar.com\/avatar\/fdd21ad66fd8b98c407f9dee5b5e588cfe7f0d8579ec20fa6527cd59bab7f0f0?s=96&d=mm&r=g","url":"https:\/\/secure.gravatar.com\/avatar\/fdd21ad66fd8b98c407f9dee5b5e588cfe7f0d8579ec20fa6527cd59bab7f0f0?s=96&d=mm&r=g","contentUrl":"https:\/\/secure.gravatar.com\/avatar\/fdd21ad66fd8b98c407f9dee5b5e588cfe7f0d8579ec20fa6527cd59bab7f0f0?s=96&d=mm&r=g","caption":"Staff"},"url":"https:\/\/www.bbmnoticias.com\/labravaradiofm\/author\/redaccion\/"}]}},"_links":{"self":[{"href":"https:\/\/www.bbmnoticias.com\/labravaradiofm\/wp-json\/wp\/v2\/posts\/7133","targetHints":{"allow":["GET"]}}],"collection":[{"href":"https:\/\/www.bbmnoticias.com\/labravaradiofm\/wp-json\/wp\/v2\/posts"}],"about":[{"href":"https:\/\/www.bbmnoticias.com\/labravaradiofm\/wp-json\/wp\/v2\/types\/post"}],"author":[{"embeddable":true,"href":"https:\/\/www.bbmnoticias.com\/labravaradiofm\/wp-json\/wp\/v2\/users\/2"}],"replies":[{"embeddable":true,"href":"https:\/\/www.bbmnoticias.com\/labravaradiofm\/wp-json\/wp\/v2\/comments?post=7133"}],"version-history":[{"count":0,"href":"https:\/\/www.bbmnoticias.com\/labravaradiofm\/wp-json\/wp\/v2\/posts\/7133\/revisions"}],"wp:featuredmedia":[{"embeddable":true,"href":"https:\/\/www.bbmnoticias.com\/labravaradiofm\/wp-json\/wp\/v2\/media\/7134"}],"wp:attachment":[{"href":"https:\/\/www.bbmnoticias.com\/labravaradiofm\/wp-json\/wp\/v2\/media?parent=7133"}],"wp:term":[{"taxonomy":"category","embeddable":true,"href":"https:\/\/www.bbmnoticias.com\/labravaradiofm\/wp-json\/wp\/v2\/categories?post=7133"},{"taxonomy":"post_tag","embeddable":true,"href":"https:\/\/www.bbmnoticias.com\/labravaradiofm\/wp-json\/wp\/v2\/tags?post=7133"}],"curies":[{"name":"wp","href":"https:\/\/api.w.org\/{rel}","templated":true}]}}