{"id":71311,"date":"2025-12-15T08:31:29","date_gmt":"2025-12-15T14:31:29","guid":{"rendered":"https:\/\/www.bbmnoticias.com\/labravaradiofm\/2025\/12\/15\/el-tren-suburbano-el-tehuanito-iniciara-la-fase-de-pruebas-este-lunes\/"},"modified":"2025-12-15T08:31:33","modified_gmt":"2025-12-15T14:31:33","slug":"el-tren-suburbano-el-tehuanito-iniciara-la-fase-de-pruebas-este-lunes","status":"publish","type":"post","link":"https:\/\/www.bbmnoticias.com\/labravaradiofm\/2025\/12\/15\/el-tren-suburbano-el-tehuanito-iniciara-la-fase-de-pruebas-este-lunes\/","title":{"rendered":"El tren suburbano &#8220;El Tehuanito&#8221; iniciar\u00e1 la fase de pruebas este lunes"},"content":{"rendered":"<div style=\"margin-top: 0px; margin-bottom: 0px;\" class=\"sharethis-inline-share-buttons\" ><\/div>\n<p>Juchit\u00e1n, Oax. \u2013 El tren suburbano, bautizado por el Ferrocarril del Istmo de Tehuantepec (FIT), <strong>El Tehuanito Sur<\/strong>, iniciar\u00e1 este lunes 15 de diciembre, la fase de pruebas de su recorrido por<strong> siete municipios istme\u00f1os<\/strong>, saliendo de Uni\u00f3n Hidalgo y llegando a <strong>Salina Cruz<\/strong>.<\/p>\n\n\n\n<p>Como parte de las acciones del Corredor Interoce\u00e1nico del Istmo de Tehuantepec (CIIT), El Tehuanito, ayudar\u00e1 en la movilidad de trabajadores, comerciantes y estudiantes, con<strong> precios bajos<\/strong>.<\/p>\n\n\n\n<p>De acuerdo con la ruta del tren suburbano, saldr\u00e1 de Uni\u00f3n Hidalgo y pasar\u00e1 por <strong>Juchit\u00e1n, El Espinal, Ciudad Ixtepec, San Pedro Comitancillo, Santo Domingo Tehuantepec <\/strong>y llegar\u00e1 a Salina Cruz, dos horas despu\u00e9s de su salida.<\/p>\n\n\n\n<p>Seg\u00fan la tabla de tarifas, que se puede consultar en la p\u00e1gina del Ferrocarril Interoce\u00e1nico, el costo del viaje de Uni\u00f3n Hidalgo a Juchit\u00e1n, costar\u00e1 <strong>18 pesos<\/strong>; a El Espinal,<strong> 44 pesos<\/strong>; a Ciudad Ixtepec,<strong> 60 pesos<\/strong>; a Comitancillo, 74 pesos; a Tehuantepec, 104; y a Salina Cruz, 132 pesos.<\/p>\n\n\n\n<p>El Tehuanito Sur recorrer\u00e1 de Uni\u00f3n Hidalgo a Salina Cruz, 189 kil\u00f3metros, en un tiempo estimado de <strong>dos horas<\/strong>. Las corridas de prueba comenzar\u00e1n ma\u00f1ana con dos viajes. El matutino parte de Uni\u00f3n Hidalgo y el vespertino, de Salina Cruz.<\/p>\n\n\n\n<p>Despu\u00e9s de cinco d\u00edas de prueba, es posible que entre el periodo de prueba El Tehuanito Norte, que correr\u00e1 desde Estaci\u00f3n Ubero, Donaj\u00ed, Sarabia, Mogo\u00f1\u00e9, Mat\u00edas Romero, Lagunas, Ch\u00edvela, Nizanda, hasta Ciudad Ixtepec, donde entroncan las l\u00edneas Z y K.<\/p>\n\n\n\n<p>Con informaci\u00f3n de El Universal<\/p>\n","protected":false},"excerpt":{"rendered":"<p>Juchit\u00e1n, Oax. \u2013 El tren suburbano, bautizado por el Ferrocarril del Istmo de Tehuantepec (FIT), El Tehuanito Sur, iniciar\u00e1 este lunes 15 de diciembre, la fase de pruebas de su recorrido por siete municipios istme\u00f1os, saliendo de Uni\u00f3n Hidalgo y llegando a Salina Cruz. Como parte de las acciones del Corredor Interoce\u00e1nico del Istmo de [&hellip;]<\/p>\n","protected":false},"author":4,"featured_media":71313,"comment_status":"closed","ping_status":"","sticky":false,"template":"","format":"standard","meta":{"footnotes":""},"categories":[2],"tags":[],"class_list":{"0":"post-71311","1":"post","2":"type-post","3":"status-publish","4":"format-standard","5":"has-post-thumbnail","7":"category-oaxaca"},"yoast_head":"<!-- This site is optimized with the Yoast SEO plugin v27.4 - https:\/\/yoast.com\/product\/yoast-seo-wordpress\/ -->\n<title>El tren suburbano &quot;El Tehuanito&quot; iniciar\u00e1 la fase de pruebas este lunes - LA BRAVA RADIO<\/title>\n<meta name=\"robots\" content=\"index, follow, max-snippet:-1, max-image-preview:large, max-video-preview:-1\" \/>\n<link rel=\"canonical\" href=\"https:\/\/www.bbmnoticias.com\/el-tren-suburbano-el-tehuanito-iniciara-la-fase-de-pruebas-este-lunes\/\" \/>\n<meta property=\"og:locale\" content=\"es_MX\" \/>\n<meta property=\"og:type\" content=\"article\" \/>\n<meta property=\"og:title\" content=\"El tren suburbano &quot;El Tehuanito&quot; iniciar\u00e1 la fase de pruebas este lunes - LA BRAVA RADIO\" \/>\n<meta property=\"og:description\" content=\"Juchit\u00e1n, Oax. \u2013 El tren suburbano, bautizado por el Ferrocarril del Istmo de Tehuantepec (FIT), El Tehuanito Sur, iniciar\u00e1 este lunes 15 de diciembre, la fase de pruebas de su recorrido por siete municipios istme\u00f1os, saliendo de Uni\u00f3n Hidalgo y llegando a Salina Cruz. Como parte de las acciones del Corredor Interoce\u00e1nico del Istmo de [&hellip;]\" \/>\n<meta property=\"og:url\" content=\"https:\/\/www.bbmnoticias.com\/el-tren-suburbano-el-tehuanito-iniciara-la-fase-de-pruebas-este-lunes\/\" \/>\n<meta property=\"og:site_name\" content=\"LA BRAVA RADIO\" \/>\n<meta property=\"article:published_time\" content=\"2025-12-15T14:31:29+00:00\" \/>\n<meta property=\"article:modified_time\" content=\"2025-12-15T14:31:33+00:00\" \/>\n<meta property=\"og:image\" content=\"https:\/\/www.bbmnoticias.com\/labravaradiofm\/wp-content\/uploads\/sites\/5\/2025\/12\/tehuanito_sur.jpg\" \/>\n\t<meta property=\"og:image:width\" content=\"800\" \/>\n\t<meta property=\"og:image:height\" content=\"493\" \/>\n\t<meta property=\"og:image:type\" content=\"image\/jpeg\" \/>\n<meta name=\"author\" content=\"Agencias\" \/>\n<meta name=\"twitter:card\" content=\"summary_large_image\" \/>\n<meta name=\"twitter:label1\" content=\"Escrito por\" \/>\n\t<meta name=\"twitter:data1\" content=\"Agencias\" \/>\n\t<meta name=\"twitter:label2\" content=\"Tiempo de lectura\" \/>\n\t<meta name=\"twitter:data2\" content=\"1 minuto\" \/>\n<script type=\"application\/ld+json\" class=\"yoast-schema-graph\">{\"@context\":\"https:\\\/\\\/schema.org\",\"@graph\":[{\"@type\":\"Article\",\"@id\":\"https:\\\/\\\/www.bbmnoticias.com\\\/el-tren-suburbano-el-tehuanito-iniciara-la-fase-de-pruebas-este-lunes\\\/#article\",\"isPartOf\":{\"@id\":\"https:\\\/\\\/www.bbmnoticias.com\\\/labravaradiofm\\\/2025\\\/12\\\/15\\\/el-tren-suburbano-el-tehuanito-iniciara-la-fase-de-pruebas-este-lunes\\\/\"},\"author\":{\"name\":\"Agencias\",\"@id\":\"https:\\\/\\\/www.bbmnoticias.com\\\/labravaradiofm\\\/#\\\/schema\\\/person\\\/000bdaf0a8fb5bff0d537c4d0778e33f\"},\"headline\":\"El tren suburbano &#8220;El Tehuanito&#8221; iniciar\u00e1 la fase de pruebas este lunes\",\"datePublished\":\"2025-12-15T14:31:29+00:00\",\"dateModified\":\"2025-12-15T14:31:33+00:00\",\"mainEntityOfPage\":{\"@id\":\"https:\\\/\\\/www.bbmnoticias.com\\\/labravaradiofm\\\/2025\\\/12\\\/15\\\/el-tren-suburbano-el-tehuanito-iniciara-la-fase-de-pruebas-este-lunes\\\/\"},\"wordCount\":270,\"image\":{\"@id\":\"https:\\\/\\\/www.bbmnoticias.com\\\/el-tren-suburbano-el-tehuanito-iniciara-la-fase-de-pruebas-este-lunes\\\/#primaryimage\"},\"thumbnailUrl\":\"https:\\\/\\\/www.bbmnoticias.com\\\/labravaradiofm\\\/wp-content\\\/uploads\\\/sites\\\/5\\\/2025\\\/12\\\/tehuanito_sur.jpg\",\"articleSection\":[\"LOCAL\"],\"inLanguage\":\"es\"},{\"@type\":\"WebPage\",\"@id\":\"https:\\\/\\\/www.bbmnoticias.com\\\/labravaradiofm\\\/2025\\\/12\\\/15\\\/el-tren-suburbano-el-tehuanito-iniciara-la-fase-de-pruebas-este-lunes\\\/\",\"url\":\"https:\\\/\\\/www.bbmnoticias.com\\\/el-tren-suburbano-el-tehuanito-iniciara-la-fase-de-pruebas-este-lunes\\\/\",\"name\":\"El tren suburbano \\\"El Tehuanito\\\" iniciar\u00e1 la fase de pruebas este lunes - LA BRAVA RADIO\",\"isPartOf\":{\"@id\":\"https:\\\/\\\/www.bbmnoticias.com\\\/labravaradiofm\\\/#website\"},\"primaryImageOfPage\":{\"@id\":\"https:\\\/\\\/www.bbmnoticias.com\\\/el-tren-suburbano-el-tehuanito-iniciara-la-fase-de-pruebas-este-lunes\\\/#primaryimage\"},\"image\":{\"@id\":\"https:\\\/\\\/www.bbmnoticias.com\\\/el-tren-suburbano-el-tehuanito-iniciara-la-fase-de-pruebas-este-lunes\\\/#primaryimage\"},\"thumbnailUrl\":\"https:\\\/\\\/www.bbmnoticias.com\\\/labravaradiofm\\\/wp-content\\\/uploads\\\/sites\\\/5\\\/2025\\\/12\\\/tehuanito_sur.jpg\",\"datePublished\":\"2025-12-15T14:31:29+00:00\",\"dateModified\":\"2025-12-15T14:31:33+00:00\",\"author\":{\"@id\":\"https:\\\/\\\/www.bbmnoticias.com\\\/labravaradiofm\\\/#\\\/schema\\\/person\\\/000bdaf0a8fb5bff0d537c4d0778e33f\"},\"breadcrumb\":{\"@id\":\"https:\\\/\\\/www.bbmnoticias.com\\\/el-tren-suburbano-el-tehuanito-iniciara-la-fase-de-pruebas-este-lunes\\\/#breadcrumb\"},\"inLanguage\":\"es\",\"potentialAction\":[{\"@type\":\"ReadAction\",\"target\":[\"https:\\\/\\\/www.bbmnoticias.com\\\/el-tren-suburbano-el-tehuanito-iniciara-la-fase-de-pruebas-este-lunes\\\/\"]}]},{\"@type\":\"ImageObject\",\"inLanguage\":\"es\",\"@id\":\"https:\\\/\\\/www.bbmnoticias.com\\\/el-tren-suburbano-el-tehuanito-iniciara-la-fase-de-pruebas-este-lunes\\\/#primaryimage\",\"url\":\"https:\\\/\\\/www.bbmnoticias.com\\\/labravaradiofm\\\/wp-content\\\/uploads\\\/sites\\\/5\\\/2025\\\/12\\\/tehuanito_sur.jpg\",\"contentUrl\":\"https:\\\/\\\/www.bbmnoticias.com\\\/labravaradiofm\\\/wp-content\\\/uploads\\\/sites\\\/5\\\/2025\\\/12\\\/tehuanito_sur.jpg\",\"width\":800,\"height\":493},{\"@type\":\"BreadcrumbList\",\"@id\":\"https:\\\/\\\/www.bbmnoticias.com\\\/el-tren-suburbano-el-tehuanito-iniciara-la-fase-de-pruebas-este-lunes\\\/#breadcrumb\",\"itemListElement\":[{\"@type\":\"ListItem\",\"position\":1,\"name\":\"Inicio\",\"item\":\"https:\\\/\\\/www.bbmnoticias.com\\\/labravaradiofm\\\/\"},{\"@type\":\"ListItem\",\"position\":2,\"name\":\"El tren suburbano &#8220;El Tehuanito&#8221; iniciar\u00e1 la fase de pruebas este lunes\"}]},{\"@type\":\"WebSite\",\"@id\":\"https:\\\/\\\/www.bbmnoticias.com\\\/labravaradiofm\\\/#website\",\"url\":\"https:\\\/\\\/www.bbmnoticias.com\\\/labravaradiofm\\\/\",\"name\":\"LA BRAVA RADIO\",\"description\":\"Empresa productora de medios, Radiodifusi\u00f3n, Noticias, tendencias y todo lo que necesitas saber de la pol\u00edtica mexicana e internacional; entretenimiento, espect\u00e1culos, salud y mucho m\u00e1s.\",\"potentialAction\":[{\"@type\":\"SearchAction\",\"target\":{\"@type\":\"EntryPoint\",\"urlTemplate\":\"https:\\\/\\\/www.bbmnoticias.com\\\/labravaradiofm\\\/?s={search_term_string}\"},\"query-input\":{\"@type\":\"PropertyValueSpecification\",\"valueRequired\":true,\"valueName\":\"search_term_string\"}}],\"inLanguage\":\"es\"},{\"@type\":\"Person\",\"@id\":\"https:\\\/\\\/www.bbmnoticias.com\\\/labravaradiofm\\\/#\\\/schema\\\/person\\\/000bdaf0a8fb5bff0d537c4d0778e33f\",\"name\":\"Agencias\",\"image\":{\"@type\":\"ImageObject\",\"inLanguage\":\"es\",\"@id\":\"https:\\\/\\\/secure.gravatar.com\\\/avatar\\\/739e0b61adf9e398b425c36718c8752286da0e8cd90f20ce9a86678abc26aa0d?s=96&d=mm&r=g\",\"url\":\"https:\\\/\\\/secure.gravatar.com\\\/avatar\\\/739e0b61adf9e398b425c36718c8752286da0e8cd90f20ce9a86678abc26aa0d?s=96&d=mm&r=g\",\"contentUrl\":\"https:\\\/\\\/secure.gravatar.com\\\/avatar\\\/739e0b61adf9e398b425c36718c8752286da0e8cd90f20ce9a86678abc26aa0d?s=96&d=mm&r=g\",\"caption\":\"Agencias\"},\"url\":\"https:\\\/\\\/www.bbmnoticias.com\\\/labravaradiofm\\\/author\\\/agencias\\\/\"}]}<\/script>\n<!-- \/ Yoast SEO plugin. -->","yoast_head_json":{"title":"El tren suburbano \"El Tehuanito\" iniciar\u00e1 la fase de pruebas este lunes - LA BRAVA RADIO","robots":{"index":"index","follow":"follow","max-snippet":"max-snippet:-1","max-image-preview":"max-image-preview:large","max-video-preview":"max-video-preview:-1"},"canonical":"https:\/\/www.bbmnoticias.com\/el-tren-suburbano-el-tehuanito-iniciara-la-fase-de-pruebas-este-lunes\/","og_locale":"es_MX","og_type":"article","og_title":"El tren suburbano \"El Tehuanito\" iniciar\u00e1 la fase de pruebas este lunes - LA BRAVA RADIO","og_description":"Juchit\u00e1n, Oax. \u2013 El tren suburbano, bautizado por el Ferrocarril del Istmo de Tehuantepec (FIT), El Tehuanito Sur, iniciar\u00e1 este lunes 15 de diciembre, la fase de pruebas de su recorrido por siete municipios istme\u00f1os, saliendo de Uni\u00f3n Hidalgo y llegando a Salina Cruz. Como parte de las acciones del Corredor Interoce\u00e1nico del Istmo de [&hellip;]","og_url":"https:\/\/www.bbmnoticias.com\/el-tren-suburbano-el-tehuanito-iniciara-la-fase-de-pruebas-este-lunes\/","og_site_name":"LA BRAVA RADIO","article_published_time":"2025-12-15T14:31:29+00:00","article_modified_time":"2025-12-15T14:31:33+00:00","og_image":[{"width":800,"height":493,"url":"https:\/\/www.bbmnoticias.com\/labravaradiofm\/wp-content\/uploads\/sites\/5\/2025\/12\/tehuanito_sur.jpg","type":"image\/jpeg"}],"author":"Agencias","twitter_card":"summary_large_image","twitter_misc":{"Escrito por":"Agencias","Tiempo de lectura":"1 minuto"},"schema":{"@context":"https:\/\/schema.org","@graph":[{"@type":"Article","@id":"https:\/\/www.bbmnoticias.com\/el-tren-suburbano-el-tehuanito-iniciara-la-fase-de-pruebas-este-lunes\/#article","isPartOf":{"@id":"https:\/\/www.bbmnoticias.com\/labravaradiofm\/2025\/12\/15\/el-tren-suburbano-el-tehuanito-iniciara-la-fase-de-pruebas-este-lunes\/"},"author":{"name":"Agencias","@id":"https:\/\/www.bbmnoticias.com\/labravaradiofm\/#\/schema\/person\/000bdaf0a8fb5bff0d537c4d0778e33f"},"headline":"El tren suburbano &#8220;El Tehuanito&#8221; iniciar\u00e1 la fase de pruebas este lunes","datePublished":"2025-12-15T14:31:29+00:00","dateModified":"2025-12-15T14:31:33+00:00","mainEntityOfPage":{"@id":"https:\/\/www.bbmnoticias.com\/labravaradiofm\/2025\/12\/15\/el-tren-suburbano-el-tehuanito-iniciara-la-fase-de-pruebas-este-lunes\/"},"wordCount":270,"image":{"@id":"https:\/\/www.bbmnoticias.com\/el-tren-suburbano-el-tehuanito-iniciara-la-fase-de-pruebas-este-lunes\/#primaryimage"},"thumbnailUrl":"https:\/\/www.bbmnoticias.com\/labravaradiofm\/wp-content\/uploads\/sites\/5\/2025\/12\/tehuanito_sur.jpg","articleSection":["LOCAL"],"inLanguage":"es"},{"@type":"WebPage","@id":"https:\/\/www.bbmnoticias.com\/labravaradiofm\/2025\/12\/15\/el-tren-suburbano-el-tehuanito-iniciara-la-fase-de-pruebas-este-lunes\/","url":"https:\/\/www.bbmnoticias.com\/el-tren-suburbano-el-tehuanito-iniciara-la-fase-de-pruebas-este-lunes\/","name":"El tren suburbano \"El Tehuanito\" iniciar\u00e1 la fase de pruebas este lunes - LA BRAVA RADIO","isPartOf":{"@id":"https:\/\/www.bbmnoticias.com\/labravaradiofm\/#website"},"primaryImageOfPage":{"@id":"https:\/\/www.bbmnoticias.com\/el-tren-suburbano-el-tehuanito-iniciara-la-fase-de-pruebas-este-lunes\/#primaryimage"},"image":{"@id":"https:\/\/www.bbmnoticias.com\/el-tren-suburbano-el-tehuanito-iniciara-la-fase-de-pruebas-este-lunes\/#primaryimage"},"thumbnailUrl":"https:\/\/www.bbmnoticias.com\/labravaradiofm\/wp-content\/uploads\/sites\/5\/2025\/12\/tehuanito_sur.jpg","datePublished":"2025-12-15T14:31:29+00:00","dateModified":"2025-12-15T14:31:33+00:00","author":{"@id":"https:\/\/www.bbmnoticias.com\/labravaradiofm\/#\/schema\/person\/000bdaf0a8fb5bff0d537c4d0778e33f"},"breadcrumb":{"@id":"https:\/\/www.bbmnoticias.com\/el-tren-suburbano-el-tehuanito-iniciara-la-fase-de-pruebas-este-lunes\/#breadcrumb"},"inLanguage":"es","potentialAction":[{"@type":"ReadAction","target":["https:\/\/www.bbmnoticias.com\/el-tren-suburbano-el-tehuanito-iniciara-la-fase-de-pruebas-este-lunes\/"]}]},{"@type":"ImageObject","inLanguage":"es","@id":"https:\/\/www.bbmnoticias.com\/el-tren-suburbano-el-tehuanito-iniciara-la-fase-de-pruebas-este-lunes\/#primaryimage","url":"https:\/\/www.bbmnoticias.com\/labravaradiofm\/wp-content\/uploads\/sites\/5\/2025\/12\/tehuanito_sur.jpg","contentUrl":"https:\/\/www.bbmnoticias.com\/labravaradiofm\/wp-content\/uploads\/sites\/5\/2025\/12\/tehuanito_sur.jpg","width":800,"height":493},{"@type":"BreadcrumbList","@id":"https:\/\/www.bbmnoticias.com\/el-tren-suburbano-el-tehuanito-iniciara-la-fase-de-pruebas-este-lunes\/#breadcrumb","itemListElement":[{"@type":"ListItem","position":1,"name":"Inicio","item":"https:\/\/www.bbmnoticias.com\/labravaradiofm\/"},{"@type":"ListItem","position":2,"name":"El tren suburbano &#8220;El Tehuanito&#8221; iniciar\u00e1 la fase de pruebas este lunes"}]},{"@type":"WebSite","@id":"https:\/\/www.bbmnoticias.com\/labravaradiofm\/#website","url":"https:\/\/www.bbmnoticias.com\/labravaradiofm\/","name":"LA BRAVA RADIO","description":"Empresa productora de medios, Radiodifusi\u00f3n, Noticias, tendencias y todo lo que necesitas saber de la pol\u00edtica mexicana e internacional; entretenimiento, espect\u00e1culos, salud y mucho m\u00e1s.","potentialAction":[{"@type":"SearchAction","target":{"@type":"EntryPoint","urlTemplate":"https:\/\/www.bbmnoticias.com\/labravaradiofm\/?s={search_term_string}"},"query-input":{"@type":"PropertyValueSpecification","valueRequired":true,"valueName":"search_term_string"}}],"inLanguage":"es"},{"@type":"Person","@id":"https:\/\/www.bbmnoticias.com\/labravaradiofm\/#\/schema\/person\/000bdaf0a8fb5bff0d537c4d0778e33f","name":"Agencias","image":{"@type":"ImageObject","inLanguage":"es","@id":"https:\/\/secure.gravatar.com\/avatar\/739e0b61adf9e398b425c36718c8752286da0e8cd90f20ce9a86678abc26aa0d?s=96&d=mm&r=g","url":"https:\/\/secure.gravatar.com\/avatar\/739e0b61adf9e398b425c36718c8752286da0e8cd90f20ce9a86678abc26aa0d?s=96&d=mm&r=g","contentUrl":"https:\/\/secure.gravatar.com\/avatar\/739e0b61adf9e398b425c36718c8752286da0e8cd90f20ce9a86678abc26aa0d?s=96&d=mm&r=g","caption":"Agencias"},"url":"https:\/\/www.bbmnoticias.com\/labravaradiofm\/author\/agencias\/"}]}},"_links":{"self":[{"href":"https:\/\/www.bbmnoticias.com\/labravaradiofm\/wp-json\/wp\/v2\/posts\/71311","targetHints":{"allow":["GET"]}}],"collection":[{"href":"https:\/\/www.bbmnoticias.com\/labravaradiofm\/wp-json\/wp\/v2\/posts"}],"about":[{"href":"https:\/\/www.bbmnoticias.com\/labravaradiofm\/wp-json\/wp\/v2\/types\/post"}],"author":[{"embeddable":true,"href":"https:\/\/www.bbmnoticias.com\/labravaradiofm\/wp-json\/wp\/v2\/users\/4"}],"replies":[{"embeddable":true,"href":"https:\/\/www.bbmnoticias.com\/labravaradiofm\/wp-json\/wp\/v2\/comments?post=71311"}],"version-history":[{"count":0,"href":"https:\/\/www.bbmnoticias.com\/labravaradiofm\/wp-json\/wp\/v2\/posts\/71311\/revisions"}],"wp:featuredmedia":[{"embeddable":true,"href":"https:\/\/www.bbmnoticias.com\/labravaradiofm\/wp-json\/wp\/v2\/media\/71313"}],"wp:attachment":[{"href":"https:\/\/www.bbmnoticias.com\/labravaradiofm\/wp-json\/wp\/v2\/media?parent=71311"}],"wp:term":[{"taxonomy":"category","embeddable":true,"href":"https:\/\/www.bbmnoticias.com\/labravaradiofm\/wp-json\/wp\/v2\/categories?post=71311"},{"taxonomy":"post_tag","embeddable":true,"href":"https:\/\/www.bbmnoticias.com\/labravaradiofm\/wp-json\/wp\/v2\/tags?post=71311"}],"curies":[{"name":"wp","href":"https:\/\/api.w.org\/{rel}","templated":true}]}}