{"id":71305,"date":"2025-12-15T08:13:48","date_gmt":"2025-12-15T14:13:48","guid":{"rendered":"https:\/\/www.bbmnoticias.com\/labravaradiofm\/2025\/12\/15\/reconoce-nino-morales-trabajo-transformador-de-jara-por-tres-anos-de-gobierno\/"},"modified":"2025-12-15T08:13:55","modified_gmt":"2025-12-15T14:13:55","slug":"reconoce-nino-morales-trabajo-transformador-de-jara-por-tres-anos-de-gobierno","status":"publish","type":"post","link":"https:\/\/www.bbmnoticias.com\/labravaradiofm\/2025\/12\/15\/reconoce-nino-morales-trabajo-transformador-de-jara-por-tres-anos-de-gobierno\/","title":{"rendered":"Reconoce Nino Morales trabajo transformador de Jara, por tres a\u00f1os de gobierno"},"content":{"rendered":"<div style=\"margin-top: 0px; margin-bottom: 0px;\" class=\"sharethis-inline-share-buttons\" ><\/div>\n<p>Oaxaca est\u00e1 de pie y se mantiene en la ruta de la transformaci\u00f3n de la mano del ingeniero Salom\u00f3n Jara Cruz, afirm\u00f3 el senador oaxaque\u00f1o Antonino Morales Toledo, al felicitar al mandatario estatal por su Tercer Informe de Resultados.<\/p>\n\n\n\n<p>Luego de asistir al Auditorio Guelaguetza en donde junto a miles de oaxaque\u00f1as y oaxaque\u00f1os escuch\u00f3 el mensaje emitido por el gobernador, el legislador zapoteco, exalt\u00f3 que siempre ser\u00e1 un honor estar con Salom\u00f3n Jara y caminar junto a \u00e9l, las comunidades y pueblos de Oaxaca.<\/p>\n\n\n\n<p>Y es que indic\u00f3 Nino Morales, que durante estos 3 a\u00f1os, el pueblo es testigo de la ejecuci\u00f3n de m\u00e1s de 5 mil obras en todo el estado, lo que confirma que se trabaja como nunca, y que la Primavera Oaxaque\u00f1a, florece con justicia social, bienestar, crecimiento econ\u00f3mico, finanzas sanas, y seguir\u00e1 avanzando para transformar la historia de Oaxaca.<\/p>\n\n\n\n<p>En ese sentido, el senador oaxaque\u00f1o destac\u00f3 que Oaxaca est\u00e1 de fiesta por el trabajo transformador que encabeza el mandatario estatal y que la responsabilidad y el compromiso se fortalece y avanza en un mismo camino para el pr\u00f3ximo a\u00f1o.<\/p>\n","protected":false},"excerpt":{"rendered":"<p>Oaxaca est\u00e1 de pie y se mantiene en la ruta de la transformaci\u00f3n de la mano del ingeniero Salom\u00f3n Jara Cruz, afirm\u00f3 el senador oaxaque\u00f1o Antonino Morales Toledo, al felicitar al mandatario estatal por su Tercer Informe de Resultados. Luego de asistir al Auditorio Guelaguetza en donde junto a miles de oaxaque\u00f1as y oaxaque\u00f1os escuch\u00f3 [&hellip;]<\/p>\n","protected":false},"author":2,"featured_media":71307,"comment_status":"closed","ping_status":"","sticky":false,"template":"","format":"standard","meta":{"footnotes":""},"categories":[2],"tags":[],"class_list":{"0":"post-71305","1":"post","2":"type-post","3":"status-publish","4":"format-standard","5":"has-post-thumbnail","7":"category-oaxaca"},"yoast_head":"<!-- This site is optimized with the Yoast SEO plugin v27.4 - https:\/\/yoast.com\/product\/yoast-seo-wordpress\/ -->\n<title>Reconoce Nino Morales trabajo transformador de Jara, por tres a\u00f1os de gobierno - LA BRAVA RADIO<\/title>\n<meta name=\"robots\" content=\"index, follow, max-snippet:-1, max-image-preview:large, max-video-preview:-1\" \/>\n<link rel=\"canonical\" href=\"https:\/\/www.bbmnoticias.com\/reconoce-nino-morales-trabajo-transformador-de-jara-por-tres-anos-de-gobierno\/\" \/>\n<meta property=\"og:locale\" content=\"es_MX\" \/>\n<meta property=\"og:type\" content=\"article\" \/>\n<meta property=\"og:title\" content=\"Reconoce Nino Morales trabajo transformador de Jara, por tres a\u00f1os de gobierno - LA BRAVA RADIO\" \/>\n<meta property=\"og:description\" content=\"Oaxaca est\u00e1 de pie y se mantiene en la ruta de la transformaci\u00f3n de la mano del ingeniero Salom\u00f3n Jara Cruz, afirm\u00f3 el senador oaxaque\u00f1o Antonino Morales Toledo, al felicitar al mandatario estatal por su Tercer Informe de Resultados. Luego de asistir al Auditorio Guelaguetza en donde junto a miles de oaxaque\u00f1as y oaxaque\u00f1os escuch\u00f3 [&hellip;]\" \/>\n<meta property=\"og:url\" content=\"https:\/\/www.bbmnoticias.com\/reconoce-nino-morales-trabajo-transformador-de-jara-por-tres-anos-de-gobierno\/\" \/>\n<meta property=\"og:site_name\" content=\"LA BRAVA RADIO\" \/>\n<meta property=\"article:published_time\" content=\"2025-12-15T14:13:48+00:00\" \/>\n<meta property=\"article:modified_time\" content=\"2025-12-15T14:13:55+00:00\" \/>\n<meta property=\"og:image\" content=\"https:\/\/www.bbmnoticias.com\/labravaradiofm\/wp-content\/uploads\/sites\/5\/2025\/12\/nino_morales-1.jpg\" \/>\n\t<meta property=\"og:image:width\" content=\"800\" \/>\n\t<meta property=\"og:image:height\" content=\"484\" \/>\n\t<meta property=\"og:image:type\" content=\"image\/jpeg\" \/>\n<meta name=\"author\" content=\"Staff\" \/>\n<meta name=\"twitter:card\" content=\"summary_large_image\" \/>\n<meta name=\"twitter:label1\" content=\"Escrito por\" \/>\n\t<meta name=\"twitter:data1\" content=\"Staff\" \/>\n\t<meta name=\"twitter:label2\" content=\"Tiempo de lectura\" \/>\n\t<meta name=\"twitter:data2\" content=\"1 minuto\" \/>\n<script type=\"application\/ld+json\" class=\"yoast-schema-graph\">{\"@context\":\"https:\\\/\\\/schema.org\",\"@graph\":[{\"@type\":\"Article\",\"@id\":\"https:\\\/\\\/www.bbmnoticias.com\\\/reconoce-nino-morales-trabajo-transformador-de-jara-por-tres-anos-de-gobierno\\\/#article\",\"isPartOf\":{\"@id\":\"https:\\\/\\\/www.bbmnoticias.com\\\/labravaradiofm\\\/2025\\\/12\\\/15\\\/reconoce-nino-morales-trabajo-transformador-de-jara-por-tres-anos-de-gobierno\\\/\"},\"author\":{\"name\":\"Staff\",\"@id\":\"https:\\\/\\\/www.bbmnoticias.com\\\/labravaradiofm\\\/#\\\/schema\\\/person\\\/68a9e9036ef3c5b55aeb2b71dc8bab45\"},\"headline\":\"Reconoce Nino Morales trabajo transformador de Jara, por tres a\u00f1os de gobierno\",\"datePublished\":\"2025-12-15T14:13:48+00:00\",\"dateModified\":\"2025-12-15T14:13:55+00:00\",\"mainEntityOfPage\":{\"@id\":\"https:\\\/\\\/www.bbmnoticias.com\\\/labravaradiofm\\\/2025\\\/12\\\/15\\\/reconoce-nino-morales-trabajo-transformador-de-jara-por-tres-anos-de-gobierno\\\/\"},\"wordCount\":209,\"image\":{\"@id\":\"https:\\\/\\\/www.bbmnoticias.com\\\/reconoce-nino-morales-trabajo-transformador-de-jara-por-tres-anos-de-gobierno\\\/#primaryimage\"},\"thumbnailUrl\":\"https:\\\/\\\/www.bbmnoticias.com\\\/labravaradiofm\\\/wp-content\\\/uploads\\\/sites\\\/5\\\/2025\\\/12\\\/nino_morales-1.jpg\",\"articleSection\":[\"LOCAL\"],\"inLanguage\":\"es\"},{\"@type\":\"WebPage\",\"@id\":\"https:\\\/\\\/www.bbmnoticias.com\\\/labravaradiofm\\\/2025\\\/12\\\/15\\\/reconoce-nino-morales-trabajo-transformador-de-jara-por-tres-anos-de-gobierno\\\/\",\"url\":\"https:\\\/\\\/www.bbmnoticias.com\\\/reconoce-nino-morales-trabajo-transformador-de-jara-por-tres-anos-de-gobierno\\\/\",\"name\":\"Reconoce Nino Morales trabajo transformador de Jara, por tres a\u00f1os de gobierno - LA BRAVA RADIO\",\"isPartOf\":{\"@id\":\"https:\\\/\\\/www.bbmnoticias.com\\\/labravaradiofm\\\/#website\"},\"primaryImageOfPage\":{\"@id\":\"https:\\\/\\\/www.bbmnoticias.com\\\/reconoce-nino-morales-trabajo-transformador-de-jara-por-tres-anos-de-gobierno\\\/#primaryimage\"},\"image\":{\"@id\":\"https:\\\/\\\/www.bbmnoticias.com\\\/reconoce-nino-morales-trabajo-transformador-de-jara-por-tres-anos-de-gobierno\\\/#primaryimage\"},\"thumbnailUrl\":\"https:\\\/\\\/www.bbmnoticias.com\\\/labravaradiofm\\\/wp-content\\\/uploads\\\/sites\\\/5\\\/2025\\\/12\\\/nino_morales-1.jpg\",\"datePublished\":\"2025-12-15T14:13:48+00:00\",\"dateModified\":\"2025-12-15T14:13:55+00:00\",\"author\":{\"@id\":\"https:\\\/\\\/www.bbmnoticias.com\\\/labravaradiofm\\\/#\\\/schema\\\/person\\\/68a9e9036ef3c5b55aeb2b71dc8bab45\"},\"breadcrumb\":{\"@id\":\"https:\\\/\\\/www.bbmnoticias.com\\\/reconoce-nino-morales-trabajo-transformador-de-jara-por-tres-anos-de-gobierno\\\/#breadcrumb\"},\"inLanguage\":\"es\",\"potentialAction\":[{\"@type\":\"ReadAction\",\"target\":[\"https:\\\/\\\/www.bbmnoticias.com\\\/reconoce-nino-morales-trabajo-transformador-de-jara-por-tres-anos-de-gobierno\\\/\"]}]},{\"@type\":\"ImageObject\",\"inLanguage\":\"es\",\"@id\":\"https:\\\/\\\/www.bbmnoticias.com\\\/reconoce-nino-morales-trabajo-transformador-de-jara-por-tres-anos-de-gobierno\\\/#primaryimage\",\"url\":\"https:\\\/\\\/www.bbmnoticias.com\\\/labravaradiofm\\\/wp-content\\\/uploads\\\/sites\\\/5\\\/2025\\\/12\\\/nino_morales-1.jpg\",\"contentUrl\":\"https:\\\/\\\/www.bbmnoticias.com\\\/labravaradiofm\\\/wp-content\\\/uploads\\\/sites\\\/5\\\/2025\\\/12\\\/nino_morales-1.jpg\",\"width\":800,\"height\":484},{\"@type\":\"BreadcrumbList\",\"@id\":\"https:\\\/\\\/www.bbmnoticias.com\\\/reconoce-nino-morales-trabajo-transformador-de-jara-por-tres-anos-de-gobierno\\\/#breadcrumb\",\"itemListElement\":[{\"@type\":\"ListItem\",\"position\":1,\"name\":\"Inicio\",\"item\":\"https:\\\/\\\/www.bbmnoticias.com\\\/labravaradiofm\\\/\"},{\"@type\":\"ListItem\",\"position\":2,\"name\":\"Reconoce Nino Morales trabajo transformador de Jara, por tres a\u00f1os de gobierno\"}]},{\"@type\":\"WebSite\",\"@id\":\"https:\\\/\\\/www.bbmnoticias.com\\\/labravaradiofm\\\/#website\",\"url\":\"https:\\\/\\\/www.bbmnoticias.com\\\/labravaradiofm\\\/\",\"name\":\"LA BRAVA RADIO\",\"description\":\"Empresa productora de medios, Radiodifusi\u00f3n, Noticias, tendencias y todo lo que necesitas saber de la pol\u00edtica mexicana e internacional; entretenimiento, espect\u00e1culos, salud y mucho m\u00e1s.\",\"potentialAction\":[{\"@type\":\"SearchAction\",\"target\":{\"@type\":\"EntryPoint\",\"urlTemplate\":\"https:\\\/\\\/www.bbmnoticias.com\\\/labravaradiofm\\\/?s={search_term_string}\"},\"query-input\":{\"@type\":\"PropertyValueSpecification\",\"valueRequired\":true,\"valueName\":\"search_term_string\"}}],\"inLanguage\":\"es\"},{\"@type\":\"Person\",\"@id\":\"https:\\\/\\\/www.bbmnoticias.com\\\/labravaradiofm\\\/#\\\/schema\\\/person\\\/68a9e9036ef3c5b55aeb2b71dc8bab45\",\"name\":\"Staff\",\"image\":{\"@type\":\"ImageObject\",\"inLanguage\":\"es\",\"@id\":\"https:\\\/\\\/secure.gravatar.com\\\/avatar\\\/fdd21ad66fd8b98c407f9dee5b5e588cfe7f0d8579ec20fa6527cd59bab7f0f0?s=96&d=mm&r=g\",\"url\":\"https:\\\/\\\/secure.gravatar.com\\\/avatar\\\/fdd21ad66fd8b98c407f9dee5b5e588cfe7f0d8579ec20fa6527cd59bab7f0f0?s=96&d=mm&r=g\",\"contentUrl\":\"https:\\\/\\\/secure.gravatar.com\\\/avatar\\\/fdd21ad66fd8b98c407f9dee5b5e588cfe7f0d8579ec20fa6527cd59bab7f0f0?s=96&d=mm&r=g\",\"caption\":\"Staff\"},\"url\":\"https:\\\/\\\/www.bbmnoticias.com\\\/labravaradiofm\\\/author\\\/redaccion\\\/\"}]}<\/script>\n<!-- \/ Yoast SEO plugin. -->","yoast_head_json":{"title":"Reconoce Nino Morales trabajo transformador de Jara, por tres a\u00f1os de gobierno - LA BRAVA RADIO","robots":{"index":"index","follow":"follow","max-snippet":"max-snippet:-1","max-image-preview":"max-image-preview:large","max-video-preview":"max-video-preview:-1"},"canonical":"https:\/\/www.bbmnoticias.com\/reconoce-nino-morales-trabajo-transformador-de-jara-por-tres-anos-de-gobierno\/","og_locale":"es_MX","og_type":"article","og_title":"Reconoce Nino Morales trabajo transformador de Jara, por tres a\u00f1os de gobierno - LA BRAVA RADIO","og_description":"Oaxaca est\u00e1 de pie y se mantiene en la ruta de la transformaci\u00f3n de la mano del ingeniero Salom\u00f3n Jara Cruz, afirm\u00f3 el senador oaxaque\u00f1o Antonino Morales Toledo, al felicitar al mandatario estatal por su Tercer Informe de Resultados. Luego de asistir al Auditorio Guelaguetza en donde junto a miles de oaxaque\u00f1as y oaxaque\u00f1os escuch\u00f3 [&hellip;]","og_url":"https:\/\/www.bbmnoticias.com\/reconoce-nino-morales-trabajo-transformador-de-jara-por-tres-anos-de-gobierno\/","og_site_name":"LA BRAVA RADIO","article_published_time":"2025-12-15T14:13:48+00:00","article_modified_time":"2025-12-15T14:13:55+00:00","og_image":[{"width":800,"height":484,"url":"https:\/\/www.bbmnoticias.com\/labravaradiofm\/wp-content\/uploads\/sites\/5\/2025\/12\/nino_morales-1.jpg","type":"image\/jpeg"}],"author":"Staff","twitter_card":"summary_large_image","twitter_misc":{"Escrito por":"Staff","Tiempo de lectura":"1 minuto"},"schema":{"@context":"https:\/\/schema.org","@graph":[{"@type":"Article","@id":"https:\/\/www.bbmnoticias.com\/reconoce-nino-morales-trabajo-transformador-de-jara-por-tres-anos-de-gobierno\/#article","isPartOf":{"@id":"https:\/\/www.bbmnoticias.com\/labravaradiofm\/2025\/12\/15\/reconoce-nino-morales-trabajo-transformador-de-jara-por-tres-anos-de-gobierno\/"},"author":{"name":"Staff","@id":"https:\/\/www.bbmnoticias.com\/labravaradiofm\/#\/schema\/person\/68a9e9036ef3c5b55aeb2b71dc8bab45"},"headline":"Reconoce Nino Morales trabajo transformador de Jara, por tres a\u00f1os de gobierno","datePublished":"2025-12-15T14:13:48+00:00","dateModified":"2025-12-15T14:13:55+00:00","mainEntityOfPage":{"@id":"https:\/\/www.bbmnoticias.com\/labravaradiofm\/2025\/12\/15\/reconoce-nino-morales-trabajo-transformador-de-jara-por-tres-anos-de-gobierno\/"},"wordCount":209,"image":{"@id":"https:\/\/www.bbmnoticias.com\/reconoce-nino-morales-trabajo-transformador-de-jara-por-tres-anos-de-gobierno\/#primaryimage"},"thumbnailUrl":"https:\/\/www.bbmnoticias.com\/labravaradiofm\/wp-content\/uploads\/sites\/5\/2025\/12\/nino_morales-1.jpg","articleSection":["LOCAL"],"inLanguage":"es"},{"@type":"WebPage","@id":"https:\/\/www.bbmnoticias.com\/labravaradiofm\/2025\/12\/15\/reconoce-nino-morales-trabajo-transformador-de-jara-por-tres-anos-de-gobierno\/","url":"https:\/\/www.bbmnoticias.com\/reconoce-nino-morales-trabajo-transformador-de-jara-por-tres-anos-de-gobierno\/","name":"Reconoce Nino Morales trabajo transformador de Jara, por tres a\u00f1os de gobierno - LA BRAVA RADIO","isPartOf":{"@id":"https:\/\/www.bbmnoticias.com\/labravaradiofm\/#website"},"primaryImageOfPage":{"@id":"https:\/\/www.bbmnoticias.com\/reconoce-nino-morales-trabajo-transformador-de-jara-por-tres-anos-de-gobierno\/#primaryimage"},"image":{"@id":"https:\/\/www.bbmnoticias.com\/reconoce-nino-morales-trabajo-transformador-de-jara-por-tres-anos-de-gobierno\/#primaryimage"},"thumbnailUrl":"https:\/\/www.bbmnoticias.com\/labravaradiofm\/wp-content\/uploads\/sites\/5\/2025\/12\/nino_morales-1.jpg","datePublished":"2025-12-15T14:13:48+00:00","dateModified":"2025-12-15T14:13:55+00:00","author":{"@id":"https:\/\/www.bbmnoticias.com\/labravaradiofm\/#\/schema\/person\/68a9e9036ef3c5b55aeb2b71dc8bab45"},"breadcrumb":{"@id":"https:\/\/www.bbmnoticias.com\/reconoce-nino-morales-trabajo-transformador-de-jara-por-tres-anos-de-gobierno\/#breadcrumb"},"inLanguage":"es","potentialAction":[{"@type":"ReadAction","target":["https:\/\/www.bbmnoticias.com\/reconoce-nino-morales-trabajo-transformador-de-jara-por-tres-anos-de-gobierno\/"]}]},{"@type":"ImageObject","inLanguage":"es","@id":"https:\/\/www.bbmnoticias.com\/reconoce-nino-morales-trabajo-transformador-de-jara-por-tres-anos-de-gobierno\/#primaryimage","url":"https:\/\/www.bbmnoticias.com\/labravaradiofm\/wp-content\/uploads\/sites\/5\/2025\/12\/nino_morales-1.jpg","contentUrl":"https:\/\/www.bbmnoticias.com\/labravaradiofm\/wp-content\/uploads\/sites\/5\/2025\/12\/nino_morales-1.jpg","width":800,"height":484},{"@type":"BreadcrumbList","@id":"https:\/\/www.bbmnoticias.com\/reconoce-nino-morales-trabajo-transformador-de-jara-por-tres-anos-de-gobierno\/#breadcrumb","itemListElement":[{"@type":"ListItem","position":1,"name":"Inicio","item":"https:\/\/www.bbmnoticias.com\/labravaradiofm\/"},{"@type":"ListItem","position":2,"name":"Reconoce Nino Morales trabajo transformador de Jara, por tres a\u00f1os de gobierno"}]},{"@type":"WebSite","@id":"https:\/\/www.bbmnoticias.com\/labravaradiofm\/#website","url":"https:\/\/www.bbmnoticias.com\/labravaradiofm\/","name":"LA BRAVA RADIO","description":"Empresa productora de medios, Radiodifusi\u00f3n, Noticias, tendencias y todo lo que necesitas saber de la pol\u00edtica mexicana e internacional; entretenimiento, espect\u00e1culos, salud y mucho m\u00e1s.","potentialAction":[{"@type":"SearchAction","target":{"@type":"EntryPoint","urlTemplate":"https:\/\/www.bbmnoticias.com\/labravaradiofm\/?s={search_term_string}"},"query-input":{"@type":"PropertyValueSpecification","valueRequired":true,"valueName":"search_term_string"}}],"inLanguage":"es"},{"@type":"Person","@id":"https:\/\/www.bbmnoticias.com\/labravaradiofm\/#\/schema\/person\/68a9e9036ef3c5b55aeb2b71dc8bab45","name":"Staff","image":{"@type":"ImageObject","inLanguage":"es","@id":"https:\/\/secure.gravatar.com\/avatar\/fdd21ad66fd8b98c407f9dee5b5e588cfe7f0d8579ec20fa6527cd59bab7f0f0?s=96&d=mm&r=g","url":"https:\/\/secure.gravatar.com\/avatar\/fdd21ad66fd8b98c407f9dee5b5e588cfe7f0d8579ec20fa6527cd59bab7f0f0?s=96&d=mm&r=g","contentUrl":"https:\/\/secure.gravatar.com\/avatar\/fdd21ad66fd8b98c407f9dee5b5e588cfe7f0d8579ec20fa6527cd59bab7f0f0?s=96&d=mm&r=g","caption":"Staff"},"url":"https:\/\/www.bbmnoticias.com\/labravaradiofm\/author\/redaccion\/"}]}},"_links":{"self":[{"href":"https:\/\/www.bbmnoticias.com\/labravaradiofm\/wp-json\/wp\/v2\/posts\/71305","targetHints":{"allow":["GET"]}}],"collection":[{"href":"https:\/\/www.bbmnoticias.com\/labravaradiofm\/wp-json\/wp\/v2\/posts"}],"about":[{"href":"https:\/\/www.bbmnoticias.com\/labravaradiofm\/wp-json\/wp\/v2\/types\/post"}],"author":[{"embeddable":true,"href":"https:\/\/www.bbmnoticias.com\/labravaradiofm\/wp-json\/wp\/v2\/users\/2"}],"replies":[{"embeddable":true,"href":"https:\/\/www.bbmnoticias.com\/labravaradiofm\/wp-json\/wp\/v2\/comments?post=71305"}],"version-history":[{"count":0,"href":"https:\/\/www.bbmnoticias.com\/labravaradiofm\/wp-json\/wp\/v2\/posts\/71305\/revisions"}],"wp:featuredmedia":[{"embeddable":true,"href":"https:\/\/www.bbmnoticias.com\/labravaradiofm\/wp-json\/wp\/v2\/media\/71307"}],"wp:attachment":[{"href":"https:\/\/www.bbmnoticias.com\/labravaradiofm\/wp-json\/wp\/v2\/media?parent=71305"}],"wp:term":[{"taxonomy":"category","embeddable":true,"href":"https:\/\/www.bbmnoticias.com\/labravaradiofm\/wp-json\/wp\/v2\/categories?post=71305"},{"taxonomy":"post_tag","embeddable":true,"href":"https:\/\/www.bbmnoticias.com\/labravaradiofm\/wp-json\/wp\/v2\/tags?post=71305"}],"curies":[{"name":"wp","href":"https:\/\/api.w.org\/{rel}","templated":true}]}}