{"id":71299,"date":"2025-12-13T11:30:15","date_gmt":"2025-12-13T17:30:15","guid":{"rendered":"https:\/\/www.bbmnoticias.com\/labravaradiofm\/2025\/12\/13\/reconoce-parlamento-local-a-la-cancion-mixteca-y-el-jarabe-mixteco-como-elementos-culturales-identitarios-de-la-heroica-ciudad-de-huajuapan-de-leon\/"},"modified":"2025-12-13T11:30:19","modified_gmt":"2025-12-13T17:30:19","slug":"reconoce-parlamento-local-a-la-cancion-mixteca-y-el-jarabe-mixteco-como-elementos-culturales-identitarios-de-la-heroica-ciudad-de-huajuapan-de-leon","status":"publish","type":"post","link":"https:\/\/www.bbmnoticias.com\/labravaradiofm\/2025\/12\/13\/reconoce-parlamento-local-a-la-cancion-mixteca-y-el-jarabe-mixteco-como-elementos-culturales-identitarios-de-la-heroica-ciudad-de-huajuapan-de-leon\/","title":{"rendered":"Reconoce Parlamento local a la Canci\u00f3n Mixteca y el Jarabe Mixteco, como elementos culturales identitarios de la Heroica Ciudad de Huajuapan de Le\u00f3n"},"content":{"rendered":"<div style=\"margin-top: 0px; margin-bottom: 0px;\" class=\"sharethis-inline-share-buttons\" ><\/div>\n<p>San Raymundo Jalpan, Oax.- Con el prop\u00f3sito fortalecer la preservaci\u00f3n de expresiones art\u00edsticas que conforman la esencia hist\u00f3rica, musical y comunitaria de la regi\u00f3n Mixteca, el Parlamento local aval\u00f3 con 31 votos a favor el dictamen que reconoce a la Canci\u00f3n Mixteca y al Jarabe Mixteco como un elemento cultural identitario de la Heroica Ciudad de Huajuapan de Le\u00f3n.<\/p>\n\n\n\n<p>La propuesta fue presentada por la diputada Jimena Yamil Arroyo Ju\u00e1rez, del Grupo Parlamentario de Morena, por la regidora Mar\u00eda de los \u00c1ngeles Abad Santib\u00e1\u00f1ez y los regidores Veniker Roberto Rojas Sandoval y Luis Fernando Oropeza Carrasco, integrantes del Honorable Ayuntamiento de Huajuapan de Le\u00f3n, quienes destacaron el profundo arraigo de estas obras en la identidad regional.<\/p>\n\n\n\n<p>Sobre la Canci\u00f3n Mixteca, se subray\u00f3 su car\u00e1cter emblem\u00e1tico como obra del maestro Jos\u00e9 L\u00f3pez Alav\u00e9s, quien compuso en 1912 la melod\u00eda y para el a\u00f1o 1915, la letra de la canci\u00f3n, la cual fue elevada a categor\u00eda de himno en 1998 por el Cabildo del Municipio de Huajuapan de Le\u00f3n; obra musical de tema nost\u00e1lgico conocida en todo el mundo.<\/p>\n\n\n\n<p>En cuanto al Jarabe Mixteco, resaltaron la compilaci\u00f3n realizada por el maestro Antonio Mart\u00ednez Corro en 1922 y el aporte del maestro Cipriano Villa, quien acopl\u00f3 los pasos de baile de siete sones de las Tres Mixtecas, para dar forma a la m\u00e1s importante expresi\u00f3n del folklor de esta regi\u00f3n, el inigualable e insuperable Jarabe Mixteco.<\/p>\n\n\n\n<p>Ambas piezas, afirmaron, \u201cfunden su alma para la eternidad&#8221; y representan el amor y el orgullo de la Regi\u00f3n Mixteca.<\/p>\n\n\n\n<p>La Comisi\u00f3n Permanente de Culturas y Artes, al emitir su dictamen, se\u00f1al\u00f3 que resulta urgente salvaguardar y difundir la riqueza cultural de la entidad, as\u00ed como reconocer y promover los elementos materiales e inmateriales identitarios de cada comunidad ind\u00edgena y afromexicana, trabajando de manera coordinada la federaci\u00f3n, el estado, los municipios y las comunidades.<\/p>\n\n\n\n<p>En este sentido, tanto el &#8220;Jarabe Mixteco&#8221; como la &#8220;Canci\u00f3n Mixteca&#8221; est\u00e1n registradas ante el Instituto Nacional del Derecho de Autor (Indautor) por personas f\u00edsicas, que son quienes tienen los derechos sobre las obras, por lo cual es posible reconocer estas expresiones art\u00edsticas como elementos culturales identitarios, lo cual adem\u00e1s no genera dificultades con las dem\u00e1s comunidades mixtecas.<\/p>\n\n\n\n<p>Lo anterior en t\u00e9rminos del art\u00edculo 16 de la Ley Federal de Protecci\u00f3n del Patrimonio Cultural de los Pueblos y Comunidades Ind\u00edgenas y Afromexicanas, que establece que dos o m\u00e1s pueblos o comunidades pueden compartir la propiedad colectiva de uno o m\u00e1s elementos culturales.<\/p>\n","protected":false},"excerpt":{"rendered":"<p>San Raymundo Jalpan, Oax.- Con el prop\u00f3sito fortalecer la preservaci\u00f3n de expresiones art\u00edsticas que conforman la esencia hist\u00f3rica, musical y comunitaria de la regi\u00f3n Mixteca, el Parlamento local aval\u00f3 con 31 votos a favor el dictamen que reconoce a la Canci\u00f3n Mixteca y al Jarabe Mixteco como un elemento cultural identitario de la Heroica Ciudad [&hellip;]<\/p>\n","protected":false},"author":2,"featured_media":71301,"comment_status":"closed","ping_status":"","sticky":false,"template":"","format":"standard","meta":{"footnotes":""},"categories":[2],"tags":[],"class_list":{"0":"post-71299","1":"post","2":"type-post","3":"status-publish","4":"format-standard","5":"has-post-thumbnail","7":"category-oaxaca"},"yoast_head":"<!-- This site is optimized with the Yoast SEO plugin v27.4 - https:\/\/yoast.com\/product\/yoast-seo-wordpress\/ -->\n<title>Reconoce Parlamento local a la Canci\u00f3n Mixteca y el Jarabe Mixteco, como elementos culturales identitarios de la Heroica Ciudad de Huajuapan de Le\u00f3n - LA BRAVA RADIO<\/title>\n<meta name=\"robots\" content=\"index, follow, max-snippet:-1, max-image-preview:large, max-video-preview:-1\" \/>\n<link rel=\"canonical\" href=\"https:\/\/www.bbmnoticias.com\/reconoce-parlamento-local-a-la-cancion-mixteca-y-el-jarabe-mixteco-como-elementos-culturales-identitarios-de-la-heroica-ciudad-de-huajuapan-de-leon\/\" \/>\n<meta property=\"og:locale\" content=\"es_MX\" \/>\n<meta property=\"og:type\" content=\"article\" \/>\n<meta property=\"og:title\" content=\"Reconoce Parlamento local a la Canci\u00f3n Mixteca y el Jarabe Mixteco, como elementos culturales identitarios de la Heroica Ciudad de Huajuapan de Le\u00f3n - LA BRAVA RADIO\" \/>\n<meta property=\"og:description\" content=\"San Raymundo Jalpan, Oax.- Con el prop\u00f3sito fortalecer la preservaci\u00f3n de expresiones art\u00edsticas que conforman la esencia hist\u00f3rica, musical y comunitaria de la regi\u00f3n Mixteca, el Parlamento local aval\u00f3 con 31 votos a favor el dictamen que reconoce a la Canci\u00f3n Mixteca y al Jarabe Mixteco como un elemento cultural identitario de la Heroica Ciudad [&hellip;]\" \/>\n<meta property=\"og:url\" content=\"https:\/\/www.bbmnoticias.com\/reconoce-parlamento-local-a-la-cancion-mixteca-y-el-jarabe-mixteco-como-elementos-culturales-identitarios-de-la-heroica-ciudad-de-huajuapan-de-leon\/\" \/>\n<meta property=\"og:site_name\" content=\"LA BRAVA RADIO\" \/>\n<meta property=\"article:published_time\" content=\"2025-12-13T17:30:15+00:00\" \/>\n<meta property=\"article:modified_time\" content=\"2025-12-13T17:30:19+00:00\" \/>\n<meta property=\"og:image\" content=\"https:\/\/www.bbmnoticias.com\/labravaradiofm\/wp-content\/uploads\/sites\/5\/2025\/12\/reconoce_parlamento_canciones.jpg\" \/>\n\t<meta property=\"og:image:width\" content=\"800\" \/>\n\t<meta property=\"og:image:height\" content=\"533\" \/>\n\t<meta property=\"og:image:type\" content=\"image\/jpeg\" \/>\n<meta name=\"author\" content=\"Staff\" \/>\n<meta name=\"twitter:card\" content=\"summary_large_image\" \/>\n<meta name=\"twitter:label1\" content=\"Escrito por\" \/>\n\t<meta name=\"twitter:data1\" content=\"Staff\" \/>\n\t<meta name=\"twitter:label2\" content=\"Tiempo de lectura\" \/>\n\t<meta name=\"twitter:data2\" content=\"2 minutos\" \/>\n<script type=\"application\/ld+json\" class=\"yoast-schema-graph\">{\"@context\":\"https:\\\/\\\/schema.org\",\"@graph\":[{\"@type\":\"Article\",\"@id\":\"https:\\\/\\\/www.bbmnoticias.com\\\/reconoce-parlamento-local-a-la-cancion-mixteca-y-el-jarabe-mixteco-como-elementos-culturales-identitarios-de-la-heroica-ciudad-de-huajuapan-de-leon\\\/#article\",\"isPartOf\":{\"@id\":\"https:\\\/\\\/www.bbmnoticias.com\\\/labravaradiofm\\\/2025\\\/12\\\/13\\\/reconoce-parlamento-local-a-la-cancion-mixteca-y-el-jarabe-mixteco-como-elementos-culturales-identitarios-de-la-heroica-ciudad-de-huajuapan-de-leon\\\/\"},\"author\":{\"name\":\"Staff\",\"@id\":\"https:\\\/\\\/www.bbmnoticias.com\\\/labravaradiofm\\\/#\\\/schema\\\/person\\\/68a9e9036ef3c5b55aeb2b71dc8bab45\"},\"headline\":\"Reconoce Parlamento local a la Canci\u00f3n Mixteca y el Jarabe Mixteco, como elementos culturales identitarios de la Heroica Ciudad de Huajuapan de Le\u00f3n\",\"datePublished\":\"2025-12-13T17:30:15+00:00\",\"dateModified\":\"2025-12-13T17:30:19+00:00\",\"mainEntityOfPage\":{\"@id\":\"https:\\\/\\\/www.bbmnoticias.com\\\/labravaradiofm\\\/2025\\\/12\\\/13\\\/reconoce-parlamento-local-a-la-cancion-mixteca-y-el-jarabe-mixteco-como-elementos-culturales-identitarios-de-la-heroica-ciudad-de-huajuapan-de-leon\\\/\"},\"wordCount\":473,\"image\":{\"@id\":\"https:\\\/\\\/www.bbmnoticias.com\\\/reconoce-parlamento-local-a-la-cancion-mixteca-y-el-jarabe-mixteco-como-elementos-culturales-identitarios-de-la-heroica-ciudad-de-huajuapan-de-leon\\\/#primaryimage\"},\"thumbnailUrl\":\"https:\\\/\\\/www.bbmnoticias.com\\\/labravaradiofm\\\/wp-content\\\/uploads\\\/sites\\\/5\\\/2025\\\/12\\\/reconoce_parlamento_canciones.jpg\",\"articleSection\":[\"LOCAL\"],\"inLanguage\":\"es\"},{\"@type\":\"WebPage\",\"@id\":\"https:\\\/\\\/www.bbmnoticias.com\\\/labravaradiofm\\\/2025\\\/12\\\/13\\\/reconoce-parlamento-local-a-la-cancion-mixteca-y-el-jarabe-mixteco-como-elementos-culturales-identitarios-de-la-heroica-ciudad-de-huajuapan-de-leon\\\/\",\"url\":\"https:\\\/\\\/www.bbmnoticias.com\\\/reconoce-parlamento-local-a-la-cancion-mixteca-y-el-jarabe-mixteco-como-elementos-culturales-identitarios-de-la-heroica-ciudad-de-huajuapan-de-leon\\\/\",\"name\":\"Reconoce Parlamento local a la Canci\u00f3n Mixteca y el Jarabe Mixteco, como elementos culturales identitarios de la Heroica Ciudad de Huajuapan de Le\u00f3n - LA BRAVA RADIO\",\"isPartOf\":{\"@id\":\"https:\\\/\\\/www.bbmnoticias.com\\\/labravaradiofm\\\/#website\"},\"primaryImageOfPage\":{\"@id\":\"https:\\\/\\\/www.bbmnoticias.com\\\/reconoce-parlamento-local-a-la-cancion-mixteca-y-el-jarabe-mixteco-como-elementos-culturales-identitarios-de-la-heroica-ciudad-de-huajuapan-de-leon\\\/#primaryimage\"},\"image\":{\"@id\":\"https:\\\/\\\/www.bbmnoticias.com\\\/reconoce-parlamento-local-a-la-cancion-mixteca-y-el-jarabe-mixteco-como-elementos-culturales-identitarios-de-la-heroica-ciudad-de-huajuapan-de-leon\\\/#primaryimage\"},\"thumbnailUrl\":\"https:\\\/\\\/www.bbmnoticias.com\\\/labravaradiofm\\\/wp-content\\\/uploads\\\/sites\\\/5\\\/2025\\\/12\\\/reconoce_parlamento_canciones.jpg\",\"datePublished\":\"2025-12-13T17:30:15+00:00\",\"dateModified\":\"2025-12-13T17:30:19+00:00\",\"author\":{\"@id\":\"https:\\\/\\\/www.bbmnoticias.com\\\/labravaradiofm\\\/#\\\/schema\\\/person\\\/68a9e9036ef3c5b55aeb2b71dc8bab45\"},\"breadcrumb\":{\"@id\":\"https:\\\/\\\/www.bbmnoticias.com\\\/reconoce-parlamento-local-a-la-cancion-mixteca-y-el-jarabe-mixteco-como-elementos-culturales-identitarios-de-la-heroica-ciudad-de-huajuapan-de-leon\\\/#breadcrumb\"},\"inLanguage\":\"es\",\"potentialAction\":[{\"@type\":\"ReadAction\",\"target\":[\"https:\\\/\\\/www.bbmnoticias.com\\\/reconoce-parlamento-local-a-la-cancion-mixteca-y-el-jarabe-mixteco-como-elementos-culturales-identitarios-de-la-heroica-ciudad-de-huajuapan-de-leon\\\/\"]}]},{\"@type\":\"ImageObject\",\"inLanguage\":\"es\",\"@id\":\"https:\\\/\\\/www.bbmnoticias.com\\\/reconoce-parlamento-local-a-la-cancion-mixteca-y-el-jarabe-mixteco-como-elementos-culturales-identitarios-de-la-heroica-ciudad-de-huajuapan-de-leon\\\/#primaryimage\",\"url\":\"https:\\\/\\\/www.bbmnoticias.com\\\/labravaradiofm\\\/wp-content\\\/uploads\\\/sites\\\/5\\\/2025\\\/12\\\/reconoce_parlamento_canciones.jpg\",\"contentUrl\":\"https:\\\/\\\/www.bbmnoticias.com\\\/labravaradiofm\\\/wp-content\\\/uploads\\\/sites\\\/5\\\/2025\\\/12\\\/reconoce_parlamento_canciones.jpg\",\"width\":800,\"height\":533},{\"@type\":\"BreadcrumbList\",\"@id\":\"https:\\\/\\\/www.bbmnoticias.com\\\/reconoce-parlamento-local-a-la-cancion-mixteca-y-el-jarabe-mixteco-como-elementos-culturales-identitarios-de-la-heroica-ciudad-de-huajuapan-de-leon\\\/#breadcrumb\",\"itemListElement\":[{\"@type\":\"ListItem\",\"position\":1,\"name\":\"Inicio\",\"item\":\"https:\\\/\\\/www.bbmnoticias.com\\\/labravaradiofm\\\/\"},{\"@type\":\"ListItem\",\"position\":2,\"name\":\"Reconoce Parlamento local a la Canci\u00f3n Mixteca y el Jarabe Mixteco, como elementos culturales identitarios de la Heroica Ciudad de Huajuapan de Le\u00f3n\"}]},{\"@type\":\"WebSite\",\"@id\":\"https:\\\/\\\/www.bbmnoticias.com\\\/labravaradiofm\\\/#website\",\"url\":\"https:\\\/\\\/www.bbmnoticias.com\\\/labravaradiofm\\\/\",\"name\":\"LA BRAVA RADIO\",\"description\":\"Empresa productora de medios, Radiodifusi\u00f3n, Noticias, tendencias y todo lo que necesitas saber de la pol\u00edtica mexicana e internacional; entretenimiento, espect\u00e1culos, salud y mucho m\u00e1s.\",\"potentialAction\":[{\"@type\":\"SearchAction\",\"target\":{\"@type\":\"EntryPoint\",\"urlTemplate\":\"https:\\\/\\\/www.bbmnoticias.com\\\/labravaradiofm\\\/?s={search_term_string}\"},\"query-input\":{\"@type\":\"PropertyValueSpecification\",\"valueRequired\":true,\"valueName\":\"search_term_string\"}}],\"inLanguage\":\"es\"},{\"@type\":\"Person\",\"@id\":\"https:\\\/\\\/www.bbmnoticias.com\\\/labravaradiofm\\\/#\\\/schema\\\/person\\\/68a9e9036ef3c5b55aeb2b71dc8bab45\",\"name\":\"Staff\",\"image\":{\"@type\":\"ImageObject\",\"inLanguage\":\"es\",\"@id\":\"https:\\\/\\\/secure.gravatar.com\\\/avatar\\\/fdd21ad66fd8b98c407f9dee5b5e588cfe7f0d8579ec20fa6527cd59bab7f0f0?s=96&d=mm&r=g\",\"url\":\"https:\\\/\\\/secure.gravatar.com\\\/avatar\\\/fdd21ad66fd8b98c407f9dee5b5e588cfe7f0d8579ec20fa6527cd59bab7f0f0?s=96&d=mm&r=g\",\"contentUrl\":\"https:\\\/\\\/secure.gravatar.com\\\/avatar\\\/fdd21ad66fd8b98c407f9dee5b5e588cfe7f0d8579ec20fa6527cd59bab7f0f0?s=96&d=mm&r=g\",\"caption\":\"Staff\"},\"url\":\"https:\\\/\\\/www.bbmnoticias.com\\\/labravaradiofm\\\/author\\\/redaccion\\\/\"}]}<\/script>\n<!-- \/ Yoast SEO plugin. -->","yoast_head_json":{"title":"Reconoce Parlamento local a la Canci\u00f3n Mixteca y el Jarabe Mixteco, como elementos culturales identitarios de la Heroica Ciudad de Huajuapan de Le\u00f3n - LA BRAVA RADIO","robots":{"index":"index","follow":"follow","max-snippet":"max-snippet:-1","max-image-preview":"max-image-preview:large","max-video-preview":"max-video-preview:-1"},"canonical":"https:\/\/www.bbmnoticias.com\/reconoce-parlamento-local-a-la-cancion-mixteca-y-el-jarabe-mixteco-como-elementos-culturales-identitarios-de-la-heroica-ciudad-de-huajuapan-de-leon\/","og_locale":"es_MX","og_type":"article","og_title":"Reconoce Parlamento local a la Canci\u00f3n Mixteca y el Jarabe Mixteco, como elementos culturales identitarios de la Heroica Ciudad de Huajuapan de Le\u00f3n - LA BRAVA RADIO","og_description":"San Raymundo Jalpan, Oax.- Con el prop\u00f3sito fortalecer la preservaci\u00f3n de expresiones art\u00edsticas que conforman la esencia hist\u00f3rica, musical y comunitaria de la regi\u00f3n Mixteca, el Parlamento local aval\u00f3 con 31 votos a favor el dictamen que reconoce a la Canci\u00f3n Mixteca y al Jarabe Mixteco como un elemento cultural identitario de la Heroica Ciudad [&hellip;]","og_url":"https:\/\/www.bbmnoticias.com\/reconoce-parlamento-local-a-la-cancion-mixteca-y-el-jarabe-mixteco-como-elementos-culturales-identitarios-de-la-heroica-ciudad-de-huajuapan-de-leon\/","og_site_name":"LA BRAVA RADIO","article_published_time":"2025-12-13T17:30:15+00:00","article_modified_time":"2025-12-13T17:30:19+00:00","og_image":[{"width":800,"height":533,"url":"https:\/\/www.bbmnoticias.com\/labravaradiofm\/wp-content\/uploads\/sites\/5\/2025\/12\/reconoce_parlamento_canciones.jpg","type":"image\/jpeg"}],"author":"Staff","twitter_card":"summary_large_image","twitter_misc":{"Escrito por":"Staff","Tiempo de lectura":"2 minutos"},"schema":{"@context":"https:\/\/schema.org","@graph":[{"@type":"Article","@id":"https:\/\/www.bbmnoticias.com\/reconoce-parlamento-local-a-la-cancion-mixteca-y-el-jarabe-mixteco-como-elementos-culturales-identitarios-de-la-heroica-ciudad-de-huajuapan-de-leon\/#article","isPartOf":{"@id":"https:\/\/www.bbmnoticias.com\/labravaradiofm\/2025\/12\/13\/reconoce-parlamento-local-a-la-cancion-mixteca-y-el-jarabe-mixteco-como-elementos-culturales-identitarios-de-la-heroica-ciudad-de-huajuapan-de-leon\/"},"author":{"name":"Staff","@id":"https:\/\/www.bbmnoticias.com\/labravaradiofm\/#\/schema\/person\/68a9e9036ef3c5b55aeb2b71dc8bab45"},"headline":"Reconoce Parlamento local a la Canci\u00f3n Mixteca y el Jarabe Mixteco, como elementos culturales identitarios de la Heroica Ciudad de Huajuapan de Le\u00f3n","datePublished":"2025-12-13T17:30:15+00:00","dateModified":"2025-12-13T17:30:19+00:00","mainEntityOfPage":{"@id":"https:\/\/www.bbmnoticias.com\/labravaradiofm\/2025\/12\/13\/reconoce-parlamento-local-a-la-cancion-mixteca-y-el-jarabe-mixteco-como-elementos-culturales-identitarios-de-la-heroica-ciudad-de-huajuapan-de-leon\/"},"wordCount":473,"image":{"@id":"https:\/\/www.bbmnoticias.com\/reconoce-parlamento-local-a-la-cancion-mixteca-y-el-jarabe-mixteco-como-elementos-culturales-identitarios-de-la-heroica-ciudad-de-huajuapan-de-leon\/#primaryimage"},"thumbnailUrl":"https:\/\/www.bbmnoticias.com\/labravaradiofm\/wp-content\/uploads\/sites\/5\/2025\/12\/reconoce_parlamento_canciones.jpg","articleSection":["LOCAL"],"inLanguage":"es"},{"@type":"WebPage","@id":"https:\/\/www.bbmnoticias.com\/labravaradiofm\/2025\/12\/13\/reconoce-parlamento-local-a-la-cancion-mixteca-y-el-jarabe-mixteco-como-elementos-culturales-identitarios-de-la-heroica-ciudad-de-huajuapan-de-leon\/","url":"https:\/\/www.bbmnoticias.com\/reconoce-parlamento-local-a-la-cancion-mixteca-y-el-jarabe-mixteco-como-elementos-culturales-identitarios-de-la-heroica-ciudad-de-huajuapan-de-leon\/","name":"Reconoce Parlamento local a la Canci\u00f3n Mixteca y el Jarabe Mixteco, como elementos culturales identitarios de la Heroica Ciudad de Huajuapan de Le\u00f3n - LA BRAVA RADIO","isPartOf":{"@id":"https:\/\/www.bbmnoticias.com\/labravaradiofm\/#website"},"primaryImageOfPage":{"@id":"https:\/\/www.bbmnoticias.com\/reconoce-parlamento-local-a-la-cancion-mixteca-y-el-jarabe-mixteco-como-elementos-culturales-identitarios-de-la-heroica-ciudad-de-huajuapan-de-leon\/#primaryimage"},"image":{"@id":"https:\/\/www.bbmnoticias.com\/reconoce-parlamento-local-a-la-cancion-mixteca-y-el-jarabe-mixteco-como-elementos-culturales-identitarios-de-la-heroica-ciudad-de-huajuapan-de-leon\/#primaryimage"},"thumbnailUrl":"https:\/\/www.bbmnoticias.com\/labravaradiofm\/wp-content\/uploads\/sites\/5\/2025\/12\/reconoce_parlamento_canciones.jpg","datePublished":"2025-12-13T17:30:15+00:00","dateModified":"2025-12-13T17:30:19+00:00","author":{"@id":"https:\/\/www.bbmnoticias.com\/labravaradiofm\/#\/schema\/person\/68a9e9036ef3c5b55aeb2b71dc8bab45"},"breadcrumb":{"@id":"https:\/\/www.bbmnoticias.com\/reconoce-parlamento-local-a-la-cancion-mixteca-y-el-jarabe-mixteco-como-elementos-culturales-identitarios-de-la-heroica-ciudad-de-huajuapan-de-leon\/#breadcrumb"},"inLanguage":"es","potentialAction":[{"@type":"ReadAction","target":["https:\/\/www.bbmnoticias.com\/reconoce-parlamento-local-a-la-cancion-mixteca-y-el-jarabe-mixteco-como-elementos-culturales-identitarios-de-la-heroica-ciudad-de-huajuapan-de-leon\/"]}]},{"@type":"ImageObject","inLanguage":"es","@id":"https:\/\/www.bbmnoticias.com\/reconoce-parlamento-local-a-la-cancion-mixteca-y-el-jarabe-mixteco-como-elementos-culturales-identitarios-de-la-heroica-ciudad-de-huajuapan-de-leon\/#primaryimage","url":"https:\/\/www.bbmnoticias.com\/labravaradiofm\/wp-content\/uploads\/sites\/5\/2025\/12\/reconoce_parlamento_canciones.jpg","contentUrl":"https:\/\/www.bbmnoticias.com\/labravaradiofm\/wp-content\/uploads\/sites\/5\/2025\/12\/reconoce_parlamento_canciones.jpg","width":800,"height":533},{"@type":"BreadcrumbList","@id":"https:\/\/www.bbmnoticias.com\/reconoce-parlamento-local-a-la-cancion-mixteca-y-el-jarabe-mixteco-como-elementos-culturales-identitarios-de-la-heroica-ciudad-de-huajuapan-de-leon\/#breadcrumb","itemListElement":[{"@type":"ListItem","position":1,"name":"Inicio","item":"https:\/\/www.bbmnoticias.com\/labravaradiofm\/"},{"@type":"ListItem","position":2,"name":"Reconoce Parlamento local a la Canci\u00f3n Mixteca y el Jarabe Mixteco, como elementos culturales identitarios de la Heroica Ciudad de Huajuapan de Le\u00f3n"}]},{"@type":"WebSite","@id":"https:\/\/www.bbmnoticias.com\/labravaradiofm\/#website","url":"https:\/\/www.bbmnoticias.com\/labravaradiofm\/","name":"LA BRAVA RADIO","description":"Empresa productora de medios, Radiodifusi\u00f3n, Noticias, tendencias y todo lo que necesitas saber de la pol\u00edtica mexicana e internacional; entretenimiento, espect\u00e1culos, salud y mucho m\u00e1s.","potentialAction":[{"@type":"SearchAction","target":{"@type":"EntryPoint","urlTemplate":"https:\/\/www.bbmnoticias.com\/labravaradiofm\/?s={search_term_string}"},"query-input":{"@type":"PropertyValueSpecification","valueRequired":true,"valueName":"search_term_string"}}],"inLanguage":"es"},{"@type":"Person","@id":"https:\/\/www.bbmnoticias.com\/labravaradiofm\/#\/schema\/person\/68a9e9036ef3c5b55aeb2b71dc8bab45","name":"Staff","image":{"@type":"ImageObject","inLanguage":"es","@id":"https:\/\/secure.gravatar.com\/avatar\/fdd21ad66fd8b98c407f9dee5b5e588cfe7f0d8579ec20fa6527cd59bab7f0f0?s=96&d=mm&r=g","url":"https:\/\/secure.gravatar.com\/avatar\/fdd21ad66fd8b98c407f9dee5b5e588cfe7f0d8579ec20fa6527cd59bab7f0f0?s=96&d=mm&r=g","contentUrl":"https:\/\/secure.gravatar.com\/avatar\/fdd21ad66fd8b98c407f9dee5b5e588cfe7f0d8579ec20fa6527cd59bab7f0f0?s=96&d=mm&r=g","caption":"Staff"},"url":"https:\/\/www.bbmnoticias.com\/labravaradiofm\/author\/redaccion\/"}]}},"_links":{"self":[{"href":"https:\/\/www.bbmnoticias.com\/labravaradiofm\/wp-json\/wp\/v2\/posts\/71299","targetHints":{"allow":["GET"]}}],"collection":[{"href":"https:\/\/www.bbmnoticias.com\/labravaradiofm\/wp-json\/wp\/v2\/posts"}],"about":[{"href":"https:\/\/www.bbmnoticias.com\/labravaradiofm\/wp-json\/wp\/v2\/types\/post"}],"author":[{"embeddable":true,"href":"https:\/\/www.bbmnoticias.com\/labravaradiofm\/wp-json\/wp\/v2\/users\/2"}],"replies":[{"embeddable":true,"href":"https:\/\/www.bbmnoticias.com\/labravaradiofm\/wp-json\/wp\/v2\/comments?post=71299"}],"version-history":[{"count":0,"href":"https:\/\/www.bbmnoticias.com\/labravaradiofm\/wp-json\/wp\/v2\/posts\/71299\/revisions"}],"wp:featuredmedia":[{"embeddable":true,"href":"https:\/\/www.bbmnoticias.com\/labravaradiofm\/wp-json\/wp\/v2\/media\/71301"}],"wp:attachment":[{"href":"https:\/\/www.bbmnoticias.com\/labravaradiofm\/wp-json\/wp\/v2\/media?parent=71299"}],"wp:term":[{"taxonomy":"category","embeddable":true,"href":"https:\/\/www.bbmnoticias.com\/labravaradiofm\/wp-json\/wp\/v2\/categories?post=71299"},{"taxonomy":"post_tag","embeddable":true,"href":"https:\/\/www.bbmnoticias.com\/labravaradiofm\/wp-json\/wp\/v2\/tags?post=71299"}],"curies":[{"name":"wp","href":"https:\/\/api.w.org\/{rel}","templated":true}]}}