{"id":71293,"date":"2025-12-13T09:10:15","date_gmt":"2025-12-13T15:10:15","guid":{"rendered":"https:\/\/www.bbmnoticias.com\/labravaradiofm\/2025\/12\/13\/cae-en-oaxaca-el-macanannu-jefe-de-plaza-ligado-a-los-cromo\/"},"modified":"2025-12-13T09:10:21","modified_gmt":"2025-12-13T15:10:21","slug":"cae-en-oaxaca-el-macanannu-jefe-de-plaza-ligado-a-los-cromo","status":"publish","type":"post","link":"https:\/\/www.bbmnoticias.com\/labravaradiofm\/2025\/12\/13\/cae-en-oaxaca-el-macanannu-jefe-de-plaza-ligado-a-los-cromo\/","title":{"rendered":"Cae en Oaxaca el &#8216;Macanannu&#8217;, jefe de plaza ligado a &#8216;Los Cromo&#8217;"},"content":{"rendered":"<div style=\"margin-top: 0px; margin-bottom: 0px;\" class=\"sharethis-inline-share-buttons\" ><\/div>\n<p>La <strong>Secretar\u00eda de Marina (Semar)<\/strong> y la Fiscal\u00eda General del Estado de Oaxaca realizaron la detenci\u00f3n de Alexis &#8216;A&#8217; alias <strong>Macanannu<\/strong>, presunto jefe de plaza de una c\u00e9lula delictiva ligada a<strong> Los Cromo.<\/strong><\/p>\n\n\n\n<p>El hecho se dio en cumplimiento de una orden de cateo realizada en el municipio de <strong>Ixhuac\u00e1n, Oaxaca.<\/strong><\/p>\n\n\n\n<p>Los Cromo operan principalmente en la zona del <strong>Istmo de Tehuantepec, liderados por<\/strong> Rafael de Jes\u00fas \u00c1lvarez Palma, alias \u201cFallo\u201d o \u201cComandante Renco\u201d.<\/p>\n\n\n\n<p>Macanannu est\u00e1 identificado por las autoridades como distribuidor de armamento, relacionado con <strong>secuestros, homicidios<\/strong>, as\u00ed como el flujo de <strong>informaci\u00f3n y alertamientos sobre movimientos de autoridades f<\/strong>ederales para el grupo delictivo Los Cromo.<\/p>\n\n\n\n<p>Asimismo, se le vincula con el <strong>asesinato de un agente de la Polic\u00eda Estatal <\/strong>ocurrido el octubre del 2024.<\/p>\n\n\n\n<p>Durante el cateo, las fuerzas federales y estatales aseguraron <strong>armas de uso exclusivo de las Fuerzas Armadas<\/strong> y presuntas dosis de droga, lo que refuerza al detenido como objetivo prioritario para la desarticulaci\u00f3n de las estructuras criminales en el estado.<\/p>\n\n\n\n<p>Alexis &#8216;A&#8217; qued\u00f3 a disposici\u00f3n de un <strong>Ministerio P\u00fablico<\/strong>, junto a las armas y drogas, quien determinar\u00e1 su situaci\u00f3n jur\u00eddica una vez que concluyan las primeras investigaciones.<\/p>\n","protected":false},"excerpt":{"rendered":"<p>La Secretar\u00eda de Marina (Semar) y la Fiscal\u00eda General del Estado de Oaxaca realizaron la detenci\u00f3n de Alexis &#8216;A&#8217; alias Macanannu, presunto jefe de plaza de una c\u00e9lula delictiva ligada a Los Cromo. El hecho se dio en cumplimiento de una orden de cateo realizada en el municipio de Ixhuac\u00e1n, Oaxaca. Los Cromo operan principalmente [&hellip;]<\/p>\n","protected":false},"author":4,"featured_media":71295,"comment_status":"closed","ping_status":"","sticky":false,"template":"","format":"standard","meta":{"footnotes":""},"categories":[2,20],"tags":[],"class_list":{"0":"post-71293","1":"post","2":"type-post","3":"status-publish","4":"format-standard","5":"has-post-thumbnail","7":"category-oaxaca","8":"category-policiaca"},"yoast_head":"<!-- This site is optimized with the Yoast SEO plugin v27.4 - https:\/\/yoast.com\/product\/yoast-seo-wordpress\/ -->\n<title>Cae en Oaxaca el &#039;Macanannu&#039;, jefe de plaza ligado a &#039;Los Cromo&#039; - LA BRAVA RADIO<\/title>\n<meta name=\"robots\" content=\"index, follow, max-snippet:-1, max-image-preview:large, max-video-preview:-1\" \/>\n<link rel=\"canonical\" href=\"https:\/\/www.bbmnoticias.com\/cae-en-oaxaca-el-macanannu-jefe-de-plaza-ligado-a-los-cromo\/\" \/>\n<meta property=\"og:locale\" content=\"es_MX\" \/>\n<meta property=\"og:type\" content=\"article\" \/>\n<meta property=\"og:title\" content=\"Cae en Oaxaca el &#039;Macanannu&#039;, jefe de plaza ligado a &#039;Los Cromo&#039; - LA BRAVA RADIO\" \/>\n<meta property=\"og:description\" content=\"La Secretar\u00eda de Marina (Semar) y la Fiscal\u00eda General del Estado de Oaxaca realizaron la detenci\u00f3n de Alexis &#8216;A&#8217; alias Macanannu, presunto jefe de plaza de una c\u00e9lula delictiva ligada a Los Cromo. El hecho se dio en cumplimiento de una orden de cateo realizada en el municipio de Ixhuac\u00e1n, Oaxaca. Los Cromo operan principalmente [&hellip;]\" \/>\n<meta property=\"og:url\" content=\"https:\/\/www.bbmnoticias.com\/cae-en-oaxaca-el-macanannu-jefe-de-plaza-ligado-a-los-cromo\/\" \/>\n<meta property=\"og:site_name\" content=\"LA BRAVA RADIO\" \/>\n<meta property=\"article:published_time\" content=\"2025-12-13T15:10:15+00:00\" \/>\n<meta property=\"article:modified_time\" content=\"2025-12-13T15:10:21+00:00\" \/>\n<meta property=\"og:image\" content=\"https:\/\/www.bbmnoticias.com\/labravaradiofm\/wp-content\/uploads\/sites\/5\/2025\/12\/cae-en-oaxaca-el-macanannu-jefe-de-plaza-ligado-a-los-cromo.webp\" \/>\n\t<meta property=\"og:image:width\" content=\"1200\" \/>\n\t<meta property=\"og:image:height\" content=\"675\" \/>\n\t<meta property=\"og:image:type\" content=\"image\/webp\" \/>\n<meta name=\"author\" content=\"Agencias\" \/>\n<meta name=\"twitter:card\" content=\"summary_large_image\" \/>\n<meta name=\"twitter:label1\" content=\"Escrito por\" \/>\n\t<meta name=\"twitter:data1\" content=\"Agencias\" \/>\n\t<meta name=\"twitter:label2\" content=\"Tiempo de lectura\" \/>\n\t<meta name=\"twitter:data2\" content=\"1 minuto\" \/>\n<script type=\"application\/ld+json\" class=\"yoast-schema-graph\">{\"@context\":\"https:\\\/\\\/schema.org\",\"@graph\":[{\"@type\":\"Article\",\"@id\":\"https:\\\/\\\/www.bbmnoticias.com\\\/cae-en-oaxaca-el-macanannu-jefe-de-plaza-ligado-a-los-cromo\\\/#article\",\"isPartOf\":{\"@id\":\"https:\\\/\\\/www.bbmnoticias.com\\\/labravaradiofm\\\/2025\\\/12\\\/13\\\/cae-en-oaxaca-el-macanannu-jefe-de-plaza-ligado-a-los-cromo\\\/\"},\"author\":{\"name\":\"Agencias\",\"@id\":\"https:\\\/\\\/www.bbmnoticias.com\\\/labravaradiofm\\\/#\\\/schema\\\/person\\\/000bdaf0a8fb5bff0d537c4d0778e33f\"},\"headline\":\"Cae en Oaxaca el &#8216;Macanannu&#8217;, jefe de plaza ligado a &#8216;Los Cromo&#8217;\",\"datePublished\":\"2025-12-13T15:10:15+00:00\",\"dateModified\":\"2025-12-13T15:10:21+00:00\",\"mainEntityOfPage\":{\"@id\":\"https:\\\/\\\/www.bbmnoticias.com\\\/labravaradiofm\\\/2025\\\/12\\\/13\\\/cae-en-oaxaca-el-macanannu-jefe-de-plaza-ligado-a-los-cromo\\\/\"},\"wordCount\":217,\"image\":{\"@id\":\"https:\\\/\\\/www.bbmnoticias.com\\\/cae-en-oaxaca-el-macanannu-jefe-de-plaza-ligado-a-los-cromo\\\/#primaryimage\"},\"thumbnailUrl\":\"https:\\\/\\\/www.bbmnoticias.com\\\/labravaradiofm\\\/wp-content\\\/uploads\\\/sites\\\/5\\\/2025\\\/12\\\/cae-en-oaxaca-el-macanannu-jefe-de-plaza-ligado-a-los-cromo.webp\",\"articleSection\":[\"LOCAL\",\"POLICIACA\"],\"inLanguage\":\"es\"},{\"@type\":\"WebPage\",\"@id\":\"https:\\\/\\\/www.bbmnoticias.com\\\/labravaradiofm\\\/2025\\\/12\\\/13\\\/cae-en-oaxaca-el-macanannu-jefe-de-plaza-ligado-a-los-cromo\\\/\",\"url\":\"https:\\\/\\\/www.bbmnoticias.com\\\/cae-en-oaxaca-el-macanannu-jefe-de-plaza-ligado-a-los-cromo\\\/\",\"name\":\"Cae en Oaxaca el 'Macanannu', jefe de plaza ligado a 'Los Cromo' - LA BRAVA RADIO\",\"isPartOf\":{\"@id\":\"https:\\\/\\\/www.bbmnoticias.com\\\/labravaradiofm\\\/#website\"},\"primaryImageOfPage\":{\"@id\":\"https:\\\/\\\/www.bbmnoticias.com\\\/cae-en-oaxaca-el-macanannu-jefe-de-plaza-ligado-a-los-cromo\\\/#primaryimage\"},\"image\":{\"@id\":\"https:\\\/\\\/www.bbmnoticias.com\\\/cae-en-oaxaca-el-macanannu-jefe-de-plaza-ligado-a-los-cromo\\\/#primaryimage\"},\"thumbnailUrl\":\"https:\\\/\\\/www.bbmnoticias.com\\\/labravaradiofm\\\/wp-content\\\/uploads\\\/sites\\\/5\\\/2025\\\/12\\\/cae-en-oaxaca-el-macanannu-jefe-de-plaza-ligado-a-los-cromo.webp\",\"datePublished\":\"2025-12-13T15:10:15+00:00\",\"dateModified\":\"2025-12-13T15:10:21+00:00\",\"author\":{\"@id\":\"https:\\\/\\\/www.bbmnoticias.com\\\/labravaradiofm\\\/#\\\/schema\\\/person\\\/000bdaf0a8fb5bff0d537c4d0778e33f\"},\"breadcrumb\":{\"@id\":\"https:\\\/\\\/www.bbmnoticias.com\\\/cae-en-oaxaca-el-macanannu-jefe-de-plaza-ligado-a-los-cromo\\\/#breadcrumb\"},\"inLanguage\":\"es\",\"potentialAction\":[{\"@type\":\"ReadAction\",\"target\":[\"https:\\\/\\\/www.bbmnoticias.com\\\/cae-en-oaxaca-el-macanannu-jefe-de-plaza-ligado-a-los-cromo\\\/\"]}]},{\"@type\":\"ImageObject\",\"inLanguage\":\"es\",\"@id\":\"https:\\\/\\\/www.bbmnoticias.com\\\/cae-en-oaxaca-el-macanannu-jefe-de-plaza-ligado-a-los-cromo\\\/#primaryimage\",\"url\":\"https:\\\/\\\/www.bbmnoticias.com\\\/labravaradiofm\\\/wp-content\\\/uploads\\\/sites\\\/5\\\/2025\\\/12\\\/cae-en-oaxaca-el-macanannu-jefe-de-plaza-ligado-a-los-cromo.webp\",\"contentUrl\":\"https:\\\/\\\/www.bbmnoticias.com\\\/labravaradiofm\\\/wp-content\\\/uploads\\\/sites\\\/5\\\/2025\\\/12\\\/cae-en-oaxaca-el-macanannu-jefe-de-plaza-ligado-a-los-cromo.webp\",\"width\":1200,\"height\":675},{\"@type\":\"BreadcrumbList\",\"@id\":\"https:\\\/\\\/www.bbmnoticias.com\\\/cae-en-oaxaca-el-macanannu-jefe-de-plaza-ligado-a-los-cromo\\\/#breadcrumb\",\"itemListElement\":[{\"@type\":\"ListItem\",\"position\":1,\"name\":\"Inicio\",\"item\":\"https:\\\/\\\/www.bbmnoticias.com\\\/labravaradiofm\\\/\"},{\"@type\":\"ListItem\",\"position\":2,\"name\":\"Cae en Oaxaca el &#8216;Macanannu&#8217;, jefe de plaza ligado a &#8216;Los Cromo&#8217;\"}]},{\"@type\":\"WebSite\",\"@id\":\"https:\\\/\\\/www.bbmnoticias.com\\\/labravaradiofm\\\/#website\",\"url\":\"https:\\\/\\\/www.bbmnoticias.com\\\/labravaradiofm\\\/\",\"name\":\"LA BRAVA RADIO\",\"description\":\"Empresa productora de medios, Radiodifusi\u00f3n, Noticias, tendencias y todo lo que necesitas saber de la pol\u00edtica mexicana e internacional; entretenimiento, espect\u00e1culos, salud y mucho m\u00e1s.\",\"potentialAction\":[{\"@type\":\"SearchAction\",\"target\":{\"@type\":\"EntryPoint\",\"urlTemplate\":\"https:\\\/\\\/www.bbmnoticias.com\\\/labravaradiofm\\\/?s={search_term_string}\"},\"query-input\":{\"@type\":\"PropertyValueSpecification\",\"valueRequired\":true,\"valueName\":\"search_term_string\"}}],\"inLanguage\":\"es\"},{\"@type\":\"Person\",\"@id\":\"https:\\\/\\\/www.bbmnoticias.com\\\/labravaradiofm\\\/#\\\/schema\\\/person\\\/000bdaf0a8fb5bff0d537c4d0778e33f\",\"name\":\"Agencias\",\"image\":{\"@type\":\"ImageObject\",\"inLanguage\":\"es\",\"@id\":\"https:\\\/\\\/secure.gravatar.com\\\/avatar\\\/739e0b61adf9e398b425c36718c8752286da0e8cd90f20ce9a86678abc26aa0d?s=96&d=mm&r=g\",\"url\":\"https:\\\/\\\/secure.gravatar.com\\\/avatar\\\/739e0b61adf9e398b425c36718c8752286da0e8cd90f20ce9a86678abc26aa0d?s=96&d=mm&r=g\",\"contentUrl\":\"https:\\\/\\\/secure.gravatar.com\\\/avatar\\\/739e0b61adf9e398b425c36718c8752286da0e8cd90f20ce9a86678abc26aa0d?s=96&d=mm&r=g\",\"caption\":\"Agencias\"},\"url\":\"https:\\\/\\\/www.bbmnoticias.com\\\/labravaradiofm\\\/author\\\/agencias\\\/\"}]}<\/script>\n<!-- \/ Yoast SEO plugin. -->","yoast_head_json":{"title":"Cae en Oaxaca el 'Macanannu', jefe de plaza ligado a 'Los Cromo' - LA BRAVA RADIO","robots":{"index":"index","follow":"follow","max-snippet":"max-snippet:-1","max-image-preview":"max-image-preview:large","max-video-preview":"max-video-preview:-1"},"canonical":"https:\/\/www.bbmnoticias.com\/cae-en-oaxaca-el-macanannu-jefe-de-plaza-ligado-a-los-cromo\/","og_locale":"es_MX","og_type":"article","og_title":"Cae en Oaxaca el 'Macanannu', jefe de plaza ligado a 'Los Cromo' - LA BRAVA RADIO","og_description":"La Secretar\u00eda de Marina (Semar) y la Fiscal\u00eda General del Estado de Oaxaca realizaron la detenci\u00f3n de Alexis &#8216;A&#8217; alias Macanannu, presunto jefe de plaza de una c\u00e9lula delictiva ligada a Los Cromo. El hecho se dio en cumplimiento de una orden de cateo realizada en el municipio de Ixhuac\u00e1n, Oaxaca. Los Cromo operan principalmente [&hellip;]","og_url":"https:\/\/www.bbmnoticias.com\/cae-en-oaxaca-el-macanannu-jefe-de-plaza-ligado-a-los-cromo\/","og_site_name":"LA BRAVA RADIO","article_published_time":"2025-12-13T15:10:15+00:00","article_modified_time":"2025-12-13T15:10:21+00:00","og_image":[{"width":1200,"height":675,"url":"https:\/\/www.bbmnoticias.com\/labravaradiofm\/wp-content\/uploads\/sites\/5\/2025\/12\/cae-en-oaxaca-el-macanannu-jefe-de-plaza-ligado-a-los-cromo.webp","type":"image\/webp"}],"author":"Agencias","twitter_card":"summary_large_image","twitter_misc":{"Escrito por":"Agencias","Tiempo de lectura":"1 minuto"},"schema":{"@context":"https:\/\/schema.org","@graph":[{"@type":"Article","@id":"https:\/\/www.bbmnoticias.com\/cae-en-oaxaca-el-macanannu-jefe-de-plaza-ligado-a-los-cromo\/#article","isPartOf":{"@id":"https:\/\/www.bbmnoticias.com\/labravaradiofm\/2025\/12\/13\/cae-en-oaxaca-el-macanannu-jefe-de-plaza-ligado-a-los-cromo\/"},"author":{"name":"Agencias","@id":"https:\/\/www.bbmnoticias.com\/labravaradiofm\/#\/schema\/person\/000bdaf0a8fb5bff0d537c4d0778e33f"},"headline":"Cae en Oaxaca el &#8216;Macanannu&#8217;, jefe de plaza ligado a &#8216;Los Cromo&#8217;","datePublished":"2025-12-13T15:10:15+00:00","dateModified":"2025-12-13T15:10:21+00:00","mainEntityOfPage":{"@id":"https:\/\/www.bbmnoticias.com\/labravaradiofm\/2025\/12\/13\/cae-en-oaxaca-el-macanannu-jefe-de-plaza-ligado-a-los-cromo\/"},"wordCount":217,"image":{"@id":"https:\/\/www.bbmnoticias.com\/cae-en-oaxaca-el-macanannu-jefe-de-plaza-ligado-a-los-cromo\/#primaryimage"},"thumbnailUrl":"https:\/\/www.bbmnoticias.com\/labravaradiofm\/wp-content\/uploads\/sites\/5\/2025\/12\/cae-en-oaxaca-el-macanannu-jefe-de-plaza-ligado-a-los-cromo.webp","articleSection":["LOCAL","POLICIACA"],"inLanguage":"es"},{"@type":"WebPage","@id":"https:\/\/www.bbmnoticias.com\/labravaradiofm\/2025\/12\/13\/cae-en-oaxaca-el-macanannu-jefe-de-plaza-ligado-a-los-cromo\/","url":"https:\/\/www.bbmnoticias.com\/cae-en-oaxaca-el-macanannu-jefe-de-plaza-ligado-a-los-cromo\/","name":"Cae en Oaxaca el 'Macanannu', jefe de plaza ligado a 'Los Cromo' - LA BRAVA RADIO","isPartOf":{"@id":"https:\/\/www.bbmnoticias.com\/labravaradiofm\/#website"},"primaryImageOfPage":{"@id":"https:\/\/www.bbmnoticias.com\/cae-en-oaxaca-el-macanannu-jefe-de-plaza-ligado-a-los-cromo\/#primaryimage"},"image":{"@id":"https:\/\/www.bbmnoticias.com\/cae-en-oaxaca-el-macanannu-jefe-de-plaza-ligado-a-los-cromo\/#primaryimage"},"thumbnailUrl":"https:\/\/www.bbmnoticias.com\/labravaradiofm\/wp-content\/uploads\/sites\/5\/2025\/12\/cae-en-oaxaca-el-macanannu-jefe-de-plaza-ligado-a-los-cromo.webp","datePublished":"2025-12-13T15:10:15+00:00","dateModified":"2025-12-13T15:10:21+00:00","author":{"@id":"https:\/\/www.bbmnoticias.com\/labravaradiofm\/#\/schema\/person\/000bdaf0a8fb5bff0d537c4d0778e33f"},"breadcrumb":{"@id":"https:\/\/www.bbmnoticias.com\/cae-en-oaxaca-el-macanannu-jefe-de-plaza-ligado-a-los-cromo\/#breadcrumb"},"inLanguage":"es","potentialAction":[{"@type":"ReadAction","target":["https:\/\/www.bbmnoticias.com\/cae-en-oaxaca-el-macanannu-jefe-de-plaza-ligado-a-los-cromo\/"]}]},{"@type":"ImageObject","inLanguage":"es","@id":"https:\/\/www.bbmnoticias.com\/cae-en-oaxaca-el-macanannu-jefe-de-plaza-ligado-a-los-cromo\/#primaryimage","url":"https:\/\/www.bbmnoticias.com\/labravaradiofm\/wp-content\/uploads\/sites\/5\/2025\/12\/cae-en-oaxaca-el-macanannu-jefe-de-plaza-ligado-a-los-cromo.webp","contentUrl":"https:\/\/www.bbmnoticias.com\/labravaradiofm\/wp-content\/uploads\/sites\/5\/2025\/12\/cae-en-oaxaca-el-macanannu-jefe-de-plaza-ligado-a-los-cromo.webp","width":1200,"height":675},{"@type":"BreadcrumbList","@id":"https:\/\/www.bbmnoticias.com\/cae-en-oaxaca-el-macanannu-jefe-de-plaza-ligado-a-los-cromo\/#breadcrumb","itemListElement":[{"@type":"ListItem","position":1,"name":"Inicio","item":"https:\/\/www.bbmnoticias.com\/labravaradiofm\/"},{"@type":"ListItem","position":2,"name":"Cae en Oaxaca el &#8216;Macanannu&#8217;, jefe de plaza ligado a &#8216;Los Cromo&#8217;"}]},{"@type":"WebSite","@id":"https:\/\/www.bbmnoticias.com\/labravaradiofm\/#website","url":"https:\/\/www.bbmnoticias.com\/labravaradiofm\/","name":"LA BRAVA RADIO","description":"Empresa productora de medios, Radiodifusi\u00f3n, Noticias, tendencias y todo lo que necesitas saber de la pol\u00edtica mexicana e internacional; entretenimiento, espect\u00e1culos, salud y mucho m\u00e1s.","potentialAction":[{"@type":"SearchAction","target":{"@type":"EntryPoint","urlTemplate":"https:\/\/www.bbmnoticias.com\/labravaradiofm\/?s={search_term_string}"},"query-input":{"@type":"PropertyValueSpecification","valueRequired":true,"valueName":"search_term_string"}}],"inLanguage":"es"},{"@type":"Person","@id":"https:\/\/www.bbmnoticias.com\/labravaradiofm\/#\/schema\/person\/000bdaf0a8fb5bff0d537c4d0778e33f","name":"Agencias","image":{"@type":"ImageObject","inLanguage":"es","@id":"https:\/\/secure.gravatar.com\/avatar\/739e0b61adf9e398b425c36718c8752286da0e8cd90f20ce9a86678abc26aa0d?s=96&d=mm&r=g","url":"https:\/\/secure.gravatar.com\/avatar\/739e0b61adf9e398b425c36718c8752286da0e8cd90f20ce9a86678abc26aa0d?s=96&d=mm&r=g","contentUrl":"https:\/\/secure.gravatar.com\/avatar\/739e0b61adf9e398b425c36718c8752286da0e8cd90f20ce9a86678abc26aa0d?s=96&d=mm&r=g","caption":"Agencias"},"url":"https:\/\/www.bbmnoticias.com\/labravaradiofm\/author\/agencias\/"}]}},"_links":{"self":[{"href":"https:\/\/www.bbmnoticias.com\/labravaradiofm\/wp-json\/wp\/v2\/posts\/71293","targetHints":{"allow":["GET"]}}],"collection":[{"href":"https:\/\/www.bbmnoticias.com\/labravaradiofm\/wp-json\/wp\/v2\/posts"}],"about":[{"href":"https:\/\/www.bbmnoticias.com\/labravaradiofm\/wp-json\/wp\/v2\/types\/post"}],"author":[{"embeddable":true,"href":"https:\/\/www.bbmnoticias.com\/labravaradiofm\/wp-json\/wp\/v2\/users\/4"}],"replies":[{"embeddable":true,"href":"https:\/\/www.bbmnoticias.com\/labravaradiofm\/wp-json\/wp\/v2\/comments?post=71293"}],"version-history":[{"count":0,"href":"https:\/\/www.bbmnoticias.com\/labravaradiofm\/wp-json\/wp\/v2\/posts\/71293\/revisions"}],"wp:featuredmedia":[{"embeddable":true,"href":"https:\/\/www.bbmnoticias.com\/labravaradiofm\/wp-json\/wp\/v2\/media\/71295"}],"wp:attachment":[{"href":"https:\/\/www.bbmnoticias.com\/labravaradiofm\/wp-json\/wp\/v2\/media?parent=71293"}],"wp:term":[{"taxonomy":"category","embeddable":true,"href":"https:\/\/www.bbmnoticias.com\/labravaradiofm\/wp-json\/wp\/v2\/categories?post=71293"},{"taxonomy":"post_tag","embeddable":true,"href":"https:\/\/www.bbmnoticias.com\/labravaradiofm\/wp-json\/wp\/v2\/tags?post=71293"}],"curies":[{"name":"wp","href":"https:\/\/api.w.org\/{rel}","templated":true}]}}