{"id":71290,"date":"2025-12-13T08:52:49","date_gmt":"2025-12-13T14:52:49","guid":{"rendered":"https:\/\/www.bbmnoticias.com\/labravaradiofm\/2025\/12\/13\/se-preven-lluvias-aisladas-y-descenso-de-temperaturas-en-la-cuenca-del-papaloapan-y-sierra-de-flores-magon\/"},"modified":"2025-12-13T08:52:55","modified_gmt":"2025-12-13T14:52:55","slug":"se-preven-lluvias-aisladas-y-descenso-de-temperaturas-en-la-cuenca-del-papaloapan-y-sierra-de-flores-magon","status":"publish","type":"post","link":"https:\/\/www.bbmnoticias.com\/labravaradiofm\/2025\/12\/13\/se-preven-lluvias-aisladas-y-descenso-de-temperaturas-en-la-cuenca-del-papaloapan-y-sierra-de-flores-magon\/","title":{"rendered":"Se prev\u00e9n lluvias aisladas y descenso de temperaturas en la Cuenca del\u00a0Papaloapan\u00a0y Sierra de Flores\u00a0Mag\u00f3n"},"content":{"rendered":"<div style=\"margin-top: 0px; margin-bottom: 0px;\" class=\"sharethis-inline-share-buttons\" ><\/div>\n<p><strong>Oaxaca de Ju\u00e1rez, Oax.-\u00a0<\/strong>La Coordinaci\u00f3n Estatal de Protecci\u00f3n Civil y Gesti\u00f3n de Riesgos (CEPCyGR) informa que un canal de baja presi\u00f3n que se ubica sobre el sureste de M\u00e9xico ocasionar\u00e1 lluvias con chubascos aislados en la Cuenca del\u00a0Papaloapan\u00a0y Sierra de Flores\u00a0Mag\u00f3n. \u00a0<\/p>\n\n\n\n<figure class=\"wp-block-embed is-type-rich is-provider-twitter wp-block-embed-twitter\"><div class=\"wp-block-embed__wrapper\">\n<blockquote class=\"twitter-tweet\" data-width=\"550\" data-dnt=\"true\"><p lang=\"es\" dir=\"ltr\">\u26a0\ufe0f\u26c8\ufe0f  Toma tus precauciones.<br>Durante este el domingo, el <a href=\"https:\/\/twitter.com\/hashtag\/FrenteFr%C3%ADo?src=hash&amp;ref_src=twsrc%5Etfw\">#FrenteFr\u00edo<\/a> n\u00famero 21 ocasionar\u00e1 <a href=\"https:\/\/twitter.com\/hashtag\/Lluvias?src=hash&amp;ref_src=twsrc%5Etfw\">#Lluvias<\/a> intensas en zonas de <a href=\"https:\/\/twitter.com\/hashtag\/Chiapas?src=hash&amp;ref_src=twsrc%5Etfw\">#Chiapas<\/a> y de fuertes a muy fuertes en regiones del noreste, oriente y sureste de <a href=\"https:\/\/twitter.com\/hashtag\/M%C3%A9xico?src=hash&amp;ref_src=twsrc%5Etfw\">#M\u00e9xico<\/a>, incluida la <a href=\"https:\/\/twitter.com\/hashtag\/Huasteca?src=hash&amp;ref_src=twsrc%5Etfw\">#Huasteca<\/a> y la <a href=\"https:\/\/twitter.com\/hashtag\/Pen%C3%ADnsulaDeYucat%C3%A1n?src=hash&amp;ref_src=twsrc%5Etfw\">#Pen\u00ednsulaDeYucat\u00e1n<\/a>  \u2b07\ufe0f <a href=\"https:\/\/t.co\/uNcvbxd32f\">pic.twitter.com\/uNcvbxd32f<\/a><\/p>&mdash; CONAGUA Clima (@conagua_clima) <a href=\"https:\/\/twitter.com\/conagua_clima\/status\/1999841741713690855?ref_src=twsrc%5Etfw\">December 13, 2025<\/a><\/blockquote><script async src=\"https:\/\/platform.twitter.com\/widgets.js\" charset=\"utf-8\"><\/script>\n<\/div><\/figure>\n\n\n\n<p>En el resto del estado, se prev\u00e9 poca nubosidad e intensa radiaci\u00f3n solar durante horas centrales del d\u00eda. &nbsp;<\/p>\n\n\n\n<p>De acuerdo con el pron\u00f3stico del tiempo emitido por la Comisi\u00f3n Nacional del Agua (Conagua), los vientos del norte se mantendr\u00e1n con velocidades moderadas y rachas ocasionalmente fuertes hacia el final de la tarde. Las temperaturas ser\u00e1n fr\u00edas al amanecer en zonas altas, as\u00ed como en \u00e1reas costeras. &nbsp;<\/p>\n\n\n\n<p>Por otra parte, el frente fr\u00edo n\u00famero 21 ingresar\u00e1 al Golfo de M\u00e9xico y continuar\u00e1 su desplazamiento hacia el sureste. A partir de este domingo, se pronostican cambios en el patr\u00f3n atmosf\u00e9rico, con incremento en los vientos del norte, descenso de temperatura y lluvias en el norte del estado.&nbsp;<\/p>\n\n\n\n<p>Las temperaturas para este d\u00eda son las siguientes: &nbsp;<\/p>\n\n\n\n<p>* Valles Centrales, m\u00ednima de 11 y m\u00e1xima de 29 grados &nbsp;<\/p>\n\n\n\n<p>* Istmo de Tehuantepec, m\u00ednima de 23 y m\u00e1xima de 34 grados&nbsp;<\/p>\n\n\n\n<p>* Cuenca del&nbsp;Papaloapan, m\u00ednima de 19 y m\u00e1xima de 32 grados&nbsp;<\/p>\n\n\n\n<p>* Costa, m\u00ednima de 23 y m\u00e1xima de 34 grados &nbsp;<\/p>\n\n\n\n<p>* Mixteca, m\u00ednima de 11 y m\u00e1xima de 29 grados &nbsp;<\/p>\n\n\n\n<p>* Sierra de Flores&nbsp;Mag\u00f3n, m\u00ednima de 16 y m\u00e1xima de 32 grados &nbsp;<\/p>\n\n\n\n<p>* Sierra de Ju\u00e1rez, m\u00ednima de 9 y m\u00e1xima de 25 grados &nbsp;<\/p>\n\n\n\n<p>* Sierra Sur, m\u00ednima de 10 y m\u00e1xima de 27 grados &nbsp;<\/p>\n\n\n\n<p>Se exhorta a la poblaci\u00f3n atender las recomendaciones de Protecci\u00f3n Civil y Capitan\u00edas de Puerto, as\u00ed como a mantenerse informada de las condiciones meteorol\u00f3gicas a trav\u00e9s de los medios y redes sociales oficiales: Facebook @CEPCYGRGobOax y en X @CEPCyGR_GobOax.&nbsp;&nbsp;<\/p>\n","protected":false},"excerpt":{"rendered":"<p>Oaxaca de Ju\u00e1rez, Oax.-\u00a0La Coordinaci\u00f3n Estatal de Protecci\u00f3n Civil y Gesti\u00f3n de Riesgos (CEPCyGR) informa que un canal de baja presi\u00f3n que se ubica sobre el sureste de M\u00e9xico ocasionar\u00e1 lluvias con chubascos aislados en la Cuenca del\u00a0Papaloapan\u00a0y Sierra de Flores\u00a0Mag\u00f3n. \u00a0 En el resto del estado, se prev\u00e9 poca nubosidad e intensa radiaci\u00f3n solar [&hellip;]<\/p>\n","protected":false},"author":2,"featured_media":71292,"comment_status":"closed","ping_status":"","sticky":false,"template":"","format":"standard","meta":{"footnotes":""},"categories":[2],"tags":[],"class_list":{"0":"post-71290","1":"post","2":"type-post","3":"status-publish","4":"format-standard","5":"has-post-thumbnail","7":"category-oaxaca"},"yoast_head":"<!-- This site is optimized with the Yoast SEO plugin v27.4 - https:\/\/yoast.com\/product\/yoast-seo-wordpress\/ -->\n<title>Se prev\u00e9n lluvias aisladas y descenso de temperaturas en la Cuenca del\u00a0Papaloapan\u00a0y Sierra de Flores\u00a0Mag\u00f3n - LA BRAVA RADIO<\/title>\n<meta name=\"robots\" content=\"index, follow, max-snippet:-1, max-image-preview:large, max-video-preview:-1\" \/>\n<link rel=\"canonical\" href=\"https:\/\/www.bbmnoticias.com\/se-preven-lluvias-aisladas-y-descenso-de-temperaturas-en-la-cuenca-del-papaloapan-y-sierra-de-flores-magon\/\" \/>\n<meta property=\"og:locale\" content=\"es_MX\" \/>\n<meta property=\"og:type\" content=\"article\" \/>\n<meta property=\"og:title\" content=\"Se prev\u00e9n lluvias aisladas y descenso de temperaturas en la Cuenca del\u00a0Papaloapan\u00a0y Sierra de Flores\u00a0Mag\u00f3n - LA BRAVA RADIO\" \/>\n<meta property=\"og:description\" content=\"Oaxaca de Ju\u00e1rez, Oax.-\u00a0La Coordinaci\u00f3n Estatal de Protecci\u00f3n Civil y Gesti\u00f3n de Riesgos (CEPCyGR) informa que un canal de baja presi\u00f3n que se ubica sobre el sureste de M\u00e9xico ocasionar\u00e1 lluvias con chubascos aislados en la Cuenca del\u00a0Papaloapan\u00a0y Sierra de Flores\u00a0Mag\u00f3n. \u00a0 En el resto del estado, se prev\u00e9 poca nubosidad e intensa radiaci\u00f3n solar [&hellip;]\" \/>\n<meta property=\"og:url\" content=\"https:\/\/www.bbmnoticias.com\/se-preven-lluvias-aisladas-y-descenso-de-temperaturas-en-la-cuenca-del-papaloapan-y-sierra-de-flores-magon\/\" \/>\n<meta property=\"og:site_name\" content=\"LA BRAVA RADIO\" \/>\n<meta property=\"article:published_time\" content=\"2025-12-13T14:52:49+00:00\" \/>\n<meta property=\"article:modified_time\" content=\"2025-12-13T14:52:55+00:00\" \/>\n<meta property=\"og:image\" content=\"https:\/\/www.bbmnoticias.com\/labravaradiofm\/wp-content\/uploads\/sites\/5\/2025\/12\/clima_oaxaca-11.jpg\" \/>\n\t<meta property=\"og:image:width\" content=\"800\" \/>\n\t<meta property=\"og:image:height\" content=\"448\" \/>\n\t<meta property=\"og:image:type\" content=\"image\/jpeg\" \/>\n<meta name=\"author\" content=\"Staff\" \/>\n<meta name=\"twitter:card\" content=\"summary_large_image\" \/>\n<meta name=\"twitter:label1\" content=\"Escrito por\" \/>\n\t<meta name=\"twitter:data1\" content=\"Staff\" \/>\n\t<meta name=\"twitter:label2\" content=\"Tiempo de lectura\" \/>\n\t<meta name=\"twitter:data2\" content=\"2 minutos\" \/>\n<script type=\"application\/ld+json\" class=\"yoast-schema-graph\">{\"@context\":\"https:\\\/\\\/schema.org\",\"@graph\":[{\"@type\":\"Article\",\"@id\":\"https:\\\/\\\/www.bbmnoticias.com\\\/se-preven-lluvias-aisladas-y-descenso-de-temperaturas-en-la-cuenca-del-papaloapan-y-sierra-de-flores-magon\\\/#article\",\"isPartOf\":{\"@id\":\"https:\\\/\\\/www.bbmnoticias.com\\\/labravaradiofm\\\/2025\\\/12\\\/13\\\/se-preven-lluvias-aisladas-y-descenso-de-temperaturas-en-la-cuenca-del-papaloapan-y-sierra-de-flores-magon\\\/\"},\"author\":{\"name\":\"Staff\",\"@id\":\"https:\\\/\\\/www.bbmnoticias.com\\\/labravaradiofm\\\/#\\\/schema\\\/person\\\/68a9e9036ef3c5b55aeb2b71dc8bab45\"},\"headline\":\"Se prev\u00e9n lluvias aisladas y descenso de temperaturas en la Cuenca del\u00a0Papaloapan\u00a0y Sierra de Flores\u00a0Mag\u00f3n\",\"datePublished\":\"2025-12-13T14:52:49+00:00\",\"dateModified\":\"2025-12-13T14:52:55+00:00\",\"mainEntityOfPage\":{\"@id\":\"https:\\\/\\\/www.bbmnoticias.com\\\/labravaradiofm\\\/2025\\\/12\\\/13\\\/se-preven-lluvias-aisladas-y-descenso-de-temperaturas-en-la-cuenca-del-papaloapan-y-sierra-de-flores-magon\\\/\"},\"wordCount\":360,\"image\":{\"@id\":\"https:\\\/\\\/www.bbmnoticias.com\\\/se-preven-lluvias-aisladas-y-descenso-de-temperaturas-en-la-cuenca-del-papaloapan-y-sierra-de-flores-magon\\\/#primaryimage\"},\"thumbnailUrl\":\"https:\\\/\\\/www.bbmnoticias.com\\\/labravaradiofm\\\/wp-content\\\/uploads\\\/sites\\\/5\\\/2025\\\/12\\\/clima_oaxaca-11.jpg\",\"articleSection\":[\"LOCAL\"],\"inLanguage\":\"es\"},{\"@type\":\"WebPage\",\"@id\":\"https:\\\/\\\/www.bbmnoticias.com\\\/labravaradiofm\\\/2025\\\/12\\\/13\\\/se-preven-lluvias-aisladas-y-descenso-de-temperaturas-en-la-cuenca-del-papaloapan-y-sierra-de-flores-magon\\\/\",\"url\":\"https:\\\/\\\/www.bbmnoticias.com\\\/se-preven-lluvias-aisladas-y-descenso-de-temperaturas-en-la-cuenca-del-papaloapan-y-sierra-de-flores-magon\\\/\",\"name\":\"Se prev\u00e9n lluvias aisladas y descenso de temperaturas en la Cuenca del\u00a0Papaloapan\u00a0y Sierra de Flores\u00a0Mag\u00f3n - LA BRAVA RADIO\",\"isPartOf\":{\"@id\":\"https:\\\/\\\/www.bbmnoticias.com\\\/labravaradiofm\\\/#website\"},\"primaryImageOfPage\":{\"@id\":\"https:\\\/\\\/www.bbmnoticias.com\\\/se-preven-lluvias-aisladas-y-descenso-de-temperaturas-en-la-cuenca-del-papaloapan-y-sierra-de-flores-magon\\\/#primaryimage\"},\"image\":{\"@id\":\"https:\\\/\\\/www.bbmnoticias.com\\\/se-preven-lluvias-aisladas-y-descenso-de-temperaturas-en-la-cuenca-del-papaloapan-y-sierra-de-flores-magon\\\/#primaryimage\"},\"thumbnailUrl\":\"https:\\\/\\\/www.bbmnoticias.com\\\/labravaradiofm\\\/wp-content\\\/uploads\\\/sites\\\/5\\\/2025\\\/12\\\/clima_oaxaca-11.jpg\",\"datePublished\":\"2025-12-13T14:52:49+00:00\",\"dateModified\":\"2025-12-13T14:52:55+00:00\",\"author\":{\"@id\":\"https:\\\/\\\/www.bbmnoticias.com\\\/labravaradiofm\\\/#\\\/schema\\\/person\\\/68a9e9036ef3c5b55aeb2b71dc8bab45\"},\"breadcrumb\":{\"@id\":\"https:\\\/\\\/www.bbmnoticias.com\\\/se-preven-lluvias-aisladas-y-descenso-de-temperaturas-en-la-cuenca-del-papaloapan-y-sierra-de-flores-magon\\\/#breadcrumb\"},\"inLanguage\":\"es\",\"potentialAction\":[{\"@type\":\"ReadAction\",\"target\":[\"https:\\\/\\\/www.bbmnoticias.com\\\/se-preven-lluvias-aisladas-y-descenso-de-temperaturas-en-la-cuenca-del-papaloapan-y-sierra-de-flores-magon\\\/\"]}]},{\"@type\":\"ImageObject\",\"inLanguage\":\"es\",\"@id\":\"https:\\\/\\\/www.bbmnoticias.com\\\/se-preven-lluvias-aisladas-y-descenso-de-temperaturas-en-la-cuenca-del-papaloapan-y-sierra-de-flores-magon\\\/#primaryimage\",\"url\":\"https:\\\/\\\/www.bbmnoticias.com\\\/labravaradiofm\\\/wp-content\\\/uploads\\\/sites\\\/5\\\/2025\\\/12\\\/clima_oaxaca-11.jpg\",\"contentUrl\":\"https:\\\/\\\/www.bbmnoticias.com\\\/labravaradiofm\\\/wp-content\\\/uploads\\\/sites\\\/5\\\/2025\\\/12\\\/clima_oaxaca-11.jpg\",\"width\":800,\"height\":448},{\"@type\":\"BreadcrumbList\",\"@id\":\"https:\\\/\\\/www.bbmnoticias.com\\\/se-preven-lluvias-aisladas-y-descenso-de-temperaturas-en-la-cuenca-del-papaloapan-y-sierra-de-flores-magon\\\/#breadcrumb\",\"itemListElement\":[{\"@type\":\"ListItem\",\"position\":1,\"name\":\"Inicio\",\"item\":\"https:\\\/\\\/www.bbmnoticias.com\\\/labravaradiofm\\\/\"},{\"@type\":\"ListItem\",\"position\":2,\"name\":\"Se prev\u00e9n lluvias aisladas y descenso de temperaturas en la Cuenca del\u00a0Papaloapan\u00a0y Sierra de Flores\u00a0Mag\u00f3n\"}]},{\"@type\":\"WebSite\",\"@id\":\"https:\\\/\\\/www.bbmnoticias.com\\\/labravaradiofm\\\/#website\",\"url\":\"https:\\\/\\\/www.bbmnoticias.com\\\/labravaradiofm\\\/\",\"name\":\"LA BRAVA RADIO\",\"description\":\"Empresa productora de medios, Radiodifusi\u00f3n, Noticias, tendencias y todo lo que necesitas saber de la pol\u00edtica mexicana e internacional; entretenimiento, espect\u00e1culos, salud y mucho m\u00e1s.\",\"potentialAction\":[{\"@type\":\"SearchAction\",\"target\":{\"@type\":\"EntryPoint\",\"urlTemplate\":\"https:\\\/\\\/www.bbmnoticias.com\\\/labravaradiofm\\\/?s={search_term_string}\"},\"query-input\":{\"@type\":\"PropertyValueSpecification\",\"valueRequired\":true,\"valueName\":\"search_term_string\"}}],\"inLanguage\":\"es\"},{\"@type\":\"Person\",\"@id\":\"https:\\\/\\\/www.bbmnoticias.com\\\/labravaradiofm\\\/#\\\/schema\\\/person\\\/68a9e9036ef3c5b55aeb2b71dc8bab45\",\"name\":\"Staff\",\"image\":{\"@type\":\"ImageObject\",\"inLanguage\":\"es\",\"@id\":\"https:\\\/\\\/secure.gravatar.com\\\/avatar\\\/fdd21ad66fd8b98c407f9dee5b5e588cfe7f0d8579ec20fa6527cd59bab7f0f0?s=96&d=mm&r=g\",\"url\":\"https:\\\/\\\/secure.gravatar.com\\\/avatar\\\/fdd21ad66fd8b98c407f9dee5b5e588cfe7f0d8579ec20fa6527cd59bab7f0f0?s=96&d=mm&r=g\",\"contentUrl\":\"https:\\\/\\\/secure.gravatar.com\\\/avatar\\\/fdd21ad66fd8b98c407f9dee5b5e588cfe7f0d8579ec20fa6527cd59bab7f0f0?s=96&d=mm&r=g\",\"caption\":\"Staff\"},\"url\":\"https:\\\/\\\/www.bbmnoticias.com\\\/labravaradiofm\\\/author\\\/redaccion\\\/\"}]}<\/script>\n<!-- \/ Yoast SEO plugin. -->","yoast_head_json":{"title":"Se prev\u00e9n lluvias aisladas y descenso de temperaturas en la Cuenca del\u00a0Papaloapan\u00a0y Sierra de Flores\u00a0Mag\u00f3n - LA BRAVA RADIO","robots":{"index":"index","follow":"follow","max-snippet":"max-snippet:-1","max-image-preview":"max-image-preview:large","max-video-preview":"max-video-preview:-1"},"canonical":"https:\/\/www.bbmnoticias.com\/se-preven-lluvias-aisladas-y-descenso-de-temperaturas-en-la-cuenca-del-papaloapan-y-sierra-de-flores-magon\/","og_locale":"es_MX","og_type":"article","og_title":"Se prev\u00e9n lluvias aisladas y descenso de temperaturas en la Cuenca del\u00a0Papaloapan\u00a0y Sierra de Flores\u00a0Mag\u00f3n - LA BRAVA RADIO","og_description":"Oaxaca de Ju\u00e1rez, Oax.-\u00a0La Coordinaci\u00f3n Estatal de Protecci\u00f3n Civil y Gesti\u00f3n de Riesgos (CEPCyGR) informa que un canal de baja presi\u00f3n que se ubica sobre el sureste de M\u00e9xico ocasionar\u00e1 lluvias con chubascos aislados en la Cuenca del\u00a0Papaloapan\u00a0y Sierra de Flores\u00a0Mag\u00f3n. \u00a0 En el resto del estado, se prev\u00e9 poca nubosidad e intensa radiaci\u00f3n solar [&hellip;]","og_url":"https:\/\/www.bbmnoticias.com\/se-preven-lluvias-aisladas-y-descenso-de-temperaturas-en-la-cuenca-del-papaloapan-y-sierra-de-flores-magon\/","og_site_name":"LA BRAVA RADIO","article_published_time":"2025-12-13T14:52:49+00:00","article_modified_time":"2025-12-13T14:52:55+00:00","og_image":[{"width":800,"height":448,"url":"https:\/\/www.bbmnoticias.com\/labravaradiofm\/wp-content\/uploads\/sites\/5\/2025\/12\/clima_oaxaca-11.jpg","type":"image\/jpeg"}],"author":"Staff","twitter_card":"summary_large_image","twitter_misc":{"Escrito por":"Staff","Tiempo de lectura":"2 minutos"},"schema":{"@context":"https:\/\/schema.org","@graph":[{"@type":"Article","@id":"https:\/\/www.bbmnoticias.com\/se-preven-lluvias-aisladas-y-descenso-de-temperaturas-en-la-cuenca-del-papaloapan-y-sierra-de-flores-magon\/#article","isPartOf":{"@id":"https:\/\/www.bbmnoticias.com\/labravaradiofm\/2025\/12\/13\/se-preven-lluvias-aisladas-y-descenso-de-temperaturas-en-la-cuenca-del-papaloapan-y-sierra-de-flores-magon\/"},"author":{"name":"Staff","@id":"https:\/\/www.bbmnoticias.com\/labravaradiofm\/#\/schema\/person\/68a9e9036ef3c5b55aeb2b71dc8bab45"},"headline":"Se prev\u00e9n lluvias aisladas y descenso de temperaturas en la Cuenca del\u00a0Papaloapan\u00a0y Sierra de Flores\u00a0Mag\u00f3n","datePublished":"2025-12-13T14:52:49+00:00","dateModified":"2025-12-13T14:52:55+00:00","mainEntityOfPage":{"@id":"https:\/\/www.bbmnoticias.com\/labravaradiofm\/2025\/12\/13\/se-preven-lluvias-aisladas-y-descenso-de-temperaturas-en-la-cuenca-del-papaloapan-y-sierra-de-flores-magon\/"},"wordCount":360,"image":{"@id":"https:\/\/www.bbmnoticias.com\/se-preven-lluvias-aisladas-y-descenso-de-temperaturas-en-la-cuenca-del-papaloapan-y-sierra-de-flores-magon\/#primaryimage"},"thumbnailUrl":"https:\/\/www.bbmnoticias.com\/labravaradiofm\/wp-content\/uploads\/sites\/5\/2025\/12\/clima_oaxaca-11.jpg","articleSection":["LOCAL"],"inLanguage":"es"},{"@type":"WebPage","@id":"https:\/\/www.bbmnoticias.com\/labravaradiofm\/2025\/12\/13\/se-preven-lluvias-aisladas-y-descenso-de-temperaturas-en-la-cuenca-del-papaloapan-y-sierra-de-flores-magon\/","url":"https:\/\/www.bbmnoticias.com\/se-preven-lluvias-aisladas-y-descenso-de-temperaturas-en-la-cuenca-del-papaloapan-y-sierra-de-flores-magon\/","name":"Se prev\u00e9n lluvias aisladas y descenso de temperaturas en la Cuenca del\u00a0Papaloapan\u00a0y Sierra de Flores\u00a0Mag\u00f3n - LA BRAVA RADIO","isPartOf":{"@id":"https:\/\/www.bbmnoticias.com\/labravaradiofm\/#website"},"primaryImageOfPage":{"@id":"https:\/\/www.bbmnoticias.com\/se-preven-lluvias-aisladas-y-descenso-de-temperaturas-en-la-cuenca-del-papaloapan-y-sierra-de-flores-magon\/#primaryimage"},"image":{"@id":"https:\/\/www.bbmnoticias.com\/se-preven-lluvias-aisladas-y-descenso-de-temperaturas-en-la-cuenca-del-papaloapan-y-sierra-de-flores-magon\/#primaryimage"},"thumbnailUrl":"https:\/\/www.bbmnoticias.com\/labravaradiofm\/wp-content\/uploads\/sites\/5\/2025\/12\/clima_oaxaca-11.jpg","datePublished":"2025-12-13T14:52:49+00:00","dateModified":"2025-12-13T14:52:55+00:00","author":{"@id":"https:\/\/www.bbmnoticias.com\/labravaradiofm\/#\/schema\/person\/68a9e9036ef3c5b55aeb2b71dc8bab45"},"breadcrumb":{"@id":"https:\/\/www.bbmnoticias.com\/se-preven-lluvias-aisladas-y-descenso-de-temperaturas-en-la-cuenca-del-papaloapan-y-sierra-de-flores-magon\/#breadcrumb"},"inLanguage":"es","potentialAction":[{"@type":"ReadAction","target":["https:\/\/www.bbmnoticias.com\/se-preven-lluvias-aisladas-y-descenso-de-temperaturas-en-la-cuenca-del-papaloapan-y-sierra-de-flores-magon\/"]}]},{"@type":"ImageObject","inLanguage":"es","@id":"https:\/\/www.bbmnoticias.com\/se-preven-lluvias-aisladas-y-descenso-de-temperaturas-en-la-cuenca-del-papaloapan-y-sierra-de-flores-magon\/#primaryimage","url":"https:\/\/www.bbmnoticias.com\/labravaradiofm\/wp-content\/uploads\/sites\/5\/2025\/12\/clima_oaxaca-11.jpg","contentUrl":"https:\/\/www.bbmnoticias.com\/labravaradiofm\/wp-content\/uploads\/sites\/5\/2025\/12\/clima_oaxaca-11.jpg","width":800,"height":448},{"@type":"BreadcrumbList","@id":"https:\/\/www.bbmnoticias.com\/se-preven-lluvias-aisladas-y-descenso-de-temperaturas-en-la-cuenca-del-papaloapan-y-sierra-de-flores-magon\/#breadcrumb","itemListElement":[{"@type":"ListItem","position":1,"name":"Inicio","item":"https:\/\/www.bbmnoticias.com\/labravaradiofm\/"},{"@type":"ListItem","position":2,"name":"Se prev\u00e9n lluvias aisladas y descenso de temperaturas en la Cuenca del\u00a0Papaloapan\u00a0y Sierra de Flores\u00a0Mag\u00f3n"}]},{"@type":"WebSite","@id":"https:\/\/www.bbmnoticias.com\/labravaradiofm\/#website","url":"https:\/\/www.bbmnoticias.com\/labravaradiofm\/","name":"LA BRAVA RADIO","description":"Empresa productora de medios, Radiodifusi\u00f3n, Noticias, tendencias y todo lo que necesitas saber de la pol\u00edtica mexicana e internacional; entretenimiento, espect\u00e1culos, salud y mucho m\u00e1s.","potentialAction":[{"@type":"SearchAction","target":{"@type":"EntryPoint","urlTemplate":"https:\/\/www.bbmnoticias.com\/labravaradiofm\/?s={search_term_string}"},"query-input":{"@type":"PropertyValueSpecification","valueRequired":true,"valueName":"search_term_string"}}],"inLanguage":"es"},{"@type":"Person","@id":"https:\/\/www.bbmnoticias.com\/labravaradiofm\/#\/schema\/person\/68a9e9036ef3c5b55aeb2b71dc8bab45","name":"Staff","image":{"@type":"ImageObject","inLanguage":"es","@id":"https:\/\/secure.gravatar.com\/avatar\/fdd21ad66fd8b98c407f9dee5b5e588cfe7f0d8579ec20fa6527cd59bab7f0f0?s=96&d=mm&r=g","url":"https:\/\/secure.gravatar.com\/avatar\/fdd21ad66fd8b98c407f9dee5b5e588cfe7f0d8579ec20fa6527cd59bab7f0f0?s=96&d=mm&r=g","contentUrl":"https:\/\/secure.gravatar.com\/avatar\/fdd21ad66fd8b98c407f9dee5b5e588cfe7f0d8579ec20fa6527cd59bab7f0f0?s=96&d=mm&r=g","caption":"Staff"},"url":"https:\/\/www.bbmnoticias.com\/labravaradiofm\/author\/redaccion\/"}]}},"_links":{"self":[{"href":"https:\/\/www.bbmnoticias.com\/labravaradiofm\/wp-json\/wp\/v2\/posts\/71290","targetHints":{"allow":["GET"]}}],"collection":[{"href":"https:\/\/www.bbmnoticias.com\/labravaradiofm\/wp-json\/wp\/v2\/posts"}],"about":[{"href":"https:\/\/www.bbmnoticias.com\/labravaradiofm\/wp-json\/wp\/v2\/types\/post"}],"author":[{"embeddable":true,"href":"https:\/\/www.bbmnoticias.com\/labravaradiofm\/wp-json\/wp\/v2\/users\/2"}],"replies":[{"embeddable":true,"href":"https:\/\/www.bbmnoticias.com\/labravaradiofm\/wp-json\/wp\/v2\/comments?post=71290"}],"version-history":[{"count":0,"href":"https:\/\/www.bbmnoticias.com\/labravaradiofm\/wp-json\/wp\/v2\/posts\/71290\/revisions"}],"wp:featuredmedia":[{"embeddable":true,"href":"https:\/\/www.bbmnoticias.com\/labravaradiofm\/wp-json\/wp\/v2\/media\/71292"}],"wp:attachment":[{"href":"https:\/\/www.bbmnoticias.com\/labravaradiofm\/wp-json\/wp\/v2\/media?parent=71290"}],"wp:term":[{"taxonomy":"category","embeddable":true,"href":"https:\/\/www.bbmnoticias.com\/labravaradiofm\/wp-json\/wp\/v2\/categories?post=71290"},{"taxonomy":"post_tag","embeddable":true,"href":"https:\/\/www.bbmnoticias.com\/labravaradiofm\/wp-json\/wp\/v2\/tags?post=71290"}],"curies":[{"name":"wp","href":"https:\/\/api.w.org\/{rel}","templated":true}]}}