{"id":71287,"date":"2025-12-13T08:39:04","date_gmt":"2025-12-13T14:39:04","guid":{"rendered":"https:\/\/www.bbmnoticias.com\/labravaradiofm\/2025\/12\/13\/presentan-primer-libro-del-club-de-lectura-de-periodismo-wilfrido-lopez-torres\/"},"modified":"2025-12-13T08:39:08","modified_gmt":"2025-12-13T14:39:08","slug":"presentan-primer-libro-del-club-de-lectura-de-periodismo-wilfrido-lopez-torres","status":"publish","type":"post","link":"https:\/\/www.bbmnoticias.com\/labravaradiofm\/2025\/12\/13\/presentan-primer-libro-del-club-de-lectura-de-periodismo-wilfrido-lopez-torres\/","title":{"rendered":"Presentan primer libro del Club de Lectura de Periodismo \u201cWilfrido L\u00f3pez Torres\u201d"},"content":{"rendered":"<div style=\"margin-top: 0px; margin-bottom: 0px;\" class=\"sharethis-inline-share-buttons\" ><\/div>\n<p>El Club de Lectura de Periodismo \u201cWilfrido L\u00f3pez Torres\u201d presentar\u00e1 el pr\u00f3ximo jueves 18 de diciembre, a las 18:00 horas, en la Hemeroteca P\u00fablica \u201cN\u00e9stor S\u00e1nchez Hern\u00e1ndez\u201d, su primer libro Mujeres Periodistas Oaxaque\u00f1as. Volumen 1, una obra que re\u00fane perfiles y testimonios de comunicadoras de distintas regiones del estado.<\/p>\n\n\n\n<p>La publicaci\u00f3n, autor\u00eda del periodista y comunicador Leandro Hern\u00e1ndez Romero, se gest\u00f3 a\u00f1os atr\u00e1s, pero se consolid\u00f3 dentro del club de lectura de periodismo, un espacio que busca formar lectores cr\u00edticos y fortalecer la reflexi\u00f3n sobre el ejercicio period\u00edstico en Oaxaca y el pa\u00eds.<\/p>\n\n\n\n<p>El libro Mujeres Periodistas Oaxaque\u00f1as. Volumen 1 rinde homenaje a comunicadoras como Mar\u00eda de los \u00c1ngeles Fern\u00e1ndez Mondrag\u00f3n, Lilia Torrentera, Martha Izquierdo y la reci\u00e9n fallecida Martha Lezama, que han ejercido su labor en contextos de incertidumbre, riesgo o limitaciones profesionales.<\/p>\n\n\n\n<p>La obra tambi\u00e9n cont\u00f3 el apoyo de la maestra Sandra Ramos, compa\u00f1era de vida del periodista oaxaque\u00f1o Willy L\u00f3pez Torres, cuyo legado dio origen al club de lectura de obras period\u00edsticas fundado el a\u00f1o pasado.<\/p>\n\n\n\n<p>Adem\u00e1s, la periodista Mar\u00eda Elisa Ru\u00edz Hern\u00e1ndez fue responsable de la revisi\u00f3n y ordenamiento del contenido, mientras que el editor Braulio Mauricio Aguilar Orihuela realiz\u00f3 el cuidado final del texto, dise\u00f1o editorial y preparaci\u00f3n para imprenta.<\/p>\n\n\n\n<p>La presentaci\u00f3n oficial del volumen se realizar\u00e1 el pr\u00f3ximo jueves 18 de diciembre a las 18:00 horas, en la Hemeroteca P\u00fablica de Oaxaca \u201cN\u00e9stor S\u00e1nchez Hern\u00e1ndez\u201d y los ejemplares estar\u00e1n disponibles para el p\u00fablico una vez iniciada la distribuci\u00f3n.<\/p>\n","protected":false},"excerpt":{"rendered":"<p>El Club de Lectura de Periodismo \u201cWilfrido L\u00f3pez Torres\u201d presentar\u00e1 el pr\u00f3ximo jueves 18 de diciembre, a las 18:00 horas, en la Hemeroteca P\u00fablica \u201cN\u00e9stor S\u00e1nchez Hern\u00e1ndez\u201d, su primer libro Mujeres Periodistas Oaxaque\u00f1as. Volumen 1, una obra que re\u00fane perfiles y testimonios de comunicadoras de distintas regiones del estado. La publicaci\u00f3n, autor\u00eda del periodista y [&hellip;]<\/p>\n","protected":false},"author":2,"featured_media":71289,"comment_status":"closed","ping_status":"","sticky":false,"template":"","format":"standard","meta":{"footnotes":""},"categories":[2],"tags":[],"class_list":{"0":"post-71287","1":"post","2":"type-post","3":"status-publish","4":"format-standard","5":"has-post-thumbnail","7":"category-oaxaca"},"yoast_head":"<!-- This site is optimized with the Yoast SEO plugin v27.4 - https:\/\/yoast.com\/product\/yoast-seo-wordpress\/ -->\n<title>Presentan primer libro del Club de Lectura de Periodismo \u201cWilfrido L\u00f3pez Torres\u201d - LA BRAVA RADIO<\/title>\n<meta name=\"robots\" content=\"index, follow, max-snippet:-1, max-image-preview:large, max-video-preview:-1\" \/>\n<link rel=\"canonical\" href=\"https:\/\/www.bbmnoticias.com\/presentan-primer-libro-del-club-de-lectura-de-periodismo-wilfrido-lopez-torres\/\" \/>\n<meta property=\"og:locale\" content=\"es_MX\" \/>\n<meta property=\"og:type\" content=\"article\" \/>\n<meta property=\"og:title\" content=\"Presentan primer libro del Club de Lectura de Periodismo \u201cWilfrido L\u00f3pez Torres\u201d - LA BRAVA RADIO\" \/>\n<meta property=\"og:description\" content=\"El Club de Lectura de Periodismo \u201cWilfrido L\u00f3pez Torres\u201d presentar\u00e1 el pr\u00f3ximo jueves 18 de diciembre, a las 18:00 horas, en la Hemeroteca P\u00fablica \u201cN\u00e9stor S\u00e1nchez Hern\u00e1ndez\u201d, su primer libro Mujeres Periodistas Oaxaque\u00f1as. Volumen 1, una obra que re\u00fane perfiles y testimonios de comunicadoras de distintas regiones del estado. La publicaci\u00f3n, autor\u00eda del periodista y [&hellip;]\" \/>\n<meta property=\"og:url\" content=\"https:\/\/www.bbmnoticias.com\/presentan-primer-libro-del-club-de-lectura-de-periodismo-wilfrido-lopez-torres\/\" \/>\n<meta property=\"og:site_name\" content=\"LA BRAVA RADIO\" \/>\n<meta property=\"article:published_time\" content=\"2025-12-13T14:39:04+00:00\" \/>\n<meta property=\"article:modified_time\" content=\"2025-12-13T14:39:08+00:00\" \/>\n<meta property=\"og:image\" content=\"https:\/\/www.bbmnoticias.com\/labravaradiofm\/wp-content\/uploads\/sites\/5\/2025\/12\/club_lectura.jpg\" \/>\n\t<meta property=\"og:image:width\" content=\"800\" \/>\n\t<meta property=\"og:image:height\" content=\"450\" \/>\n\t<meta property=\"og:image:type\" content=\"image\/jpeg\" \/>\n<meta name=\"author\" content=\"Staff\" \/>\n<meta name=\"twitter:card\" content=\"summary_large_image\" \/>\n<meta name=\"twitter:label1\" content=\"Escrito por\" \/>\n\t<meta name=\"twitter:data1\" content=\"Staff\" \/>\n\t<meta name=\"twitter:label2\" content=\"Tiempo de lectura\" \/>\n\t<meta name=\"twitter:data2\" content=\"1 minuto\" \/>\n<script type=\"application\/ld+json\" class=\"yoast-schema-graph\">{\"@context\":\"https:\\\/\\\/schema.org\",\"@graph\":[{\"@type\":\"Article\",\"@id\":\"https:\\\/\\\/www.bbmnoticias.com\\\/presentan-primer-libro-del-club-de-lectura-de-periodismo-wilfrido-lopez-torres\\\/#article\",\"isPartOf\":{\"@id\":\"https:\\\/\\\/www.bbmnoticias.com\\\/labravaradiofm\\\/2025\\\/12\\\/13\\\/presentan-primer-libro-del-club-de-lectura-de-periodismo-wilfrido-lopez-torres\\\/\"},\"author\":{\"name\":\"Staff\",\"@id\":\"https:\\\/\\\/www.bbmnoticias.com\\\/labravaradiofm\\\/#\\\/schema\\\/person\\\/68a9e9036ef3c5b55aeb2b71dc8bab45\"},\"headline\":\"Presentan primer libro del Club de Lectura de Periodismo \u201cWilfrido L\u00f3pez Torres\u201d\",\"datePublished\":\"2025-12-13T14:39:04+00:00\",\"dateModified\":\"2025-12-13T14:39:08+00:00\",\"mainEntityOfPage\":{\"@id\":\"https:\\\/\\\/www.bbmnoticias.com\\\/labravaradiofm\\\/2025\\\/12\\\/13\\\/presentan-primer-libro-del-club-de-lectura-de-periodismo-wilfrido-lopez-torres\\\/\"},\"wordCount\":295,\"image\":{\"@id\":\"https:\\\/\\\/www.bbmnoticias.com\\\/presentan-primer-libro-del-club-de-lectura-de-periodismo-wilfrido-lopez-torres\\\/#primaryimage\"},\"thumbnailUrl\":\"https:\\\/\\\/www.bbmnoticias.com\\\/labravaradiofm\\\/wp-content\\\/uploads\\\/sites\\\/5\\\/2025\\\/12\\\/club_lectura.jpg\",\"articleSection\":[\"LOCAL\"],\"inLanguage\":\"es\"},{\"@type\":\"WebPage\",\"@id\":\"https:\\\/\\\/www.bbmnoticias.com\\\/labravaradiofm\\\/2025\\\/12\\\/13\\\/presentan-primer-libro-del-club-de-lectura-de-periodismo-wilfrido-lopez-torres\\\/\",\"url\":\"https:\\\/\\\/www.bbmnoticias.com\\\/presentan-primer-libro-del-club-de-lectura-de-periodismo-wilfrido-lopez-torres\\\/\",\"name\":\"Presentan primer libro del Club de Lectura de Periodismo \u201cWilfrido L\u00f3pez Torres\u201d - LA BRAVA RADIO\",\"isPartOf\":{\"@id\":\"https:\\\/\\\/www.bbmnoticias.com\\\/labravaradiofm\\\/#website\"},\"primaryImageOfPage\":{\"@id\":\"https:\\\/\\\/www.bbmnoticias.com\\\/presentan-primer-libro-del-club-de-lectura-de-periodismo-wilfrido-lopez-torres\\\/#primaryimage\"},\"image\":{\"@id\":\"https:\\\/\\\/www.bbmnoticias.com\\\/presentan-primer-libro-del-club-de-lectura-de-periodismo-wilfrido-lopez-torres\\\/#primaryimage\"},\"thumbnailUrl\":\"https:\\\/\\\/www.bbmnoticias.com\\\/labravaradiofm\\\/wp-content\\\/uploads\\\/sites\\\/5\\\/2025\\\/12\\\/club_lectura.jpg\",\"datePublished\":\"2025-12-13T14:39:04+00:00\",\"dateModified\":\"2025-12-13T14:39:08+00:00\",\"author\":{\"@id\":\"https:\\\/\\\/www.bbmnoticias.com\\\/labravaradiofm\\\/#\\\/schema\\\/person\\\/68a9e9036ef3c5b55aeb2b71dc8bab45\"},\"breadcrumb\":{\"@id\":\"https:\\\/\\\/www.bbmnoticias.com\\\/presentan-primer-libro-del-club-de-lectura-de-periodismo-wilfrido-lopez-torres\\\/#breadcrumb\"},\"inLanguage\":\"es\",\"potentialAction\":[{\"@type\":\"ReadAction\",\"target\":[\"https:\\\/\\\/www.bbmnoticias.com\\\/presentan-primer-libro-del-club-de-lectura-de-periodismo-wilfrido-lopez-torres\\\/\"]}]},{\"@type\":\"ImageObject\",\"inLanguage\":\"es\",\"@id\":\"https:\\\/\\\/www.bbmnoticias.com\\\/presentan-primer-libro-del-club-de-lectura-de-periodismo-wilfrido-lopez-torres\\\/#primaryimage\",\"url\":\"https:\\\/\\\/www.bbmnoticias.com\\\/labravaradiofm\\\/wp-content\\\/uploads\\\/sites\\\/5\\\/2025\\\/12\\\/club_lectura.jpg\",\"contentUrl\":\"https:\\\/\\\/www.bbmnoticias.com\\\/labravaradiofm\\\/wp-content\\\/uploads\\\/sites\\\/5\\\/2025\\\/12\\\/club_lectura.jpg\",\"width\":800,\"height\":450},{\"@type\":\"BreadcrumbList\",\"@id\":\"https:\\\/\\\/www.bbmnoticias.com\\\/presentan-primer-libro-del-club-de-lectura-de-periodismo-wilfrido-lopez-torres\\\/#breadcrumb\",\"itemListElement\":[{\"@type\":\"ListItem\",\"position\":1,\"name\":\"Inicio\",\"item\":\"https:\\\/\\\/www.bbmnoticias.com\\\/labravaradiofm\\\/\"},{\"@type\":\"ListItem\",\"position\":2,\"name\":\"Presentan primer libro del Club de Lectura de Periodismo \u201cWilfrido L\u00f3pez Torres\u201d\"}]},{\"@type\":\"WebSite\",\"@id\":\"https:\\\/\\\/www.bbmnoticias.com\\\/labravaradiofm\\\/#website\",\"url\":\"https:\\\/\\\/www.bbmnoticias.com\\\/labravaradiofm\\\/\",\"name\":\"LA BRAVA RADIO\",\"description\":\"Empresa productora de medios, Radiodifusi\u00f3n, Noticias, tendencias y todo lo que necesitas saber de la pol\u00edtica mexicana e internacional; entretenimiento, espect\u00e1culos, salud y mucho m\u00e1s.\",\"potentialAction\":[{\"@type\":\"SearchAction\",\"target\":{\"@type\":\"EntryPoint\",\"urlTemplate\":\"https:\\\/\\\/www.bbmnoticias.com\\\/labravaradiofm\\\/?s={search_term_string}\"},\"query-input\":{\"@type\":\"PropertyValueSpecification\",\"valueRequired\":true,\"valueName\":\"search_term_string\"}}],\"inLanguage\":\"es\"},{\"@type\":\"Person\",\"@id\":\"https:\\\/\\\/www.bbmnoticias.com\\\/labravaradiofm\\\/#\\\/schema\\\/person\\\/68a9e9036ef3c5b55aeb2b71dc8bab45\",\"name\":\"Staff\",\"image\":{\"@type\":\"ImageObject\",\"inLanguage\":\"es\",\"@id\":\"https:\\\/\\\/secure.gravatar.com\\\/avatar\\\/fdd21ad66fd8b98c407f9dee5b5e588cfe7f0d8579ec20fa6527cd59bab7f0f0?s=96&d=mm&r=g\",\"url\":\"https:\\\/\\\/secure.gravatar.com\\\/avatar\\\/fdd21ad66fd8b98c407f9dee5b5e588cfe7f0d8579ec20fa6527cd59bab7f0f0?s=96&d=mm&r=g\",\"contentUrl\":\"https:\\\/\\\/secure.gravatar.com\\\/avatar\\\/fdd21ad66fd8b98c407f9dee5b5e588cfe7f0d8579ec20fa6527cd59bab7f0f0?s=96&d=mm&r=g\",\"caption\":\"Staff\"},\"url\":\"https:\\\/\\\/www.bbmnoticias.com\\\/labravaradiofm\\\/author\\\/redaccion\\\/\"}]}<\/script>\n<!-- \/ Yoast SEO plugin. -->","yoast_head_json":{"title":"Presentan primer libro del Club de Lectura de Periodismo \u201cWilfrido L\u00f3pez Torres\u201d - LA BRAVA RADIO","robots":{"index":"index","follow":"follow","max-snippet":"max-snippet:-1","max-image-preview":"max-image-preview:large","max-video-preview":"max-video-preview:-1"},"canonical":"https:\/\/www.bbmnoticias.com\/presentan-primer-libro-del-club-de-lectura-de-periodismo-wilfrido-lopez-torres\/","og_locale":"es_MX","og_type":"article","og_title":"Presentan primer libro del Club de Lectura de Periodismo \u201cWilfrido L\u00f3pez Torres\u201d - LA BRAVA RADIO","og_description":"El Club de Lectura de Periodismo \u201cWilfrido L\u00f3pez Torres\u201d presentar\u00e1 el pr\u00f3ximo jueves 18 de diciembre, a las 18:00 horas, en la Hemeroteca P\u00fablica \u201cN\u00e9stor S\u00e1nchez Hern\u00e1ndez\u201d, su primer libro Mujeres Periodistas Oaxaque\u00f1as. Volumen 1, una obra que re\u00fane perfiles y testimonios de comunicadoras de distintas regiones del estado. La publicaci\u00f3n, autor\u00eda del periodista y [&hellip;]","og_url":"https:\/\/www.bbmnoticias.com\/presentan-primer-libro-del-club-de-lectura-de-periodismo-wilfrido-lopez-torres\/","og_site_name":"LA BRAVA RADIO","article_published_time":"2025-12-13T14:39:04+00:00","article_modified_time":"2025-12-13T14:39:08+00:00","og_image":[{"width":800,"height":450,"url":"https:\/\/www.bbmnoticias.com\/labravaradiofm\/wp-content\/uploads\/sites\/5\/2025\/12\/club_lectura.jpg","type":"image\/jpeg"}],"author":"Staff","twitter_card":"summary_large_image","twitter_misc":{"Escrito por":"Staff","Tiempo de lectura":"1 minuto"},"schema":{"@context":"https:\/\/schema.org","@graph":[{"@type":"Article","@id":"https:\/\/www.bbmnoticias.com\/presentan-primer-libro-del-club-de-lectura-de-periodismo-wilfrido-lopez-torres\/#article","isPartOf":{"@id":"https:\/\/www.bbmnoticias.com\/labravaradiofm\/2025\/12\/13\/presentan-primer-libro-del-club-de-lectura-de-periodismo-wilfrido-lopez-torres\/"},"author":{"name":"Staff","@id":"https:\/\/www.bbmnoticias.com\/labravaradiofm\/#\/schema\/person\/68a9e9036ef3c5b55aeb2b71dc8bab45"},"headline":"Presentan primer libro del Club de Lectura de Periodismo \u201cWilfrido L\u00f3pez Torres\u201d","datePublished":"2025-12-13T14:39:04+00:00","dateModified":"2025-12-13T14:39:08+00:00","mainEntityOfPage":{"@id":"https:\/\/www.bbmnoticias.com\/labravaradiofm\/2025\/12\/13\/presentan-primer-libro-del-club-de-lectura-de-periodismo-wilfrido-lopez-torres\/"},"wordCount":295,"image":{"@id":"https:\/\/www.bbmnoticias.com\/presentan-primer-libro-del-club-de-lectura-de-periodismo-wilfrido-lopez-torres\/#primaryimage"},"thumbnailUrl":"https:\/\/www.bbmnoticias.com\/labravaradiofm\/wp-content\/uploads\/sites\/5\/2025\/12\/club_lectura.jpg","articleSection":["LOCAL"],"inLanguage":"es"},{"@type":"WebPage","@id":"https:\/\/www.bbmnoticias.com\/labravaradiofm\/2025\/12\/13\/presentan-primer-libro-del-club-de-lectura-de-periodismo-wilfrido-lopez-torres\/","url":"https:\/\/www.bbmnoticias.com\/presentan-primer-libro-del-club-de-lectura-de-periodismo-wilfrido-lopez-torres\/","name":"Presentan primer libro del Club de Lectura de Periodismo \u201cWilfrido L\u00f3pez Torres\u201d - LA BRAVA RADIO","isPartOf":{"@id":"https:\/\/www.bbmnoticias.com\/labravaradiofm\/#website"},"primaryImageOfPage":{"@id":"https:\/\/www.bbmnoticias.com\/presentan-primer-libro-del-club-de-lectura-de-periodismo-wilfrido-lopez-torres\/#primaryimage"},"image":{"@id":"https:\/\/www.bbmnoticias.com\/presentan-primer-libro-del-club-de-lectura-de-periodismo-wilfrido-lopez-torres\/#primaryimage"},"thumbnailUrl":"https:\/\/www.bbmnoticias.com\/labravaradiofm\/wp-content\/uploads\/sites\/5\/2025\/12\/club_lectura.jpg","datePublished":"2025-12-13T14:39:04+00:00","dateModified":"2025-12-13T14:39:08+00:00","author":{"@id":"https:\/\/www.bbmnoticias.com\/labravaradiofm\/#\/schema\/person\/68a9e9036ef3c5b55aeb2b71dc8bab45"},"breadcrumb":{"@id":"https:\/\/www.bbmnoticias.com\/presentan-primer-libro-del-club-de-lectura-de-periodismo-wilfrido-lopez-torres\/#breadcrumb"},"inLanguage":"es","potentialAction":[{"@type":"ReadAction","target":["https:\/\/www.bbmnoticias.com\/presentan-primer-libro-del-club-de-lectura-de-periodismo-wilfrido-lopez-torres\/"]}]},{"@type":"ImageObject","inLanguage":"es","@id":"https:\/\/www.bbmnoticias.com\/presentan-primer-libro-del-club-de-lectura-de-periodismo-wilfrido-lopez-torres\/#primaryimage","url":"https:\/\/www.bbmnoticias.com\/labravaradiofm\/wp-content\/uploads\/sites\/5\/2025\/12\/club_lectura.jpg","contentUrl":"https:\/\/www.bbmnoticias.com\/labravaradiofm\/wp-content\/uploads\/sites\/5\/2025\/12\/club_lectura.jpg","width":800,"height":450},{"@type":"BreadcrumbList","@id":"https:\/\/www.bbmnoticias.com\/presentan-primer-libro-del-club-de-lectura-de-periodismo-wilfrido-lopez-torres\/#breadcrumb","itemListElement":[{"@type":"ListItem","position":1,"name":"Inicio","item":"https:\/\/www.bbmnoticias.com\/labravaradiofm\/"},{"@type":"ListItem","position":2,"name":"Presentan primer libro del Club de Lectura de Periodismo \u201cWilfrido L\u00f3pez Torres\u201d"}]},{"@type":"WebSite","@id":"https:\/\/www.bbmnoticias.com\/labravaradiofm\/#website","url":"https:\/\/www.bbmnoticias.com\/labravaradiofm\/","name":"LA BRAVA RADIO","description":"Empresa productora de medios, Radiodifusi\u00f3n, Noticias, tendencias y todo lo que necesitas saber de la pol\u00edtica mexicana e internacional; entretenimiento, espect\u00e1culos, salud y mucho m\u00e1s.","potentialAction":[{"@type":"SearchAction","target":{"@type":"EntryPoint","urlTemplate":"https:\/\/www.bbmnoticias.com\/labravaradiofm\/?s={search_term_string}"},"query-input":{"@type":"PropertyValueSpecification","valueRequired":true,"valueName":"search_term_string"}}],"inLanguage":"es"},{"@type":"Person","@id":"https:\/\/www.bbmnoticias.com\/labravaradiofm\/#\/schema\/person\/68a9e9036ef3c5b55aeb2b71dc8bab45","name":"Staff","image":{"@type":"ImageObject","inLanguage":"es","@id":"https:\/\/secure.gravatar.com\/avatar\/fdd21ad66fd8b98c407f9dee5b5e588cfe7f0d8579ec20fa6527cd59bab7f0f0?s=96&d=mm&r=g","url":"https:\/\/secure.gravatar.com\/avatar\/fdd21ad66fd8b98c407f9dee5b5e588cfe7f0d8579ec20fa6527cd59bab7f0f0?s=96&d=mm&r=g","contentUrl":"https:\/\/secure.gravatar.com\/avatar\/fdd21ad66fd8b98c407f9dee5b5e588cfe7f0d8579ec20fa6527cd59bab7f0f0?s=96&d=mm&r=g","caption":"Staff"},"url":"https:\/\/www.bbmnoticias.com\/labravaradiofm\/author\/redaccion\/"}]}},"_links":{"self":[{"href":"https:\/\/www.bbmnoticias.com\/labravaradiofm\/wp-json\/wp\/v2\/posts\/71287","targetHints":{"allow":["GET"]}}],"collection":[{"href":"https:\/\/www.bbmnoticias.com\/labravaradiofm\/wp-json\/wp\/v2\/posts"}],"about":[{"href":"https:\/\/www.bbmnoticias.com\/labravaradiofm\/wp-json\/wp\/v2\/types\/post"}],"author":[{"embeddable":true,"href":"https:\/\/www.bbmnoticias.com\/labravaradiofm\/wp-json\/wp\/v2\/users\/2"}],"replies":[{"embeddable":true,"href":"https:\/\/www.bbmnoticias.com\/labravaradiofm\/wp-json\/wp\/v2\/comments?post=71287"}],"version-history":[{"count":0,"href":"https:\/\/www.bbmnoticias.com\/labravaradiofm\/wp-json\/wp\/v2\/posts\/71287\/revisions"}],"wp:featuredmedia":[{"embeddable":true,"href":"https:\/\/www.bbmnoticias.com\/labravaradiofm\/wp-json\/wp\/v2\/media\/71289"}],"wp:attachment":[{"href":"https:\/\/www.bbmnoticias.com\/labravaradiofm\/wp-json\/wp\/v2\/media?parent=71287"}],"wp:term":[{"taxonomy":"category","embeddable":true,"href":"https:\/\/www.bbmnoticias.com\/labravaradiofm\/wp-json\/wp\/v2\/categories?post=71287"},{"taxonomy":"post_tag","embeddable":true,"href":"https:\/\/www.bbmnoticias.com\/labravaradiofm\/wp-json\/wp\/v2\/tags?post=71287"}],"curies":[{"name":"wp","href":"https:\/\/api.w.org\/{rel}","templated":true}]}}