{"id":71281,"date":"2025-12-13T08:13:08","date_gmt":"2025-12-13T14:13:08","guid":{"rendered":"https:\/\/www.bbmnoticias.com\/labravaradiofm\/2025\/12\/13\/puerto-escondido-recibe-por-primera-vez-un-vuelo-directo-desde-canada\/"},"modified":"2025-12-13T08:13:29","modified_gmt":"2025-12-13T14:13:29","slug":"puerto-escondido-recibe-por-primera-vez-un-vuelo-directo-desde-canada","status":"publish","type":"post","link":"https:\/\/www.bbmnoticias.com\/labravaradiofm\/2025\/12\/13\/puerto-escondido-recibe-por-primera-vez-un-vuelo-directo-desde-canada\/","title":{"rendered":"Puerto Escondido recibe por primera vez un vuelo directo desde Canad\u00e1"},"content":{"rendered":"<div style=\"margin-top: 0px; margin-bottom: 0px;\" class=\"sharethis-inline-share-buttons\" ><\/div>\n<p><strong>San Pedro Mixtepec, Oax.- <\/strong>Puerto Escondido fortalece su proyecci\u00f3n internacional con la llegada del primer vuelo directo de Calgary, Canad\u00e1 operado por WestJet; inform\u00f3 la Secretar\u00eda de Turismo del Estado (Sectur Oaxaca).<\/p>\n\n\n\n<p>La titular de la dependencia, Saymi Pineda Velasco destac\u00f3 que el Gobierno que encabeza Salom\u00f3n Jara Cruz ha fortalecido al turismo como un motor de desarrollo econ\u00f3mico y social en beneficio de los sectores productivos y de las familias oaxaque\u00f1as.<\/p>\n\n\n\n<p>Este vuelo se mantendr\u00e1 activo hasta el 24 de abril de 2026 por la temporada invernal, sumando 20 frecuencias y 3 mil 780 asientos internacionales.<\/p>\n\n\n\n<p>Adem\u00e1s, tiene una frecuencia por semana los d\u00edas viernes con un equipo Boeing 737 Max 8, 189 asientos disponibles y una duraci\u00f3n de vuelo de 5 horas 50 minutos.<\/p>\n\n\n\n<p>Esta conexi\u00f3n se suma a los vuelos recibidos en abril desde Houston, Texas y el 3 de diciembre desde Dallas, Texas.<\/p>\n","protected":false},"excerpt":{"rendered":"<p>San Pedro Mixtepec, Oax.- Puerto Escondido fortalece su proyecci\u00f3n internacional con la llegada del primer vuelo directo de Calgary, Canad\u00e1 operado por WestJet; inform\u00f3 la Secretar\u00eda de Turismo del Estado (Sectur Oaxaca). La titular de la dependencia, Saymi Pineda Velasco destac\u00f3 que el Gobierno que encabeza Salom\u00f3n Jara Cruz ha fortalecido al turismo como un [&hellip;]<\/p>\n","protected":false},"author":2,"featured_media":71283,"comment_status":"closed","ping_status":"","sticky":false,"template":"","format":"standard","meta":{"footnotes":""},"categories":[2],"tags":[],"class_list":{"0":"post-71281","1":"post","2":"type-post","3":"status-publish","4":"format-standard","5":"has-post-thumbnail","7":"category-oaxaca"},"yoast_head":"<!-- This site is optimized with the Yoast SEO plugin v27.4 - https:\/\/yoast.com\/product\/yoast-seo-wordpress\/ -->\n<title>Puerto Escondido recibe por primera vez un vuelo directo desde Canad\u00e1 - LA BRAVA RADIO<\/title>\n<meta name=\"robots\" content=\"index, follow, max-snippet:-1, max-image-preview:large, max-video-preview:-1\" \/>\n<link rel=\"canonical\" href=\"https:\/\/www.bbmnoticias.com\/puerto-escondido-recibe-por-primera-vez-un-vuelo-directo-desde-canada\/\" \/>\n<meta property=\"og:locale\" content=\"es_MX\" \/>\n<meta property=\"og:type\" content=\"article\" \/>\n<meta property=\"og:title\" content=\"Puerto Escondido recibe por primera vez un vuelo directo desde Canad\u00e1 - LA BRAVA RADIO\" \/>\n<meta property=\"og:description\" content=\"San Pedro Mixtepec, Oax.- Puerto Escondido fortalece su proyecci\u00f3n internacional con la llegada del primer vuelo directo de Calgary, Canad\u00e1 operado por WestJet; inform\u00f3 la Secretar\u00eda de Turismo del Estado (Sectur Oaxaca). La titular de la dependencia, Saymi Pineda Velasco destac\u00f3 que el Gobierno que encabeza Salom\u00f3n Jara Cruz ha fortalecido al turismo como un [&hellip;]\" \/>\n<meta property=\"og:url\" content=\"https:\/\/www.bbmnoticias.com\/puerto-escondido-recibe-por-primera-vez-un-vuelo-directo-desde-canada\/\" \/>\n<meta property=\"og:site_name\" content=\"LA BRAVA RADIO\" \/>\n<meta property=\"article:published_time\" content=\"2025-12-13T14:13:08+00:00\" \/>\n<meta property=\"article:modified_time\" content=\"2025-12-13T14:13:29+00:00\" \/>\n<meta property=\"og:image\" content=\"https:\/\/www.bbmnoticias.com\/labravaradiofm\/wp-content\/uploads\/sites\/5\/2025\/12\/vuelo_canada.jpg\" \/>\n\t<meta property=\"og:image:width\" content=\"900\" \/>\n\t<meta property=\"og:image:height\" content=\"600\" \/>\n\t<meta property=\"og:image:type\" content=\"image\/jpeg\" \/>\n<meta name=\"author\" content=\"Staff\" \/>\n<meta name=\"twitter:card\" content=\"summary_large_image\" \/>\n<meta name=\"twitter:label1\" content=\"Escrito por\" \/>\n\t<meta name=\"twitter:data1\" content=\"Staff\" \/>\n\t<meta name=\"twitter:label2\" content=\"Tiempo de lectura\" \/>\n\t<meta name=\"twitter:data2\" content=\"1 minuto\" \/>\n<script type=\"application\/ld+json\" class=\"yoast-schema-graph\">{\"@context\":\"https:\\\/\\\/schema.org\",\"@graph\":[{\"@type\":\"Article\",\"@id\":\"https:\\\/\\\/www.bbmnoticias.com\\\/puerto-escondido-recibe-por-primera-vez-un-vuelo-directo-desde-canada\\\/#article\",\"isPartOf\":{\"@id\":\"https:\\\/\\\/www.bbmnoticias.com\\\/labravaradiofm\\\/2025\\\/12\\\/13\\\/puerto-escondido-recibe-por-primera-vez-un-vuelo-directo-desde-canada\\\/\"},\"author\":{\"name\":\"Staff\",\"@id\":\"https:\\\/\\\/www.bbmnoticias.com\\\/labravaradiofm\\\/#\\\/schema\\\/person\\\/68a9e9036ef3c5b55aeb2b71dc8bab45\"},\"headline\":\"Puerto Escondido recibe por primera vez un vuelo directo desde Canad\u00e1\",\"datePublished\":\"2025-12-13T14:13:08+00:00\",\"dateModified\":\"2025-12-13T14:13:29+00:00\",\"mainEntityOfPage\":{\"@id\":\"https:\\\/\\\/www.bbmnoticias.com\\\/labravaradiofm\\\/2025\\\/12\\\/13\\\/puerto-escondido-recibe-por-primera-vez-un-vuelo-directo-desde-canada\\\/\"},\"wordCount\":157,\"image\":{\"@id\":\"https:\\\/\\\/www.bbmnoticias.com\\\/puerto-escondido-recibe-por-primera-vez-un-vuelo-directo-desde-canada\\\/#primaryimage\"},\"thumbnailUrl\":\"https:\\\/\\\/www.bbmnoticias.com\\\/labravaradiofm\\\/wp-content\\\/uploads\\\/sites\\\/5\\\/2025\\\/12\\\/vuelo_canada.jpg\",\"articleSection\":[\"LOCAL\"],\"inLanguage\":\"es\"},{\"@type\":\"WebPage\",\"@id\":\"https:\\\/\\\/www.bbmnoticias.com\\\/labravaradiofm\\\/2025\\\/12\\\/13\\\/puerto-escondido-recibe-por-primera-vez-un-vuelo-directo-desde-canada\\\/\",\"url\":\"https:\\\/\\\/www.bbmnoticias.com\\\/puerto-escondido-recibe-por-primera-vez-un-vuelo-directo-desde-canada\\\/\",\"name\":\"Puerto Escondido recibe por primera vez un vuelo directo desde Canad\u00e1 - LA BRAVA RADIO\",\"isPartOf\":{\"@id\":\"https:\\\/\\\/www.bbmnoticias.com\\\/labravaradiofm\\\/#website\"},\"primaryImageOfPage\":{\"@id\":\"https:\\\/\\\/www.bbmnoticias.com\\\/puerto-escondido-recibe-por-primera-vez-un-vuelo-directo-desde-canada\\\/#primaryimage\"},\"image\":{\"@id\":\"https:\\\/\\\/www.bbmnoticias.com\\\/puerto-escondido-recibe-por-primera-vez-un-vuelo-directo-desde-canada\\\/#primaryimage\"},\"thumbnailUrl\":\"https:\\\/\\\/www.bbmnoticias.com\\\/labravaradiofm\\\/wp-content\\\/uploads\\\/sites\\\/5\\\/2025\\\/12\\\/vuelo_canada.jpg\",\"datePublished\":\"2025-12-13T14:13:08+00:00\",\"dateModified\":\"2025-12-13T14:13:29+00:00\",\"author\":{\"@id\":\"https:\\\/\\\/www.bbmnoticias.com\\\/labravaradiofm\\\/#\\\/schema\\\/person\\\/68a9e9036ef3c5b55aeb2b71dc8bab45\"},\"breadcrumb\":{\"@id\":\"https:\\\/\\\/www.bbmnoticias.com\\\/puerto-escondido-recibe-por-primera-vez-un-vuelo-directo-desde-canada\\\/#breadcrumb\"},\"inLanguage\":\"es\",\"potentialAction\":[{\"@type\":\"ReadAction\",\"target\":[\"https:\\\/\\\/www.bbmnoticias.com\\\/puerto-escondido-recibe-por-primera-vez-un-vuelo-directo-desde-canada\\\/\"]}]},{\"@type\":\"ImageObject\",\"inLanguage\":\"es\",\"@id\":\"https:\\\/\\\/www.bbmnoticias.com\\\/puerto-escondido-recibe-por-primera-vez-un-vuelo-directo-desde-canada\\\/#primaryimage\",\"url\":\"https:\\\/\\\/www.bbmnoticias.com\\\/labravaradiofm\\\/wp-content\\\/uploads\\\/sites\\\/5\\\/2025\\\/12\\\/vuelo_canada.jpg\",\"contentUrl\":\"https:\\\/\\\/www.bbmnoticias.com\\\/labravaradiofm\\\/wp-content\\\/uploads\\\/sites\\\/5\\\/2025\\\/12\\\/vuelo_canada.jpg\",\"width\":900,\"height\":600},{\"@type\":\"BreadcrumbList\",\"@id\":\"https:\\\/\\\/www.bbmnoticias.com\\\/puerto-escondido-recibe-por-primera-vez-un-vuelo-directo-desde-canada\\\/#breadcrumb\",\"itemListElement\":[{\"@type\":\"ListItem\",\"position\":1,\"name\":\"Inicio\",\"item\":\"https:\\\/\\\/www.bbmnoticias.com\\\/labravaradiofm\\\/\"},{\"@type\":\"ListItem\",\"position\":2,\"name\":\"Puerto Escondido recibe por primera vez un vuelo directo desde Canad\u00e1\"}]},{\"@type\":\"WebSite\",\"@id\":\"https:\\\/\\\/www.bbmnoticias.com\\\/labravaradiofm\\\/#website\",\"url\":\"https:\\\/\\\/www.bbmnoticias.com\\\/labravaradiofm\\\/\",\"name\":\"LA BRAVA RADIO\",\"description\":\"Empresa productora de medios, Radiodifusi\u00f3n, Noticias, tendencias y todo lo que necesitas saber de la pol\u00edtica mexicana e internacional; entretenimiento, espect\u00e1culos, salud y mucho m\u00e1s.\",\"potentialAction\":[{\"@type\":\"SearchAction\",\"target\":{\"@type\":\"EntryPoint\",\"urlTemplate\":\"https:\\\/\\\/www.bbmnoticias.com\\\/labravaradiofm\\\/?s={search_term_string}\"},\"query-input\":{\"@type\":\"PropertyValueSpecification\",\"valueRequired\":true,\"valueName\":\"search_term_string\"}}],\"inLanguage\":\"es\"},{\"@type\":\"Person\",\"@id\":\"https:\\\/\\\/www.bbmnoticias.com\\\/labravaradiofm\\\/#\\\/schema\\\/person\\\/68a9e9036ef3c5b55aeb2b71dc8bab45\",\"name\":\"Staff\",\"image\":{\"@type\":\"ImageObject\",\"inLanguage\":\"es\",\"@id\":\"https:\\\/\\\/secure.gravatar.com\\\/avatar\\\/fdd21ad66fd8b98c407f9dee5b5e588cfe7f0d8579ec20fa6527cd59bab7f0f0?s=96&d=mm&r=g\",\"url\":\"https:\\\/\\\/secure.gravatar.com\\\/avatar\\\/fdd21ad66fd8b98c407f9dee5b5e588cfe7f0d8579ec20fa6527cd59bab7f0f0?s=96&d=mm&r=g\",\"contentUrl\":\"https:\\\/\\\/secure.gravatar.com\\\/avatar\\\/fdd21ad66fd8b98c407f9dee5b5e588cfe7f0d8579ec20fa6527cd59bab7f0f0?s=96&d=mm&r=g\",\"caption\":\"Staff\"},\"url\":\"https:\\\/\\\/www.bbmnoticias.com\\\/labravaradiofm\\\/author\\\/redaccion\\\/\"}]}<\/script>\n<!-- \/ Yoast SEO plugin. -->","yoast_head_json":{"title":"Puerto Escondido recibe por primera vez un vuelo directo desde Canad\u00e1 - LA BRAVA RADIO","robots":{"index":"index","follow":"follow","max-snippet":"max-snippet:-1","max-image-preview":"max-image-preview:large","max-video-preview":"max-video-preview:-1"},"canonical":"https:\/\/www.bbmnoticias.com\/puerto-escondido-recibe-por-primera-vez-un-vuelo-directo-desde-canada\/","og_locale":"es_MX","og_type":"article","og_title":"Puerto Escondido recibe por primera vez un vuelo directo desde Canad\u00e1 - LA BRAVA RADIO","og_description":"San Pedro Mixtepec, Oax.- Puerto Escondido fortalece su proyecci\u00f3n internacional con la llegada del primer vuelo directo de Calgary, Canad\u00e1 operado por WestJet; inform\u00f3 la Secretar\u00eda de Turismo del Estado (Sectur Oaxaca). La titular de la dependencia, Saymi Pineda Velasco destac\u00f3 que el Gobierno que encabeza Salom\u00f3n Jara Cruz ha fortalecido al turismo como un [&hellip;]","og_url":"https:\/\/www.bbmnoticias.com\/puerto-escondido-recibe-por-primera-vez-un-vuelo-directo-desde-canada\/","og_site_name":"LA BRAVA RADIO","article_published_time":"2025-12-13T14:13:08+00:00","article_modified_time":"2025-12-13T14:13:29+00:00","og_image":[{"width":900,"height":600,"url":"https:\/\/www.bbmnoticias.com\/labravaradiofm\/wp-content\/uploads\/sites\/5\/2025\/12\/vuelo_canada.jpg","type":"image\/jpeg"}],"author":"Staff","twitter_card":"summary_large_image","twitter_misc":{"Escrito por":"Staff","Tiempo de lectura":"1 minuto"},"schema":{"@context":"https:\/\/schema.org","@graph":[{"@type":"Article","@id":"https:\/\/www.bbmnoticias.com\/puerto-escondido-recibe-por-primera-vez-un-vuelo-directo-desde-canada\/#article","isPartOf":{"@id":"https:\/\/www.bbmnoticias.com\/labravaradiofm\/2025\/12\/13\/puerto-escondido-recibe-por-primera-vez-un-vuelo-directo-desde-canada\/"},"author":{"name":"Staff","@id":"https:\/\/www.bbmnoticias.com\/labravaradiofm\/#\/schema\/person\/68a9e9036ef3c5b55aeb2b71dc8bab45"},"headline":"Puerto Escondido recibe por primera vez un vuelo directo desde Canad\u00e1","datePublished":"2025-12-13T14:13:08+00:00","dateModified":"2025-12-13T14:13:29+00:00","mainEntityOfPage":{"@id":"https:\/\/www.bbmnoticias.com\/labravaradiofm\/2025\/12\/13\/puerto-escondido-recibe-por-primera-vez-un-vuelo-directo-desde-canada\/"},"wordCount":157,"image":{"@id":"https:\/\/www.bbmnoticias.com\/puerto-escondido-recibe-por-primera-vez-un-vuelo-directo-desde-canada\/#primaryimage"},"thumbnailUrl":"https:\/\/www.bbmnoticias.com\/labravaradiofm\/wp-content\/uploads\/sites\/5\/2025\/12\/vuelo_canada.jpg","articleSection":["LOCAL"],"inLanguage":"es"},{"@type":"WebPage","@id":"https:\/\/www.bbmnoticias.com\/labravaradiofm\/2025\/12\/13\/puerto-escondido-recibe-por-primera-vez-un-vuelo-directo-desde-canada\/","url":"https:\/\/www.bbmnoticias.com\/puerto-escondido-recibe-por-primera-vez-un-vuelo-directo-desde-canada\/","name":"Puerto Escondido recibe por primera vez un vuelo directo desde Canad\u00e1 - LA BRAVA RADIO","isPartOf":{"@id":"https:\/\/www.bbmnoticias.com\/labravaradiofm\/#website"},"primaryImageOfPage":{"@id":"https:\/\/www.bbmnoticias.com\/puerto-escondido-recibe-por-primera-vez-un-vuelo-directo-desde-canada\/#primaryimage"},"image":{"@id":"https:\/\/www.bbmnoticias.com\/puerto-escondido-recibe-por-primera-vez-un-vuelo-directo-desde-canada\/#primaryimage"},"thumbnailUrl":"https:\/\/www.bbmnoticias.com\/labravaradiofm\/wp-content\/uploads\/sites\/5\/2025\/12\/vuelo_canada.jpg","datePublished":"2025-12-13T14:13:08+00:00","dateModified":"2025-12-13T14:13:29+00:00","author":{"@id":"https:\/\/www.bbmnoticias.com\/labravaradiofm\/#\/schema\/person\/68a9e9036ef3c5b55aeb2b71dc8bab45"},"breadcrumb":{"@id":"https:\/\/www.bbmnoticias.com\/puerto-escondido-recibe-por-primera-vez-un-vuelo-directo-desde-canada\/#breadcrumb"},"inLanguage":"es","potentialAction":[{"@type":"ReadAction","target":["https:\/\/www.bbmnoticias.com\/puerto-escondido-recibe-por-primera-vez-un-vuelo-directo-desde-canada\/"]}]},{"@type":"ImageObject","inLanguage":"es","@id":"https:\/\/www.bbmnoticias.com\/puerto-escondido-recibe-por-primera-vez-un-vuelo-directo-desde-canada\/#primaryimage","url":"https:\/\/www.bbmnoticias.com\/labravaradiofm\/wp-content\/uploads\/sites\/5\/2025\/12\/vuelo_canada.jpg","contentUrl":"https:\/\/www.bbmnoticias.com\/labravaradiofm\/wp-content\/uploads\/sites\/5\/2025\/12\/vuelo_canada.jpg","width":900,"height":600},{"@type":"BreadcrumbList","@id":"https:\/\/www.bbmnoticias.com\/puerto-escondido-recibe-por-primera-vez-un-vuelo-directo-desde-canada\/#breadcrumb","itemListElement":[{"@type":"ListItem","position":1,"name":"Inicio","item":"https:\/\/www.bbmnoticias.com\/labravaradiofm\/"},{"@type":"ListItem","position":2,"name":"Puerto Escondido recibe por primera vez un vuelo directo desde Canad\u00e1"}]},{"@type":"WebSite","@id":"https:\/\/www.bbmnoticias.com\/labravaradiofm\/#website","url":"https:\/\/www.bbmnoticias.com\/labravaradiofm\/","name":"LA BRAVA RADIO","description":"Empresa productora de medios, Radiodifusi\u00f3n, Noticias, tendencias y todo lo que necesitas saber de la pol\u00edtica mexicana e internacional; entretenimiento, espect\u00e1culos, salud y mucho m\u00e1s.","potentialAction":[{"@type":"SearchAction","target":{"@type":"EntryPoint","urlTemplate":"https:\/\/www.bbmnoticias.com\/labravaradiofm\/?s={search_term_string}"},"query-input":{"@type":"PropertyValueSpecification","valueRequired":true,"valueName":"search_term_string"}}],"inLanguage":"es"},{"@type":"Person","@id":"https:\/\/www.bbmnoticias.com\/labravaradiofm\/#\/schema\/person\/68a9e9036ef3c5b55aeb2b71dc8bab45","name":"Staff","image":{"@type":"ImageObject","inLanguage":"es","@id":"https:\/\/secure.gravatar.com\/avatar\/fdd21ad66fd8b98c407f9dee5b5e588cfe7f0d8579ec20fa6527cd59bab7f0f0?s=96&d=mm&r=g","url":"https:\/\/secure.gravatar.com\/avatar\/fdd21ad66fd8b98c407f9dee5b5e588cfe7f0d8579ec20fa6527cd59bab7f0f0?s=96&d=mm&r=g","contentUrl":"https:\/\/secure.gravatar.com\/avatar\/fdd21ad66fd8b98c407f9dee5b5e588cfe7f0d8579ec20fa6527cd59bab7f0f0?s=96&d=mm&r=g","caption":"Staff"},"url":"https:\/\/www.bbmnoticias.com\/labravaradiofm\/author\/redaccion\/"}]}},"_links":{"self":[{"href":"https:\/\/www.bbmnoticias.com\/labravaradiofm\/wp-json\/wp\/v2\/posts\/71281","targetHints":{"allow":["GET"]}}],"collection":[{"href":"https:\/\/www.bbmnoticias.com\/labravaradiofm\/wp-json\/wp\/v2\/posts"}],"about":[{"href":"https:\/\/www.bbmnoticias.com\/labravaradiofm\/wp-json\/wp\/v2\/types\/post"}],"author":[{"embeddable":true,"href":"https:\/\/www.bbmnoticias.com\/labravaradiofm\/wp-json\/wp\/v2\/users\/2"}],"replies":[{"embeddable":true,"href":"https:\/\/www.bbmnoticias.com\/labravaradiofm\/wp-json\/wp\/v2\/comments?post=71281"}],"version-history":[{"count":0,"href":"https:\/\/www.bbmnoticias.com\/labravaradiofm\/wp-json\/wp\/v2\/posts\/71281\/revisions"}],"wp:featuredmedia":[{"embeddable":true,"href":"https:\/\/www.bbmnoticias.com\/labravaradiofm\/wp-json\/wp\/v2\/media\/71283"}],"wp:attachment":[{"href":"https:\/\/www.bbmnoticias.com\/labravaradiofm\/wp-json\/wp\/v2\/media?parent=71281"}],"wp:term":[{"taxonomy":"category","embeddable":true,"href":"https:\/\/www.bbmnoticias.com\/labravaradiofm\/wp-json\/wp\/v2\/categories?post=71281"},{"taxonomy":"post_tag","embeddable":true,"href":"https:\/\/www.bbmnoticias.com\/labravaradiofm\/wp-json\/wp\/v2\/tags?post=71281"}],"curies":[{"name":"wp","href":"https:\/\/api.w.org\/{rel}","templated":true}]}}