{"id":7127,"date":"2021-12-14T09:27:31","date_gmt":"2021-12-14T15:27:31","guid":{"rendered":"https:\/\/www.bbmnoticias.com\/labravaradiofm\/?p=7127"},"modified":"2021-12-14T09:27:32","modified_gmt":"2021-12-14T15:27:32","slug":"pide-salomon-jara-licencia-al-senado-salomon-jara","status":"publish","type":"post","link":"https:\/\/www.bbmnoticias.com\/labravaradiofm\/2021\/12\/14\/pide-salomon-jara-licencia-al-senado-salomon-jara\/","title":{"rendered":"Pide Salom\u00f3n Jara licencia al Senado Salom\u00f3n Jara"},"content":{"rendered":"<div style=\"margin-top: 0px; margin-bottom: 0px;\" class=\"sharethis-inline-share-buttons\" ><\/div>\n<p>OAXACA, Oax. 14 de diciembre de 2021.- El senador Salom\u00f3n Jara presentar\u00e1 este martes su licencia al Senado de la Rep\u00fablica.<\/p>\n\n\n\n<p>Lo anterior para estar al 100 por ciento en la b\u00fasqueda de la candidatura al gobierno de Oaxaca.<\/p>\n\n\n\n<p>\u00a0\u201cA partir de ahora me dedicar\u00e9 de tiempo completo a impulsar nuestro proyecto y a consolidar la #CuartaTransformaci\u00f3n en nuestro estado\u201d, escribi\u00f3 en sus redes.<\/p>\n\n\n\n<figure class=\"wp-block-embed is-type-rich is-provider-twitter wp-block-embed-twitter\"><div class=\"wp-block-embed__wrapper\">\n<blockquote class=\"twitter-tweet\" data-width=\"550\" data-dnt=\"true\"><p lang=\"es\" dir=\"ltr\">Amigos y amigas: Les informo que el d\u00eda de ma\u00f1ana presentar\u00e9 formalmente al pleno del Senado de la Rep\u00fablica mi solicitud de licencia para separarme de mis funciones legislativas. Han sido tres a\u00f1os de intenso trabajo para construir las bases legales de la <a href=\"https:\/\/twitter.com\/hashtag\/4T?src=hash&amp;ref_src=twsrc%5Etfw\">#4T<\/a>. <a href=\"https:\/\/t.co\/Ghmm7jJKKR\">pic.twitter.com\/Ghmm7jJKKR<\/a><\/p>&mdash; Salom\u00f3n Jara Cruz (@salomonj) <a href=\"https:\/\/twitter.com\/salomonj\/status\/1470570629753712642?ref_src=twsrc%5Etfw\">December 14, 2021<\/a><\/blockquote><script async src=\"https:\/\/platform.twitter.com\/widgets.js\" charset=\"utf-8\"><\/script>\n<\/div><\/figure>\n\n\n\n<p>En dos breves mensajes, difundidos la noche del lunes, el senador Salom\u00f3n Jara, inform\u00f3 de la licencia para separarse de sus funciones legislativas.<\/p>\n\n\n\n<p>\u201cHan sido tres a\u00f1os de intenso trabajo para construir las bases legales de la #4T\u201d.<\/p>\n\n\n\n<p>Despu\u00e9s de culminar el tr\u00e1mite, asumir\u00e1 la curul su suplente, Adolfo G\u00f3mez Hern\u00e1ndez.<\/p>\n\n\n\n<p>Salom\u00f3n Jara es uno de los fundadores de Morena en Oaxaca y est\u00e1 entre las personas que ser\u00e1n encuestadas para la definici\u00f3n de la candidatura al gobierno.<\/p>\n","protected":false},"excerpt":{"rendered":"<p>OAXACA, Oax. 14 de diciembre de 2021.- El senador Salom\u00f3n Jara presentar\u00e1 este martes su licencia al Senado de la Rep\u00fablica. Lo anterior para estar al 100 por ciento en la b\u00fasqueda de la candidatura al gobierno de Oaxaca. \u00a0\u201cA partir de ahora me dedicar\u00e9 de tiempo completo a impulsar nuestro proyecto y a consolidar [&hellip;]<\/p>\n","protected":false},"author":5,"featured_media":7128,"comment_status":"closed","ping_status":"closed","sticky":false,"template":"","format":"standard","meta":{"footnotes":""},"categories":[2],"tags":[],"class_list":{"0":"post-7127","1":"post","2":"type-post","3":"status-publish","4":"format-standard","5":"has-post-thumbnail","7":"category-oaxaca"},"yoast_head":"<!-- This site is optimized with the Yoast SEO plugin v27.4 - https:\/\/yoast.com\/product\/yoast-seo-wordpress\/ -->\n<title>Pide Salom\u00f3n Jara licencia al Senado Salom\u00f3n Jara - LA BRAVA RADIO<\/title>\n<meta name=\"robots\" content=\"index, follow, max-snippet:-1, max-image-preview:large, max-video-preview:-1\" \/>\n<link rel=\"canonical\" href=\"https:\/\/www.bbmnoticias.com\/labravaradiofm\/2021\/12\/14\/pide-salomon-jara-licencia-al-senado-salomon-jara\/\" \/>\n<meta property=\"og:locale\" content=\"es_MX\" \/>\n<meta property=\"og:type\" content=\"article\" \/>\n<meta property=\"og:title\" content=\"Pide Salom\u00f3n Jara licencia al Senado Salom\u00f3n Jara - LA BRAVA RADIO\" \/>\n<meta property=\"og:description\" content=\"OAXACA, Oax. 14 de diciembre de 2021.- El senador Salom\u00f3n Jara presentar\u00e1 este martes su licencia al Senado de la Rep\u00fablica. Lo anterior para estar al 100 por ciento en la b\u00fasqueda de la candidatura al gobierno de Oaxaca. \u00a0\u201cA partir de ahora me dedicar\u00e9 de tiempo completo a impulsar nuestro proyecto y a consolidar [&hellip;]\" \/>\n<meta property=\"og:url\" content=\"https:\/\/www.bbmnoticias.com\/labravaradiofm\/2021\/12\/14\/pide-salomon-jara-licencia-al-senado-salomon-jara\/\" \/>\n<meta property=\"og:site_name\" content=\"LA BRAVA RADIO\" \/>\n<meta property=\"article:published_time\" content=\"2021-12-14T15:27:31+00:00\" \/>\n<meta property=\"article:modified_time\" content=\"2021-12-14T15:27:32+00:00\" \/>\n<meta property=\"og:image\" content=\"https:\/\/www.bbmnoticias.com\/labravaradiofm\/wp-content\/uploads\/sites\/5\/2021\/12\/salomon-jara.jpg\" \/>\n\t<meta property=\"og:image:width\" content=\"680\" \/>\n\t<meta property=\"og:image:height\" content=\"423\" \/>\n\t<meta property=\"og:image:type\" content=\"image\/jpeg\" \/>\n<meta name=\"author\" content=\"Quadratin\" \/>\n<meta name=\"twitter:card\" content=\"summary_large_image\" \/>\n<meta name=\"twitter:label1\" content=\"Escrito por\" \/>\n\t<meta name=\"twitter:data1\" content=\"Quadratin\" \/>\n\t<meta name=\"twitter:label2\" content=\"Tiempo de lectura\" \/>\n\t<meta name=\"twitter:data2\" content=\"1 minuto\" \/>\n<script type=\"application\/ld+json\" class=\"yoast-schema-graph\">{\"@context\":\"https:\\\/\\\/schema.org\",\"@graph\":[{\"@type\":\"Article\",\"@id\":\"https:\\\/\\\/www.bbmnoticias.com\\\/labravaradiofm\\\/2021\\\/12\\\/14\\\/pide-salomon-jara-licencia-al-senado-salomon-jara\\\/#article\",\"isPartOf\":{\"@id\":\"https:\\\/\\\/www.bbmnoticias.com\\\/labravaradiofm\\\/2021\\\/12\\\/14\\\/pide-salomon-jara-licencia-al-senado-salomon-jara\\\/\"},\"author\":{\"name\":\"Quadratin\",\"@id\":\"https:\\\/\\\/www.bbmnoticias.com\\\/labravaradiofm\\\/#\\\/schema\\\/person\\\/c316b6f6c03640cce5d9482ba5a8e5c2\"},\"headline\":\"Pide Salom\u00f3n Jara licencia al Senado Salom\u00f3n Jara\",\"datePublished\":\"2021-12-14T15:27:31+00:00\",\"dateModified\":\"2021-12-14T15:27:32+00:00\",\"mainEntityOfPage\":{\"@id\":\"https:\\\/\\\/www.bbmnoticias.com\\\/labravaradiofm\\\/2021\\\/12\\\/14\\\/pide-salomon-jara-licencia-al-senado-salomon-jara\\\/\"},\"wordCount\":168,\"image\":{\"@id\":\"https:\\\/\\\/www.bbmnoticias.com\\\/labravaradiofm\\\/2021\\\/12\\\/14\\\/pide-salomon-jara-licencia-al-senado-salomon-jara\\\/#primaryimage\"},\"thumbnailUrl\":\"https:\\\/\\\/www.bbmnoticias.com\\\/labravaradiofm\\\/wp-content\\\/uploads\\\/sites\\\/5\\\/2021\\\/12\\\/salomon-jara.jpg\",\"articleSection\":[\"LOCAL\"],\"inLanguage\":\"es\"},{\"@type\":\"WebPage\",\"@id\":\"https:\\\/\\\/www.bbmnoticias.com\\\/labravaradiofm\\\/2021\\\/12\\\/14\\\/pide-salomon-jara-licencia-al-senado-salomon-jara\\\/\",\"url\":\"https:\\\/\\\/www.bbmnoticias.com\\\/labravaradiofm\\\/2021\\\/12\\\/14\\\/pide-salomon-jara-licencia-al-senado-salomon-jara\\\/\",\"name\":\"Pide Salom\u00f3n Jara licencia al Senado Salom\u00f3n Jara - LA BRAVA RADIO\",\"isPartOf\":{\"@id\":\"https:\\\/\\\/www.bbmnoticias.com\\\/labravaradiofm\\\/#website\"},\"primaryImageOfPage\":{\"@id\":\"https:\\\/\\\/www.bbmnoticias.com\\\/labravaradiofm\\\/2021\\\/12\\\/14\\\/pide-salomon-jara-licencia-al-senado-salomon-jara\\\/#primaryimage\"},\"image\":{\"@id\":\"https:\\\/\\\/www.bbmnoticias.com\\\/labravaradiofm\\\/2021\\\/12\\\/14\\\/pide-salomon-jara-licencia-al-senado-salomon-jara\\\/#primaryimage\"},\"thumbnailUrl\":\"https:\\\/\\\/www.bbmnoticias.com\\\/labravaradiofm\\\/wp-content\\\/uploads\\\/sites\\\/5\\\/2021\\\/12\\\/salomon-jara.jpg\",\"datePublished\":\"2021-12-14T15:27:31+00:00\",\"dateModified\":\"2021-12-14T15:27:32+00:00\",\"author\":{\"@id\":\"https:\\\/\\\/www.bbmnoticias.com\\\/labravaradiofm\\\/#\\\/schema\\\/person\\\/c316b6f6c03640cce5d9482ba5a8e5c2\"},\"breadcrumb\":{\"@id\":\"https:\\\/\\\/www.bbmnoticias.com\\\/labravaradiofm\\\/2021\\\/12\\\/14\\\/pide-salomon-jara-licencia-al-senado-salomon-jara\\\/#breadcrumb\"},\"inLanguage\":\"es\",\"potentialAction\":[{\"@type\":\"ReadAction\",\"target\":[\"https:\\\/\\\/www.bbmnoticias.com\\\/labravaradiofm\\\/2021\\\/12\\\/14\\\/pide-salomon-jara-licencia-al-senado-salomon-jara\\\/\"]}]},{\"@type\":\"ImageObject\",\"inLanguage\":\"es\",\"@id\":\"https:\\\/\\\/www.bbmnoticias.com\\\/labravaradiofm\\\/2021\\\/12\\\/14\\\/pide-salomon-jara-licencia-al-senado-salomon-jara\\\/#primaryimage\",\"url\":\"https:\\\/\\\/www.bbmnoticias.com\\\/labravaradiofm\\\/wp-content\\\/uploads\\\/sites\\\/5\\\/2021\\\/12\\\/salomon-jara.jpg\",\"contentUrl\":\"https:\\\/\\\/www.bbmnoticias.com\\\/labravaradiofm\\\/wp-content\\\/uploads\\\/sites\\\/5\\\/2021\\\/12\\\/salomon-jara.jpg\",\"width\":680,\"height\":423},{\"@type\":\"BreadcrumbList\",\"@id\":\"https:\\\/\\\/www.bbmnoticias.com\\\/labravaradiofm\\\/2021\\\/12\\\/14\\\/pide-salomon-jara-licencia-al-senado-salomon-jara\\\/#breadcrumb\",\"itemListElement\":[{\"@type\":\"ListItem\",\"position\":1,\"name\":\"Inicio\",\"item\":\"https:\\\/\\\/www.bbmnoticias.com\\\/labravaradiofm\\\/\"},{\"@type\":\"ListItem\",\"position\":2,\"name\":\"Pide Salom\u00f3n Jara licencia al Senado Salom\u00f3n Jara\"}]},{\"@type\":\"WebSite\",\"@id\":\"https:\\\/\\\/www.bbmnoticias.com\\\/labravaradiofm\\\/#website\",\"url\":\"https:\\\/\\\/www.bbmnoticias.com\\\/labravaradiofm\\\/\",\"name\":\"LA BRAVA RADIO\",\"description\":\"Empresa productora de medios, Radiodifusi\u00f3n, Noticias, tendencias y todo lo que necesitas saber de la pol\u00edtica mexicana e internacional; entretenimiento, espect\u00e1culos, salud y mucho m\u00e1s.\",\"potentialAction\":[{\"@type\":\"SearchAction\",\"target\":{\"@type\":\"EntryPoint\",\"urlTemplate\":\"https:\\\/\\\/www.bbmnoticias.com\\\/labravaradiofm\\\/?s={search_term_string}\"},\"query-input\":{\"@type\":\"PropertyValueSpecification\",\"valueRequired\":true,\"valueName\":\"search_term_string\"}}],\"inLanguage\":\"es\"},{\"@type\":\"Person\",\"@id\":\"https:\\\/\\\/www.bbmnoticias.com\\\/labravaradiofm\\\/#\\\/schema\\\/person\\\/c316b6f6c03640cce5d9482ba5a8e5c2\",\"name\":\"Quadratin\",\"image\":{\"@type\":\"ImageObject\",\"inLanguage\":\"es\",\"@id\":\"https:\\\/\\\/secure.gravatar.com\\\/avatar\\\/34008d7d72488432d6a74f81e839efc9f754b118786ca32cf39d9d5508a68f63?s=96&d=mm&r=g\",\"url\":\"https:\\\/\\\/secure.gravatar.com\\\/avatar\\\/34008d7d72488432d6a74f81e839efc9f754b118786ca32cf39d9d5508a68f63?s=96&d=mm&r=g\",\"contentUrl\":\"https:\\\/\\\/secure.gravatar.com\\\/avatar\\\/34008d7d72488432d6a74f81e839efc9f754b118786ca32cf39d9d5508a68f63?s=96&d=mm&r=g\",\"caption\":\"Quadratin\"},\"url\":\"https:\\\/\\\/www.bbmnoticias.com\\\/labravaradiofm\\\/author\\\/quadratin\\\/\"}]}<\/script>\n<!-- \/ Yoast SEO plugin. -->","yoast_head_json":{"title":"Pide Salom\u00f3n Jara licencia al Senado Salom\u00f3n Jara - LA BRAVA RADIO","robots":{"index":"index","follow":"follow","max-snippet":"max-snippet:-1","max-image-preview":"max-image-preview:large","max-video-preview":"max-video-preview:-1"},"canonical":"https:\/\/www.bbmnoticias.com\/labravaradiofm\/2021\/12\/14\/pide-salomon-jara-licencia-al-senado-salomon-jara\/","og_locale":"es_MX","og_type":"article","og_title":"Pide Salom\u00f3n Jara licencia al Senado Salom\u00f3n Jara - LA BRAVA RADIO","og_description":"OAXACA, Oax. 14 de diciembre de 2021.- El senador Salom\u00f3n Jara presentar\u00e1 este martes su licencia al Senado de la Rep\u00fablica. Lo anterior para estar al 100 por ciento en la b\u00fasqueda de la candidatura al gobierno de Oaxaca. \u00a0\u201cA partir de ahora me dedicar\u00e9 de tiempo completo a impulsar nuestro proyecto y a consolidar [&hellip;]","og_url":"https:\/\/www.bbmnoticias.com\/labravaradiofm\/2021\/12\/14\/pide-salomon-jara-licencia-al-senado-salomon-jara\/","og_site_name":"LA BRAVA RADIO","article_published_time":"2021-12-14T15:27:31+00:00","article_modified_time":"2021-12-14T15:27:32+00:00","og_image":[{"width":680,"height":423,"url":"https:\/\/www.bbmnoticias.com\/labravaradiofm\/wp-content\/uploads\/sites\/5\/2021\/12\/salomon-jara.jpg","type":"image\/jpeg"}],"author":"Quadratin","twitter_card":"summary_large_image","twitter_misc":{"Escrito por":"Quadratin","Tiempo de lectura":"1 minuto"},"schema":{"@context":"https:\/\/schema.org","@graph":[{"@type":"Article","@id":"https:\/\/www.bbmnoticias.com\/labravaradiofm\/2021\/12\/14\/pide-salomon-jara-licencia-al-senado-salomon-jara\/#article","isPartOf":{"@id":"https:\/\/www.bbmnoticias.com\/labravaradiofm\/2021\/12\/14\/pide-salomon-jara-licencia-al-senado-salomon-jara\/"},"author":{"name":"Quadratin","@id":"https:\/\/www.bbmnoticias.com\/labravaradiofm\/#\/schema\/person\/c316b6f6c03640cce5d9482ba5a8e5c2"},"headline":"Pide Salom\u00f3n Jara licencia al Senado Salom\u00f3n Jara","datePublished":"2021-12-14T15:27:31+00:00","dateModified":"2021-12-14T15:27:32+00:00","mainEntityOfPage":{"@id":"https:\/\/www.bbmnoticias.com\/labravaradiofm\/2021\/12\/14\/pide-salomon-jara-licencia-al-senado-salomon-jara\/"},"wordCount":168,"image":{"@id":"https:\/\/www.bbmnoticias.com\/labravaradiofm\/2021\/12\/14\/pide-salomon-jara-licencia-al-senado-salomon-jara\/#primaryimage"},"thumbnailUrl":"https:\/\/www.bbmnoticias.com\/labravaradiofm\/wp-content\/uploads\/sites\/5\/2021\/12\/salomon-jara.jpg","articleSection":["LOCAL"],"inLanguage":"es"},{"@type":"WebPage","@id":"https:\/\/www.bbmnoticias.com\/labravaradiofm\/2021\/12\/14\/pide-salomon-jara-licencia-al-senado-salomon-jara\/","url":"https:\/\/www.bbmnoticias.com\/labravaradiofm\/2021\/12\/14\/pide-salomon-jara-licencia-al-senado-salomon-jara\/","name":"Pide Salom\u00f3n Jara licencia al Senado Salom\u00f3n Jara - LA BRAVA RADIO","isPartOf":{"@id":"https:\/\/www.bbmnoticias.com\/labravaradiofm\/#website"},"primaryImageOfPage":{"@id":"https:\/\/www.bbmnoticias.com\/labravaradiofm\/2021\/12\/14\/pide-salomon-jara-licencia-al-senado-salomon-jara\/#primaryimage"},"image":{"@id":"https:\/\/www.bbmnoticias.com\/labravaradiofm\/2021\/12\/14\/pide-salomon-jara-licencia-al-senado-salomon-jara\/#primaryimage"},"thumbnailUrl":"https:\/\/www.bbmnoticias.com\/labravaradiofm\/wp-content\/uploads\/sites\/5\/2021\/12\/salomon-jara.jpg","datePublished":"2021-12-14T15:27:31+00:00","dateModified":"2021-12-14T15:27:32+00:00","author":{"@id":"https:\/\/www.bbmnoticias.com\/labravaradiofm\/#\/schema\/person\/c316b6f6c03640cce5d9482ba5a8e5c2"},"breadcrumb":{"@id":"https:\/\/www.bbmnoticias.com\/labravaradiofm\/2021\/12\/14\/pide-salomon-jara-licencia-al-senado-salomon-jara\/#breadcrumb"},"inLanguage":"es","potentialAction":[{"@type":"ReadAction","target":["https:\/\/www.bbmnoticias.com\/labravaradiofm\/2021\/12\/14\/pide-salomon-jara-licencia-al-senado-salomon-jara\/"]}]},{"@type":"ImageObject","inLanguage":"es","@id":"https:\/\/www.bbmnoticias.com\/labravaradiofm\/2021\/12\/14\/pide-salomon-jara-licencia-al-senado-salomon-jara\/#primaryimage","url":"https:\/\/www.bbmnoticias.com\/labravaradiofm\/wp-content\/uploads\/sites\/5\/2021\/12\/salomon-jara.jpg","contentUrl":"https:\/\/www.bbmnoticias.com\/labravaradiofm\/wp-content\/uploads\/sites\/5\/2021\/12\/salomon-jara.jpg","width":680,"height":423},{"@type":"BreadcrumbList","@id":"https:\/\/www.bbmnoticias.com\/labravaradiofm\/2021\/12\/14\/pide-salomon-jara-licencia-al-senado-salomon-jara\/#breadcrumb","itemListElement":[{"@type":"ListItem","position":1,"name":"Inicio","item":"https:\/\/www.bbmnoticias.com\/labravaradiofm\/"},{"@type":"ListItem","position":2,"name":"Pide Salom\u00f3n Jara licencia al Senado Salom\u00f3n Jara"}]},{"@type":"WebSite","@id":"https:\/\/www.bbmnoticias.com\/labravaradiofm\/#website","url":"https:\/\/www.bbmnoticias.com\/labravaradiofm\/","name":"LA BRAVA RADIO","description":"Empresa productora de medios, Radiodifusi\u00f3n, Noticias, tendencias y todo lo que necesitas saber de la pol\u00edtica mexicana e internacional; entretenimiento, espect\u00e1culos, salud y mucho m\u00e1s.","potentialAction":[{"@type":"SearchAction","target":{"@type":"EntryPoint","urlTemplate":"https:\/\/www.bbmnoticias.com\/labravaradiofm\/?s={search_term_string}"},"query-input":{"@type":"PropertyValueSpecification","valueRequired":true,"valueName":"search_term_string"}}],"inLanguage":"es"},{"@type":"Person","@id":"https:\/\/www.bbmnoticias.com\/labravaradiofm\/#\/schema\/person\/c316b6f6c03640cce5d9482ba5a8e5c2","name":"Quadratin","image":{"@type":"ImageObject","inLanguage":"es","@id":"https:\/\/secure.gravatar.com\/avatar\/34008d7d72488432d6a74f81e839efc9f754b118786ca32cf39d9d5508a68f63?s=96&d=mm&r=g","url":"https:\/\/secure.gravatar.com\/avatar\/34008d7d72488432d6a74f81e839efc9f754b118786ca32cf39d9d5508a68f63?s=96&d=mm&r=g","contentUrl":"https:\/\/secure.gravatar.com\/avatar\/34008d7d72488432d6a74f81e839efc9f754b118786ca32cf39d9d5508a68f63?s=96&d=mm&r=g","caption":"Quadratin"},"url":"https:\/\/www.bbmnoticias.com\/labravaradiofm\/author\/quadratin\/"}]}},"_links":{"self":[{"href":"https:\/\/www.bbmnoticias.com\/labravaradiofm\/wp-json\/wp\/v2\/posts\/7127","targetHints":{"allow":["GET"]}}],"collection":[{"href":"https:\/\/www.bbmnoticias.com\/labravaradiofm\/wp-json\/wp\/v2\/posts"}],"about":[{"href":"https:\/\/www.bbmnoticias.com\/labravaradiofm\/wp-json\/wp\/v2\/types\/post"}],"author":[{"embeddable":true,"href":"https:\/\/www.bbmnoticias.com\/labravaradiofm\/wp-json\/wp\/v2\/users\/5"}],"replies":[{"embeddable":true,"href":"https:\/\/www.bbmnoticias.com\/labravaradiofm\/wp-json\/wp\/v2\/comments?post=7127"}],"version-history":[{"count":0,"href":"https:\/\/www.bbmnoticias.com\/labravaradiofm\/wp-json\/wp\/v2\/posts\/7127\/revisions"}],"wp:featuredmedia":[{"embeddable":true,"href":"https:\/\/www.bbmnoticias.com\/labravaradiofm\/wp-json\/wp\/v2\/media\/7128"}],"wp:attachment":[{"href":"https:\/\/www.bbmnoticias.com\/labravaradiofm\/wp-json\/wp\/v2\/media?parent=7127"}],"wp:term":[{"taxonomy":"category","embeddable":true,"href":"https:\/\/www.bbmnoticias.com\/labravaradiofm\/wp-json\/wp\/v2\/categories?post=7127"},{"taxonomy":"post_tag","embeddable":true,"href":"https:\/\/www.bbmnoticias.com\/labravaradiofm\/wp-json\/wp\/v2\/tags?post=7127"}],"curies":[{"name":"wp","href":"https:\/\/api.w.org\/{rel}","templated":true}]}}