{"id":71231,"date":"2025-12-11T20:13:12","date_gmt":"2025-12-12T02:13:12","guid":{"rendered":"https:\/\/www.bbmnoticias.com\/labravaradiofm\/2025\/12\/11\/refrenda-tania-caballero-navarro-compromiso-con-la-libertad-de-expresion\/"},"modified":"2025-12-11T20:13:23","modified_gmt":"2025-12-12T02:13:23","slug":"refrenda-tania-caballero-navarro-compromiso-con-la-libertad-de-expresion","status":"publish","type":"post","link":"https:\/\/www.bbmnoticias.com\/labravaradiofm\/2025\/12\/11\/refrenda-tania-caballero-navarro-compromiso-con-la-libertad-de-expresion\/","title":{"rendered":"Refrenda Tania Caballero Navarro compromiso con la libertad de expresi\u00f3n"},"content":{"rendered":"<div style=\"margin-top: 0px; margin-bottom: 0px;\" class=\"sharethis-inline-share-buttons\" ><\/div>\n<p>Oaxaca de Ju\u00e1rez, Oax.- La presidenta de la Junta de Coordinaci\u00f3n Pol\u00edtica (Jucopo), diputada Tania Caballero Navarro, acompa\u00f1ada de legisladoras y legisladores, sostuvo un ameno convivio con representantes de los diversos medios de comunicaci\u00f3n, con motivo de las fiestas navide\u00f1as. En el encuentro, la legisladora refrend\u00f3 el compromiso del Congreso del Estado con la libertad de expresi\u00f3n.<\/p>\n\n\n\n<p>En presencia de las y los diputados C\u00e9sar David Mateos Ben\u00edtez, Hayde\u00e9 Irma Reyes Soto, Concepci\u00f3n Rueda G\u00f3mez, Juan Marcelino S\u00e1nchez Valdivieso, Biaani Palomec, Enr\u00edquez, Dante Monta\u00f1o Montero, Dulce Alejandra Garc\u00eda Morlan y Lizbeth Anaid Concha Ojeda, afirm\u00f3 que desde el Poder Legislativo se mantendr\u00e1 un trato respetuoso, un di\u00e1logo abierto y una relaci\u00f3n colaborativa con quienes ejercen la labor period\u00edstica.<\/p>\n\n\n\n<p>Expres\u00f3 su agradecimiento a reporteras y reporteros que acompa\u00f1an diariamente el quehacer legislativo, y reiter\u00f3 que, en el nuevo periodo que est\u00e1 por comenzar, desde la Jucopo se mantendr\u00e1 un puente de di\u00e1logo y solidaridad con la labor period\u00edstica.<\/p>\n\n\n\n<p>En el emotivo encuentro, se\u00f1al\u00f3 que mientras el Congreso tiene la responsabilidad de legislar a favor de las causas justas del pueblo, los medios de comunicaci\u00f3n la de informar con prontitud y veracidad a la poblaci\u00f3n, como lo han hecho siempre.<\/p>\n\n\n\n<p>Asimismo, la representante popular dese\u00f3 a todas y todos los asistentes felices fiestas navide\u00f1as y un cierre de a\u00f1o lleno de bienestar para ellos y sus familias.<\/p>\n\n\n\n<p>Las diputadas Concepci\u00f3n Rueda G\u00f3mez y Hayde\u00e9 Irma Reyes Soto, as\u00ed como el legislador Juan Marcelino S\u00e1nchez Valdivieso, del Grupo Parlamentario de Morena, coincidieron en la responsabilidad que comparte el gremio period\u00edstico y el Poder Legislativo con la transformaci\u00f3n de la vida p\u00fablica, pues su labor es esencial para mantener a la sociedad informada.<\/p>\n\n\n\n<p>La legisladora Biaani Palomec Enr\u00edquez y el diputado Dante Monta\u00f1o Montero del Grupo Parlamentario del Partido del Trabajo (PT), destacaron el papel fundamental de los medios en la conformaci\u00f3n de la opini\u00f3n p\u00fablica, y reconocieron la importancia de mantener una relaci\u00f3n basada en el di\u00e1logo y la colaboraci\u00f3n.<\/p>\n\n\n\n<p>Finalmente, la diputada Dulce Alejandra Garc\u00eda Morlan de Movimiento Ciudadano resalt\u00f3 la importancia de generar condiciones que garanticen seguridad y libertad para el ejercicio period\u00edstico, pues los medios cumplen un papel cr\u00edtico y necesario en la construcci\u00f3n de la democracia.<\/p>\n\n\n\n<p>Con esta acci\u00f3n, el Congreso del Estado reiter\u00f3 su disposici\u00f3n para mantener una relaci\u00f3n respetuosa y cercana con quienes informan diariamente sobre el trabajo legislativo, reconociendo el valor social de la labor period\u00edstica.<\/p>\n","protected":false},"excerpt":{"rendered":"<p>Oaxaca de Ju\u00e1rez, Oax.- La presidenta de la Junta de Coordinaci\u00f3n Pol\u00edtica (Jucopo), diputada Tania Caballero Navarro, acompa\u00f1ada de legisladoras y legisladores, sostuvo un ameno convivio con representantes de los diversos medios de comunicaci\u00f3n, con motivo de las fiestas navide\u00f1as. En el encuentro, la legisladora refrend\u00f3 el compromiso del Congreso del Estado con la libertad [&hellip;]<\/p>\n","protected":false},"author":2,"featured_media":71233,"comment_status":"closed","ping_status":"","sticky":false,"template":"","format":"standard","meta":{"footnotes":""},"categories":[2],"tags":[],"class_list":{"0":"post-71231","1":"post","2":"type-post","3":"status-publish","4":"format-standard","5":"has-post-thumbnail","7":"category-oaxaca"},"yoast_head":"<!-- This site is optimized with the Yoast SEO plugin v27.4 - https:\/\/yoast.com\/product\/yoast-seo-wordpress\/ -->\n<title>Refrenda Tania Caballero Navarro compromiso con la libertad de expresi\u00f3n - LA BRAVA RADIO<\/title>\n<meta name=\"robots\" content=\"index, follow, max-snippet:-1, max-image-preview:large, max-video-preview:-1\" \/>\n<link rel=\"canonical\" href=\"https:\/\/www.bbmnoticias.com\/refrenda-tania-caballero-navarro-compromiso-con-la-libertad-de-expresion\/\" \/>\n<meta property=\"og:locale\" content=\"es_MX\" \/>\n<meta property=\"og:type\" content=\"article\" \/>\n<meta property=\"og:title\" content=\"Refrenda Tania Caballero Navarro compromiso con la libertad de expresi\u00f3n - LA BRAVA RADIO\" \/>\n<meta property=\"og:description\" content=\"Oaxaca de Ju\u00e1rez, Oax.- La presidenta de la Junta de Coordinaci\u00f3n Pol\u00edtica (Jucopo), diputada Tania Caballero Navarro, acompa\u00f1ada de legisladoras y legisladores, sostuvo un ameno convivio con representantes de los diversos medios de comunicaci\u00f3n, con motivo de las fiestas navide\u00f1as. En el encuentro, la legisladora refrend\u00f3 el compromiso del Congreso del Estado con la libertad [&hellip;]\" \/>\n<meta property=\"og:url\" content=\"https:\/\/www.bbmnoticias.com\/refrenda-tania-caballero-navarro-compromiso-con-la-libertad-de-expresion\/\" \/>\n<meta property=\"og:site_name\" content=\"LA BRAVA RADIO\" \/>\n<meta property=\"article:published_time\" content=\"2025-12-12T02:13:12+00:00\" \/>\n<meta property=\"article:modified_time\" content=\"2025-12-12T02:13:23+00:00\" \/>\n<meta property=\"og:image\" content=\"https:\/\/www.bbmnoticias.com\/labravaradiofm\/wp-content\/uploads\/sites\/5\/2025\/12\/tania_caballero-1.jpg\" \/>\n\t<meta property=\"og:image:width\" content=\"800\" \/>\n\t<meta property=\"og:image:height\" content=\"533\" \/>\n\t<meta property=\"og:image:type\" content=\"image\/jpeg\" \/>\n<meta name=\"author\" content=\"Staff\" \/>\n<meta name=\"twitter:card\" content=\"summary_large_image\" \/>\n<meta name=\"twitter:label1\" content=\"Escrito por\" \/>\n\t<meta name=\"twitter:data1\" content=\"Staff\" \/>\n\t<meta name=\"twitter:label2\" content=\"Tiempo de lectura\" \/>\n\t<meta name=\"twitter:data2\" content=\"2 minutos\" \/>\n<script type=\"application\/ld+json\" class=\"yoast-schema-graph\">{\"@context\":\"https:\\\/\\\/schema.org\",\"@graph\":[{\"@type\":\"Article\",\"@id\":\"https:\\\/\\\/www.bbmnoticias.com\\\/refrenda-tania-caballero-navarro-compromiso-con-la-libertad-de-expresion\\\/#article\",\"isPartOf\":{\"@id\":\"https:\\\/\\\/www.bbmnoticias.com\\\/labravaradiofm\\\/2025\\\/12\\\/11\\\/refrenda-tania-caballero-navarro-compromiso-con-la-libertad-de-expresion\\\/\"},\"author\":{\"name\":\"Staff\",\"@id\":\"https:\\\/\\\/www.bbmnoticias.com\\\/labravaradiofm\\\/#\\\/schema\\\/person\\\/68a9e9036ef3c5b55aeb2b71dc8bab45\"},\"headline\":\"Refrenda Tania Caballero Navarro compromiso con la libertad de expresi\u00f3n\",\"datePublished\":\"2025-12-12T02:13:12+00:00\",\"dateModified\":\"2025-12-12T02:13:23+00:00\",\"mainEntityOfPage\":{\"@id\":\"https:\\\/\\\/www.bbmnoticias.com\\\/labravaradiofm\\\/2025\\\/12\\\/11\\\/refrenda-tania-caballero-navarro-compromiso-con-la-libertad-de-expresion\\\/\"},\"wordCount\":460,\"image\":{\"@id\":\"https:\\\/\\\/www.bbmnoticias.com\\\/refrenda-tania-caballero-navarro-compromiso-con-la-libertad-de-expresion\\\/#primaryimage\"},\"thumbnailUrl\":\"https:\\\/\\\/www.bbmnoticias.com\\\/labravaradiofm\\\/wp-content\\\/uploads\\\/sites\\\/5\\\/2025\\\/12\\\/tania_caballero-1.jpg\",\"articleSection\":[\"LOCAL\"],\"inLanguage\":\"es\"},{\"@type\":\"WebPage\",\"@id\":\"https:\\\/\\\/www.bbmnoticias.com\\\/labravaradiofm\\\/2025\\\/12\\\/11\\\/refrenda-tania-caballero-navarro-compromiso-con-la-libertad-de-expresion\\\/\",\"url\":\"https:\\\/\\\/www.bbmnoticias.com\\\/refrenda-tania-caballero-navarro-compromiso-con-la-libertad-de-expresion\\\/\",\"name\":\"Refrenda Tania Caballero Navarro compromiso con la libertad de expresi\u00f3n - LA BRAVA RADIO\",\"isPartOf\":{\"@id\":\"https:\\\/\\\/www.bbmnoticias.com\\\/labravaradiofm\\\/#website\"},\"primaryImageOfPage\":{\"@id\":\"https:\\\/\\\/www.bbmnoticias.com\\\/refrenda-tania-caballero-navarro-compromiso-con-la-libertad-de-expresion\\\/#primaryimage\"},\"image\":{\"@id\":\"https:\\\/\\\/www.bbmnoticias.com\\\/refrenda-tania-caballero-navarro-compromiso-con-la-libertad-de-expresion\\\/#primaryimage\"},\"thumbnailUrl\":\"https:\\\/\\\/www.bbmnoticias.com\\\/labravaradiofm\\\/wp-content\\\/uploads\\\/sites\\\/5\\\/2025\\\/12\\\/tania_caballero-1.jpg\",\"datePublished\":\"2025-12-12T02:13:12+00:00\",\"dateModified\":\"2025-12-12T02:13:23+00:00\",\"author\":{\"@id\":\"https:\\\/\\\/www.bbmnoticias.com\\\/labravaradiofm\\\/#\\\/schema\\\/person\\\/68a9e9036ef3c5b55aeb2b71dc8bab45\"},\"breadcrumb\":{\"@id\":\"https:\\\/\\\/www.bbmnoticias.com\\\/refrenda-tania-caballero-navarro-compromiso-con-la-libertad-de-expresion\\\/#breadcrumb\"},\"inLanguage\":\"es\",\"potentialAction\":[{\"@type\":\"ReadAction\",\"target\":[\"https:\\\/\\\/www.bbmnoticias.com\\\/refrenda-tania-caballero-navarro-compromiso-con-la-libertad-de-expresion\\\/\"]}]},{\"@type\":\"ImageObject\",\"inLanguage\":\"es\",\"@id\":\"https:\\\/\\\/www.bbmnoticias.com\\\/refrenda-tania-caballero-navarro-compromiso-con-la-libertad-de-expresion\\\/#primaryimage\",\"url\":\"https:\\\/\\\/www.bbmnoticias.com\\\/labravaradiofm\\\/wp-content\\\/uploads\\\/sites\\\/5\\\/2025\\\/12\\\/tania_caballero-1.jpg\",\"contentUrl\":\"https:\\\/\\\/www.bbmnoticias.com\\\/labravaradiofm\\\/wp-content\\\/uploads\\\/sites\\\/5\\\/2025\\\/12\\\/tania_caballero-1.jpg\",\"width\":800,\"height\":533},{\"@type\":\"BreadcrumbList\",\"@id\":\"https:\\\/\\\/www.bbmnoticias.com\\\/refrenda-tania-caballero-navarro-compromiso-con-la-libertad-de-expresion\\\/#breadcrumb\",\"itemListElement\":[{\"@type\":\"ListItem\",\"position\":1,\"name\":\"Inicio\",\"item\":\"https:\\\/\\\/www.bbmnoticias.com\\\/labravaradiofm\\\/\"},{\"@type\":\"ListItem\",\"position\":2,\"name\":\"Refrenda Tania Caballero Navarro compromiso con la libertad de expresi\u00f3n\"}]},{\"@type\":\"WebSite\",\"@id\":\"https:\\\/\\\/www.bbmnoticias.com\\\/labravaradiofm\\\/#website\",\"url\":\"https:\\\/\\\/www.bbmnoticias.com\\\/labravaradiofm\\\/\",\"name\":\"LA BRAVA RADIO\",\"description\":\"Empresa productora de medios, Radiodifusi\u00f3n, Noticias, tendencias y todo lo que necesitas saber de la pol\u00edtica mexicana e internacional; entretenimiento, espect\u00e1culos, salud y mucho m\u00e1s.\",\"potentialAction\":[{\"@type\":\"SearchAction\",\"target\":{\"@type\":\"EntryPoint\",\"urlTemplate\":\"https:\\\/\\\/www.bbmnoticias.com\\\/labravaradiofm\\\/?s={search_term_string}\"},\"query-input\":{\"@type\":\"PropertyValueSpecification\",\"valueRequired\":true,\"valueName\":\"search_term_string\"}}],\"inLanguage\":\"es\"},{\"@type\":\"Person\",\"@id\":\"https:\\\/\\\/www.bbmnoticias.com\\\/labravaradiofm\\\/#\\\/schema\\\/person\\\/68a9e9036ef3c5b55aeb2b71dc8bab45\",\"name\":\"Staff\",\"image\":{\"@type\":\"ImageObject\",\"inLanguage\":\"es\",\"@id\":\"https:\\\/\\\/secure.gravatar.com\\\/avatar\\\/fdd21ad66fd8b98c407f9dee5b5e588cfe7f0d8579ec20fa6527cd59bab7f0f0?s=96&d=mm&r=g\",\"url\":\"https:\\\/\\\/secure.gravatar.com\\\/avatar\\\/fdd21ad66fd8b98c407f9dee5b5e588cfe7f0d8579ec20fa6527cd59bab7f0f0?s=96&d=mm&r=g\",\"contentUrl\":\"https:\\\/\\\/secure.gravatar.com\\\/avatar\\\/fdd21ad66fd8b98c407f9dee5b5e588cfe7f0d8579ec20fa6527cd59bab7f0f0?s=96&d=mm&r=g\",\"caption\":\"Staff\"},\"url\":\"https:\\\/\\\/www.bbmnoticias.com\\\/labravaradiofm\\\/author\\\/redaccion\\\/\"}]}<\/script>\n<!-- \/ Yoast SEO plugin. -->","yoast_head_json":{"title":"Refrenda Tania Caballero Navarro compromiso con la libertad de expresi\u00f3n - LA BRAVA RADIO","robots":{"index":"index","follow":"follow","max-snippet":"max-snippet:-1","max-image-preview":"max-image-preview:large","max-video-preview":"max-video-preview:-1"},"canonical":"https:\/\/www.bbmnoticias.com\/refrenda-tania-caballero-navarro-compromiso-con-la-libertad-de-expresion\/","og_locale":"es_MX","og_type":"article","og_title":"Refrenda Tania Caballero Navarro compromiso con la libertad de expresi\u00f3n - LA BRAVA RADIO","og_description":"Oaxaca de Ju\u00e1rez, Oax.- La presidenta de la Junta de Coordinaci\u00f3n Pol\u00edtica (Jucopo), diputada Tania Caballero Navarro, acompa\u00f1ada de legisladoras y legisladores, sostuvo un ameno convivio con representantes de los diversos medios de comunicaci\u00f3n, con motivo de las fiestas navide\u00f1as. En el encuentro, la legisladora refrend\u00f3 el compromiso del Congreso del Estado con la libertad [&hellip;]","og_url":"https:\/\/www.bbmnoticias.com\/refrenda-tania-caballero-navarro-compromiso-con-la-libertad-de-expresion\/","og_site_name":"LA BRAVA RADIO","article_published_time":"2025-12-12T02:13:12+00:00","article_modified_time":"2025-12-12T02:13:23+00:00","og_image":[{"width":800,"height":533,"url":"https:\/\/www.bbmnoticias.com\/labravaradiofm\/wp-content\/uploads\/sites\/5\/2025\/12\/tania_caballero-1.jpg","type":"image\/jpeg"}],"author":"Staff","twitter_card":"summary_large_image","twitter_misc":{"Escrito por":"Staff","Tiempo de lectura":"2 minutos"},"schema":{"@context":"https:\/\/schema.org","@graph":[{"@type":"Article","@id":"https:\/\/www.bbmnoticias.com\/refrenda-tania-caballero-navarro-compromiso-con-la-libertad-de-expresion\/#article","isPartOf":{"@id":"https:\/\/www.bbmnoticias.com\/labravaradiofm\/2025\/12\/11\/refrenda-tania-caballero-navarro-compromiso-con-la-libertad-de-expresion\/"},"author":{"name":"Staff","@id":"https:\/\/www.bbmnoticias.com\/labravaradiofm\/#\/schema\/person\/68a9e9036ef3c5b55aeb2b71dc8bab45"},"headline":"Refrenda Tania Caballero Navarro compromiso con la libertad de expresi\u00f3n","datePublished":"2025-12-12T02:13:12+00:00","dateModified":"2025-12-12T02:13:23+00:00","mainEntityOfPage":{"@id":"https:\/\/www.bbmnoticias.com\/labravaradiofm\/2025\/12\/11\/refrenda-tania-caballero-navarro-compromiso-con-la-libertad-de-expresion\/"},"wordCount":460,"image":{"@id":"https:\/\/www.bbmnoticias.com\/refrenda-tania-caballero-navarro-compromiso-con-la-libertad-de-expresion\/#primaryimage"},"thumbnailUrl":"https:\/\/www.bbmnoticias.com\/labravaradiofm\/wp-content\/uploads\/sites\/5\/2025\/12\/tania_caballero-1.jpg","articleSection":["LOCAL"],"inLanguage":"es"},{"@type":"WebPage","@id":"https:\/\/www.bbmnoticias.com\/labravaradiofm\/2025\/12\/11\/refrenda-tania-caballero-navarro-compromiso-con-la-libertad-de-expresion\/","url":"https:\/\/www.bbmnoticias.com\/refrenda-tania-caballero-navarro-compromiso-con-la-libertad-de-expresion\/","name":"Refrenda Tania Caballero Navarro compromiso con la libertad de expresi\u00f3n - LA BRAVA RADIO","isPartOf":{"@id":"https:\/\/www.bbmnoticias.com\/labravaradiofm\/#website"},"primaryImageOfPage":{"@id":"https:\/\/www.bbmnoticias.com\/refrenda-tania-caballero-navarro-compromiso-con-la-libertad-de-expresion\/#primaryimage"},"image":{"@id":"https:\/\/www.bbmnoticias.com\/refrenda-tania-caballero-navarro-compromiso-con-la-libertad-de-expresion\/#primaryimage"},"thumbnailUrl":"https:\/\/www.bbmnoticias.com\/labravaradiofm\/wp-content\/uploads\/sites\/5\/2025\/12\/tania_caballero-1.jpg","datePublished":"2025-12-12T02:13:12+00:00","dateModified":"2025-12-12T02:13:23+00:00","author":{"@id":"https:\/\/www.bbmnoticias.com\/labravaradiofm\/#\/schema\/person\/68a9e9036ef3c5b55aeb2b71dc8bab45"},"breadcrumb":{"@id":"https:\/\/www.bbmnoticias.com\/refrenda-tania-caballero-navarro-compromiso-con-la-libertad-de-expresion\/#breadcrumb"},"inLanguage":"es","potentialAction":[{"@type":"ReadAction","target":["https:\/\/www.bbmnoticias.com\/refrenda-tania-caballero-navarro-compromiso-con-la-libertad-de-expresion\/"]}]},{"@type":"ImageObject","inLanguage":"es","@id":"https:\/\/www.bbmnoticias.com\/refrenda-tania-caballero-navarro-compromiso-con-la-libertad-de-expresion\/#primaryimage","url":"https:\/\/www.bbmnoticias.com\/labravaradiofm\/wp-content\/uploads\/sites\/5\/2025\/12\/tania_caballero-1.jpg","contentUrl":"https:\/\/www.bbmnoticias.com\/labravaradiofm\/wp-content\/uploads\/sites\/5\/2025\/12\/tania_caballero-1.jpg","width":800,"height":533},{"@type":"BreadcrumbList","@id":"https:\/\/www.bbmnoticias.com\/refrenda-tania-caballero-navarro-compromiso-con-la-libertad-de-expresion\/#breadcrumb","itemListElement":[{"@type":"ListItem","position":1,"name":"Inicio","item":"https:\/\/www.bbmnoticias.com\/labravaradiofm\/"},{"@type":"ListItem","position":2,"name":"Refrenda Tania Caballero Navarro compromiso con la libertad de expresi\u00f3n"}]},{"@type":"WebSite","@id":"https:\/\/www.bbmnoticias.com\/labravaradiofm\/#website","url":"https:\/\/www.bbmnoticias.com\/labravaradiofm\/","name":"LA BRAVA RADIO","description":"Empresa productora de medios, Radiodifusi\u00f3n, Noticias, tendencias y todo lo que necesitas saber de la pol\u00edtica mexicana e internacional; entretenimiento, espect\u00e1culos, salud y mucho m\u00e1s.","potentialAction":[{"@type":"SearchAction","target":{"@type":"EntryPoint","urlTemplate":"https:\/\/www.bbmnoticias.com\/labravaradiofm\/?s={search_term_string}"},"query-input":{"@type":"PropertyValueSpecification","valueRequired":true,"valueName":"search_term_string"}}],"inLanguage":"es"},{"@type":"Person","@id":"https:\/\/www.bbmnoticias.com\/labravaradiofm\/#\/schema\/person\/68a9e9036ef3c5b55aeb2b71dc8bab45","name":"Staff","image":{"@type":"ImageObject","inLanguage":"es","@id":"https:\/\/secure.gravatar.com\/avatar\/fdd21ad66fd8b98c407f9dee5b5e588cfe7f0d8579ec20fa6527cd59bab7f0f0?s=96&d=mm&r=g","url":"https:\/\/secure.gravatar.com\/avatar\/fdd21ad66fd8b98c407f9dee5b5e588cfe7f0d8579ec20fa6527cd59bab7f0f0?s=96&d=mm&r=g","contentUrl":"https:\/\/secure.gravatar.com\/avatar\/fdd21ad66fd8b98c407f9dee5b5e588cfe7f0d8579ec20fa6527cd59bab7f0f0?s=96&d=mm&r=g","caption":"Staff"},"url":"https:\/\/www.bbmnoticias.com\/labravaradiofm\/author\/redaccion\/"}]}},"_links":{"self":[{"href":"https:\/\/www.bbmnoticias.com\/labravaradiofm\/wp-json\/wp\/v2\/posts\/71231","targetHints":{"allow":["GET"]}}],"collection":[{"href":"https:\/\/www.bbmnoticias.com\/labravaradiofm\/wp-json\/wp\/v2\/posts"}],"about":[{"href":"https:\/\/www.bbmnoticias.com\/labravaradiofm\/wp-json\/wp\/v2\/types\/post"}],"author":[{"embeddable":true,"href":"https:\/\/www.bbmnoticias.com\/labravaradiofm\/wp-json\/wp\/v2\/users\/2"}],"replies":[{"embeddable":true,"href":"https:\/\/www.bbmnoticias.com\/labravaradiofm\/wp-json\/wp\/v2\/comments?post=71231"}],"version-history":[{"count":0,"href":"https:\/\/www.bbmnoticias.com\/labravaradiofm\/wp-json\/wp\/v2\/posts\/71231\/revisions"}],"wp:featuredmedia":[{"embeddable":true,"href":"https:\/\/www.bbmnoticias.com\/labravaradiofm\/wp-json\/wp\/v2\/media\/71233"}],"wp:attachment":[{"href":"https:\/\/www.bbmnoticias.com\/labravaradiofm\/wp-json\/wp\/v2\/media?parent=71231"}],"wp:term":[{"taxonomy":"category","embeddable":true,"href":"https:\/\/www.bbmnoticias.com\/labravaradiofm\/wp-json\/wp\/v2\/categories?post=71231"},{"taxonomy":"post_tag","embeddable":true,"href":"https:\/\/www.bbmnoticias.com\/labravaradiofm\/wp-json\/wp\/v2\/tags?post=71231"}],"curies":[{"name":"wp","href":"https:\/\/api.w.org\/{rel}","templated":true}]}}