{"id":712,"date":"2021-08-25T08:57:44","date_gmt":"2021-08-25T13:57:44","guid":{"rendered":"https:\/\/www.bbmnoticias.com\/labravaradiofm\/?p=712"},"modified":"2021-08-25T08:57:46","modified_gmt":"2021-08-25T13:57:46","slug":"prision-preventiva-contra-probable-homicida-de-santa-cruz-xoxocotlan","status":"publish","type":"post","link":"https:\/\/www.bbmnoticias.com\/labravaradiofm\/2021\/08\/25\/prision-preventiva-contra-probable-homicida-de-santa-cruz-xoxocotlan\/","title":{"rendered":"Prisi\u00f3n preventiva contra probable homicida de Santa Cruz Xoxocotl\u00e1n"},"content":{"rendered":"<div style=\"margin-top: 0px; margin-bottom: 0px;\" class=\"sharethis-inline-share-buttons\" ><\/div>\n<p><strong>Oaxaca de Ju\u00e1rez, Oax.-<\/strong> La Fiscal\u00eda General del Estado de Oaxaca (FGEO) present\u00f3 ante el Juzgado de Control a la persona del sexo masculino identificada como R. C. A., probable responsable del delito de homicidio calificado en agravio de quien en vida respondiera al nombre de H. G. R. G., cometido en jurisdicci\u00f3n de Santa Cruz Xoxocotl\u00e1n, en la regi\u00f3n de Valles Centrales.<\/p>\n\n\n\n<p>De acuerdo con la causa penal 874\/2021, el pasado 22 de agosto de 2021, aproximadamente a las 18:30 horas, el imputado probablemente agredi\u00f3 con un arma blanca a la v\u00edctima, quien a causa de las heridas perdi\u00f3 la vida en el interior de un domicilio ubicado en la colonia La Florida de Xoxocotl\u00e1n.<\/p>\n\n\n\n<p>Luego de este hecho, elementos de la polic\u00eda municipal detuvieron al probable responsable, quien de forma inmediata fue puesto a disposici\u00f3n del Ministerio P\u00fablico de la Fiscal\u00eda General.<\/p>\n\n\n\n<p>En audiencia, el imputado se acogi\u00f3 al t\u00e9rmino constitucional ampliado, mismo que fenece el pr\u00f3ximo 30 de agosto de 2021, quedando en tanto en prisi\u00f3n preventiva.<\/p>\n\n\n\n<p>En delitos de alto impacto, la Fiscal\u00eda General compromete investigaciones exhaustivas, a fin de presentar ante la justicia a quienes atenten contra la paz de las familias oaxaque\u00f1as.<\/p>\n","protected":false},"excerpt":{"rendered":"<p>Oaxaca de Ju\u00e1rez, Oax.- La Fiscal\u00eda General del Estado de Oaxaca (FGEO) present\u00f3 ante el Juzgado de Control a la persona del sexo masculino identificada como R. C. A., probable responsable del delito de homicidio calificado en agravio de quien en vida respondiera al nombre de H. G. R. G., cometido en jurisdicci\u00f3n de Santa [&hellip;]<\/p>\n","protected":false},"author":2,"featured_media":713,"comment_status":"closed","ping_status":"closed","sticky":false,"template":"","format":"standard","meta":{"footnotes":""},"categories":[20],"tags":[],"class_list":{"0":"post-712","1":"post","2":"type-post","3":"status-publish","4":"format-standard","5":"has-post-thumbnail","7":"category-policiaca"},"yoast_head":"<!-- This site is optimized with the Yoast SEO plugin v27.4 - https:\/\/yoast.com\/product\/yoast-seo-wordpress\/ -->\n<title>Prisi\u00f3n preventiva contra probable homicida de Santa Cruz Xoxocotl\u00e1n - LA BRAVA RADIO<\/title>\n<meta name=\"robots\" content=\"index, follow, max-snippet:-1, max-image-preview:large, max-video-preview:-1\" \/>\n<link rel=\"canonical\" href=\"https:\/\/www.bbmnoticias.com\/labravaradiofm\/2021\/08\/25\/prision-preventiva-contra-probable-homicida-de-santa-cruz-xoxocotlan\/\" \/>\n<meta property=\"og:locale\" content=\"es_MX\" \/>\n<meta property=\"og:type\" content=\"article\" \/>\n<meta property=\"og:title\" content=\"Prisi\u00f3n preventiva contra probable homicida de Santa Cruz Xoxocotl\u00e1n - LA BRAVA RADIO\" \/>\n<meta property=\"og:description\" content=\"Oaxaca de Ju\u00e1rez, Oax.- La Fiscal\u00eda General del Estado de Oaxaca (FGEO) present\u00f3 ante el Juzgado de Control a la persona del sexo masculino identificada como R. C. A., probable responsable del delito de homicidio calificado en agravio de quien en vida respondiera al nombre de H. G. R. G., cometido en jurisdicci\u00f3n de Santa [&hellip;]\" \/>\n<meta property=\"og:url\" content=\"https:\/\/www.bbmnoticias.com\/labravaradiofm\/2021\/08\/25\/prision-preventiva-contra-probable-homicida-de-santa-cruz-xoxocotlan\/\" \/>\n<meta property=\"og:site_name\" content=\"LA BRAVA RADIO\" \/>\n<meta property=\"article:published_time\" content=\"2021-08-25T13:57:44+00:00\" \/>\n<meta property=\"article:modified_time\" content=\"2021-08-25T13:57:46+00:00\" \/>\n<meta property=\"og:image\" content=\"https:\/\/www.bbmnoticias.com\/labravaradiofm\/wp-content\/uploads\/sites\/5\/2021\/08\/policiaca25082021-20.jpg\" \/>\n\t<meta property=\"og:image:width\" content=\"1160\" \/>\n\t<meta property=\"og:image:height\" content=\"700\" \/>\n\t<meta property=\"og:image:type\" content=\"image\/jpeg\" \/>\n<meta name=\"author\" content=\"Staff\" \/>\n<meta name=\"twitter:card\" content=\"summary_large_image\" \/>\n<meta name=\"twitter:label1\" content=\"Escrito por\" \/>\n\t<meta name=\"twitter:data1\" content=\"Staff\" \/>\n\t<meta name=\"twitter:label2\" content=\"Tiempo de lectura\" \/>\n\t<meta name=\"twitter:data2\" content=\"1 minuto\" \/>\n<script type=\"application\/ld+json\" class=\"yoast-schema-graph\">{\"@context\":\"https:\\\/\\\/schema.org\",\"@graph\":[{\"@type\":\"Article\",\"@id\":\"https:\\\/\\\/www.bbmnoticias.com\\\/labravaradiofm\\\/2021\\\/08\\\/25\\\/prision-preventiva-contra-probable-homicida-de-santa-cruz-xoxocotlan\\\/#article\",\"isPartOf\":{\"@id\":\"https:\\\/\\\/www.bbmnoticias.com\\\/labravaradiofm\\\/2021\\\/08\\\/25\\\/prision-preventiva-contra-probable-homicida-de-santa-cruz-xoxocotlan\\\/\"},\"author\":{\"name\":\"Staff\",\"@id\":\"https:\\\/\\\/www.bbmnoticias.com\\\/labravaradiofm\\\/#\\\/schema\\\/person\\\/68a9e9036ef3c5b55aeb2b71dc8bab45\"},\"headline\":\"Prisi\u00f3n preventiva contra probable homicida de Santa Cruz Xoxocotl\u00e1n\",\"datePublished\":\"2021-08-25T13:57:44+00:00\",\"dateModified\":\"2021-08-25T13:57:46+00:00\",\"mainEntityOfPage\":{\"@id\":\"https:\\\/\\\/www.bbmnoticias.com\\\/labravaradiofm\\\/2021\\\/08\\\/25\\\/prision-preventiva-contra-probable-homicida-de-santa-cruz-xoxocotlan\\\/\"},\"wordCount\":220,\"image\":{\"@id\":\"https:\\\/\\\/www.bbmnoticias.com\\\/labravaradiofm\\\/2021\\\/08\\\/25\\\/prision-preventiva-contra-probable-homicida-de-santa-cruz-xoxocotlan\\\/#primaryimage\"},\"thumbnailUrl\":\"https:\\\/\\\/www.bbmnoticias.com\\\/labravaradiofm\\\/wp-content\\\/uploads\\\/sites\\\/5\\\/2021\\\/08\\\/policiaca25082021-20.jpg\",\"articleSection\":[\"POLICIACA\"],\"inLanguage\":\"es\"},{\"@type\":\"WebPage\",\"@id\":\"https:\\\/\\\/www.bbmnoticias.com\\\/labravaradiofm\\\/2021\\\/08\\\/25\\\/prision-preventiva-contra-probable-homicida-de-santa-cruz-xoxocotlan\\\/\",\"url\":\"https:\\\/\\\/www.bbmnoticias.com\\\/labravaradiofm\\\/2021\\\/08\\\/25\\\/prision-preventiva-contra-probable-homicida-de-santa-cruz-xoxocotlan\\\/\",\"name\":\"Prisi\u00f3n preventiva contra probable homicida de Santa Cruz Xoxocotl\u00e1n - LA BRAVA RADIO\",\"isPartOf\":{\"@id\":\"https:\\\/\\\/www.bbmnoticias.com\\\/labravaradiofm\\\/#website\"},\"primaryImageOfPage\":{\"@id\":\"https:\\\/\\\/www.bbmnoticias.com\\\/labravaradiofm\\\/2021\\\/08\\\/25\\\/prision-preventiva-contra-probable-homicida-de-santa-cruz-xoxocotlan\\\/#primaryimage\"},\"image\":{\"@id\":\"https:\\\/\\\/www.bbmnoticias.com\\\/labravaradiofm\\\/2021\\\/08\\\/25\\\/prision-preventiva-contra-probable-homicida-de-santa-cruz-xoxocotlan\\\/#primaryimage\"},\"thumbnailUrl\":\"https:\\\/\\\/www.bbmnoticias.com\\\/labravaradiofm\\\/wp-content\\\/uploads\\\/sites\\\/5\\\/2021\\\/08\\\/policiaca25082021-20.jpg\",\"datePublished\":\"2021-08-25T13:57:44+00:00\",\"dateModified\":\"2021-08-25T13:57:46+00:00\",\"author\":{\"@id\":\"https:\\\/\\\/www.bbmnoticias.com\\\/labravaradiofm\\\/#\\\/schema\\\/person\\\/68a9e9036ef3c5b55aeb2b71dc8bab45\"},\"breadcrumb\":{\"@id\":\"https:\\\/\\\/www.bbmnoticias.com\\\/labravaradiofm\\\/2021\\\/08\\\/25\\\/prision-preventiva-contra-probable-homicida-de-santa-cruz-xoxocotlan\\\/#breadcrumb\"},\"inLanguage\":\"es\",\"potentialAction\":[{\"@type\":\"ReadAction\",\"target\":[\"https:\\\/\\\/www.bbmnoticias.com\\\/labravaradiofm\\\/2021\\\/08\\\/25\\\/prision-preventiva-contra-probable-homicida-de-santa-cruz-xoxocotlan\\\/\"]}]},{\"@type\":\"ImageObject\",\"inLanguage\":\"es\",\"@id\":\"https:\\\/\\\/www.bbmnoticias.com\\\/labravaradiofm\\\/2021\\\/08\\\/25\\\/prision-preventiva-contra-probable-homicida-de-santa-cruz-xoxocotlan\\\/#primaryimage\",\"url\":\"https:\\\/\\\/www.bbmnoticias.com\\\/labravaradiofm\\\/wp-content\\\/uploads\\\/sites\\\/5\\\/2021\\\/08\\\/policiaca25082021-20.jpg\",\"contentUrl\":\"https:\\\/\\\/www.bbmnoticias.com\\\/labravaradiofm\\\/wp-content\\\/uploads\\\/sites\\\/5\\\/2021\\\/08\\\/policiaca25082021-20.jpg\",\"width\":1160,\"height\":700},{\"@type\":\"BreadcrumbList\",\"@id\":\"https:\\\/\\\/www.bbmnoticias.com\\\/labravaradiofm\\\/2021\\\/08\\\/25\\\/prision-preventiva-contra-probable-homicida-de-santa-cruz-xoxocotlan\\\/#breadcrumb\",\"itemListElement\":[{\"@type\":\"ListItem\",\"position\":1,\"name\":\"Inicio\",\"item\":\"https:\\\/\\\/www.bbmnoticias.com\\\/labravaradiofm\\\/\"},{\"@type\":\"ListItem\",\"position\":2,\"name\":\"Prisi\u00f3n preventiva contra probable homicida de Santa Cruz Xoxocotl\u00e1n\"}]},{\"@type\":\"WebSite\",\"@id\":\"https:\\\/\\\/www.bbmnoticias.com\\\/labravaradiofm\\\/#website\",\"url\":\"https:\\\/\\\/www.bbmnoticias.com\\\/labravaradiofm\\\/\",\"name\":\"LA BRAVA RADIO\",\"description\":\"Empresa productora de medios, Radiodifusi\u00f3n, Noticias, tendencias y todo lo que necesitas saber de la pol\u00edtica mexicana e internacional; entretenimiento, espect\u00e1culos, salud y mucho m\u00e1s.\",\"potentialAction\":[{\"@type\":\"SearchAction\",\"target\":{\"@type\":\"EntryPoint\",\"urlTemplate\":\"https:\\\/\\\/www.bbmnoticias.com\\\/labravaradiofm\\\/?s={search_term_string}\"},\"query-input\":{\"@type\":\"PropertyValueSpecification\",\"valueRequired\":true,\"valueName\":\"search_term_string\"}}],\"inLanguage\":\"es\"},{\"@type\":\"Person\",\"@id\":\"https:\\\/\\\/www.bbmnoticias.com\\\/labravaradiofm\\\/#\\\/schema\\\/person\\\/68a9e9036ef3c5b55aeb2b71dc8bab45\",\"name\":\"Staff\",\"image\":{\"@type\":\"ImageObject\",\"inLanguage\":\"es\",\"@id\":\"https:\\\/\\\/secure.gravatar.com\\\/avatar\\\/fdd21ad66fd8b98c407f9dee5b5e588cfe7f0d8579ec20fa6527cd59bab7f0f0?s=96&d=mm&r=g\",\"url\":\"https:\\\/\\\/secure.gravatar.com\\\/avatar\\\/fdd21ad66fd8b98c407f9dee5b5e588cfe7f0d8579ec20fa6527cd59bab7f0f0?s=96&d=mm&r=g\",\"contentUrl\":\"https:\\\/\\\/secure.gravatar.com\\\/avatar\\\/fdd21ad66fd8b98c407f9dee5b5e588cfe7f0d8579ec20fa6527cd59bab7f0f0?s=96&d=mm&r=g\",\"caption\":\"Staff\"},\"url\":\"https:\\\/\\\/www.bbmnoticias.com\\\/labravaradiofm\\\/author\\\/redaccion\\\/\"}]}<\/script>\n<!-- \/ Yoast SEO plugin. -->","yoast_head_json":{"title":"Prisi\u00f3n preventiva contra probable homicida de Santa Cruz Xoxocotl\u00e1n - LA BRAVA RADIO","robots":{"index":"index","follow":"follow","max-snippet":"max-snippet:-1","max-image-preview":"max-image-preview:large","max-video-preview":"max-video-preview:-1"},"canonical":"https:\/\/www.bbmnoticias.com\/labravaradiofm\/2021\/08\/25\/prision-preventiva-contra-probable-homicida-de-santa-cruz-xoxocotlan\/","og_locale":"es_MX","og_type":"article","og_title":"Prisi\u00f3n preventiva contra probable homicida de Santa Cruz Xoxocotl\u00e1n - LA BRAVA RADIO","og_description":"Oaxaca de Ju\u00e1rez, Oax.- La Fiscal\u00eda General del Estado de Oaxaca (FGEO) present\u00f3 ante el Juzgado de Control a la persona del sexo masculino identificada como R. C. A., probable responsable del delito de homicidio calificado en agravio de quien en vida respondiera al nombre de H. G. R. G., cometido en jurisdicci\u00f3n de Santa [&hellip;]","og_url":"https:\/\/www.bbmnoticias.com\/labravaradiofm\/2021\/08\/25\/prision-preventiva-contra-probable-homicida-de-santa-cruz-xoxocotlan\/","og_site_name":"LA BRAVA RADIO","article_published_time":"2021-08-25T13:57:44+00:00","article_modified_time":"2021-08-25T13:57:46+00:00","og_image":[{"width":1160,"height":700,"url":"https:\/\/www.bbmnoticias.com\/labravaradiofm\/wp-content\/uploads\/sites\/5\/2021\/08\/policiaca25082021-20.jpg","type":"image\/jpeg"}],"author":"Staff","twitter_card":"summary_large_image","twitter_misc":{"Escrito por":"Staff","Tiempo de lectura":"1 minuto"},"schema":{"@context":"https:\/\/schema.org","@graph":[{"@type":"Article","@id":"https:\/\/www.bbmnoticias.com\/labravaradiofm\/2021\/08\/25\/prision-preventiva-contra-probable-homicida-de-santa-cruz-xoxocotlan\/#article","isPartOf":{"@id":"https:\/\/www.bbmnoticias.com\/labravaradiofm\/2021\/08\/25\/prision-preventiva-contra-probable-homicida-de-santa-cruz-xoxocotlan\/"},"author":{"name":"Staff","@id":"https:\/\/www.bbmnoticias.com\/labravaradiofm\/#\/schema\/person\/68a9e9036ef3c5b55aeb2b71dc8bab45"},"headline":"Prisi\u00f3n preventiva contra probable homicida de Santa Cruz Xoxocotl\u00e1n","datePublished":"2021-08-25T13:57:44+00:00","dateModified":"2021-08-25T13:57:46+00:00","mainEntityOfPage":{"@id":"https:\/\/www.bbmnoticias.com\/labravaradiofm\/2021\/08\/25\/prision-preventiva-contra-probable-homicida-de-santa-cruz-xoxocotlan\/"},"wordCount":220,"image":{"@id":"https:\/\/www.bbmnoticias.com\/labravaradiofm\/2021\/08\/25\/prision-preventiva-contra-probable-homicida-de-santa-cruz-xoxocotlan\/#primaryimage"},"thumbnailUrl":"https:\/\/www.bbmnoticias.com\/labravaradiofm\/wp-content\/uploads\/sites\/5\/2021\/08\/policiaca25082021-20.jpg","articleSection":["POLICIACA"],"inLanguage":"es"},{"@type":"WebPage","@id":"https:\/\/www.bbmnoticias.com\/labravaradiofm\/2021\/08\/25\/prision-preventiva-contra-probable-homicida-de-santa-cruz-xoxocotlan\/","url":"https:\/\/www.bbmnoticias.com\/labravaradiofm\/2021\/08\/25\/prision-preventiva-contra-probable-homicida-de-santa-cruz-xoxocotlan\/","name":"Prisi\u00f3n preventiva contra probable homicida de Santa Cruz Xoxocotl\u00e1n - LA BRAVA RADIO","isPartOf":{"@id":"https:\/\/www.bbmnoticias.com\/labravaradiofm\/#website"},"primaryImageOfPage":{"@id":"https:\/\/www.bbmnoticias.com\/labravaradiofm\/2021\/08\/25\/prision-preventiva-contra-probable-homicida-de-santa-cruz-xoxocotlan\/#primaryimage"},"image":{"@id":"https:\/\/www.bbmnoticias.com\/labravaradiofm\/2021\/08\/25\/prision-preventiva-contra-probable-homicida-de-santa-cruz-xoxocotlan\/#primaryimage"},"thumbnailUrl":"https:\/\/www.bbmnoticias.com\/labravaradiofm\/wp-content\/uploads\/sites\/5\/2021\/08\/policiaca25082021-20.jpg","datePublished":"2021-08-25T13:57:44+00:00","dateModified":"2021-08-25T13:57:46+00:00","author":{"@id":"https:\/\/www.bbmnoticias.com\/labravaradiofm\/#\/schema\/person\/68a9e9036ef3c5b55aeb2b71dc8bab45"},"breadcrumb":{"@id":"https:\/\/www.bbmnoticias.com\/labravaradiofm\/2021\/08\/25\/prision-preventiva-contra-probable-homicida-de-santa-cruz-xoxocotlan\/#breadcrumb"},"inLanguage":"es","potentialAction":[{"@type":"ReadAction","target":["https:\/\/www.bbmnoticias.com\/labravaradiofm\/2021\/08\/25\/prision-preventiva-contra-probable-homicida-de-santa-cruz-xoxocotlan\/"]}]},{"@type":"ImageObject","inLanguage":"es","@id":"https:\/\/www.bbmnoticias.com\/labravaradiofm\/2021\/08\/25\/prision-preventiva-contra-probable-homicida-de-santa-cruz-xoxocotlan\/#primaryimage","url":"https:\/\/www.bbmnoticias.com\/labravaradiofm\/wp-content\/uploads\/sites\/5\/2021\/08\/policiaca25082021-20.jpg","contentUrl":"https:\/\/www.bbmnoticias.com\/labravaradiofm\/wp-content\/uploads\/sites\/5\/2021\/08\/policiaca25082021-20.jpg","width":1160,"height":700},{"@type":"BreadcrumbList","@id":"https:\/\/www.bbmnoticias.com\/labravaradiofm\/2021\/08\/25\/prision-preventiva-contra-probable-homicida-de-santa-cruz-xoxocotlan\/#breadcrumb","itemListElement":[{"@type":"ListItem","position":1,"name":"Inicio","item":"https:\/\/www.bbmnoticias.com\/labravaradiofm\/"},{"@type":"ListItem","position":2,"name":"Prisi\u00f3n preventiva contra probable homicida de Santa Cruz Xoxocotl\u00e1n"}]},{"@type":"WebSite","@id":"https:\/\/www.bbmnoticias.com\/labravaradiofm\/#website","url":"https:\/\/www.bbmnoticias.com\/labravaradiofm\/","name":"LA BRAVA RADIO","description":"Empresa productora de medios, Radiodifusi\u00f3n, Noticias, tendencias y todo lo que necesitas saber de la pol\u00edtica mexicana e internacional; entretenimiento, espect\u00e1culos, salud y mucho m\u00e1s.","potentialAction":[{"@type":"SearchAction","target":{"@type":"EntryPoint","urlTemplate":"https:\/\/www.bbmnoticias.com\/labravaradiofm\/?s={search_term_string}"},"query-input":{"@type":"PropertyValueSpecification","valueRequired":true,"valueName":"search_term_string"}}],"inLanguage":"es"},{"@type":"Person","@id":"https:\/\/www.bbmnoticias.com\/labravaradiofm\/#\/schema\/person\/68a9e9036ef3c5b55aeb2b71dc8bab45","name":"Staff","image":{"@type":"ImageObject","inLanguage":"es","@id":"https:\/\/secure.gravatar.com\/avatar\/fdd21ad66fd8b98c407f9dee5b5e588cfe7f0d8579ec20fa6527cd59bab7f0f0?s=96&d=mm&r=g","url":"https:\/\/secure.gravatar.com\/avatar\/fdd21ad66fd8b98c407f9dee5b5e588cfe7f0d8579ec20fa6527cd59bab7f0f0?s=96&d=mm&r=g","contentUrl":"https:\/\/secure.gravatar.com\/avatar\/fdd21ad66fd8b98c407f9dee5b5e588cfe7f0d8579ec20fa6527cd59bab7f0f0?s=96&d=mm&r=g","caption":"Staff"},"url":"https:\/\/www.bbmnoticias.com\/labravaradiofm\/author\/redaccion\/"}]}},"_links":{"self":[{"href":"https:\/\/www.bbmnoticias.com\/labravaradiofm\/wp-json\/wp\/v2\/posts\/712","targetHints":{"allow":["GET"]}}],"collection":[{"href":"https:\/\/www.bbmnoticias.com\/labravaradiofm\/wp-json\/wp\/v2\/posts"}],"about":[{"href":"https:\/\/www.bbmnoticias.com\/labravaradiofm\/wp-json\/wp\/v2\/types\/post"}],"author":[{"embeddable":true,"href":"https:\/\/www.bbmnoticias.com\/labravaradiofm\/wp-json\/wp\/v2\/users\/2"}],"replies":[{"embeddable":true,"href":"https:\/\/www.bbmnoticias.com\/labravaradiofm\/wp-json\/wp\/v2\/comments?post=712"}],"version-history":[{"count":0,"href":"https:\/\/www.bbmnoticias.com\/labravaradiofm\/wp-json\/wp\/v2\/posts\/712\/revisions"}],"wp:featuredmedia":[{"embeddable":true,"href":"https:\/\/www.bbmnoticias.com\/labravaradiofm\/wp-json\/wp\/v2\/media\/713"}],"wp:attachment":[{"href":"https:\/\/www.bbmnoticias.com\/labravaradiofm\/wp-json\/wp\/v2\/media?parent=712"}],"wp:term":[{"taxonomy":"category","embeddable":true,"href":"https:\/\/www.bbmnoticias.com\/labravaradiofm\/wp-json\/wp\/v2\/categories?post=712"},{"taxonomy":"post_tag","embeddable":true,"href":"https:\/\/www.bbmnoticias.com\/labravaradiofm\/wp-json\/wp\/v2\/tags?post=712"}],"curies":[{"name":"wp","href":"https:\/\/api.w.org\/{rel}","templated":true}]}}