{"id":71115,"date":"2025-12-10T09:53:15","date_gmt":"2025-12-10T15:53:15","guid":{"rendered":"https:\/\/www.bbmnoticias.com\/labravaradiofm\/2025\/12\/10\/productores-en-mexico-advierten-alza-en-precio-de-carne-hacia-2026-por-gusano-barrenador-y-aranceles\/"},"modified":"2025-12-10T09:53:20","modified_gmt":"2025-12-10T15:53:20","slug":"productores-en-mexico-advierten-alza-en-precio-de-carne-hacia-2026-por-gusano-barrenador-y-aranceles","status":"publish","type":"post","link":"https:\/\/www.bbmnoticias.com\/labravaradiofm\/2025\/12\/10\/productores-en-mexico-advierten-alza-en-precio-de-carne-hacia-2026-por-gusano-barrenador-y-aranceles\/","title":{"rendered":"Productores en M\u00e9xico advierten alza en precio de carne hacia 2026 por gusano barrenador y aranceles"},"content":{"rendered":"<div style=\"margin-top: 0px; margin-bottom: 0px;\" class=\"sharethis-inline-share-buttons\" ><\/div>\n<p>Los <strong>precios de la carne<\/strong> en <strong>M\u00e9xico<\/strong> registran presiones hacia <strong>2026<\/strong> debido al brote del<strong> gusano barrenador<\/strong> del ganado (GBG), los <strong>aranceles<\/strong> de<strong> Estados Unidos<\/strong> y la <strong>exclusi\u00f3n<\/strong> de la prote\u00edna en el <strong>paquete antiinflacionario<\/strong> del Gobierno federal, advirti\u00f3 el <strong>Consejo Mexicano de la Carne<\/strong> (<strong>Comecarne<\/strong>).<\/p>\n\n\n\n<p>Durante la presentaci\u00f3n del <strong>Panorama del Sector C\u00e1rnico 2025<\/strong>, la directora general del organismo, <strong>Macarena Hern\u00e1ndez<\/strong>, se\u00f1al\u00f3 que el cierre de las exportaciones de bovinos en pie \u2014vigente desde noviembre de 2024\u2014 ha generado distorsiones en el mercado.<\/p>\n\n\n\n<p>De acuerdo con datos de la Comecarne, M\u00e9xico ha dejado de exportar 1.19 millones de animales, con una afectaci\u00f3n estimada de mil 552 millones de d\u00f3lares.<\/p>\n\n\n\n<p>En paralelo, los precios del ganado para carne registraron en octubre un incremento anual m\u00e1ximo de 15.4 por ciento.<\/p>\n\n\n\n<blockquote class=\"wp-block-quote is-layout-flow wp-block-quote-is-layout-flow\">\n<p>Este es un factor que est\u00e1 explicando por qu\u00e9 los precios al consumidor en carne de res han tenido un repunte significativo (\u2026) Esta enfermedad, a\u00fan cuando s\u00ed tiene una afectaci\u00f3n en la actividad primaria, tiene una afectaci\u00f3n al sector exportador de animales en pie\u201d, explic\u00f3 el gerente de estudios econ\u00f3micos de Comecarne, Ernesto Salazar.<\/p>\n<\/blockquote>\n\n\n\n<p>Tambi\u00e9n indic\u00f3 que, aunque la enfermedad no ha reducido la producci\u00f3n nacional, s\u00ed ha elevado los costos operativos en corrales y ha restringido la movilidad hacia centros de sacrificio.<\/p>\n\n\n\n<p>A\u00f1adi\u00f3 que la reapertura de la exportaci\u00f3n podr\u00eda tardar, ya que la erradicaci\u00f3n del gusano barrenador en brotes previos tom\u00f3 hasta dos d\u00e9cadas.<\/p>\n\n\n\n<p>Tambi\u00e9n se\u00f1al\u00f3 afectaciones derivadas del nuevo paquete de aranceles impuesto por el Gobierno de Estados Unidos, ya que, si bien la carne mantiene trato preferencial bajo el Tratado Estados Unidos, M\u00e9xico y Canad\u00e1 (<strong>T-MEC<\/strong>), Comecarne report\u00f3 que las inspecciones adicionales y los retrasos en frontera han dificultado el tr\u00e1nsito de mercanc\u00edas refrigeradas, lo que impacta la continuidad de los procesos industriales.<\/p>\n\n\n\n<p>Aparte, Hern\u00e1ndez inform\u00f3 que en 2026 dejar\u00e1 de operar el esquema de cero arancel para carne de res y cerdo dentro del paquete contra la inflaci\u00f3n y la carest\u00eda (Pacic), el cual ser\u00e1 sustituido por un sistema de cupos de importaci\u00f3n.<\/p>\n\n\n\n<p>Seg\u00fan la directiva, la medida podr\u00eda limitar la disponibilidad de prote\u00edna importada en un contexto de alta demanda.<\/p>\n\n\n\n<p>El consumo nacional de carne de corte aument\u00f3 4.2 por ciento este a\u00f1o y alcanz\u00f3 11,2 millones de toneladas.<\/p>\n\n\n\n<p>Con base en los datos expuestos, la Comecarne report\u00f3 que la inflaci\u00f3n de la carne promedia 15.1 por ciento anual, tras dos a\u00f1os de disminuciones asociadas al Pacic.<\/p>\n\n\n\n<p>Salazar afirm\u00f3 que el acuerdo antiinflacionario tuvo efectos positivos y consider\u00f3 que su fortalecimiento ser\u00eda relevante ante la reactivaci\u00f3n de presiones de mercado.<\/p>\n\n\n\n<p>El sector tambi\u00e9n prev\u00e9 riesgos derivados de la revisi\u00f3n del T-MEC prevista para 2026, especialmente en lo relativo a reglas sanitarias y continuidad del libre comercio de c\u00e1rnicos.<\/p>\n\n\n\n<p>Con informaci\u00f3n de EFE<\/p>\n","protected":false},"excerpt":{"rendered":"<p>Los precios de la carne en M\u00e9xico registran presiones hacia 2026 debido al brote del gusano barrenador del ganado (GBG), los aranceles de Estados Unidos y la exclusi\u00f3n de la prote\u00edna en el paquete antiinflacionario del Gobierno federal, advirti\u00f3 el Consejo Mexicano de la Carne (Comecarne). Durante la presentaci\u00f3n del Panorama del Sector C\u00e1rnico 2025, [&hellip;]<\/p>\n","protected":false},"author":4,"featured_media":71117,"comment_status":"closed","ping_status":"","sticky":false,"template":"","format":"standard","meta":{"footnotes":""},"categories":[2,19],"tags":[],"class_list":{"0":"post-71115","1":"post","2":"type-post","3":"status-publish","4":"format-standard","5":"has-post-thumbnail","7":"category-oaxaca","8":"category-nacional"},"yoast_head":"<!-- This site is optimized with the Yoast SEO plugin v27.4 - https:\/\/yoast.com\/product\/yoast-seo-wordpress\/ -->\n<title>Productores en M\u00e9xico advierten alza en precio de carne hacia 2026 por gusano barrenador y aranceles - LA BRAVA RADIO<\/title>\n<meta name=\"robots\" content=\"index, follow, max-snippet:-1, max-image-preview:large, max-video-preview:-1\" \/>\n<link rel=\"canonical\" href=\"https:\/\/www.bbmnoticias.com\/productores-en-mexico-advierten-alza-en-precio-de-carne-hacia-2026-por-gusano-barrenador-y-aranceles\/\" \/>\n<meta property=\"og:locale\" content=\"es_MX\" \/>\n<meta property=\"og:type\" content=\"article\" \/>\n<meta property=\"og:title\" content=\"Productores en M\u00e9xico advierten alza en precio de carne hacia 2026 por gusano barrenador y aranceles - LA BRAVA RADIO\" \/>\n<meta property=\"og:description\" content=\"Los precios de la carne en M\u00e9xico registran presiones hacia 2026 debido al brote del gusano barrenador del ganado (GBG), los aranceles de Estados Unidos y la exclusi\u00f3n de la prote\u00edna en el paquete antiinflacionario del Gobierno federal, advirti\u00f3 el Consejo Mexicano de la Carne (Comecarne). Durante la presentaci\u00f3n del Panorama del Sector C\u00e1rnico 2025, [&hellip;]\" \/>\n<meta property=\"og:url\" content=\"https:\/\/www.bbmnoticias.com\/productores-en-mexico-advierten-alza-en-precio-de-carne-hacia-2026-por-gusano-barrenador-y-aranceles\/\" \/>\n<meta property=\"og:site_name\" content=\"LA BRAVA RADIO\" \/>\n<meta property=\"article:published_time\" content=\"2025-12-10T15:53:15+00:00\" \/>\n<meta property=\"article:modified_time\" content=\"2025-12-10T15:53:20+00:00\" \/>\n<meta property=\"og:image\" content=\"https:\/\/www.bbmnoticias.com\/labravaradiofm\/wp-content\/uploads\/sites\/5\/2025\/12\/carne-gusano-barrenador-ganado-mexico.jpg\" \/>\n\t<meta property=\"og:image:width\" content=\"1536\" \/>\n\t<meta property=\"og:image:height\" content=\"945\" \/>\n\t<meta property=\"og:image:type\" content=\"image\/jpeg\" \/>\n<meta name=\"author\" content=\"Agencias\" \/>\n<meta name=\"twitter:card\" content=\"summary_large_image\" \/>\n<meta name=\"twitter:label1\" content=\"Escrito por\" \/>\n\t<meta name=\"twitter:data1\" content=\"Agencias\" \/>\n\t<meta name=\"twitter:label2\" content=\"Tiempo de lectura\" \/>\n\t<meta name=\"twitter:data2\" content=\"2 minutos\" \/>\n<script type=\"application\/ld+json\" class=\"yoast-schema-graph\">{\"@context\":\"https:\\\/\\\/schema.org\",\"@graph\":[{\"@type\":\"Article\",\"@id\":\"https:\\\/\\\/www.bbmnoticias.com\\\/productores-en-mexico-advierten-alza-en-precio-de-carne-hacia-2026-por-gusano-barrenador-y-aranceles\\\/#article\",\"isPartOf\":{\"@id\":\"https:\\\/\\\/www.bbmnoticias.com\\\/labravaradiofm\\\/2025\\\/12\\\/10\\\/productores-en-mexico-advierten-alza-en-precio-de-carne-hacia-2026-por-gusano-barrenador-y-aranceles\\\/\"},\"author\":{\"name\":\"Agencias\",\"@id\":\"https:\\\/\\\/www.bbmnoticias.com\\\/labravaradiofm\\\/#\\\/schema\\\/person\\\/000bdaf0a8fb5bff0d537c4d0778e33f\"},\"headline\":\"Productores en M\u00e9xico advierten alza en precio de carne hacia 2026 por gusano barrenador y aranceles\",\"datePublished\":\"2025-12-10T15:53:15+00:00\",\"dateModified\":\"2025-12-10T15:53:20+00:00\",\"mainEntityOfPage\":{\"@id\":\"https:\\\/\\\/www.bbmnoticias.com\\\/labravaradiofm\\\/2025\\\/12\\\/10\\\/productores-en-mexico-advierten-alza-en-precio-de-carne-hacia-2026-por-gusano-barrenador-y-aranceles\\\/\"},\"wordCount\":505,\"image\":{\"@id\":\"https:\\\/\\\/www.bbmnoticias.com\\\/productores-en-mexico-advierten-alza-en-precio-de-carne-hacia-2026-por-gusano-barrenador-y-aranceles\\\/#primaryimage\"},\"thumbnailUrl\":\"https:\\\/\\\/www.bbmnoticias.com\\\/labravaradiofm\\\/wp-content\\\/uploads\\\/sites\\\/5\\\/2025\\\/12\\\/carne-gusano-barrenador-ganado-mexico.jpg\",\"articleSection\":[\"LOCAL\",\"NACIONAL\"],\"inLanguage\":\"es\"},{\"@type\":\"WebPage\",\"@id\":\"https:\\\/\\\/www.bbmnoticias.com\\\/labravaradiofm\\\/2025\\\/12\\\/10\\\/productores-en-mexico-advierten-alza-en-precio-de-carne-hacia-2026-por-gusano-barrenador-y-aranceles\\\/\",\"url\":\"https:\\\/\\\/www.bbmnoticias.com\\\/productores-en-mexico-advierten-alza-en-precio-de-carne-hacia-2026-por-gusano-barrenador-y-aranceles\\\/\",\"name\":\"Productores en M\u00e9xico advierten alza en precio de carne hacia 2026 por gusano barrenador y aranceles - LA BRAVA RADIO\",\"isPartOf\":{\"@id\":\"https:\\\/\\\/www.bbmnoticias.com\\\/labravaradiofm\\\/#website\"},\"primaryImageOfPage\":{\"@id\":\"https:\\\/\\\/www.bbmnoticias.com\\\/productores-en-mexico-advierten-alza-en-precio-de-carne-hacia-2026-por-gusano-barrenador-y-aranceles\\\/#primaryimage\"},\"image\":{\"@id\":\"https:\\\/\\\/www.bbmnoticias.com\\\/productores-en-mexico-advierten-alza-en-precio-de-carne-hacia-2026-por-gusano-barrenador-y-aranceles\\\/#primaryimage\"},\"thumbnailUrl\":\"https:\\\/\\\/www.bbmnoticias.com\\\/labravaradiofm\\\/wp-content\\\/uploads\\\/sites\\\/5\\\/2025\\\/12\\\/carne-gusano-barrenador-ganado-mexico.jpg\",\"datePublished\":\"2025-12-10T15:53:15+00:00\",\"dateModified\":\"2025-12-10T15:53:20+00:00\",\"author\":{\"@id\":\"https:\\\/\\\/www.bbmnoticias.com\\\/labravaradiofm\\\/#\\\/schema\\\/person\\\/000bdaf0a8fb5bff0d537c4d0778e33f\"},\"breadcrumb\":{\"@id\":\"https:\\\/\\\/www.bbmnoticias.com\\\/productores-en-mexico-advierten-alza-en-precio-de-carne-hacia-2026-por-gusano-barrenador-y-aranceles\\\/#breadcrumb\"},\"inLanguage\":\"es\",\"potentialAction\":[{\"@type\":\"ReadAction\",\"target\":[\"https:\\\/\\\/www.bbmnoticias.com\\\/productores-en-mexico-advierten-alza-en-precio-de-carne-hacia-2026-por-gusano-barrenador-y-aranceles\\\/\"]}]},{\"@type\":\"ImageObject\",\"inLanguage\":\"es\",\"@id\":\"https:\\\/\\\/www.bbmnoticias.com\\\/productores-en-mexico-advierten-alza-en-precio-de-carne-hacia-2026-por-gusano-barrenador-y-aranceles\\\/#primaryimage\",\"url\":\"https:\\\/\\\/www.bbmnoticias.com\\\/labravaradiofm\\\/wp-content\\\/uploads\\\/sites\\\/5\\\/2025\\\/12\\\/carne-gusano-barrenador-ganado-mexico.jpg\",\"contentUrl\":\"https:\\\/\\\/www.bbmnoticias.com\\\/labravaradiofm\\\/wp-content\\\/uploads\\\/sites\\\/5\\\/2025\\\/12\\\/carne-gusano-barrenador-ganado-mexico.jpg\",\"width\":1536,\"height\":945},{\"@type\":\"BreadcrumbList\",\"@id\":\"https:\\\/\\\/www.bbmnoticias.com\\\/productores-en-mexico-advierten-alza-en-precio-de-carne-hacia-2026-por-gusano-barrenador-y-aranceles\\\/#breadcrumb\",\"itemListElement\":[{\"@type\":\"ListItem\",\"position\":1,\"name\":\"Inicio\",\"item\":\"https:\\\/\\\/www.bbmnoticias.com\\\/labravaradiofm\\\/\"},{\"@type\":\"ListItem\",\"position\":2,\"name\":\"Productores en M\u00e9xico advierten alza en precio de carne hacia 2026 por gusano barrenador y aranceles\"}]},{\"@type\":\"WebSite\",\"@id\":\"https:\\\/\\\/www.bbmnoticias.com\\\/labravaradiofm\\\/#website\",\"url\":\"https:\\\/\\\/www.bbmnoticias.com\\\/labravaradiofm\\\/\",\"name\":\"LA BRAVA RADIO\",\"description\":\"Empresa productora de medios, Radiodifusi\u00f3n, Noticias, tendencias y todo lo que necesitas saber de la pol\u00edtica mexicana e internacional; entretenimiento, espect\u00e1culos, salud y mucho m\u00e1s.\",\"potentialAction\":[{\"@type\":\"SearchAction\",\"target\":{\"@type\":\"EntryPoint\",\"urlTemplate\":\"https:\\\/\\\/www.bbmnoticias.com\\\/labravaradiofm\\\/?s={search_term_string}\"},\"query-input\":{\"@type\":\"PropertyValueSpecification\",\"valueRequired\":true,\"valueName\":\"search_term_string\"}}],\"inLanguage\":\"es\"},{\"@type\":\"Person\",\"@id\":\"https:\\\/\\\/www.bbmnoticias.com\\\/labravaradiofm\\\/#\\\/schema\\\/person\\\/000bdaf0a8fb5bff0d537c4d0778e33f\",\"name\":\"Agencias\",\"image\":{\"@type\":\"ImageObject\",\"inLanguage\":\"es\",\"@id\":\"https:\\\/\\\/secure.gravatar.com\\\/avatar\\\/739e0b61adf9e398b425c36718c8752286da0e8cd90f20ce9a86678abc26aa0d?s=96&d=mm&r=g\",\"url\":\"https:\\\/\\\/secure.gravatar.com\\\/avatar\\\/739e0b61adf9e398b425c36718c8752286da0e8cd90f20ce9a86678abc26aa0d?s=96&d=mm&r=g\",\"contentUrl\":\"https:\\\/\\\/secure.gravatar.com\\\/avatar\\\/739e0b61adf9e398b425c36718c8752286da0e8cd90f20ce9a86678abc26aa0d?s=96&d=mm&r=g\",\"caption\":\"Agencias\"},\"url\":\"https:\\\/\\\/www.bbmnoticias.com\\\/labravaradiofm\\\/author\\\/agencias\\\/\"}]}<\/script>\n<!-- \/ Yoast SEO plugin. -->","yoast_head_json":{"title":"Productores en M\u00e9xico advierten alza en precio de carne hacia 2026 por gusano barrenador y aranceles - LA BRAVA RADIO","robots":{"index":"index","follow":"follow","max-snippet":"max-snippet:-1","max-image-preview":"max-image-preview:large","max-video-preview":"max-video-preview:-1"},"canonical":"https:\/\/www.bbmnoticias.com\/productores-en-mexico-advierten-alza-en-precio-de-carne-hacia-2026-por-gusano-barrenador-y-aranceles\/","og_locale":"es_MX","og_type":"article","og_title":"Productores en M\u00e9xico advierten alza en precio de carne hacia 2026 por gusano barrenador y aranceles - LA BRAVA RADIO","og_description":"Los precios de la carne en M\u00e9xico registran presiones hacia 2026 debido al brote del gusano barrenador del ganado (GBG), los aranceles de Estados Unidos y la exclusi\u00f3n de la prote\u00edna en el paquete antiinflacionario del Gobierno federal, advirti\u00f3 el Consejo Mexicano de la Carne (Comecarne). Durante la presentaci\u00f3n del Panorama del Sector C\u00e1rnico 2025, [&hellip;]","og_url":"https:\/\/www.bbmnoticias.com\/productores-en-mexico-advierten-alza-en-precio-de-carne-hacia-2026-por-gusano-barrenador-y-aranceles\/","og_site_name":"LA BRAVA RADIO","article_published_time":"2025-12-10T15:53:15+00:00","article_modified_time":"2025-12-10T15:53:20+00:00","og_image":[{"width":1536,"height":945,"url":"https:\/\/www.bbmnoticias.com\/labravaradiofm\/wp-content\/uploads\/sites\/5\/2025\/12\/carne-gusano-barrenador-ganado-mexico.jpg","type":"image\/jpeg"}],"author":"Agencias","twitter_card":"summary_large_image","twitter_misc":{"Escrito por":"Agencias","Tiempo de lectura":"2 minutos"},"schema":{"@context":"https:\/\/schema.org","@graph":[{"@type":"Article","@id":"https:\/\/www.bbmnoticias.com\/productores-en-mexico-advierten-alza-en-precio-de-carne-hacia-2026-por-gusano-barrenador-y-aranceles\/#article","isPartOf":{"@id":"https:\/\/www.bbmnoticias.com\/labravaradiofm\/2025\/12\/10\/productores-en-mexico-advierten-alza-en-precio-de-carne-hacia-2026-por-gusano-barrenador-y-aranceles\/"},"author":{"name":"Agencias","@id":"https:\/\/www.bbmnoticias.com\/labravaradiofm\/#\/schema\/person\/000bdaf0a8fb5bff0d537c4d0778e33f"},"headline":"Productores en M\u00e9xico advierten alza en precio de carne hacia 2026 por gusano barrenador y aranceles","datePublished":"2025-12-10T15:53:15+00:00","dateModified":"2025-12-10T15:53:20+00:00","mainEntityOfPage":{"@id":"https:\/\/www.bbmnoticias.com\/labravaradiofm\/2025\/12\/10\/productores-en-mexico-advierten-alza-en-precio-de-carne-hacia-2026-por-gusano-barrenador-y-aranceles\/"},"wordCount":505,"image":{"@id":"https:\/\/www.bbmnoticias.com\/productores-en-mexico-advierten-alza-en-precio-de-carne-hacia-2026-por-gusano-barrenador-y-aranceles\/#primaryimage"},"thumbnailUrl":"https:\/\/www.bbmnoticias.com\/labravaradiofm\/wp-content\/uploads\/sites\/5\/2025\/12\/carne-gusano-barrenador-ganado-mexico.jpg","articleSection":["LOCAL","NACIONAL"],"inLanguage":"es"},{"@type":"WebPage","@id":"https:\/\/www.bbmnoticias.com\/labravaradiofm\/2025\/12\/10\/productores-en-mexico-advierten-alza-en-precio-de-carne-hacia-2026-por-gusano-barrenador-y-aranceles\/","url":"https:\/\/www.bbmnoticias.com\/productores-en-mexico-advierten-alza-en-precio-de-carne-hacia-2026-por-gusano-barrenador-y-aranceles\/","name":"Productores en M\u00e9xico advierten alza en precio de carne hacia 2026 por gusano barrenador y aranceles - LA BRAVA RADIO","isPartOf":{"@id":"https:\/\/www.bbmnoticias.com\/labravaradiofm\/#website"},"primaryImageOfPage":{"@id":"https:\/\/www.bbmnoticias.com\/productores-en-mexico-advierten-alza-en-precio-de-carne-hacia-2026-por-gusano-barrenador-y-aranceles\/#primaryimage"},"image":{"@id":"https:\/\/www.bbmnoticias.com\/productores-en-mexico-advierten-alza-en-precio-de-carne-hacia-2026-por-gusano-barrenador-y-aranceles\/#primaryimage"},"thumbnailUrl":"https:\/\/www.bbmnoticias.com\/labravaradiofm\/wp-content\/uploads\/sites\/5\/2025\/12\/carne-gusano-barrenador-ganado-mexico.jpg","datePublished":"2025-12-10T15:53:15+00:00","dateModified":"2025-12-10T15:53:20+00:00","author":{"@id":"https:\/\/www.bbmnoticias.com\/labravaradiofm\/#\/schema\/person\/000bdaf0a8fb5bff0d537c4d0778e33f"},"breadcrumb":{"@id":"https:\/\/www.bbmnoticias.com\/productores-en-mexico-advierten-alza-en-precio-de-carne-hacia-2026-por-gusano-barrenador-y-aranceles\/#breadcrumb"},"inLanguage":"es","potentialAction":[{"@type":"ReadAction","target":["https:\/\/www.bbmnoticias.com\/productores-en-mexico-advierten-alza-en-precio-de-carne-hacia-2026-por-gusano-barrenador-y-aranceles\/"]}]},{"@type":"ImageObject","inLanguage":"es","@id":"https:\/\/www.bbmnoticias.com\/productores-en-mexico-advierten-alza-en-precio-de-carne-hacia-2026-por-gusano-barrenador-y-aranceles\/#primaryimage","url":"https:\/\/www.bbmnoticias.com\/labravaradiofm\/wp-content\/uploads\/sites\/5\/2025\/12\/carne-gusano-barrenador-ganado-mexico.jpg","contentUrl":"https:\/\/www.bbmnoticias.com\/labravaradiofm\/wp-content\/uploads\/sites\/5\/2025\/12\/carne-gusano-barrenador-ganado-mexico.jpg","width":1536,"height":945},{"@type":"BreadcrumbList","@id":"https:\/\/www.bbmnoticias.com\/productores-en-mexico-advierten-alza-en-precio-de-carne-hacia-2026-por-gusano-barrenador-y-aranceles\/#breadcrumb","itemListElement":[{"@type":"ListItem","position":1,"name":"Inicio","item":"https:\/\/www.bbmnoticias.com\/labravaradiofm\/"},{"@type":"ListItem","position":2,"name":"Productores en M\u00e9xico advierten alza en precio de carne hacia 2026 por gusano barrenador y aranceles"}]},{"@type":"WebSite","@id":"https:\/\/www.bbmnoticias.com\/labravaradiofm\/#website","url":"https:\/\/www.bbmnoticias.com\/labravaradiofm\/","name":"LA BRAVA RADIO","description":"Empresa productora de medios, Radiodifusi\u00f3n, Noticias, tendencias y todo lo que necesitas saber de la pol\u00edtica mexicana e internacional; entretenimiento, espect\u00e1culos, salud y mucho m\u00e1s.","potentialAction":[{"@type":"SearchAction","target":{"@type":"EntryPoint","urlTemplate":"https:\/\/www.bbmnoticias.com\/labravaradiofm\/?s={search_term_string}"},"query-input":{"@type":"PropertyValueSpecification","valueRequired":true,"valueName":"search_term_string"}}],"inLanguage":"es"},{"@type":"Person","@id":"https:\/\/www.bbmnoticias.com\/labravaradiofm\/#\/schema\/person\/000bdaf0a8fb5bff0d537c4d0778e33f","name":"Agencias","image":{"@type":"ImageObject","inLanguage":"es","@id":"https:\/\/secure.gravatar.com\/avatar\/739e0b61adf9e398b425c36718c8752286da0e8cd90f20ce9a86678abc26aa0d?s=96&d=mm&r=g","url":"https:\/\/secure.gravatar.com\/avatar\/739e0b61adf9e398b425c36718c8752286da0e8cd90f20ce9a86678abc26aa0d?s=96&d=mm&r=g","contentUrl":"https:\/\/secure.gravatar.com\/avatar\/739e0b61adf9e398b425c36718c8752286da0e8cd90f20ce9a86678abc26aa0d?s=96&d=mm&r=g","caption":"Agencias"},"url":"https:\/\/www.bbmnoticias.com\/labravaradiofm\/author\/agencias\/"}]}},"_links":{"self":[{"href":"https:\/\/www.bbmnoticias.com\/labravaradiofm\/wp-json\/wp\/v2\/posts\/71115","targetHints":{"allow":["GET"]}}],"collection":[{"href":"https:\/\/www.bbmnoticias.com\/labravaradiofm\/wp-json\/wp\/v2\/posts"}],"about":[{"href":"https:\/\/www.bbmnoticias.com\/labravaradiofm\/wp-json\/wp\/v2\/types\/post"}],"author":[{"embeddable":true,"href":"https:\/\/www.bbmnoticias.com\/labravaradiofm\/wp-json\/wp\/v2\/users\/4"}],"replies":[{"embeddable":true,"href":"https:\/\/www.bbmnoticias.com\/labravaradiofm\/wp-json\/wp\/v2\/comments?post=71115"}],"version-history":[{"count":0,"href":"https:\/\/www.bbmnoticias.com\/labravaradiofm\/wp-json\/wp\/v2\/posts\/71115\/revisions"}],"wp:featuredmedia":[{"embeddable":true,"href":"https:\/\/www.bbmnoticias.com\/labravaradiofm\/wp-json\/wp\/v2\/media\/71117"}],"wp:attachment":[{"href":"https:\/\/www.bbmnoticias.com\/labravaradiofm\/wp-json\/wp\/v2\/media?parent=71115"}],"wp:term":[{"taxonomy":"category","embeddable":true,"href":"https:\/\/www.bbmnoticias.com\/labravaradiofm\/wp-json\/wp\/v2\/categories?post=71115"},{"taxonomy":"post_tag","embeddable":true,"href":"https:\/\/www.bbmnoticias.com\/labravaradiofm\/wp-json\/wp\/v2\/tags?post=71115"}],"curies":[{"name":"wp","href":"https:\/\/api.w.org\/{rel}","templated":true}]}}