{"id":71112,"date":"2025-12-10T09:30:14","date_gmt":"2025-12-10T15:30:14","guid":{"rendered":"https:\/\/www.bbmnoticias.com\/labravaradiofm\/2025\/12\/10\/presentan-avances-del-plan-michoacan-por-la-paz-y-la-justicia-2\/"},"modified":"2025-12-10T09:30:48","modified_gmt":"2025-12-10T15:30:48","slug":"presentan-avances-del-plan-michoacan-por-la-paz-y-la-justicia-2","status":"publish","type":"post","link":"https:\/\/www.bbmnoticias.com\/labravaradiofm\/2025\/12\/10\/presentan-avances-del-plan-michoacan-por-la-paz-y-la-justicia-2\/","title":{"rendered":"Presentan avances del Plan Michoac\u00e1n por la Paz y la Justicia"},"content":{"rendered":"<div style=\"margin-top: 0px; margin-bottom: 0px;\" class=\"sharethis-inline-share-buttons\" ><\/div>\n<p>En la conferencia de prensa, se present\u00f3 el primer informe mensual del<strong> Plan Michoac\u00e1n por la Paz y la Justicia<\/strong> que se puso en marcha tras el homicidio de <strong>Carlos Manzo<\/strong>, <strong>alcalde de Uruapan<\/strong>.<\/p>\n\n\n\n<p><strong>Carlos Torres Rosas<\/strong>, coordinador general de <strong>Programas para el Bienestar<\/strong>, dio a conocer las actividades realizadas desde el pasado 17 de noviembre y c\u00f3mo cerrar\u00e1n el a\u00f1o cubriendo los 12 ejes y 100 acciones con el pueblo michoacano.&nbsp;<\/p>\n\n\n\n<blockquote class=\"wp-block-quote is-layout-flow wp-block-quote-is-layout-flow\">\n<p>\u201cEsta primera semana, como podr\u00e1n ver, iniciaron las ferias del bienestar, que al igual que las ferias, s\u00ed al desarme, s\u00ed a la paz, son y seguir\u00e1n siendo actividades permanentes por todo el estado. De igual manera, podemos observar que comenz\u00f3 la actividad del Instituto Mexicano de la Juventud, estrat\u00e9gico porque fortalecer la participaci\u00f3n de las personas j\u00f3venes es un eje central de este plan.<\/p>\n<\/blockquote>\n\n\n\n<p>\u201c217 di\u00e1logos por la paz y un tequip se realizaron en esta semana con 14 mil ciento 42 participantes en varios municipios. La Secretar\u00eda de Ciencia, Humanidades, Tecnolog\u00eda e Innovaci\u00f3n inici\u00f3 con actividades de promoci\u00f3n y difusi\u00f3n del conocimiento. Y la Comisi\u00f3n Federal de Electricidad trajo beneficios directos e inmediatos para la comunidad, con la conclusi\u00f3n de 16 obras de electrificaci\u00f3n en 14 municipios\u201d, a\u00f1adi\u00f3.<\/p>\n\n\n\n<p>Se\u00f1al\u00f3 que del 24 al 30 de noviembre se realizaron las visitas cada por casa y se promovi\u00f3 las asambleas informativas en universidades para informar sobre la beca Gertrudis Bocanegra.<\/p>\n\n\n\n<figure class=\"wp-block-image\"><img decoding=\"async\" src=\"https:\/\/heraldodemexico.com.mx\/u\/fotografias\/m\/2025\/12\/10\/f768x1-1220286_1220413_5050.png\" alt=\"\"\/><figcaption class=\"wp-element-caption\">Actividades de Plan Muchoac\u00e1n | Gobierno de M\u00e9xico<\/figcaption><\/figure>\n\n\n\n<p>Torres Rosas dijo que la semana que entra iniciar\u00e1 el registro de estudiantes de nivel superior a la plataforma digital para acceder a la <strong>beca Gertrudis Bocanegra<\/strong>, apoyo que fortalece la permanencia escolar en el estado.&nbsp;<\/p>\n\n\n\n<p>\u201cEn la regi\u00f3n Pur\u00e9pecha se realizar\u00e1 la entrega de tarjetas de la pensi\u00f3n para adultos mayores del programa Ni\u00f1as y Ni\u00f1os y de Sembrando Vida. Continuar\u00e1n las ferias del bienestar por diversos municipios y el recorrido del libro bus\u201d, a\u00f1adi\u00f3.<\/p>\n\n\n\n<p>Se\u00f1al\u00f3 que semana tambi\u00e9n se presentar\u00e1 el <strong>certificado laboral<\/strong> de <strong>agroexportaci\u00f3n <\/strong>que busca que las y los trabajadores agr\u00edcolas tengan condiciones justas, que los procesos sean seguros y que la producci\u00f3n se realice sin afectar los bosques ni abusar de los recursos naturales.&nbsp;<\/p>\n\n\n\n<p>\u201cY ya hacia el cierre del a\u00f1o la Conagua estar\u00e1 concluyendo obras h\u00eddricas para las poblaciones de Tanganc\u00edcuaro y Turicato, mientras que la CFE estar\u00e1 concluyendo 15 obras de electrificaci\u00f3n m\u00e1s en cinco municipios\u201d, agreg\u00f3.<\/p>\n\n\n\n<h2 class=\"wp-block-heading\">Brindan 74 mil 236 atenciones en Michoac\u00e1n<\/h2>\n\n\n\n<p>Como parte del <strong>Plan Michoac\u00e1n por la Paz y la Justicia<\/strong>, el <strong>Gobierno de M\u00e9xico<\/strong> ha brindado m\u00e1s de 70 mil atenciones a la poblaci\u00f3n. Hasta el momento, se han llevado a cabo seis ferias, inform\u00f3 la Secretaria de Gobernaci\u00f3n, Rosa Icela Rodr\u00edguez.<\/p>\n\n\n\n<blockquote class=\"wp-block-quote is-layout-flow wp-block-quote-is-layout-flow\">\n<p>\u201cEn esta primera etapa, a trav\u00e9s de siete ferias, hemos brindado atenci\u00f3n a 74 mil 236 con programas y servicios a la poblaci\u00f3n de Michoac\u00e1n. Seguiremos hasta concluir las 13 ferias programadas para este a\u00f1o (&#8230;)&nbsp;<\/p>\n<\/blockquote>\n\n\n\n<p>\u201cLa respuesta de la poblaci\u00f3n al momento ha sido extraordinaria, muchas gracias por recibirnos en sus comunidades. Y como lo instruy\u00f3 la Presidenta: seguiremos trabajando para ustedes\u201d, inform\u00f3 Rodr\u00edguez en la Ma\u00f1anera de este 10 de diciembre.<br>53 dependencias del Gobierno de M\u00e9xico, en conjunto con el Gobierno estatal y autoridades municipales para atender a la poblaci\u00f3n en tr\u00e1mites, servicios o incorporaci\u00f3n de programas sociales.<\/p>\n\n\n\n<p>En Uruapan, Zamora, Jiquilpan, Hidalgo, entre otros municipios michoacanos, se realizar\u00e1n Ferias del Bienestar en lo que resta de diciembre.<\/p>\n\n\n\n<h2 class=\"wp-block-heading\">Definen m\u00e9todos de evaluaci\u00f3n de los avances del Plan Michoac\u00e1n<\/h2>\n\n\n\n<p>Para definir los avances del Plan Michoac\u00e1n por la Paz y la Justica, se definieron m\u00e9todos de evaluaci\u00f3n. La Presidenta Claudia Sheinbaum explic\u00f3 que hay tanto indicadores como encuestas para saber el sentir de la poblaci\u00f3n.<\/p>\n\n\n\n<p>\u201cUsamos dos mecanismos: una, el propio plan tiene sus indicadores y dos encuestas que nos ayudan a saber la percepci\u00f3n de la poblaci\u00f3n, respecto al plan, respecto a alg\u00fan servicio o en el caso de la seguridad tambi\u00e9n.<\/p>\n\n\n\n<p>\u201cHay indicadores del plan, le damos seguimiento a los compromisos que hicimos con la poblaci\u00f3n y adem\u00e1s hacemos encuestas que nos dicen el sentimiento de la gente\u201d, inform\u00f3 en la Ma\u00f1anera de este 10 de diciembre.<\/p>\n\n\n\n<p>Mientras que la Secretaria de Bienestar, Ariadna Montiel, explic\u00f3 el censo que van aplicando casa por casa. Hace un mes, Sheinbaum &nbsp;present\u00f3 los 12 ejes del Plan Michoac\u00e1n por la Paz y la Justicia, una estrategia integral con m\u00e1s de 100 acciones y una inversi\u00f3n de m\u00e1s de 57 mil millones de pesos, incluyendo inversi\u00f3n mixta, que parte de la convicci\u00f3n profunda de que la seguridad se sostiene garantizando los derechos del pueblo a la educaci\u00f3n, a la salud, a la vivienda y al empleo digno para el desarrollo con justicia y bienestar.&nbsp;<\/p>\n\n\n\n<p>Adem\u00e1s, se\u00f1al\u00f3 que en 2026 se destinar\u00e1n 37 mil 450 millones de pesos en becas y programas para el Bienestar en beneficio de 1.5 millones de michoacanas y michoacanos. Dicha estrategia se implement\u00f3 a ra\u00edz del asesinato del Alcalde de Uruapan, Carlos Manzo.<\/p>\n","protected":false},"excerpt":{"rendered":"<p>En la conferencia de prensa, se present\u00f3 el primer informe mensual del Plan Michoac\u00e1n por la Paz y la Justicia que se puso en marcha tras el homicidio de Carlos Manzo, alcalde de Uruapan. Carlos Torres Rosas, coordinador general de Programas para el Bienestar, dio a conocer las actividades realizadas desde el pasado 17 de [&hellip;]<\/p>\n","protected":false},"author":4,"featured_media":71114,"comment_status":"closed","ping_status":"","sticky":false,"template":"","format":"standard","meta":{"footnotes":""},"categories":[2,19],"tags":[],"class_list":{"0":"post-71112","1":"post","2":"type-post","3":"status-publish","4":"format-standard","5":"has-post-thumbnail","7":"category-oaxaca","8":"category-nacional"},"yoast_head":"<!-- This site is optimized with the Yoast SEO plugin v27.4 - https:\/\/yoast.com\/product\/yoast-seo-wordpress\/ -->\n<title>Presentan avances del Plan Michoac\u00e1n por la Paz y la Justicia - LA BRAVA RADIO<\/title>\n<meta name=\"robots\" content=\"index, follow, max-snippet:-1, max-image-preview:large, max-video-preview:-1\" \/>\n<link rel=\"canonical\" href=\"https:\/\/www.bbmnoticias.com\/presentan-avances-del-plan-michoacan-por-la-paz-y-la-justicia-2\/\" \/>\n<meta property=\"og:locale\" content=\"es_MX\" \/>\n<meta property=\"og:type\" content=\"article\" \/>\n<meta property=\"og:title\" content=\"Presentan avances del Plan Michoac\u00e1n por la Paz y la Justicia - LA BRAVA RADIO\" \/>\n<meta property=\"og:description\" content=\"En la conferencia de prensa, se present\u00f3 el primer informe mensual del Plan Michoac\u00e1n por la Paz y la Justicia que se puso en marcha tras el homicidio de Carlos Manzo, alcalde de Uruapan. Carlos Torres Rosas, coordinador general de Programas para el Bienestar, dio a conocer las actividades realizadas desde el pasado 17 de [&hellip;]\" \/>\n<meta property=\"og:url\" content=\"https:\/\/www.bbmnoticias.com\/presentan-avances-del-plan-michoacan-por-la-paz-y-la-justicia-2\/\" \/>\n<meta property=\"og:site_name\" content=\"LA BRAVA RADIO\" \/>\n<meta property=\"article:published_time\" content=\"2025-12-10T15:30:14+00:00\" \/>\n<meta property=\"article:modified_time\" content=\"2025-12-10T15:30:48+00:00\" \/>\n<meta property=\"og:image\" content=\"https:\/\/www.bbmnoticias.com\/labravaradiofm\/wp-content\/uploads\/sites\/5\/2025\/12\/plan_michoacan.jpg\" \/>\n\t<meta property=\"og:image:width\" content=\"848\" \/>\n\t<meta property=\"og:image:height\" content=\"477\" \/>\n\t<meta property=\"og:image:type\" content=\"image\/jpeg\" \/>\n<meta name=\"author\" content=\"Agencias\" \/>\n<meta name=\"twitter:card\" content=\"summary_large_image\" \/>\n<meta name=\"twitter:label1\" content=\"Escrito por\" \/>\n\t<meta name=\"twitter:data1\" content=\"Agencias\" \/>\n\t<meta name=\"twitter:label2\" content=\"Tiempo de lectura\" \/>\n\t<meta name=\"twitter:data2\" content=\"4 minutos\" \/>\n<script type=\"application\/ld+json\" class=\"yoast-schema-graph\">{\"@context\":\"https:\\\/\\\/schema.org\",\"@graph\":[{\"@type\":\"Article\",\"@id\":\"https:\\\/\\\/www.bbmnoticias.com\\\/presentan-avances-del-plan-michoacan-por-la-paz-y-la-justicia-2\\\/#article\",\"isPartOf\":{\"@id\":\"https:\\\/\\\/www.bbmnoticias.com\\\/labravaradiofm\\\/2025\\\/12\\\/10\\\/presentan-avances-del-plan-michoacan-por-la-paz-y-la-justicia-2\\\/\"},\"author\":{\"name\":\"Agencias\",\"@id\":\"https:\\\/\\\/www.bbmnoticias.com\\\/labravaradiofm\\\/#\\\/schema\\\/person\\\/000bdaf0a8fb5bff0d537c4d0778e33f\"},\"headline\":\"Presentan avances del Plan Michoac\u00e1n por la Paz y la Justicia\",\"datePublished\":\"2025-12-10T15:30:14+00:00\",\"dateModified\":\"2025-12-10T15:30:48+00:00\",\"mainEntityOfPage\":{\"@id\":\"https:\\\/\\\/www.bbmnoticias.com\\\/labravaradiofm\\\/2025\\\/12\\\/10\\\/presentan-avances-del-plan-michoacan-por-la-paz-y-la-justicia-2\\\/\"},\"wordCount\":894,\"image\":{\"@id\":\"https:\\\/\\\/www.bbmnoticias.com\\\/presentan-avances-del-plan-michoacan-por-la-paz-y-la-justicia-2\\\/#primaryimage\"},\"thumbnailUrl\":\"https:\\\/\\\/www.bbmnoticias.com\\\/labravaradiofm\\\/wp-content\\\/uploads\\\/sites\\\/5\\\/2025\\\/12\\\/plan_michoacan.jpg\",\"articleSection\":[\"LOCAL\",\"NACIONAL\"],\"inLanguage\":\"es\"},{\"@type\":\"WebPage\",\"@id\":\"https:\\\/\\\/www.bbmnoticias.com\\\/labravaradiofm\\\/2025\\\/12\\\/10\\\/presentan-avances-del-plan-michoacan-por-la-paz-y-la-justicia-2\\\/\",\"url\":\"https:\\\/\\\/www.bbmnoticias.com\\\/presentan-avances-del-plan-michoacan-por-la-paz-y-la-justicia-2\\\/\",\"name\":\"Presentan avances del Plan Michoac\u00e1n por la Paz y la Justicia - LA BRAVA RADIO\",\"isPartOf\":{\"@id\":\"https:\\\/\\\/www.bbmnoticias.com\\\/labravaradiofm\\\/#website\"},\"primaryImageOfPage\":{\"@id\":\"https:\\\/\\\/www.bbmnoticias.com\\\/presentan-avances-del-plan-michoacan-por-la-paz-y-la-justicia-2\\\/#primaryimage\"},\"image\":{\"@id\":\"https:\\\/\\\/www.bbmnoticias.com\\\/presentan-avances-del-plan-michoacan-por-la-paz-y-la-justicia-2\\\/#primaryimage\"},\"thumbnailUrl\":\"https:\\\/\\\/www.bbmnoticias.com\\\/labravaradiofm\\\/wp-content\\\/uploads\\\/sites\\\/5\\\/2025\\\/12\\\/plan_michoacan.jpg\",\"datePublished\":\"2025-12-10T15:30:14+00:00\",\"dateModified\":\"2025-12-10T15:30:48+00:00\",\"author\":{\"@id\":\"https:\\\/\\\/www.bbmnoticias.com\\\/labravaradiofm\\\/#\\\/schema\\\/person\\\/000bdaf0a8fb5bff0d537c4d0778e33f\"},\"breadcrumb\":{\"@id\":\"https:\\\/\\\/www.bbmnoticias.com\\\/presentan-avances-del-plan-michoacan-por-la-paz-y-la-justicia-2\\\/#breadcrumb\"},\"inLanguage\":\"es\",\"potentialAction\":[{\"@type\":\"ReadAction\",\"target\":[\"https:\\\/\\\/www.bbmnoticias.com\\\/presentan-avances-del-plan-michoacan-por-la-paz-y-la-justicia-2\\\/\"]}]},{\"@type\":\"ImageObject\",\"inLanguage\":\"es\",\"@id\":\"https:\\\/\\\/www.bbmnoticias.com\\\/presentan-avances-del-plan-michoacan-por-la-paz-y-la-justicia-2\\\/#primaryimage\",\"url\":\"https:\\\/\\\/www.bbmnoticias.com\\\/labravaradiofm\\\/wp-content\\\/uploads\\\/sites\\\/5\\\/2025\\\/12\\\/plan_michoacan.jpg\",\"contentUrl\":\"https:\\\/\\\/www.bbmnoticias.com\\\/labravaradiofm\\\/wp-content\\\/uploads\\\/sites\\\/5\\\/2025\\\/12\\\/plan_michoacan.jpg\",\"width\":848,\"height\":477},{\"@type\":\"BreadcrumbList\",\"@id\":\"https:\\\/\\\/www.bbmnoticias.com\\\/presentan-avances-del-plan-michoacan-por-la-paz-y-la-justicia-2\\\/#breadcrumb\",\"itemListElement\":[{\"@type\":\"ListItem\",\"position\":1,\"name\":\"Inicio\",\"item\":\"https:\\\/\\\/www.bbmnoticias.com\\\/labravaradiofm\\\/\"},{\"@type\":\"ListItem\",\"position\":2,\"name\":\"Presentan avances del Plan Michoac\u00e1n por la Paz y la Justicia\"}]},{\"@type\":\"WebSite\",\"@id\":\"https:\\\/\\\/www.bbmnoticias.com\\\/labravaradiofm\\\/#website\",\"url\":\"https:\\\/\\\/www.bbmnoticias.com\\\/labravaradiofm\\\/\",\"name\":\"LA BRAVA RADIO\",\"description\":\"Empresa productora de medios, Radiodifusi\u00f3n, Noticias, tendencias y todo lo que necesitas saber de la pol\u00edtica mexicana e internacional; entretenimiento, espect\u00e1culos, salud y mucho m\u00e1s.\",\"potentialAction\":[{\"@type\":\"SearchAction\",\"target\":{\"@type\":\"EntryPoint\",\"urlTemplate\":\"https:\\\/\\\/www.bbmnoticias.com\\\/labravaradiofm\\\/?s={search_term_string}\"},\"query-input\":{\"@type\":\"PropertyValueSpecification\",\"valueRequired\":true,\"valueName\":\"search_term_string\"}}],\"inLanguage\":\"es\"},{\"@type\":\"Person\",\"@id\":\"https:\\\/\\\/www.bbmnoticias.com\\\/labravaradiofm\\\/#\\\/schema\\\/person\\\/000bdaf0a8fb5bff0d537c4d0778e33f\",\"name\":\"Agencias\",\"image\":{\"@type\":\"ImageObject\",\"inLanguage\":\"es\",\"@id\":\"https:\\\/\\\/secure.gravatar.com\\\/avatar\\\/739e0b61adf9e398b425c36718c8752286da0e8cd90f20ce9a86678abc26aa0d?s=96&d=mm&r=g\",\"url\":\"https:\\\/\\\/secure.gravatar.com\\\/avatar\\\/739e0b61adf9e398b425c36718c8752286da0e8cd90f20ce9a86678abc26aa0d?s=96&d=mm&r=g\",\"contentUrl\":\"https:\\\/\\\/secure.gravatar.com\\\/avatar\\\/739e0b61adf9e398b425c36718c8752286da0e8cd90f20ce9a86678abc26aa0d?s=96&d=mm&r=g\",\"caption\":\"Agencias\"},\"url\":\"https:\\\/\\\/www.bbmnoticias.com\\\/labravaradiofm\\\/author\\\/agencias\\\/\"}]}<\/script>\n<!-- \/ Yoast SEO plugin. -->","yoast_head_json":{"title":"Presentan avances del Plan Michoac\u00e1n por la Paz y la Justicia - LA BRAVA RADIO","robots":{"index":"index","follow":"follow","max-snippet":"max-snippet:-1","max-image-preview":"max-image-preview:large","max-video-preview":"max-video-preview:-1"},"canonical":"https:\/\/www.bbmnoticias.com\/presentan-avances-del-plan-michoacan-por-la-paz-y-la-justicia-2\/","og_locale":"es_MX","og_type":"article","og_title":"Presentan avances del Plan Michoac\u00e1n por la Paz y la Justicia - LA BRAVA RADIO","og_description":"En la conferencia de prensa, se present\u00f3 el primer informe mensual del Plan Michoac\u00e1n por la Paz y la Justicia que se puso en marcha tras el homicidio de Carlos Manzo, alcalde de Uruapan. Carlos Torres Rosas, coordinador general de Programas para el Bienestar, dio a conocer las actividades realizadas desde el pasado 17 de [&hellip;]","og_url":"https:\/\/www.bbmnoticias.com\/presentan-avances-del-plan-michoacan-por-la-paz-y-la-justicia-2\/","og_site_name":"LA BRAVA RADIO","article_published_time":"2025-12-10T15:30:14+00:00","article_modified_time":"2025-12-10T15:30:48+00:00","og_image":[{"width":848,"height":477,"url":"https:\/\/www.bbmnoticias.com\/labravaradiofm\/wp-content\/uploads\/sites\/5\/2025\/12\/plan_michoacan.jpg","type":"image\/jpeg"}],"author":"Agencias","twitter_card":"summary_large_image","twitter_misc":{"Escrito por":"Agencias","Tiempo de lectura":"4 minutos"},"schema":{"@context":"https:\/\/schema.org","@graph":[{"@type":"Article","@id":"https:\/\/www.bbmnoticias.com\/presentan-avances-del-plan-michoacan-por-la-paz-y-la-justicia-2\/#article","isPartOf":{"@id":"https:\/\/www.bbmnoticias.com\/labravaradiofm\/2025\/12\/10\/presentan-avances-del-plan-michoacan-por-la-paz-y-la-justicia-2\/"},"author":{"name":"Agencias","@id":"https:\/\/www.bbmnoticias.com\/labravaradiofm\/#\/schema\/person\/000bdaf0a8fb5bff0d537c4d0778e33f"},"headline":"Presentan avances del Plan Michoac\u00e1n por la Paz y la Justicia","datePublished":"2025-12-10T15:30:14+00:00","dateModified":"2025-12-10T15:30:48+00:00","mainEntityOfPage":{"@id":"https:\/\/www.bbmnoticias.com\/labravaradiofm\/2025\/12\/10\/presentan-avances-del-plan-michoacan-por-la-paz-y-la-justicia-2\/"},"wordCount":894,"image":{"@id":"https:\/\/www.bbmnoticias.com\/presentan-avances-del-plan-michoacan-por-la-paz-y-la-justicia-2\/#primaryimage"},"thumbnailUrl":"https:\/\/www.bbmnoticias.com\/labravaradiofm\/wp-content\/uploads\/sites\/5\/2025\/12\/plan_michoacan.jpg","articleSection":["LOCAL","NACIONAL"],"inLanguage":"es"},{"@type":"WebPage","@id":"https:\/\/www.bbmnoticias.com\/labravaradiofm\/2025\/12\/10\/presentan-avances-del-plan-michoacan-por-la-paz-y-la-justicia-2\/","url":"https:\/\/www.bbmnoticias.com\/presentan-avances-del-plan-michoacan-por-la-paz-y-la-justicia-2\/","name":"Presentan avances del Plan Michoac\u00e1n por la Paz y la Justicia - LA BRAVA RADIO","isPartOf":{"@id":"https:\/\/www.bbmnoticias.com\/labravaradiofm\/#website"},"primaryImageOfPage":{"@id":"https:\/\/www.bbmnoticias.com\/presentan-avances-del-plan-michoacan-por-la-paz-y-la-justicia-2\/#primaryimage"},"image":{"@id":"https:\/\/www.bbmnoticias.com\/presentan-avances-del-plan-michoacan-por-la-paz-y-la-justicia-2\/#primaryimage"},"thumbnailUrl":"https:\/\/www.bbmnoticias.com\/labravaradiofm\/wp-content\/uploads\/sites\/5\/2025\/12\/plan_michoacan.jpg","datePublished":"2025-12-10T15:30:14+00:00","dateModified":"2025-12-10T15:30:48+00:00","author":{"@id":"https:\/\/www.bbmnoticias.com\/labravaradiofm\/#\/schema\/person\/000bdaf0a8fb5bff0d537c4d0778e33f"},"breadcrumb":{"@id":"https:\/\/www.bbmnoticias.com\/presentan-avances-del-plan-michoacan-por-la-paz-y-la-justicia-2\/#breadcrumb"},"inLanguage":"es","potentialAction":[{"@type":"ReadAction","target":["https:\/\/www.bbmnoticias.com\/presentan-avances-del-plan-michoacan-por-la-paz-y-la-justicia-2\/"]}]},{"@type":"ImageObject","inLanguage":"es","@id":"https:\/\/www.bbmnoticias.com\/presentan-avances-del-plan-michoacan-por-la-paz-y-la-justicia-2\/#primaryimage","url":"https:\/\/www.bbmnoticias.com\/labravaradiofm\/wp-content\/uploads\/sites\/5\/2025\/12\/plan_michoacan.jpg","contentUrl":"https:\/\/www.bbmnoticias.com\/labravaradiofm\/wp-content\/uploads\/sites\/5\/2025\/12\/plan_michoacan.jpg","width":848,"height":477},{"@type":"BreadcrumbList","@id":"https:\/\/www.bbmnoticias.com\/presentan-avances-del-plan-michoacan-por-la-paz-y-la-justicia-2\/#breadcrumb","itemListElement":[{"@type":"ListItem","position":1,"name":"Inicio","item":"https:\/\/www.bbmnoticias.com\/labravaradiofm\/"},{"@type":"ListItem","position":2,"name":"Presentan avances del Plan Michoac\u00e1n por la Paz y la Justicia"}]},{"@type":"WebSite","@id":"https:\/\/www.bbmnoticias.com\/labravaradiofm\/#website","url":"https:\/\/www.bbmnoticias.com\/labravaradiofm\/","name":"LA BRAVA RADIO","description":"Empresa productora de medios, Radiodifusi\u00f3n, Noticias, tendencias y todo lo que necesitas saber de la pol\u00edtica mexicana e internacional; entretenimiento, espect\u00e1culos, salud y mucho m\u00e1s.","potentialAction":[{"@type":"SearchAction","target":{"@type":"EntryPoint","urlTemplate":"https:\/\/www.bbmnoticias.com\/labravaradiofm\/?s={search_term_string}"},"query-input":{"@type":"PropertyValueSpecification","valueRequired":true,"valueName":"search_term_string"}}],"inLanguage":"es"},{"@type":"Person","@id":"https:\/\/www.bbmnoticias.com\/labravaradiofm\/#\/schema\/person\/000bdaf0a8fb5bff0d537c4d0778e33f","name":"Agencias","image":{"@type":"ImageObject","inLanguage":"es","@id":"https:\/\/secure.gravatar.com\/avatar\/739e0b61adf9e398b425c36718c8752286da0e8cd90f20ce9a86678abc26aa0d?s=96&d=mm&r=g","url":"https:\/\/secure.gravatar.com\/avatar\/739e0b61adf9e398b425c36718c8752286da0e8cd90f20ce9a86678abc26aa0d?s=96&d=mm&r=g","contentUrl":"https:\/\/secure.gravatar.com\/avatar\/739e0b61adf9e398b425c36718c8752286da0e8cd90f20ce9a86678abc26aa0d?s=96&d=mm&r=g","caption":"Agencias"},"url":"https:\/\/www.bbmnoticias.com\/labravaradiofm\/author\/agencias\/"}]}},"_links":{"self":[{"href":"https:\/\/www.bbmnoticias.com\/labravaradiofm\/wp-json\/wp\/v2\/posts\/71112","targetHints":{"allow":["GET"]}}],"collection":[{"href":"https:\/\/www.bbmnoticias.com\/labravaradiofm\/wp-json\/wp\/v2\/posts"}],"about":[{"href":"https:\/\/www.bbmnoticias.com\/labravaradiofm\/wp-json\/wp\/v2\/types\/post"}],"author":[{"embeddable":true,"href":"https:\/\/www.bbmnoticias.com\/labravaradiofm\/wp-json\/wp\/v2\/users\/4"}],"replies":[{"embeddable":true,"href":"https:\/\/www.bbmnoticias.com\/labravaradiofm\/wp-json\/wp\/v2\/comments?post=71112"}],"version-history":[{"count":0,"href":"https:\/\/www.bbmnoticias.com\/labravaradiofm\/wp-json\/wp\/v2\/posts\/71112\/revisions"}],"wp:featuredmedia":[{"embeddable":true,"href":"https:\/\/www.bbmnoticias.com\/labravaradiofm\/wp-json\/wp\/v2\/media\/71114"}],"wp:attachment":[{"href":"https:\/\/www.bbmnoticias.com\/labravaradiofm\/wp-json\/wp\/v2\/media?parent=71112"}],"wp:term":[{"taxonomy":"category","embeddable":true,"href":"https:\/\/www.bbmnoticias.com\/labravaradiofm\/wp-json\/wp\/v2\/categories?post=71112"},{"taxonomy":"post_tag","embeddable":true,"href":"https:\/\/www.bbmnoticias.com\/labravaradiofm\/wp-json\/wp\/v2\/tags?post=71112"}],"curies":[{"name":"wp","href":"https:\/\/api.w.org\/{rel}","templated":true}]}}