{"id":71103,"date":"2025-12-10T08:39:50","date_gmt":"2025-12-10T14:39:50","guid":{"rendered":"https:\/\/www.bbmnoticias.com\/labravaradiofm\/2025\/12\/10\/se-preve-disminucion-de-lluvias-y-aumento-de-radiacion-solar-en-gran-parte-de-oaxaca\/"},"modified":"2025-12-10T08:39:53","modified_gmt":"2025-12-10T14:39:53","slug":"se-preve-disminucion-de-lluvias-y-aumento-de-radiacion-solar-en-gran-parte-de-oaxaca","status":"publish","type":"post","link":"https:\/\/www.bbmnoticias.com\/labravaradiofm\/2025\/12\/10\/se-preve-disminucion-de-lluvias-y-aumento-de-radiacion-solar-en-gran-parte-de-oaxaca\/","title":{"rendered":"Se prev\u00e9 disminuci\u00f3n de lluvias y aumento de radiaci\u00f3n solar en gran parte de Oaxaca"},"content":{"rendered":"<div style=\"margin-top: 0px; margin-bottom: 0px;\" class=\"sharethis-inline-share-buttons\" ><\/div>\n<p>Oaxaca de Ju\u00e1rez, Oax.- La Coordinaci\u00f3n Estatal de Protecci\u00f3n Civil y Gesti\u00f3n de Riesgos (CEPCyGR) informa que la masa de aire fr\u00edo continuar\u00e1 desplaz\u00e1ndose hacia el este, lo que permitir\u00e1 una recuperaci\u00f3n gradual en la temperatura y una disminuci\u00f3n en las lluvias.<\/p>\n\n\n\n<figure class=\"wp-block-embed is-type-rich is-provider-twitter wp-block-embed-twitter\"><div class=\"wp-block-embed__wrapper\">\n<blockquote class=\"twitter-tweet\" data-width=\"550\" data-dnt=\"true\"><p lang=\"es\" dir=\"ltr\">\ud83e\udd13 \u00a1Excelente mi\u00e9rcoles!<br><br>\u26c5\ufe0f\u26c8\ufe0f Consulta el <a href=\"https:\/\/twitter.com\/hashtag\/Pron%C3%B3stico?src=hash&amp;ref_src=twsrc%5Etfw\">#Pron\u00f3stico<\/a> <a href=\"https:\/\/twitter.com\/hashtag\/Meteorol%C3%B3gico?src=hash&amp;ref_src=twsrc%5Etfw\">#Meteorol\u00f3gico<\/a> General de las 06:00 horas, en el siguiente enlace. \ud83d\udc47<a href=\"https:\/\/t.co\/R8Yan9vLdN\">https:\/\/t.co\/R8Yan9vLdN<\/a> <a href=\"https:\/\/t.co\/JIFetIr734\">pic.twitter.com\/JIFetIr734<\/a><\/p>&mdash; CONAGUA Clima (@conagua_clima) <a href=\"https:\/\/twitter.com\/conagua_clima\/status\/1998727891568214039?ref_src=twsrc%5Etfw\">December 10, 2025<\/a><\/blockquote><script async src=\"https:\/\/platform.twitter.com\/widgets.js\" charset=\"utf-8\"><\/script>\n<\/div><\/figure>\n\n\n\n<p>De igual forma, los vientos del norte presentar\u00e1n una reducci\u00f3n en su intensidad; no obstante, se prev\u00e9n rachas de 70 a 80 kil\u00f3metros por hora en el oriente del Istmo y Golfo de Tehuantepec.<\/p>\n\n\n\n<p>El aire fr\u00edo permanecer\u00e1 alojado en zonas altas de la Mixteca, Sierra de Ju\u00e1rez, Sierra Sur y Sierra de Flores Mag\u00f3n, donde persistir\u00e1 un ambiente fresco a fr\u00edo, aunque con un aumento sensible de la temperatura en comparaci\u00f3n con d\u00edas anteriores.<\/p>\n\n\n\n<p>De acuerdo con el pron\u00f3stico del tiempo emitido por la Comisi\u00f3n Nacional del Agua (Conagua), el frente fr\u00edo n\u00famero 19 se mantendr\u00e1 casi estacionario sobre la Pen\u00ednsula de Yucat\u00e1n, con un movimiento oscilatorio y tendencia a debilitarse en las pr\u00f3ximas horas, lo que favorecer\u00e1 una menor nubosidad y un incremento en la radiaci\u00f3n solar.<\/p>\n\n\n\n<p>Por otro lado, se prev\u00e9 que un anticicl\u00f3n continental se establezca durante el fin de semana, lo que favorecer\u00e1 un nuevo reforzamiento de los vientos del norte.<\/p>\n\n\n\n<p>Las temperaturas para este d\u00eda son las siguientes:<\/p>\n\n\n\n<p>\u2022Valles Centrales, m\u00ednima de 9 y m\u00e1xima de 27 grados.<br>\u2022Istmo de Tehuantepec, m\u00ednima de 20 y m\u00e1xima de 33 grados.<br>\u2022Cuenca del Papaloapan, m\u00ednima de 17 y m\u00e1xima de 28 grados.<br>\u2022Costa, m\u00ednima de 23 y m\u00e1xima de 33 grados.<br>\u2022Mixteca, m\u00ednima de 8 y m\u00e1xima de 26 grados.<br>\u2022Sierra de Flores Mag\u00f3n, m\u00ednima de 13 y m\u00e1xima de 31 grados.<br>\u2022Sierra de Ju\u00e1rez, m\u00ednima de 6 y m\u00e1xima de 24 grados.<br>\u2022Sierra Sur, m\u00ednima de 8 y m\u00e1xima de 26 grados.<\/p>\n\n\n\n<p>Se exhorta a la poblaci\u00f3n atender las recomendaciones de Protecci\u00f3n Civil y<br>Capitan\u00edas de Puerto, as\u00ed como a mantenerse informada de las condiciones<br>meteorol\u00f3gicas a trav\u00e9s de los medios y redes sociales oficiales: Facebook<br>@CEPCYGRGobOax y en X @CEPCyGR_GobOax.<\/p>\n","protected":false},"excerpt":{"rendered":"<p>Oaxaca de Ju\u00e1rez, Oax.- La Coordinaci\u00f3n Estatal de Protecci\u00f3n Civil y Gesti\u00f3n de Riesgos (CEPCyGR) informa que la masa de aire fr\u00edo continuar\u00e1 desplaz\u00e1ndose hacia el este, lo que permitir\u00e1 una recuperaci\u00f3n gradual en la temperatura y una disminuci\u00f3n en las lluvias. De igual forma, los vientos del norte presentar\u00e1n una reducci\u00f3n en su intensidad; [&hellip;]<\/p>\n","protected":false},"author":2,"featured_media":71105,"comment_status":"closed","ping_status":"","sticky":false,"template":"","format":"standard","meta":{"footnotes":""},"categories":[2],"tags":[],"class_list":{"0":"post-71103","1":"post","2":"type-post","3":"status-publish","4":"format-standard","5":"has-post-thumbnail","7":"category-oaxaca"},"yoast_head":"<!-- This site is optimized with the Yoast SEO plugin v27.4 - https:\/\/yoast.com\/product\/yoast-seo-wordpress\/ -->\n<title>Se prev\u00e9 disminuci\u00f3n de lluvias y aumento de radiaci\u00f3n solar en gran parte de Oaxaca - LA BRAVA RADIO<\/title>\n<meta name=\"robots\" content=\"index, follow, max-snippet:-1, max-image-preview:large, max-video-preview:-1\" \/>\n<link rel=\"canonical\" href=\"https:\/\/www.bbmnoticias.com\/se-preve-disminucion-de-lluvias-y-aumento-de-radiacion-solar-en-gran-parte-de-oaxaca\/\" \/>\n<meta property=\"og:locale\" content=\"es_MX\" \/>\n<meta property=\"og:type\" content=\"article\" \/>\n<meta property=\"og:title\" content=\"Se prev\u00e9 disminuci\u00f3n de lluvias y aumento de radiaci\u00f3n solar en gran parte de Oaxaca - LA BRAVA RADIO\" \/>\n<meta property=\"og:description\" content=\"Oaxaca de Ju\u00e1rez, Oax.- La Coordinaci\u00f3n Estatal de Protecci\u00f3n Civil y Gesti\u00f3n de Riesgos (CEPCyGR) informa que la masa de aire fr\u00edo continuar\u00e1 desplaz\u00e1ndose hacia el este, lo que permitir\u00e1 una recuperaci\u00f3n gradual en la temperatura y una disminuci\u00f3n en las lluvias. De igual forma, los vientos del norte presentar\u00e1n una reducci\u00f3n en su intensidad; [&hellip;]\" \/>\n<meta property=\"og:url\" content=\"https:\/\/www.bbmnoticias.com\/se-preve-disminucion-de-lluvias-y-aumento-de-radiacion-solar-en-gran-parte-de-oaxaca\/\" \/>\n<meta property=\"og:site_name\" content=\"LA BRAVA RADIO\" \/>\n<meta property=\"article:published_time\" content=\"2025-12-10T14:39:50+00:00\" \/>\n<meta property=\"article:modified_time\" content=\"2025-12-10T14:39:53+00:00\" \/>\n<meta property=\"og:image\" content=\"https:\/\/www.bbmnoticias.com\/labravaradiofm\/wp-content\/uploads\/sites\/5\/2025\/12\/clima_oaxaca-8.jpg\" \/>\n\t<meta property=\"og:image:width\" content=\"800\" \/>\n\t<meta property=\"og:image:height\" content=\"418\" \/>\n\t<meta property=\"og:image:type\" content=\"image\/jpeg\" \/>\n<meta name=\"author\" content=\"Staff\" \/>\n<meta name=\"twitter:card\" content=\"summary_large_image\" \/>\n<meta name=\"twitter:label1\" content=\"Escrito por\" \/>\n\t<meta name=\"twitter:data1\" content=\"Staff\" \/>\n\t<meta name=\"twitter:label2\" content=\"Tiempo de lectura\" \/>\n\t<meta name=\"twitter:data2\" content=\"2 minutos\" \/>\n<script type=\"application\/ld+json\" class=\"yoast-schema-graph\">{\"@context\":\"https:\\\/\\\/schema.org\",\"@graph\":[{\"@type\":\"Article\",\"@id\":\"https:\\\/\\\/www.bbmnoticias.com\\\/se-preve-disminucion-de-lluvias-y-aumento-de-radiacion-solar-en-gran-parte-de-oaxaca\\\/#article\",\"isPartOf\":{\"@id\":\"https:\\\/\\\/www.bbmnoticias.com\\\/labravaradiofm\\\/2025\\\/12\\\/10\\\/se-preve-disminucion-de-lluvias-y-aumento-de-radiacion-solar-en-gran-parte-de-oaxaca\\\/\"},\"author\":{\"name\":\"Staff\",\"@id\":\"https:\\\/\\\/www.bbmnoticias.com\\\/labravaradiofm\\\/#\\\/schema\\\/person\\\/68a9e9036ef3c5b55aeb2b71dc8bab45\"},\"headline\":\"Se prev\u00e9 disminuci\u00f3n de lluvias y aumento de radiaci\u00f3n solar en gran parte de Oaxaca\",\"datePublished\":\"2025-12-10T14:39:50+00:00\",\"dateModified\":\"2025-12-10T14:39:53+00:00\",\"mainEntityOfPage\":{\"@id\":\"https:\\\/\\\/www.bbmnoticias.com\\\/labravaradiofm\\\/2025\\\/12\\\/10\\\/se-preve-disminucion-de-lluvias-y-aumento-de-radiacion-solar-en-gran-parte-de-oaxaca\\\/\"},\"wordCount\":383,\"image\":{\"@id\":\"https:\\\/\\\/www.bbmnoticias.com\\\/se-preve-disminucion-de-lluvias-y-aumento-de-radiacion-solar-en-gran-parte-de-oaxaca\\\/#primaryimage\"},\"thumbnailUrl\":\"https:\\\/\\\/www.bbmnoticias.com\\\/labravaradiofm\\\/wp-content\\\/uploads\\\/sites\\\/5\\\/2025\\\/12\\\/clima_oaxaca-8.jpg\",\"articleSection\":[\"LOCAL\"],\"inLanguage\":\"es\"},{\"@type\":\"WebPage\",\"@id\":\"https:\\\/\\\/www.bbmnoticias.com\\\/labravaradiofm\\\/2025\\\/12\\\/10\\\/se-preve-disminucion-de-lluvias-y-aumento-de-radiacion-solar-en-gran-parte-de-oaxaca\\\/\",\"url\":\"https:\\\/\\\/www.bbmnoticias.com\\\/se-preve-disminucion-de-lluvias-y-aumento-de-radiacion-solar-en-gran-parte-de-oaxaca\\\/\",\"name\":\"Se prev\u00e9 disminuci\u00f3n de lluvias y aumento de radiaci\u00f3n solar en gran parte de Oaxaca - LA BRAVA RADIO\",\"isPartOf\":{\"@id\":\"https:\\\/\\\/www.bbmnoticias.com\\\/labravaradiofm\\\/#website\"},\"primaryImageOfPage\":{\"@id\":\"https:\\\/\\\/www.bbmnoticias.com\\\/se-preve-disminucion-de-lluvias-y-aumento-de-radiacion-solar-en-gran-parte-de-oaxaca\\\/#primaryimage\"},\"image\":{\"@id\":\"https:\\\/\\\/www.bbmnoticias.com\\\/se-preve-disminucion-de-lluvias-y-aumento-de-radiacion-solar-en-gran-parte-de-oaxaca\\\/#primaryimage\"},\"thumbnailUrl\":\"https:\\\/\\\/www.bbmnoticias.com\\\/labravaradiofm\\\/wp-content\\\/uploads\\\/sites\\\/5\\\/2025\\\/12\\\/clima_oaxaca-8.jpg\",\"datePublished\":\"2025-12-10T14:39:50+00:00\",\"dateModified\":\"2025-12-10T14:39:53+00:00\",\"author\":{\"@id\":\"https:\\\/\\\/www.bbmnoticias.com\\\/labravaradiofm\\\/#\\\/schema\\\/person\\\/68a9e9036ef3c5b55aeb2b71dc8bab45\"},\"breadcrumb\":{\"@id\":\"https:\\\/\\\/www.bbmnoticias.com\\\/se-preve-disminucion-de-lluvias-y-aumento-de-radiacion-solar-en-gran-parte-de-oaxaca\\\/#breadcrumb\"},\"inLanguage\":\"es\",\"potentialAction\":[{\"@type\":\"ReadAction\",\"target\":[\"https:\\\/\\\/www.bbmnoticias.com\\\/se-preve-disminucion-de-lluvias-y-aumento-de-radiacion-solar-en-gran-parte-de-oaxaca\\\/\"]}]},{\"@type\":\"ImageObject\",\"inLanguage\":\"es\",\"@id\":\"https:\\\/\\\/www.bbmnoticias.com\\\/se-preve-disminucion-de-lluvias-y-aumento-de-radiacion-solar-en-gran-parte-de-oaxaca\\\/#primaryimage\",\"url\":\"https:\\\/\\\/www.bbmnoticias.com\\\/labravaradiofm\\\/wp-content\\\/uploads\\\/sites\\\/5\\\/2025\\\/12\\\/clima_oaxaca-8.jpg\",\"contentUrl\":\"https:\\\/\\\/www.bbmnoticias.com\\\/labravaradiofm\\\/wp-content\\\/uploads\\\/sites\\\/5\\\/2025\\\/12\\\/clima_oaxaca-8.jpg\",\"width\":800,\"height\":418},{\"@type\":\"BreadcrumbList\",\"@id\":\"https:\\\/\\\/www.bbmnoticias.com\\\/se-preve-disminucion-de-lluvias-y-aumento-de-radiacion-solar-en-gran-parte-de-oaxaca\\\/#breadcrumb\",\"itemListElement\":[{\"@type\":\"ListItem\",\"position\":1,\"name\":\"Inicio\",\"item\":\"https:\\\/\\\/www.bbmnoticias.com\\\/labravaradiofm\\\/\"},{\"@type\":\"ListItem\",\"position\":2,\"name\":\"Se prev\u00e9 disminuci\u00f3n de lluvias y aumento de radiaci\u00f3n solar en gran parte de Oaxaca\"}]},{\"@type\":\"WebSite\",\"@id\":\"https:\\\/\\\/www.bbmnoticias.com\\\/labravaradiofm\\\/#website\",\"url\":\"https:\\\/\\\/www.bbmnoticias.com\\\/labravaradiofm\\\/\",\"name\":\"LA BRAVA RADIO\",\"description\":\"Empresa productora de medios, Radiodifusi\u00f3n, Noticias, tendencias y todo lo que necesitas saber de la pol\u00edtica mexicana e internacional; entretenimiento, espect\u00e1culos, salud y mucho m\u00e1s.\",\"potentialAction\":[{\"@type\":\"SearchAction\",\"target\":{\"@type\":\"EntryPoint\",\"urlTemplate\":\"https:\\\/\\\/www.bbmnoticias.com\\\/labravaradiofm\\\/?s={search_term_string}\"},\"query-input\":{\"@type\":\"PropertyValueSpecification\",\"valueRequired\":true,\"valueName\":\"search_term_string\"}}],\"inLanguage\":\"es\"},{\"@type\":\"Person\",\"@id\":\"https:\\\/\\\/www.bbmnoticias.com\\\/labravaradiofm\\\/#\\\/schema\\\/person\\\/68a9e9036ef3c5b55aeb2b71dc8bab45\",\"name\":\"Staff\",\"image\":{\"@type\":\"ImageObject\",\"inLanguage\":\"es\",\"@id\":\"https:\\\/\\\/secure.gravatar.com\\\/avatar\\\/fdd21ad66fd8b98c407f9dee5b5e588cfe7f0d8579ec20fa6527cd59bab7f0f0?s=96&d=mm&r=g\",\"url\":\"https:\\\/\\\/secure.gravatar.com\\\/avatar\\\/fdd21ad66fd8b98c407f9dee5b5e588cfe7f0d8579ec20fa6527cd59bab7f0f0?s=96&d=mm&r=g\",\"contentUrl\":\"https:\\\/\\\/secure.gravatar.com\\\/avatar\\\/fdd21ad66fd8b98c407f9dee5b5e588cfe7f0d8579ec20fa6527cd59bab7f0f0?s=96&d=mm&r=g\",\"caption\":\"Staff\"},\"url\":\"https:\\\/\\\/www.bbmnoticias.com\\\/labravaradiofm\\\/author\\\/redaccion\\\/\"}]}<\/script>\n<!-- \/ Yoast SEO plugin. -->","yoast_head_json":{"title":"Se prev\u00e9 disminuci\u00f3n de lluvias y aumento de radiaci\u00f3n solar en gran parte de Oaxaca - LA BRAVA RADIO","robots":{"index":"index","follow":"follow","max-snippet":"max-snippet:-1","max-image-preview":"max-image-preview:large","max-video-preview":"max-video-preview:-1"},"canonical":"https:\/\/www.bbmnoticias.com\/se-preve-disminucion-de-lluvias-y-aumento-de-radiacion-solar-en-gran-parte-de-oaxaca\/","og_locale":"es_MX","og_type":"article","og_title":"Se prev\u00e9 disminuci\u00f3n de lluvias y aumento de radiaci\u00f3n solar en gran parte de Oaxaca - LA BRAVA RADIO","og_description":"Oaxaca de Ju\u00e1rez, Oax.- La Coordinaci\u00f3n Estatal de Protecci\u00f3n Civil y Gesti\u00f3n de Riesgos (CEPCyGR) informa que la masa de aire fr\u00edo continuar\u00e1 desplaz\u00e1ndose hacia el este, lo que permitir\u00e1 una recuperaci\u00f3n gradual en la temperatura y una disminuci\u00f3n en las lluvias. De igual forma, los vientos del norte presentar\u00e1n una reducci\u00f3n en su intensidad; [&hellip;]","og_url":"https:\/\/www.bbmnoticias.com\/se-preve-disminucion-de-lluvias-y-aumento-de-radiacion-solar-en-gran-parte-de-oaxaca\/","og_site_name":"LA BRAVA RADIO","article_published_time":"2025-12-10T14:39:50+00:00","article_modified_time":"2025-12-10T14:39:53+00:00","og_image":[{"width":800,"height":418,"url":"https:\/\/www.bbmnoticias.com\/labravaradiofm\/wp-content\/uploads\/sites\/5\/2025\/12\/clima_oaxaca-8.jpg","type":"image\/jpeg"}],"author":"Staff","twitter_card":"summary_large_image","twitter_misc":{"Escrito por":"Staff","Tiempo de lectura":"2 minutos"},"schema":{"@context":"https:\/\/schema.org","@graph":[{"@type":"Article","@id":"https:\/\/www.bbmnoticias.com\/se-preve-disminucion-de-lluvias-y-aumento-de-radiacion-solar-en-gran-parte-de-oaxaca\/#article","isPartOf":{"@id":"https:\/\/www.bbmnoticias.com\/labravaradiofm\/2025\/12\/10\/se-preve-disminucion-de-lluvias-y-aumento-de-radiacion-solar-en-gran-parte-de-oaxaca\/"},"author":{"name":"Staff","@id":"https:\/\/www.bbmnoticias.com\/labravaradiofm\/#\/schema\/person\/68a9e9036ef3c5b55aeb2b71dc8bab45"},"headline":"Se prev\u00e9 disminuci\u00f3n de lluvias y aumento de radiaci\u00f3n solar en gran parte de Oaxaca","datePublished":"2025-12-10T14:39:50+00:00","dateModified":"2025-12-10T14:39:53+00:00","mainEntityOfPage":{"@id":"https:\/\/www.bbmnoticias.com\/labravaradiofm\/2025\/12\/10\/se-preve-disminucion-de-lluvias-y-aumento-de-radiacion-solar-en-gran-parte-de-oaxaca\/"},"wordCount":383,"image":{"@id":"https:\/\/www.bbmnoticias.com\/se-preve-disminucion-de-lluvias-y-aumento-de-radiacion-solar-en-gran-parte-de-oaxaca\/#primaryimage"},"thumbnailUrl":"https:\/\/www.bbmnoticias.com\/labravaradiofm\/wp-content\/uploads\/sites\/5\/2025\/12\/clima_oaxaca-8.jpg","articleSection":["LOCAL"],"inLanguage":"es"},{"@type":"WebPage","@id":"https:\/\/www.bbmnoticias.com\/labravaradiofm\/2025\/12\/10\/se-preve-disminucion-de-lluvias-y-aumento-de-radiacion-solar-en-gran-parte-de-oaxaca\/","url":"https:\/\/www.bbmnoticias.com\/se-preve-disminucion-de-lluvias-y-aumento-de-radiacion-solar-en-gran-parte-de-oaxaca\/","name":"Se prev\u00e9 disminuci\u00f3n de lluvias y aumento de radiaci\u00f3n solar en gran parte de Oaxaca - LA BRAVA RADIO","isPartOf":{"@id":"https:\/\/www.bbmnoticias.com\/labravaradiofm\/#website"},"primaryImageOfPage":{"@id":"https:\/\/www.bbmnoticias.com\/se-preve-disminucion-de-lluvias-y-aumento-de-radiacion-solar-en-gran-parte-de-oaxaca\/#primaryimage"},"image":{"@id":"https:\/\/www.bbmnoticias.com\/se-preve-disminucion-de-lluvias-y-aumento-de-radiacion-solar-en-gran-parte-de-oaxaca\/#primaryimage"},"thumbnailUrl":"https:\/\/www.bbmnoticias.com\/labravaradiofm\/wp-content\/uploads\/sites\/5\/2025\/12\/clima_oaxaca-8.jpg","datePublished":"2025-12-10T14:39:50+00:00","dateModified":"2025-12-10T14:39:53+00:00","author":{"@id":"https:\/\/www.bbmnoticias.com\/labravaradiofm\/#\/schema\/person\/68a9e9036ef3c5b55aeb2b71dc8bab45"},"breadcrumb":{"@id":"https:\/\/www.bbmnoticias.com\/se-preve-disminucion-de-lluvias-y-aumento-de-radiacion-solar-en-gran-parte-de-oaxaca\/#breadcrumb"},"inLanguage":"es","potentialAction":[{"@type":"ReadAction","target":["https:\/\/www.bbmnoticias.com\/se-preve-disminucion-de-lluvias-y-aumento-de-radiacion-solar-en-gran-parte-de-oaxaca\/"]}]},{"@type":"ImageObject","inLanguage":"es","@id":"https:\/\/www.bbmnoticias.com\/se-preve-disminucion-de-lluvias-y-aumento-de-radiacion-solar-en-gran-parte-de-oaxaca\/#primaryimage","url":"https:\/\/www.bbmnoticias.com\/labravaradiofm\/wp-content\/uploads\/sites\/5\/2025\/12\/clima_oaxaca-8.jpg","contentUrl":"https:\/\/www.bbmnoticias.com\/labravaradiofm\/wp-content\/uploads\/sites\/5\/2025\/12\/clima_oaxaca-8.jpg","width":800,"height":418},{"@type":"BreadcrumbList","@id":"https:\/\/www.bbmnoticias.com\/se-preve-disminucion-de-lluvias-y-aumento-de-radiacion-solar-en-gran-parte-de-oaxaca\/#breadcrumb","itemListElement":[{"@type":"ListItem","position":1,"name":"Inicio","item":"https:\/\/www.bbmnoticias.com\/labravaradiofm\/"},{"@type":"ListItem","position":2,"name":"Se prev\u00e9 disminuci\u00f3n de lluvias y aumento de radiaci\u00f3n solar en gran parte de Oaxaca"}]},{"@type":"WebSite","@id":"https:\/\/www.bbmnoticias.com\/labravaradiofm\/#website","url":"https:\/\/www.bbmnoticias.com\/labravaradiofm\/","name":"LA BRAVA RADIO","description":"Empresa productora de medios, Radiodifusi\u00f3n, Noticias, tendencias y todo lo que necesitas saber de la pol\u00edtica mexicana e internacional; entretenimiento, espect\u00e1culos, salud y mucho m\u00e1s.","potentialAction":[{"@type":"SearchAction","target":{"@type":"EntryPoint","urlTemplate":"https:\/\/www.bbmnoticias.com\/labravaradiofm\/?s={search_term_string}"},"query-input":{"@type":"PropertyValueSpecification","valueRequired":true,"valueName":"search_term_string"}}],"inLanguage":"es"},{"@type":"Person","@id":"https:\/\/www.bbmnoticias.com\/labravaradiofm\/#\/schema\/person\/68a9e9036ef3c5b55aeb2b71dc8bab45","name":"Staff","image":{"@type":"ImageObject","inLanguage":"es","@id":"https:\/\/secure.gravatar.com\/avatar\/fdd21ad66fd8b98c407f9dee5b5e588cfe7f0d8579ec20fa6527cd59bab7f0f0?s=96&d=mm&r=g","url":"https:\/\/secure.gravatar.com\/avatar\/fdd21ad66fd8b98c407f9dee5b5e588cfe7f0d8579ec20fa6527cd59bab7f0f0?s=96&d=mm&r=g","contentUrl":"https:\/\/secure.gravatar.com\/avatar\/fdd21ad66fd8b98c407f9dee5b5e588cfe7f0d8579ec20fa6527cd59bab7f0f0?s=96&d=mm&r=g","caption":"Staff"},"url":"https:\/\/www.bbmnoticias.com\/labravaradiofm\/author\/redaccion\/"}]}},"_links":{"self":[{"href":"https:\/\/www.bbmnoticias.com\/labravaradiofm\/wp-json\/wp\/v2\/posts\/71103","targetHints":{"allow":["GET"]}}],"collection":[{"href":"https:\/\/www.bbmnoticias.com\/labravaradiofm\/wp-json\/wp\/v2\/posts"}],"about":[{"href":"https:\/\/www.bbmnoticias.com\/labravaradiofm\/wp-json\/wp\/v2\/types\/post"}],"author":[{"embeddable":true,"href":"https:\/\/www.bbmnoticias.com\/labravaradiofm\/wp-json\/wp\/v2\/users\/2"}],"replies":[{"embeddable":true,"href":"https:\/\/www.bbmnoticias.com\/labravaradiofm\/wp-json\/wp\/v2\/comments?post=71103"}],"version-history":[{"count":0,"href":"https:\/\/www.bbmnoticias.com\/labravaradiofm\/wp-json\/wp\/v2\/posts\/71103\/revisions"}],"wp:featuredmedia":[{"embeddable":true,"href":"https:\/\/www.bbmnoticias.com\/labravaradiofm\/wp-json\/wp\/v2\/media\/71105"}],"wp:attachment":[{"href":"https:\/\/www.bbmnoticias.com\/labravaradiofm\/wp-json\/wp\/v2\/media?parent=71103"}],"wp:term":[{"taxonomy":"category","embeddable":true,"href":"https:\/\/www.bbmnoticias.com\/labravaradiofm\/wp-json\/wp\/v2\/categories?post=71103"},{"taxonomy":"post_tag","embeddable":true,"href":"https:\/\/www.bbmnoticias.com\/labravaradiofm\/wp-json\/wp\/v2\/tags?post=71103"}],"curies":[{"name":"wp","href":"https:\/\/api.w.org\/{rel}","templated":true}]}}