{"id":7108,"date":"2021-12-13T20:55:42","date_gmt":"2021-12-14T02:55:42","guid":{"rendered":"https:\/\/www.bbmnoticias.com\/labravaradiofm\/?p=7108"},"modified":"2021-12-13T20:55:43","modified_gmt":"2021-12-14T02:55:43","slug":"hugo-lopez-gatell-suspende-reunion-con-diputados-acusan-que-no-queria-ser-grabado","status":"publish","type":"post","link":"https:\/\/www.bbmnoticias.com\/labravaradiofm\/2021\/12\/13\/hugo-lopez-gatell-suspende-reunion-con-diputados-acusan-que-no-queria-ser-grabado\/","title":{"rendered":"Hugo L\u00f3pez-Gatell suspende reuni\u00f3n con diputados: acusan que no quer\u00eda ser grabado"},"content":{"rendered":"<div style=\"margin-top: 0px; margin-bottom: 0px;\" class=\"sharethis-inline-share-buttons\" ><\/div>\n<p>A media hora de haber iniciado,<strong>Hugo L\u00f3pez-Gatell<\/strong>, subsecretario de Promoci\u00f3n y Prevenci\u00f3n de la Salud, suspendi\u00f3 su reuni\u00f3n privada con la Junta de Coordinaci\u00f3n de Pol\u00edtica (Jucopo) de la<strong> C\u00e1mara de Diputados.<\/strong><\/p>\n\n\n\n<p>Seg\u00fan Elizabeth P\u00e9rez, diputada del PRD, <strong>L\u00f3pez-Gatell <\/strong>la acus\u00f3 de estarlo grabando y lo tom\u00f3 como pretexto para suspender su reuni\u00f3n, tras ser cuestionado por los legisladores.<\/p>\n\n\n\n<h2 class=\"wp-block-heading\">L\u00f3pez-Gatell acusa a diputada de grabarlo<\/h2>\n\n\n\n<p>Este 13 de diciembre,<strong> Hugo L\u00f3pez-Gatell <\/strong>fue citado en la C\u00e1mara de Diputados para una reuni\u00f3n privada con la Junta de Coordinaci\u00f3n Pol\u00edtica y abordar el tema de la <strong>pandemia por Covid-19.<\/strong><\/p>\n\n\n\n<p>La reuni\u00f3n privada de L\u00f3pez-Gatell con la Junta de Coordinaci\u00f3n Pol\u00edtica comenz\u00f3 cerca de las 13:00 horas, pero la suspendi\u00f3 al acusar a la diputada Elizabeth P\u00e9rez de estarlo <strong>grabando.<\/strong><\/p>\n\n\n\n<p>En Twitter, la diputada <strong>Elizabeth P\u00e9rez <\/strong>se\u00f1al\u00f3 que es falso que estuviera grabando la comparecencia de L\u00f3pez-Gatell y s\u00f3lo se trato de un pretexto para suspender la reuni\u00f3n.<\/p>\n\n\n\n<p>De acuerdo con la legisladora, L\u00f3pez-Gatell se percibi\u00f3 rebasado por los cuestionamientos que le hicieron los y las diputadas respecto a la pandemia por Covid-19.<\/p>\n\n\n\n<figure class=\"wp-block-pullquote\"><blockquote><p>\u201cEl Dr. Hugo L\u00f3pez-Gatell asever\u00f3 que yo lo estaba grabando; algo totalmente falso. Fue el pretexto para suspender su comparecencia en la JUCOPO, pues se percibi\u00f3 sumamente rebasado por los excesos de sus dichos y negligencia, cuestionados por las y los Diputados\u201d<\/p><\/blockquote><\/figure>\n\n\n\n<h2 class=\"wp-block-heading\">L\u00f3pez-Gatell dice que se cancel\u00f3 su reuni\u00f3n por condiciones ajenas<\/h2>\n\n\n\n<p>Tras los hechos, <strong>Hugo L\u00f3pez- Gatell<\/strong> asegur\u00f3 que se cancel\u00f3 su reuni\u00f3n por condiciones distintas a las que la Jucupo estableci\u00f3.<\/p>\n\n\n\n<p>El funcionario omiti\u00f3 mencionar la <strong>supuesta grabaci\u00f3n <\/strong>y asegur\u00f3 que queda atento a la pr\u00f3xima convocatoria de la C\u00e1mara de Diputados.<\/p>\n\n\n\n<figure class=\"wp-block-pullquote\"><blockquote><p>\u201cAgradezco la hospitalidad de la Junta de Coordinaci\u00f3n Pol\u00edtica de la C\u00e1mara de Diputados. Desafortunadamente la sesi\u00f3n se cancel\u00f3 porque se dieron condiciones distintas a las que la propia Jucopo estableci\u00f3.\u201d Hugo L\u00f3pez-Gatell<\/p><\/blockquote><\/figure>\n\n\n\n<h2 class=\"wp-block-heading\">Condenan acusaci\u00f3n de L\u00f3pez- Gatell<\/h2>\n\n\n\n<p>Por su parte, <strong>Jorge \u00c1lvarez M\u00e1ynes<\/strong>, diputado de Movimiento Ciudadano, acus\u00f3 que la comparecencia de<strong> L\u00f3pez-Gatell <\/strong>se interrumpi\u00f3 a la media hora de haber iniciado.<\/p>\n\n\n\n<p>El legislador asegur\u00f3 que antes de suspender la reuni\u00f3n, <strong>Hugo L\u00f3pez-Gatell i<\/strong>nsisti\u00f3 que las personas mueren por comorbilidades a partir de su \u201cestilo de vida\u201d impuesto por el neoliberalismo, sin presentar ning\u00fan s\u00f3lo dato y argumento.<\/p>\n\n\n\n<p>El diputado tambi\u00e9n se\u00f1al\u00f3 que L\u00f3pez-Gatell fue quien suspendi\u00f3 su comparecencia al acusar a la diputada Elizabeth P\u00e9rez de grabar la reuni\u00f3n.<\/p>\n\n\n\n<p>Incluso, Jorge \u00c1lvarez M\u00e1ynes, calific\u00f3 a L\u00f3pez- Gatell se ser <strong>soberbio y arrogante,<\/strong> por lo que Movimiento Ciudadano y el PAN condenaron su \u201cagresi\u00f3n\u201d.<\/p>\n\n\n\n<p>\u201cUna postal de cuerpo entero de su soberbia y arrogancia. Movimiento Ciudadano y PAN hemos condenado la agresi\u00f3n\u201d, escribi\u00f3 en Twitter.<\/p>\n","protected":false},"excerpt":{"rendered":"<p>A media hora de haber iniciado,Hugo L\u00f3pez-Gatell, subsecretario de Promoci\u00f3n y Prevenci\u00f3n de la Salud, suspendi\u00f3 su reuni\u00f3n privada con la Junta de Coordinaci\u00f3n de Pol\u00edtica (Jucopo) de la C\u00e1mara de Diputados. Seg\u00fan Elizabeth P\u00e9rez, diputada del PRD, L\u00f3pez-Gatell la acus\u00f3 de estarlo grabando y lo tom\u00f3 como pretexto para suspender su reuni\u00f3n, tras ser [&hellip;]<\/p>\n","protected":false},"author":12,"featured_media":7109,"comment_status":"closed","ping_status":"closed","sticky":false,"template":"","format":"standard","meta":{"footnotes":""},"categories":[19],"tags":[],"class_list":{"0":"post-7108","1":"post","2":"type-post","3":"status-publish","4":"format-standard","5":"has-post-thumbnail","7":"category-nacional"},"yoast_head":"<!-- This site is optimized with the Yoast SEO plugin v27.4 - https:\/\/yoast.com\/product\/yoast-seo-wordpress\/ -->\n<title>Hugo L\u00f3pez-Gatell suspende reuni\u00f3n con diputados: acusan que no quer\u00eda ser grabado - LA BRAVA RADIO<\/title>\n<meta name=\"robots\" content=\"index, follow, max-snippet:-1, max-image-preview:large, max-video-preview:-1\" \/>\n<link rel=\"canonical\" href=\"https:\/\/www.bbmnoticias.com\/labravaradiofm\/2021\/12\/13\/hugo-lopez-gatell-suspende-reunion-con-diputados-acusan-que-no-queria-ser-grabado\/\" \/>\n<meta property=\"og:locale\" content=\"es_MX\" \/>\n<meta property=\"og:type\" content=\"article\" \/>\n<meta property=\"og:title\" content=\"Hugo L\u00f3pez-Gatell suspende reuni\u00f3n con diputados: acusan que no quer\u00eda ser grabado - LA BRAVA RADIO\" \/>\n<meta property=\"og:description\" content=\"A media hora de haber iniciado,Hugo L\u00f3pez-Gatell, subsecretario de Promoci\u00f3n y Prevenci\u00f3n de la Salud, suspendi\u00f3 su reuni\u00f3n privada con la Junta de Coordinaci\u00f3n de Pol\u00edtica (Jucopo) de la C\u00e1mara de Diputados. Seg\u00fan Elizabeth P\u00e9rez, diputada del PRD, L\u00f3pez-Gatell la acus\u00f3 de estarlo grabando y lo tom\u00f3 como pretexto para suspender su reuni\u00f3n, tras ser [&hellip;]\" \/>\n<meta property=\"og:url\" content=\"https:\/\/www.bbmnoticias.com\/labravaradiofm\/2021\/12\/13\/hugo-lopez-gatell-suspende-reunion-con-diputados-acusan-que-no-queria-ser-grabado\/\" \/>\n<meta property=\"og:site_name\" content=\"LA BRAVA RADIO\" \/>\n<meta property=\"article:published_time\" content=\"2021-12-14T02:55:42+00:00\" \/>\n<meta property=\"article:modified_time\" content=\"2021-12-14T02:55:43+00:00\" \/>\n<meta property=\"og:image\" content=\"https:\/\/www.bbmnoticias.com\/labravaradiofm\/wp-content\/uploads\/sites\/5\/2021\/12\/hugo-gatell.jpeg\" \/>\n\t<meta property=\"og:image:width\" content=\"640\" \/>\n\t<meta property=\"og:image:height\" content=\"360\" \/>\n\t<meta property=\"og:image:type\" content=\"image\/jpeg\" \/>\n<meta name=\"author\" content=\"SDPnoticias\" \/>\n<meta name=\"twitter:card\" content=\"summary_large_image\" \/>\n<meta name=\"twitter:label1\" content=\"Escrito por\" \/>\n\t<meta name=\"twitter:data1\" content=\"SDPnoticias\" \/>\n\t<meta name=\"twitter:label2\" content=\"Tiempo de lectura\" \/>\n\t<meta name=\"twitter:data2\" content=\"2 minutos\" \/>\n<script type=\"application\/ld+json\" class=\"yoast-schema-graph\">{\"@context\":\"https:\\\/\\\/schema.org\",\"@graph\":[{\"@type\":\"Article\",\"@id\":\"https:\\\/\\\/www.bbmnoticias.com\\\/labravaradiofm\\\/2021\\\/12\\\/13\\\/hugo-lopez-gatell-suspende-reunion-con-diputados-acusan-que-no-queria-ser-grabado\\\/#article\",\"isPartOf\":{\"@id\":\"https:\\\/\\\/www.bbmnoticias.com\\\/labravaradiofm\\\/2021\\\/12\\\/13\\\/hugo-lopez-gatell-suspende-reunion-con-diputados-acusan-que-no-queria-ser-grabado\\\/\"},\"author\":{\"name\":\"SDPnoticias\",\"@id\":\"https:\\\/\\\/www.bbmnoticias.com\\\/labravaradiofm\\\/#\\\/schema\\\/person\\\/baf240d77a345f5fbc3dc146f9161af9\"},\"headline\":\"Hugo L\u00f3pez-Gatell suspende reuni\u00f3n con diputados: acusan que no quer\u00eda ser grabado\",\"datePublished\":\"2021-12-14T02:55:42+00:00\",\"dateModified\":\"2021-12-14T02:55:43+00:00\",\"mainEntityOfPage\":{\"@id\":\"https:\\\/\\\/www.bbmnoticias.com\\\/labravaradiofm\\\/2021\\\/12\\\/13\\\/hugo-lopez-gatell-suspende-reunion-con-diputados-acusan-que-no-queria-ser-grabado\\\/\"},\"wordCount\":512,\"image\":{\"@id\":\"https:\\\/\\\/www.bbmnoticias.com\\\/labravaradiofm\\\/2021\\\/12\\\/13\\\/hugo-lopez-gatell-suspende-reunion-con-diputados-acusan-que-no-queria-ser-grabado\\\/#primaryimage\"},\"thumbnailUrl\":\"https:\\\/\\\/www.bbmnoticias.com\\\/labravaradiofm\\\/wp-content\\\/uploads\\\/sites\\\/5\\\/2021\\\/12\\\/hugo-gatell.jpeg\",\"articleSection\":[\"NACIONAL\"],\"inLanguage\":\"es\"},{\"@type\":\"WebPage\",\"@id\":\"https:\\\/\\\/www.bbmnoticias.com\\\/labravaradiofm\\\/2021\\\/12\\\/13\\\/hugo-lopez-gatell-suspende-reunion-con-diputados-acusan-que-no-queria-ser-grabado\\\/\",\"url\":\"https:\\\/\\\/www.bbmnoticias.com\\\/labravaradiofm\\\/2021\\\/12\\\/13\\\/hugo-lopez-gatell-suspende-reunion-con-diputados-acusan-que-no-queria-ser-grabado\\\/\",\"name\":\"Hugo L\u00f3pez-Gatell suspende reuni\u00f3n con diputados: acusan que no quer\u00eda ser grabado - LA BRAVA RADIO\",\"isPartOf\":{\"@id\":\"https:\\\/\\\/www.bbmnoticias.com\\\/labravaradiofm\\\/#website\"},\"primaryImageOfPage\":{\"@id\":\"https:\\\/\\\/www.bbmnoticias.com\\\/labravaradiofm\\\/2021\\\/12\\\/13\\\/hugo-lopez-gatell-suspende-reunion-con-diputados-acusan-que-no-queria-ser-grabado\\\/#primaryimage\"},\"image\":{\"@id\":\"https:\\\/\\\/www.bbmnoticias.com\\\/labravaradiofm\\\/2021\\\/12\\\/13\\\/hugo-lopez-gatell-suspende-reunion-con-diputados-acusan-que-no-queria-ser-grabado\\\/#primaryimage\"},\"thumbnailUrl\":\"https:\\\/\\\/www.bbmnoticias.com\\\/labravaradiofm\\\/wp-content\\\/uploads\\\/sites\\\/5\\\/2021\\\/12\\\/hugo-gatell.jpeg\",\"datePublished\":\"2021-12-14T02:55:42+00:00\",\"dateModified\":\"2021-12-14T02:55:43+00:00\",\"author\":{\"@id\":\"https:\\\/\\\/www.bbmnoticias.com\\\/labravaradiofm\\\/#\\\/schema\\\/person\\\/baf240d77a345f5fbc3dc146f9161af9\"},\"breadcrumb\":{\"@id\":\"https:\\\/\\\/www.bbmnoticias.com\\\/labravaradiofm\\\/2021\\\/12\\\/13\\\/hugo-lopez-gatell-suspende-reunion-con-diputados-acusan-que-no-queria-ser-grabado\\\/#breadcrumb\"},\"inLanguage\":\"es\",\"potentialAction\":[{\"@type\":\"ReadAction\",\"target\":[\"https:\\\/\\\/www.bbmnoticias.com\\\/labravaradiofm\\\/2021\\\/12\\\/13\\\/hugo-lopez-gatell-suspende-reunion-con-diputados-acusan-que-no-queria-ser-grabado\\\/\"]}]},{\"@type\":\"ImageObject\",\"inLanguage\":\"es\",\"@id\":\"https:\\\/\\\/www.bbmnoticias.com\\\/labravaradiofm\\\/2021\\\/12\\\/13\\\/hugo-lopez-gatell-suspende-reunion-con-diputados-acusan-que-no-queria-ser-grabado\\\/#primaryimage\",\"url\":\"https:\\\/\\\/www.bbmnoticias.com\\\/labravaradiofm\\\/wp-content\\\/uploads\\\/sites\\\/5\\\/2021\\\/12\\\/hugo-gatell.jpeg\",\"contentUrl\":\"https:\\\/\\\/www.bbmnoticias.com\\\/labravaradiofm\\\/wp-content\\\/uploads\\\/sites\\\/5\\\/2021\\\/12\\\/hugo-gatell.jpeg\",\"width\":640,\"height\":360},{\"@type\":\"BreadcrumbList\",\"@id\":\"https:\\\/\\\/www.bbmnoticias.com\\\/labravaradiofm\\\/2021\\\/12\\\/13\\\/hugo-lopez-gatell-suspende-reunion-con-diputados-acusan-que-no-queria-ser-grabado\\\/#breadcrumb\",\"itemListElement\":[{\"@type\":\"ListItem\",\"position\":1,\"name\":\"Inicio\",\"item\":\"https:\\\/\\\/www.bbmnoticias.com\\\/labravaradiofm\\\/\"},{\"@type\":\"ListItem\",\"position\":2,\"name\":\"Hugo L\u00f3pez-Gatell suspende reuni\u00f3n con diputados: acusan que no quer\u00eda ser grabado\"}]},{\"@type\":\"WebSite\",\"@id\":\"https:\\\/\\\/www.bbmnoticias.com\\\/labravaradiofm\\\/#website\",\"url\":\"https:\\\/\\\/www.bbmnoticias.com\\\/labravaradiofm\\\/\",\"name\":\"LA BRAVA RADIO\",\"description\":\"Empresa productora de medios, Radiodifusi\u00f3n, Noticias, tendencias y todo lo que necesitas saber de la pol\u00edtica mexicana e internacional; entretenimiento, espect\u00e1culos, salud y mucho m\u00e1s.\",\"potentialAction\":[{\"@type\":\"SearchAction\",\"target\":{\"@type\":\"EntryPoint\",\"urlTemplate\":\"https:\\\/\\\/www.bbmnoticias.com\\\/labravaradiofm\\\/?s={search_term_string}\"},\"query-input\":{\"@type\":\"PropertyValueSpecification\",\"valueRequired\":true,\"valueName\":\"search_term_string\"}}],\"inLanguage\":\"es\"},{\"@type\":\"Person\",\"@id\":\"https:\\\/\\\/www.bbmnoticias.com\\\/labravaradiofm\\\/#\\\/schema\\\/person\\\/baf240d77a345f5fbc3dc146f9161af9\",\"name\":\"SDPnoticias\",\"image\":{\"@type\":\"ImageObject\",\"inLanguage\":\"es\",\"@id\":\"https:\\\/\\\/secure.gravatar.com\\\/avatar\\\/015ede9175a06d999d8b2b09e108b48c9e008e4ee44a647956086b51bbce326c?s=96&d=mm&r=g\",\"url\":\"https:\\\/\\\/secure.gravatar.com\\\/avatar\\\/015ede9175a06d999d8b2b09e108b48c9e008e4ee44a647956086b51bbce326c?s=96&d=mm&r=g\",\"contentUrl\":\"https:\\\/\\\/secure.gravatar.com\\\/avatar\\\/015ede9175a06d999d8b2b09e108b48c9e008e4ee44a647956086b51bbce326c?s=96&d=mm&r=g\",\"caption\":\"SDPnoticias\"},\"url\":\"https:\\\/\\\/www.bbmnoticias.com\\\/labravaradiofm\\\/author\\\/sdpnoticias\\\/\"}]}<\/script>\n<!-- \/ Yoast SEO plugin. -->","yoast_head_json":{"title":"Hugo L\u00f3pez-Gatell suspende reuni\u00f3n con diputados: acusan que no quer\u00eda ser grabado - LA BRAVA RADIO","robots":{"index":"index","follow":"follow","max-snippet":"max-snippet:-1","max-image-preview":"max-image-preview:large","max-video-preview":"max-video-preview:-1"},"canonical":"https:\/\/www.bbmnoticias.com\/labravaradiofm\/2021\/12\/13\/hugo-lopez-gatell-suspende-reunion-con-diputados-acusan-que-no-queria-ser-grabado\/","og_locale":"es_MX","og_type":"article","og_title":"Hugo L\u00f3pez-Gatell suspende reuni\u00f3n con diputados: acusan que no quer\u00eda ser grabado - LA BRAVA RADIO","og_description":"A media hora de haber iniciado,Hugo L\u00f3pez-Gatell, subsecretario de Promoci\u00f3n y Prevenci\u00f3n de la Salud, suspendi\u00f3 su reuni\u00f3n privada con la Junta de Coordinaci\u00f3n de Pol\u00edtica (Jucopo) de la C\u00e1mara de Diputados. Seg\u00fan Elizabeth P\u00e9rez, diputada del PRD, L\u00f3pez-Gatell la acus\u00f3 de estarlo grabando y lo tom\u00f3 como pretexto para suspender su reuni\u00f3n, tras ser [&hellip;]","og_url":"https:\/\/www.bbmnoticias.com\/labravaradiofm\/2021\/12\/13\/hugo-lopez-gatell-suspende-reunion-con-diputados-acusan-que-no-queria-ser-grabado\/","og_site_name":"LA BRAVA RADIO","article_published_time":"2021-12-14T02:55:42+00:00","article_modified_time":"2021-12-14T02:55:43+00:00","og_image":[{"width":640,"height":360,"url":"https:\/\/www.bbmnoticias.com\/labravaradiofm\/wp-content\/uploads\/sites\/5\/2021\/12\/hugo-gatell.jpeg","type":"image\/jpeg"}],"author":"SDPnoticias","twitter_card":"summary_large_image","twitter_misc":{"Escrito por":"SDPnoticias","Tiempo de lectura":"2 minutos"},"schema":{"@context":"https:\/\/schema.org","@graph":[{"@type":"Article","@id":"https:\/\/www.bbmnoticias.com\/labravaradiofm\/2021\/12\/13\/hugo-lopez-gatell-suspende-reunion-con-diputados-acusan-que-no-queria-ser-grabado\/#article","isPartOf":{"@id":"https:\/\/www.bbmnoticias.com\/labravaradiofm\/2021\/12\/13\/hugo-lopez-gatell-suspende-reunion-con-diputados-acusan-que-no-queria-ser-grabado\/"},"author":{"name":"SDPnoticias","@id":"https:\/\/www.bbmnoticias.com\/labravaradiofm\/#\/schema\/person\/baf240d77a345f5fbc3dc146f9161af9"},"headline":"Hugo L\u00f3pez-Gatell suspende reuni\u00f3n con diputados: acusan que no quer\u00eda ser grabado","datePublished":"2021-12-14T02:55:42+00:00","dateModified":"2021-12-14T02:55:43+00:00","mainEntityOfPage":{"@id":"https:\/\/www.bbmnoticias.com\/labravaradiofm\/2021\/12\/13\/hugo-lopez-gatell-suspende-reunion-con-diputados-acusan-que-no-queria-ser-grabado\/"},"wordCount":512,"image":{"@id":"https:\/\/www.bbmnoticias.com\/labravaradiofm\/2021\/12\/13\/hugo-lopez-gatell-suspende-reunion-con-diputados-acusan-que-no-queria-ser-grabado\/#primaryimage"},"thumbnailUrl":"https:\/\/www.bbmnoticias.com\/labravaradiofm\/wp-content\/uploads\/sites\/5\/2021\/12\/hugo-gatell.jpeg","articleSection":["NACIONAL"],"inLanguage":"es"},{"@type":"WebPage","@id":"https:\/\/www.bbmnoticias.com\/labravaradiofm\/2021\/12\/13\/hugo-lopez-gatell-suspende-reunion-con-diputados-acusan-que-no-queria-ser-grabado\/","url":"https:\/\/www.bbmnoticias.com\/labravaradiofm\/2021\/12\/13\/hugo-lopez-gatell-suspende-reunion-con-diputados-acusan-que-no-queria-ser-grabado\/","name":"Hugo L\u00f3pez-Gatell suspende reuni\u00f3n con diputados: acusan que no quer\u00eda ser grabado - LA BRAVA RADIO","isPartOf":{"@id":"https:\/\/www.bbmnoticias.com\/labravaradiofm\/#website"},"primaryImageOfPage":{"@id":"https:\/\/www.bbmnoticias.com\/labravaradiofm\/2021\/12\/13\/hugo-lopez-gatell-suspende-reunion-con-diputados-acusan-que-no-queria-ser-grabado\/#primaryimage"},"image":{"@id":"https:\/\/www.bbmnoticias.com\/labravaradiofm\/2021\/12\/13\/hugo-lopez-gatell-suspende-reunion-con-diputados-acusan-que-no-queria-ser-grabado\/#primaryimage"},"thumbnailUrl":"https:\/\/www.bbmnoticias.com\/labravaradiofm\/wp-content\/uploads\/sites\/5\/2021\/12\/hugo-gatell.jpeg","datePublished":"2021-12-14T02:55:42+00:00","dateModified":"2021-12-14T02:55:43+00:00","author":{"@id":"https:\/\/www.bbmnoticias.com\/labravaradiofm\/#\/schema\/person\/baf240d77a345f5fbc3dc146f9161af9"},"breadcrumb":{"@id":"https:\/\/www.bbmnoticias.com\/labravaradiofm\/2021\/12\/13\/hugo-lopez-gatell-suspende-reunion-con-diputados-acusan-que-no-queria-ser-grabado\/#breadcrumb"},"inLanguage":"es","potentialAction":[{"@type":"ReadAction","target":["https:\/\/www.bbmnoticias.com\/labravaradiofm\/2021\/12\/13\/hugo-lopez-gatell-suspende-reunion-con-diputados-acusan-que-no-queria-ser-grabado\/"]}]},{"@type":"ImageObject","inLanguage":"es","@id":"https:\/\/www.bbmnoticias.com\/labravaradiofm\/2021\/12\/13\/hugo-lopez-gatell-suspende-reunion-con-diputados-acusan-que-no-queria-ser-grabado\/#primaryimage","url":"https:\/\/www.bbmnoticias.com\/labravaradiofm\/wp-content\/uploads\/sites\/5\/2021\/12\/hugo-gatell.jpeg","contentUrl":"https:\/\/www.bbmnoticias.com\/labravaradiofm\/wp-content\/uploads\/sites\/5\/2021\/12\/hugo-gatell.jpeg","width":640,"height":360},{"@type":"BreadcrumbList","@id":"https:\/\/www.bbmnoticias.com\/labravaradiofm\/2021\/12\/13\/hugo-lopez-gatell-suspende-reunion-con-diputados-acusan-que-no-queria-ser-grabado\/#breadcrumb","itemListElement":[{"@type":"ListItem","position":1,"name":"Inicio","item":"https:\/\/www.bbmnoticias.com\/labravaradiofm\/"},{"@type":"ListItem","position":2,"name":"Hugo L\u00f3pez-Gatell suspende reuni\u00f3n con diputados: acusan que no quer\u00eda ser grabado"}]},{"@type":"WebSite","@id":"https:\/\/www.bbmnoticias.com\/labravaradiofm\/#website","url":"https:\/\/www.bbmnoticias.com\/labravaradiofm\/","name":"LA BRAVA RADIO","description":"Empresa productora de medios, Radiodifusi\u00f3n, Noticias, tendencias y todo lo que necesitas saber de la pol\u00edtica mexicana e internacional; entretenimiento, espect\u00e1culos, salud y mucho m\u00e1s.","potentialAction":[{"@type":"SearchAction","target":{"@type":"EntryPoint","urlTemplate":"https:\/\/www.bbmnoticias.com\/labravaradiofm\/?s={search_term_string}"},"query-input":{"@type":"PropertyValueSpecification","valueRequired":true,"valueName":"search_term_string"}}],"inLanguage":"es"},{"@type":"Person","@id":"https:\/\/www.bbmnoticias.com\/labravaradiofm\/#\/schema\/person\/baf240d77a345f5fbc3dc146f9161af9","name":"SDPnoticias","image":{"@type":"ImageObject","inLanguage":"es","@id":"https:\/\/secure.gravatar.com\/avatar\/015ede9175a06d999d8b2b09e108b48c9e008e4ee44a647956086b51bbce326c?s=96&d=mm&r=g","url":"https:\/\/secure.gravatar.com\/avatar\/015ede9175a06d999d8b2b09e108b48c9e008e4ee44a647956086b51bbce326c?s=96&d=mm&r=g","contentUrl":"https:\/\/secure.gravatar.com\/avatar\/015ede9175a06d999d8b2b09e108b48c9e008e4ee44a647956086b51bbce326c?s=96&d=mm&r=g","caption":"SDPnoticias"},"url":"https:\/\/www.bbmnoticias.com\/labravaradiofm\/author\/sdpnoticias\/"}]}},"_links":{"self":[{"href":"https:\/\/www.bbmnoticias.com\/labravaradiofm\/wp-json\/wp\/v2\/posts\/7108","targetHints":{"allow":["GET"]}}],"collection":[{"href":"https:\/\/www.bbmnoticias.com\/labravaradiofm\/wp-json\/wp\/v2\/posts"}],"about":[{"href":"https:\/\/www.bbmnoticias.com\/labravaradiofm\/wp-json\/wp\/v2\/types\/post"}],"author":[{"embeddable":true,"href":"https:\/\/www.bbmnoticias.com\/labravaradiofm\/wp-json\/wp\/v2\/users\/12"}],"replies":[{"embeddable":true,"href":"https:\/\/www.bbmnoticias.com\/labravaradiofm\/wp-json\/wp\/v2\/comments?post=7108"}],"version-history":[{"count":0,"href":"https:\/\/www.bbmnoticias.com\/labravaradiofm\/wp-json\/wp\/v2\/posts\/7108\/revisions"}],"wp:featuredmedia":[{"embeddable":true,"href":"https:\/\/www.bbmnoticias.com\/labravaradiofm\/wp-json\/wp\/v2\/media\/7109"}],"wp:attachment":[{"href":"https:\/\/www.bbmnoticias.com\/labravaradiofm\/wp-json\/wp\/v2\/media?parent=7108"}],"wp:term":[{"taxonomy":"category","embeddable":true,"href":"https:\/\/www.bbmnoticias.com\/labravaradiofm\/wp-json\/wp\/v2\/categories?post=7108"},{"taxonomy":"post_tag","embeddable":true,"href":"https:\/\/www.bbmnoticias.com\/labravaradiofm\/wp-json\/wp\/v2\/tags?post=7108"}],"curies":[{"name":"wp","href":"https:\/\/api.w.org\/{rel}","templated":true}]}}