{"id":71067,"date":"2025-12-09T12:44:00","date_gmt":"2025-12-09T18:44:00","guid":{"rendered":"https:\/\/www.bbmnoticias.com\/labravaradiofm\/2025\/12\/09\/permanecera-abierto-a-la-circulacion-en-temporada-vacacional-de-invierno-2025-tramo-pochutla-huatulco\/"},"modified":"2025-12-09T12:44:20","modified_gmt":"2025-12-09T18:44:20","slug":"permanecera-abierto-a-la-circulacion-en-temporada-vacacional-de-invierno-2025-tramo-pochutla-huatulco","status":"publish","type":"post","link":"https:\/\/www.bbmnoticias.com\/labravaradiofm\/2025\/12\/09\/permanecera-abierto-a-la-circulacion-en-temporada-vacacional-de-invierno-2025-tramo-pochutla-huatulco\/","title":{"rendered":"Permanecer\u00e1 abierto a la circulaci\u00f3n en temporada vacacional de invierno 2025 tramo Pochutla &#8211; Huatulco"},"content":{"rendered":"<div style=\"margin-top: 0px; margin-bottom: 0px;\" class=\"sharethis-inline-share-buttons\" ><\/div>\n<p>\u2022 A partir del d\u00eda 20 de diciembre y hasta el 7 de enero de 2026, podr\u00e1n circular los miles de usuarios que acuden a la Costa Oaxaque\u00f1a<\/p>\n\n\n\n<p>\u2022 En esa v\u00eda, se realizan obras como parte de la modernizaci\u00f3n del eje carretero Salina Cruz\u2013Zihuatanejo; habr\u00e1 cierres intermitentes hasta el 19 de diciembre<\/p>\n\n\n\n<p>La Secretar\u00eda de Infraestructura, Comunicaciones y Transportes (SICT) informa que, con el prop\u00f3sito de reducir afectaciones viales e impulsar el turismo en Oaxaca, durante la temporada vacacional de invierno 2025, el tramo carretero Pochutla \u2013 Huatulco permanecer\u00e1 abierto a la circulaci\u00f3n.<\/p>\n\n\n\n<p>Actualmente se realizan obras en dicha vialidad como parte de la modernizaci\u00f3n del eje carretero Salina Cruz\u2013Zihuatanejo. Ante ello, los cierres viales intermitentes permanecer\u00e1n hasta el 19 de diciembre de la siguiente manera:<\/p>\n\n\n\n<p>\u2022&nbsp;&nbsp;&nbsp;&nbsp;&nbsp;&nbsp;&nbsp;&nbsp; 05:00 a 08:00 horas \u2013 Paso permitido&nbsp;&nbsp;&nbsp;&nbsp;&nbsp;<\/p>\n\n\n\n<p>\u2022&nbsp;&nbsp;&nbsp;&nbsp;&nbsp;&nbsp;&nbsp;&nbsp; 08:00 a 13:00 horas \u2013 Cierre total<\/p>\n\n\n\n<p>\u2022&nbsp;&nbsp;&nbsp;&nbsp;&nbsp;&nbsp;&nbsp;&nbsp; 13:00 a 15:00 horas \u2013 Paso permitido<\/p>\n\n\n\n<p>\u2022&nbsp;&nbsp;&nbsp;&nbsp;&nbsp;&nbsp;&nbsp;&nbsp; 15:00 a 20:00 horas \u2013 Cierre total<\/p>\n\n\n\n<p>\u2022&nbsp;&nbsp;&nbsp;&nbsp;&nbsp;&nbsp;&nbsp;&nbsp; 20:00 a 05:00 horas \u2013 Paso permitido<\/p>\n\n\n\n<p>A partir del 20 de diciembre y hasta el 7 de enero de 2026, el tramo carretero Pochutla \u2013 Huatulco estar\u00e1 abierto a la circulaci\u00f3n para los miles de usuarios que acuden a la Costa Oaxaque\u00f1a.<\/p>\n\n\n\n<p>El Centro SICT Oaxaca recuerda a los conductores que contin\u00faa disponible como v\u00eda alterna, exclusiva para veh\u00edculos de hasta tres toneladas la siguiente carretera:<\/p>\n\n\n\n<p>\u2022&nbsp;&nbsp;&nbsp;&nbsp;&nbsp;&nbsp;&nbsp;&nbsp; E.C. (Carretera Federal 200 \u2013 Santa Mar\u00eda Huatulco) \u2013 Santa Mar\u00eda Huatulco \u2013 San Isidro Apango \u2013 San Miguel Figueroa \u2013 San Pedro Pochutla.<\/p>\n\n\n\n<p>La SICT exhorta a las y los usuarios planear con anticipaci\u00f3n sus traslados, respetar la se\u00f1alizaci\u00f3n vial y extremar precauciones al circular por la zona.<\/p>\n","protected":false},"excerpt":{"rendered":"<p>\u2022 A partir del d\u00eda 20 de diciembre y hasta el 7 de enero de 2026, podr\u00e1n circular los miles de usuarios que acuden a la Costa Oaxaque\u00f1a \u2022 En esa v\u00eda, se realizan obras como parte de la modernizaci\u00f3n del eje carretero Salina Cruz\u2013Zihuatanejo; habr\u00e1 cierres intermitentes hasta el 19 de diciembre La Secretar\u00eda [&hellip;]<\/p>\n","protected":false},"author":2,"featured_media":71069,"comment_status":"closed","ping_status":"","sticky":false,"template":"","format":"standard","meta":{"footnotes":""},"categories":[2],"tags":[],"class_list":{"0":"post-71067","1":"post","2":"type-post","3":"status-publish","4":"format-standard","5":"has-post-thumbnail","7":"category-oaxaca"},"yoast_head":"<!-- This site is optimized with the Yoast SEO plugin v27.4 - https:\/\/yoast.com\/product\/yoast-seo-wordpress\/ -->\n<title>Permanecer\u00e1 abierto a la circulaci\u00f3n en temporada vacacional de invierno 2025 tramo Pochutla - Huatulco - LA BRAVA RADIO<\/title>\n<meta name=\"robots\" content=\"index, follow, max-snippet:-1, max-image-preview:large, max-video-preview:-1\" \/>\n<link rel=\"canonical\" href=\"https:\/\/www.bbmnoticias.com\/permanecera-abierto-a-la-circulacion-en-temporada-vacacional-de-invierno-2025-tramo-pochutla-huatulco\/\" \/>\n<meta property=\"og:locale\" content=\"es_MX\" \/>\n<meta property=\"og:type\" content=\"article\" \/>\n<meta property=\"og:title\" content=\"Permanecer\u00e1 abierto a la circulaci\u00f3n en temporada vacacional de invierno 2025 tramo Pochutla - Huatulco - LA BRAVA RADIO\" \/>\n<meta property=\"og:description\" content=\"\u2022 A partir del d\u00eda 20 de diciembre y hasta el 7 de enero de 2026, podr\u00e1n circular los miles de usuarios que acuden a la Costa Oaxaque\u00f1a \u2022 En esa v\u00eda, se realizan obras como parte de la modernizaci\u00f3n del eje carretero Salina Cruz\u2013Zihuatanejo; habr\u00e1 cierres intermitentes hasta el 19 de diciembre La Secretar\u00eda [&hellip;]\" \/>\n<meta property=\"og:url\" content=\"https:\/\/www.bbmnoticias.com\/permanecera-abierto-a-la-circulacion-en-temporada-vacacional-de-invierno-2025-tramo-pochutla-huatulco\/\" \/>\n<meta property=\"og:site_name\" content=\"LA BRAVA RADIO\" \/>\n<meta property=\"article:published_time\" content=\"2025-12-09T18:44:00+00:00\" \/>\n<meta property=\"article:modified_time\" content=\"2025-12-09T18:44:20+00:00\" \/>\n<meta property=\"og:image\" content=\"https:\/\/www.bbmnoticias.com\/labravaradiofm\/wp-content\/uploads\/sites\/5\/2025\/12\/tramo_pochutla_oaxaca.jpg\" \/>\n\t<meta property=\"og:image:width\" content=\"800\" \/>\n\t<meta property=\"og:image:height\" content=\"450\" \/>\n\t<meta property=\"og:image:type\" content=\"image\/jpeg\" \/>\n<meta name=\"author\" content=\"Staff\" \/>\n<meta name=\"twitter:card\" content=\"summary_large_image\" \/>\n<meta name=\"twitter:label1\" content=\"Escrito por\" \/>\n\t<meta name=\"twitter:data1\" content=\"Staff\" \/>\n\t<meta name=\"twitter:label2\" content=\"Tiempo de lectura\" \/>\n\t<meta name=\"twitter:data2\" content=\"2 minutos\" \/>\n<script type=\"application\/ld+json\" class=\"yoast-schema-graph\">{\"@context\":\"https:\\\/\\\/schema.org\",\"@graph\":[{\"@type\":\"Article\",\"@id\":\"https:\\\/\\\/www.bbmnoticias.com\\\/permanecera-abierto-a-la-circulacion-en-temporada-vacacional-de-invierno-2025-tramo-pochutla-huatulco\\\/#article\",\"isPartOf\":{\"@id\":\"https:\\\/\\\/www.bbmnoticias.com\\\/labravaradiofm\\\/2025\\\/12\\\/09\\\/permanecera-abierto-a-la-circulacion-en-temporada-vacacional-de-invierno-2025-tramo-pochutla-huatulco\\\/\"},\"author\":{\"name\":\"Staff\",\"@id\":\"https:\\\/\\\/www.bbmnoticias.com\\\/labravaradiofm\\\/#\\\/schema\\\/person\\\/68a9e9036ef3c5b55aeb2b71dc8bab45\"},\"headline\":\"Permanecer\u00e1 abierto a la circulaci\u00f3n en temporada vacacional de invierno 2025 tramo Pochutla &#8211; Huatulco\",\"datePublished\":\"2025-12-09T18:44:00+00:00\",\"dateModified\":\"2025-12-09T18:44:20+00:00\",\"mainEntityOfPage\":{\"@id\":\"https:\\\/\\\/www.bbmnoticias.com\\\/labravaradiofm\\\/2025\\\/12\\\/09\\\/permanecera-abierto-a-la-circulacion-en-temporada-vacacional-de-invierno-2025-tramo-pochutla-huatulco\\\/\"},\"wordCount\":328,\"image\":{\"@id\":\"https:\\\/\\\/www.bbmnoticias.com\\\/permanecera-abierto-a-la-circulacion-en-temporada-vacacional-de-invierno-2025-tramo-pochutla-huatulco\\\/#primaryimage\"},\"thumbnailUrl\":\"https:\\\/\\\/www.bbmnoticias.com\\\/labravaradiofm\\\/wp-content\\\/uploads\\\/sites\\\/5\\\/2025\\\/12\\\/tramo_pochutla_oaxaca.jpg\",\"articleSection\":[\"LOCAL\"],\"inLanguage\":\"es\"},{\"@type\":\"WebPage\",\"@id\":\"https:\\\/\\\/www.bbmnoticias.com\\\/labravaradiofm\\\/2025\\\/12\\\/09\\\/permanecera-abierto-a-la-circulacion-en-temporada-vacacional-de-invierno-2025-tramo-pochutla-huatulco\\\/\",\"url\":\"https:\\\/\\\/www.bbmnoticias.com\\\/permanecera-abierto-a-la-circulacion-en-temporada-vacacional-de-invierno-2025-tramo-pochutla-huatulco\\\/\",\"name\":\"Permanecer\u00e1 abierto a la circulaci\u00f3n en temporada vacacional de invierno 2025 tramo Pochutla - Huatulco - LA BRAVA RADIO\",\"isPartOf\":{\"@id\":\"https:\\\/\\\/www.bbmnoticias.com\\\/labravaradiofm\\\/#website\"},\"primaryImageOfPage\":{\"@id\":\"https:\\\/\\\/www.bbmnoticias.com\\\/permanecera-abierto-a-la-circulacion-en-temporada-vacacional-de-invierno-2025-tramo-pochutla-huatulco\\\/#primaryimage\"},\"image\":{\"@id\":\"https:\\\/\\\/www.bbmnoticias.com\\\/permanecera-abierto-a-la-circulacion-en-temporada-vacacional-de-invierno-2025-tramo-pochutla-huatulco\\\/#primaryimage\"},\"thumbnailUrl\":\"https:\\\/\\\/www.bbmnoticias.com\\\/labravaradiofm\\\/wp-content\\\/uploads\\\/sites\\\/5\\\/2025\\\/12\\\/tramo_pochutla_oaxaca.jpg\",\"datePublished\":\"2025-12-09T18:44:00+00:00\",\"dateModified\":\"2025-12-09T18:44:20+00:00\",\"author\":{\"@id\":\"https:\\\/\\\/www.bbmnoticias.com\\\/labravaradiofm\\\/#\\\/schema\\\/person\\\/68a9e9036ef3c5b55aeb2b71dc8bab45\"},\"breadcrumb\":{\"@id\":\"https:\\\/\\\/www.bbmnoticias.com\\\/permanecera-abierto-a-la-circulacion-en-temporada-vacacional-de-invierno-2025-tramo-pochutla-huatulco\\\/#breadcrumb\"},\"inLanguage\":\"es\",\"potentialAction\":[{\"@type\":\"ReadAction\",\"target\":[\"https:\\\/\\\/www.bbmnoticias.com\\\/permanecera-abierto-a-la-circulacion-en-temporada-vacacional-de-invierno-2025-tramo-pochutla-huatulco\\\/\"]}]},{\"@type\":\"ImageObject\",\"inLanguage\":\"es\",\"@id\":\"https:\\\/\\\/www.bbmnoticias.com\\\/permanecera-abierto-a-la-circulacion-en-temporada-vacacional-de-invierno-2025-tramo-pochutla-huatulco\\\/#primaryimage\",\"url\":\"https:\\\/\\\/www.bbmnoticias.com\\\/labravaradiofm\\\/wp-content\\\/uploads\\\/sites\\\/5\\\/2025\\\/12\\\/tramo_pochutla_oaxaca.jpg\",\"contentUrl\":\"https:\\\/\\\/www.bbmnoticias.com\\\/labravaradiofm\\\/wp-content\\\/uploads\\\/sites\\\/5\\\/2025\\\/12\\\/tramo_pochutla_oaxaca.jpg\",\"width\":800,\"height\":450},{\"@type\":\"BreadcrumbList\",\"@id\":\"https:\\\/\\\/www.bbmnoticias.com\\\/permanecera-abierto-a-la-circulacion-en-temporada-vacacional-de-invierno-2025-tramo-pochutla-huatulco\\\/#breadcrumb\",\"itemListElement\":[{\"@type\":\"ListItem\",\"position\":1,\"name\":\"Inicio\",\"item\":\"https:\\\/\\\/www.bbmnoticias.com\\\/labravaradiofm\\\/\"},{\"@type\":\"ListItem\",\"position\":2,\"name\":\"Permanecer\u00e1 abierto a la circulaci\u00f3n en temporada vacacional de invierno 2025 tramo Pochutla &#8211; Huatulco\"}]},{\"@type\":\"WebSite\",\"@id\":\"https:\\\/\\\/www.bbmnoticias.com\\\/labravaradiofm\\\/#website\",\"url\":\"https:\\\/\\\/www.bbmnoticias.com\\\/labravaradiofm\\\/\",\"name\":\"LA BRAVA RADIO\",\"description\":\"Empresa productora de medios, Radiodifusi\u00f3n, Noticias, tendencias y todo lo que necesitas saber de la pol\u00edtica mexicana e internacional; entretenimiento, espect\u00e1culos, salud y mucho m\u00e1s.\",\"potentialAction\":[{\"@type\":\"SearchAction\",\"target\":{\"@type\":\"EntryPoint\",\"urlTemplate\":\"https:\\\/\\\/www.bbmnoticias.com\\\/labravaradiofm\\\/?s={search_term_string}\"},\"query-input\":{\"@type\":\"PropertyValueSpecification\",\"valueRequired\":true,\"valueName\":\"search_term_string\"}}],\"inLanguage\":\"es\"},{\"@type\":\"Person\",\"@id\":\"https:\\\/\\\/www.bbmnoticias.com\\\/labravaradiofm\\\/#\\\/schema\\\/person\\\/68a9e9036ef3c5b55aeb2b71dc8bab45\",\"name\":\"Staff\",\"image\":{\"@type\":\"ImageObject\",\"inLanguage\":\"es\",\"@id\":\"https:\\\/\\\/secure.gravatar.com\\\/avatar\\\/fdd21ad66fd8b98c407f9dee5b5e588cfe7f0d8579ec20fa6527cd59bab7f0f0?s=96&d=mm&r=g\",\"url\":\"https:\\\/\\\/secure.gravatar.com\\\/avatar\\\/fdd21ad66fd8b98c407f9dee5b5e588cfe7f0d8579ec20fa6527cd59bab7f0f0?s=96&d=mm&r=g\",\"contentUrl\":\"https:\\\/\\\/secure.gravatar.com\\\/avatar\\\/fdd21ad66fd8b98c407f9dee5b5e588cfe7f0d8579ec20fa6527cd59bab7f0f0?s=96&d=mm&r=g\",\"caption\":\"Staff\"},\"url\":\"https:\\\/\\\/www.bbmnoticias.com\\\/labravaradiofm\\\/author\\\/redaccion\\\/\"}]}<\/script>\n<!-- \/ Yoast SEO plugin. -->","yoast_head_json":{"title":"Permanecer\u00e1 abierto a la circulaci\u00f3n en temporada vacacional de invierno 2025 tramo Pochutla - Huatulco - LA BRAVA RADIO","robots":{"index":"index","follow":"follow","max-snippet":"max-snippet:-1","max-image-preview":"max-image-preview:large","max-video-preview":"max-video-preview:-1"},"canonical":"https:\/\/www.bbmnoticias.com\/permanecera-abierto-a-la-circulacion-en-temporada-vacacional-de-invierno-2025-tramo-pochutla-huatulco\/","og_locale":"es_MX","og_type":"article","og_title":"Permanecer\u00e1 abierto a la circulaci\u00f3n en temporada vacacional de invierno 2025 tramo Pochutla - Huatulco - LA BRAVA RADIO","og_description":"\u2022 A partir del d\u00eda 20 de diciembre y hasta el 7 de enero de 2026, podr\u00e1n circular los miles de usuarios que acuden a la Costa Oaxaque\u00f1a \u2022 En esa v\u00eda, se realizan obras como parte de la modernizaci\u00f3n del eje carretero Salina Cruz\u2013Zihuatanejo; habr\u00e1 cierres intermitentes hasta el 19 de diciembre La Secretar\u00eda [&hellip;]","og_url":"https:\/\/www.bbmnoticias.com\/permanecera-abierto-a-la-circulacion-en-temporada-vacacional-de-invierno-2025-tramo-pochutla-huatulco\/","og_site_name":"LA BRAVA RADIO","article_published_time":"2025-12-09T18:44:00+00:00","article_modified_time":"2025-12-09T18:44:20+00:00","og_image":[{"width":800,"height":450,"url":"https:\/\/www.bbmnoticias.com\/labravaradiofm\/wp-content\/uploads\/sites\/5\/2025\/12\/tramo_pochutla_oaxaca.jpg","type":"image\/jpeg"}],"author":"Staff","twitter_card":"summary_large_image","twitter_misc":{"Escrito por":"Staff","Tiempo de lectura":"2 minutos"},"schema":{"@context":"https:\/\/schema.org","@graph":[{"@type":"Article","@id":"https:\/\/www.bbmnoticias.com\/permanecera-abierto-a-la-circulacion-en-temporada-vacacional-de-invierno-2025-tramo-pochutla-huatulco\/#article","isPartOf":{"@id":"https:\/\/www.bbmnoticias.com\/labravaradiofm\/2025\/12\/09\/permanecera-abierto-a-la-circulacion-en-temporada-vacacional-de-invierno-2025-tramo-pochutla-huatulco\/"},"author":{"name":"Staff","@id":"https:\/\/www.bbmnoticias.com\/labravaradiofm\/#\/schema\/person\/68a9e9036ef3c5b55aeb2b71dc8bab45"},"headline":"Permanecer\u00e1 abierto a la circulaci\u00f3n en temporada vacacional de invierno 2025 tramo Pochutla &#8211; Huatulco","datePublished":"2025-12-09T18:44:00+00:00","dateModified":"2025-12-09T18:44:20+00:00","mainEntityOfPage":{"@id":"https:\/\/www.bbmnoticias.com\/labravaradiofm\/2025\/12\/09\/permanecera-abierto-a-la-circulacion-en-temporada-vacacional-de-invierno-2025-tramo-pochutla-huatulco\/"},"wordCount":328,"image":{"@id":"https:\/\/www.bbmnoticias.com\/permanecera-abierto-a-la-circulacion-en-temporada-vacacional-de-invierno-2025-tramo-pochutla-huatulco\/#primaryimage"},"thumbnailUrl":"https:\/\/www.bbmnoticias.com\/labravaradiofm\/wp-content\/uploads\/sites\/5\/2025\/12\/tramo_pochutla_oaxaca.jpg","articleSection":["LOCAL"],"inLanguage":"es"},{"@type":"WebPage","@id":"https:\/\/www.bbmnoticias.com\/labravaradiofm\/2025\/12\/09\/permanecera-abierto-a-la-circulacion-en-temporada-vacacional-de-invierno-2025-tramo-pochutla-huatulco\/","url":"https:\/\/www.bbmnoticias.com\/permanecera-abierto-a-la-circulacion-en-temporada-vacacional-de-invierno-2025-tramo-pochutla-huatulco\/","name":"Permanecer\u00e1 abierto a la circulaci\u00f3n en temporada vacacional de invierno 2025 tramo Pochutla - Huatulco - LA BRAVA RADIO","isPartOf":{"@id":"https:\/\/www.bbmnoticias.com\/labravaradiofm\/#website"},"primaryImageOfPage":{"@id":"https:\/\/www.bbmnoticias.com\/permanecera-abierto-a-la-circulacion-en-temporada-vacacional-de-invierno-2025-tramo-pochutla-huatulco\/#primaryimage"},"image":{"@id":"https:\/\/www.bbmnoticias.com\/permanecera-abierto-a-la-circulacion-en-temporada-vacacional-de-invierno-2025-tramo-pochutla-huatulco\/#primaryimage"},"thumbnailUrl":"https:\/\/www.bbmnoticias.com\/labravaradiofm\/wp-content\/uploads\/sites\/5\/2025\/12\/tramo_pochutla_oaxaca.jpg","datePublished":"2025-12-09T18:44:00+00:00","dateModified":"2025-12-09T18:44:20+00:00","author":{"@id":"https:\/\/www.bbmnoticias.com\/labravaradiofm\/#\/schema\/person\/68a9e9036ef3c5b55aeb2b71dc8bab45"},"breadcrumb":{"@id":"https:\/\/www.bbmnoticias.com\/permanecera-abierto-a-la-circulacion-en-temporada-vacacional-de-invierno-2025-tramo-pochutla-huatulco\/#breadcrumb"},"inLanguage":"es","potentialAction":[{"@type":"ReadAction","target":["https:\/\/www.bbmnoticias.com\/permanecera-abierto-a-la-circulacion-en-temporada-vacacional-de-invierno-2025-tramo-pochutla-huatulco\/"]}]},{"@type":"ImageObject","inLanguage":"es","@id":"https:\/\/www.bbmnoticias.com\/permanecera-abierto-a-la-circulacion-en-temporada-vacacional-de-invierno-2025-tramo-pochutla-huatulco\/#primaryimage","url":"https:\/\/www.bbmnoticias.com\/labravaradiofm\/wp-content\/uploads\/sites\/5\/2025\/12\/tramo_pochutla_oaxaca.jpg","contentUrl":"https:\/\/www.bbmnoticias.com\/labravaradiofm\/wp-content\/uploads\/sites\/5\/2025\/12\/tramo_pochutla_oaxaca.jpg","width":800,"height":450},{"@type":"BreadcrumbList","@id":"https:\/\/www.bbmnoticias.com\/permanecera-abierto-a-la-circulacion-en-temporada-vacacional-de-invierno-2025-tramo-pochutla-huatulco\/#breadcrumb","itemListElement":[{"@type":"ListItem","position":1,"name":"Inicio","item":"https:\/\/www.bbmnoticias.com\/labravaradiofm\/"},{"@type":"ListItem","position":2,"name":"Permanecer\u00e1 abierto a la circulaci\u00f3n en temporada vacacional de invierno 2025 tramo Pochutla &#8211; Huatulco"}]},{"@type":"WebSite","@id":"https:\/\/www.bbmnoticias.com\/labravaradiofm\/#website","url":"https:\/\/www.bbmnoticias.com\/labravaradiofm\/","name":"LA BRAVA RADIO","description":"Empresa productora de medios, Radiodifusi\u00f3n, Noticias, tendencias y todo lo que necesitas saber de la pol\u00edtica mexicana e internacional; entretenimiento, espect\u00e1culos, salud y mucho m\u00e1s.","potentialAction":[{"@type":"SearchAction","target":{"@type":"EntryPoint","urlTemplate":"https:\/\/www.bbmnoticias.com\/labravaradiofm\/?s={search_term_string}"},"query-input":{"@type":"PropertyValueSpecification","valueRequired":true,"valueName":"search_term_string"}}],"inLanguage":"es"},{"@type":"Person","@id":"https:\/\/www.bbmnoticias.com\/labravaradiofm\/#\/schema\/person\/68a9e9036ef3c5b55aeb2b71dc8bab45","name":"Staff","image":{"@type":"ImageObject","inLanguage":"es","@id":"https:\/\/secure.gravatar.com\/avatar\/fdd21ad66fd8b98c407f9dee5b5e588cfe7f0d8579ec20fa6527cd59bab7f0f0?s=96&d=mm&r=g","url":"https:\/\/secure.gravatar.com\/avatar\/fdd21ad66fd8b98c407f9dee5b5e588cfe7f0d8579ec20fa6527cd59bab7f0f0?s=96&d=mm&r=g","contentUrl":"https:\/\/secure.gravatar.com\/avatar\/fdd21ad66fd8b98c407f9dee5b5e588cfe7f0d8579ec20fa6527cd59bab7f0f0?s=96&d=mm&r=g","caption":"Staff"},"url":"https:\/\/www.bbmnoticias.com\/labravaradiofm\/author\/redaccion\/"}]}},"_links":{"self":[{"href":"https:\/\/www.bbmnoticias.com\/labravaradiofm\/wp-json\/wp\/v2\/posts\/71067","targetHints":{"allow":["GET"]}}],"collection":[{"href":"https:\/\/www.bbmnoticias.com\/labravaradiofm\/wp-json\/wp\/v2\/posts"}],"about":[{"href":"https:\/\/www.bbmnoticias.com\/labravaradiofm\/wp-json\/wp\/v2\/types\/post"}],"author":[{"embeddable":true,"href":"https:\/\/www.bbmnoticias.com\/labravaradiofm\/wp-json\/wp\/v2\/users\/2"}],"replies":[{"embeddable":true,"href":"https:\/\/www.bbmnoticias.com\/labravaradiofm\/wp-json\/wp\/v2\/comments?post=71067"}],"version-history":[{"count":0,"href":"https:\/\/www.bbmnoticias.com\/labravaradiofm\/wp-json\/wp\/v2\/posts\/71067\/revisions"}],"wp:featuredmedia":[{"embeddable":true,"href":"https:\/\/www.bbmnoticias.com\/labravaradiofm\/wp-json\/wp\/v2\/media\/71069"}],"wp:attachment":[{"href":"https:\/\/www.bbmnoticias.com\/labravaradiofm\/wp-json\/wp\/v2\/media?parent=71067"}],"wp:term":[{"taxonomy":"category","embeddable":true,"href":"https:\/\/www.bbmnoticias.com\/labravaradiofm\/wp-json\/wp\/v2\/categories?post=71067"},{"taxonomy":"post_tag","embeddable":true,"href":"https:\/\/www.bbmnoticias.com\/labravaradiofm\/wp-json\/wp\/v2\/tags?post=71067"}],"curies":[{"name":"wp","href":"https:\/\/api.w.org\/{rel}","templated":true}]}}