{"id":71055,"date":"2025-12-09T09:56:06","date_gmt":"2025-12-09T15:56:06","guid":{"rendered":"https:\/\/www.bbmnoticias.com\/labravaradiofm\/2025\/12\/09\/paquete-fiscal-2026-muestra-un-crecimiento-responsable-sostenido-y-con-alto-contenido-social-diputada-tania-caballero-navarro\/"},"modified":"2025-12-09T09:56:35","modified_gmt":"2025-12-09T15:56:35","slug":"paquete-fiscal-2026-muestra-un-crecimiento-responsable-sostenido-y-con-alto-contenido-social-diputada-tania-caballero-navarro","status":"publish","type":"post","link":"https:\/\/www.bbmnoticias.com\/labravaradiofm\/2025\/12\/09\/paquete-fiscal-2026-muestra-un-crecimiento-responsable-sostenido-y-con-alto-contenido-social-diputada-tania-caballero-navarro\/","title":{"rendered":"Paquete Fiscal 2026 muestra un crecimiento responsable, sostenido y con alto contenido social: diputada Tania Caballero Navarro"},"content":{"rendered":"<div style=\"margin-top: 0px; margin-bottom: 0px;\" class=\"sharethis-inline-share-buttons\" ><\/div>\n<p>San Raymundo Jalpan, Oax.- Ante la aprobaci\u00f3n del Paquete Econ\u00f3mico para el Ejercicio Fiscal 2026, la presidenta de la Junta de Coordinaci\u00f3n Pol\u00edtica (Jucopo), diputada Tania Caballero Navarro, manifest\u00f3 que este presupuesto es m\u00e1s que un conjunto de cifras, pues se trata de una decisi\u00f3n pol\u00edtica que marcar\u00e1 el rumbo del estado el pr\u00f3ximo a\u00f1o.<\/p>\n\n\n\n<p>Dijo que el Paquete Fiscal demuestra un crecimiento responsable y sostenido frente al 2025, mismo que se utilizar\u00e1 para infraestructura, programas sociales, campo y movilidad, anteponiendo una visi\u00f3n territorial que permitir\u00e1 la inclusi\u00f3n de todas las comunidades.<\/p>\n\n\n\n<p>\u201cDesde el Poder Legislativo, nuestro compromiso es analizar, comparar y aprobar con responsabilidad este Paquete Econ\u00f3mico, que refleja un esfuerzo por equilibrar crecimiento, justicia social y estabilidad financiera, porque cuando el presupuesto se planea con orden y se orienta al territorio, los recursos s\u00ed alcanzan y s\u00ed llegan a la gente que m\u00e1s lo necesita\u201d, expres\u00f3.<\/p>\n\n\n\n<p>Por su parte, el presidente de la Comisi\u00f3n de Presupuesto y Programaci\u00f3n, diputado Francisco Javier Ni\u00f1o Hern\u00e1ndez, subray\u00f3 que el dise\u00f1o del paquete econ\u00f3mico refleja la continuidad de un proyecto gubernamental enfocado en resultados y orientado por los ejes del Plan Estatal de Desarrollo 2022\u20132028.<\/p>\n\n\n\n<p>Se\u00f1al\u00f3 que el presupuesto busca fortalecer pol\u00edticas p\u00fablicas que impulsen el desarrollo social, econ\u00f3mico y ambiental en las ocho regiones, bajo criterios de legalidad, eficiencia, transparencia y austeridad.<\/p>\n\n\n\n<p>Por su parte, el diputado Isaac L\u00f3pez L\u00f3pez, tambi\u00e9n integrante de este \u00f3rgano legislativo, enfatiz\u00f3 que el dictamen presentado al Pleno est\u00e1 alineado a los principios del humanismo mexicano, colocando al centro a las personas con mayores necesidades, con un enfoque en los sectores esenciales como seguridad p\u00fablica, educaci\u00f3n, salud, protecci\u00f3n civil, cultura y servicios b\u00e1sicos.<\/p>\n\n\n\n<p>El diputado del Grupo Parlamentario del Partido del Trabajo (PT), Dante Monta\u00f1o Montalvo se pronunci\u00f3 a favor de utilizar el recurso de las y los oaxaque\u00f1os para el desarrollo de la entidad, y consider\u00f3 un acierto la pol\u00edtica de mantener la recaudaci\u00f3n para programas sociales, aunque asever\u00f3 que vigilar\u00e1n el buen uso de los recursos.<\/p>\n\n\n\n<p>Asimismo, la legisladora M\u00f3nica Bel\u00e9n L\u00f3pez Javier, del Grupo Parlamentario Fuerza por Oaxaca, resalt\u00f3 que el incremento presupuestal no es producto de endeudamientos irresponsables, sino de una administraci\u00f3n ordenada que cumple con la disciplina financiera y avanza con firmeza en la ruta del desarrollo estatal, pues gran parte de la carga financiera actual proviene de decisiones heredadas de gobiernos anteriores.<\/p>\n\n\n\n<p>La diputada Lizbeth Anaid Concha Ojeda, del Grupo Parlamentario Plural, destac\u00f3 que el Paquete de Egresos 2026 consolida la gobernabilidad y la estabilidad institucional, con un presupuesto que permite cumplir obligaciones financieras sin comprometer la operaci\u00f3n del Estado ni frenar la inversi\u00f3n social y productiva, lo que refleja una administraci\u00f3n con rumbo claro, orientada a transformar comunidades y ampliar oportunidades para las y los oaxaque\u00f1os.<\/p>\n\n\n\n<p>Finalmente, la diputada Elvia Gabriela P\u00e9rez L\u00f3pez, integrante del Grupo Parlamentario del Partido Verde Ecologista de M\u00e9xico (PVEM), dijo que ning\u00fan estado invierte como Oaxaca en el combate frontal por erradicar la pobreza, pues este presupuesto dignifica historias de lucha como la de las y los trabajadores de Seguridad P\u00fablica Estatal, con el incremento a su salario o como la garant\u00eda de que habr\u00e1 pago a los pensionados, todo ello bajo los principios de austeridad, disciplina financiera y eficiencia en el gasto p\u00fablico<\/p>\n","protected":false},"excerpt":{"rendered":"<p>San Raymundo Jalpan, Oax.- Ante la aprobaci\u00f3n del Paquete Econ\u00f3mico para el Ejercicio Fiscal 2026, la presidenta de la Junta de Coordinaci\u00f3n Pol\u00edtica (Jucopo), diputada Tania Caballero Navarro, manifest\u00f3 que este presupuesto es m\u00e1s que un conjunto de cifras, pues se trata de una decisi\u00f3n pol\u00edtica que marcar\u00e1 el rumbo del estado el pr\u00f3ximo a\u00f1o. [&hellip;]<\/p>\n","protected":false},"author":2,"featured_media":71057,"comment_status":"closed","ping_status":"","sticky":false,"template":"","format":"standard","meta":{"footnotes":""},"categories":[2],"tags":[],"class_list":{"0":"post-71055","1":"post","2":"type-post","3":"status-publish","4":"format-standard","5":"has-post-thumbnail","7":"category-oaxaca"},"yoast_head":"<!-- This site is optimized with the Yoast SEO plugin v27.4 - https:\/\/yoast.com\/product\/yoast-seo-wordpress\/ -->\n<title>Paquete Fiscal 2026 muestra un crecimiento responsable, sostenido y con alto contenido social: diputada Tania Caballero Navarro - LA BRAVA RADIO<\/title>\n<meta name=\"robots\" content=\"index, follow, max-snippet:-1, max-image-preview:large, max-video-preview:-1\" \/>\n<link rel=\"canonical\" href=\"https:\/\/www.bbmnoticias.com\/paquete-fiscal-2026-muestra-un-crecimiento-responsable-sostenido-y-con-alto-contenido-social-diputada-tania-caballero-navarro\/\" \/>\n<meta property=\"og:locale\" content=\"es_MX\" \/>\n<meta property=\"og:type\" content=\"article\" \/>\n<meta property=\"og:title\" content=\"Paquete Fiscal 2026 muestra un crecimiento responsable, sostenido y con alto contenido social: diputada Tania Caballero Navarro - LA BRAVA RADIO\" \/>\n<meta property=\"og:description\" content=\"San Raymundo Jalpan, Oax.- Ante la aprobaci\u00f3n del Paquete Econ\u00f3mico para el Ejercicio Fiscal 2026, la presidenta de la Junta de Coordinaci\u00f3n Pol\u00edtica (Jucopo), diputada Tania Caballero Navarro, manifest\u00f3 que este presupuesto es m\u00e1s que un conjunto de cifras, pues se trata de una decisi\u00f3n pol\u00edtica que marcar\u00e1 el rumbo del estado el pr\u00f3ximo a\u00f1o. [&hellip;]\" \/>\n<meta property=\"og:url\" content=\"https:\/\/www.bbmnoticias.com\/paquete-fiscal-2026-muestra-un-crecimiento-responsable-sostenido-y-con-alto-contenido-social-diputada-tania-caballero-navarro\/\" \/>\n<meta property=\"og:site_name\" content=\"LA BRAVA RADIO\" \/>\n<meta property=\"article:published_time\" content=\"2025-12-09T15:56:06+00:00\" \/>\n<meta property=\"article:modified_time\" content=\"2025-12-09T15:56:35+00:00\" \/>\n<meta property=\"og:image\" content=\"https:\/\/www.bbmnoticias.com\/labravaradiofm\/wp-content\/uploads\/sites\/5\/2025\/12\/tania_caballero.jpg\" \/>\n\t<meta property=\"og:image:width\" content=\"800\" \/>\n\t<meta property=\"og:image:height\" content=\"512\" \/>\n\t<meta property=\"og:image:type\" content=\"image\/jpeg\" \/>\n<meta name=\"author\" content=\"Staff\" \/>\n<meta name=\"twitter:card\" content=\"summary_large_image\" \/>\n<meta name=\"twitter:label1\" content=\"Escrito por\" \/>\n\t<meta name=\"twitter:data1\" content=\"Staff\" \/>\n\t<meta name=\"twitter:label2\" content=\"Tiempo de lectura\" \/>\n\t<meta name=\"twitter:data2\" content=\"3 minutos\" \/>\n<script type=\"application\/ld+json\" class=\"yoast-schema-graph\">{\"@context\":\"https:\\\/\\\/schema.org\",\"@graph\":[{\"@type\":\"Article\",\"@id\":\"https:\\\/\\\/www.bbmnoticias.com\\\/paquete-fiscal-2026-muestra-un-crecimiento-responsable-sostenido-y-con-alto-contenido-social-diputada-tania-caballero-navarro\\\/#article\",\"isPartOf\":{\"@id\":\"https:\\\/\\\/www.bbmnoticias.com\\\/labravaradiofm\\\/2025\\\/12\\\/09\\\/paquete-fiscal-2026-muestra-un-crecimiento-responsable-sostenido-y-con-alto-contenido-social-diputada-tania-caballero-navarro\\\/\"},\"author\":{\"name\":\"Staff\",\"@id\":\"https:\\\/\\\/www.bbmnoticias.com\\\/labravaradiofm\\\/#\\\/schema\\\/person\\\/68a9e9036ef3c5b55aeb2b71dc8bab45\"},\"headline\":\"Paquete Fiscal 2026 muestra un crecimiento responsable, sostenido y con alto contenido social: diputada Tania Caballero Navarro\",\"datePublished\":\"2025-12-09T15:56:06+00:00\",\"dateModified\":\"2025-12-09T15:56:35+00:00\",\"mainEntityOfPage\":{\"@id\":\"https:\\\/\\\/www.bbmnoticias.com\\\/labravaradiofm\\\/2025\\\/12\\\/09\\\/paquete-fiscal-2026-muestra-un-crecimiento-responsable-sostenido-y-con-alto-contenido-social-diputada-tania-caballero-navarro\\\/\"},\"wordCount\":603,\"image\":{\"@id\":\"https:\\\/\\\/www.bbmnoticias.com\\\/paquete-fiscal-2026-muestra-un-crecimiento-responsable-sostenido-y-con-alto-contenido-social-diputada-tania-caballero-navarro\\\/#primaryimage\"},\"thumbnailUrl\":\"https:\\\/\\\/www.bbmnoticias.com\\\/labravaradiofm\\\/wp-content\\\/uploads\\\/sites\\\/5\\\/2025\\\/12\\\/tania_caballero.jpg\",\"articleSection\":[\"LOCAL\"],\"inLanguage\":\"es\"},{\"@type\":\"WebPage\",\"@id\":\"https:\\\/\\\/www.bbmnoticias.com\\\/labravaradiofm\\\/2025\\\/12\\\/09\\\/paquete-fiscal-2026-muestra-un-crecimiento-responsable-sostenido-y-con-alto-contenido-social-diputada-tania-caballero-navarro\\\/\",\"url\":\"https:\\\/\\\/www.bbmnoticias.com\\\/paquete-fiscal-2026-muestra-un-crecimiento-responsable-sostenido-y-con-alto-contenido-social-diputada-tania-caballero-navarro\\\/\",\"name\":\"Paquete Fiscal 2026 muestra un crecimiento responsable, sostenido y con alto contenido social: diputada Tania Caballero Navarro - LA BRAVA RADIO\",\"isPartOf\":{\"@id\":\"https:\\\/\\\/www.bbmnoticias.com\\\/labravaradiofm\\\/#website\"},\"primaryImageOfPage\":{\"@id\":\"https:\\\/\\\/www.bbmnoticias.com\\\/paquete-fiscal-2026-muestra-un-crecimiento-responsable-sostenido-y-con-alto-contenido-social-diputada-tania-caballero-navarro\\\/#primaryimage\"},\"image\":{\"@id\":\"https:\\\/\\\/www.bbmnoticias.com\\\/paquete-fiscal-2026-muestra-un-crecimiento-responsable-sostenido-y-con-alto-contenido-social-diputada-tania-caballero-navarro\\\/#primaryimage\"},\"thumbnailUrl\":\"https:\\\/\\\/www.bbmnoticias.com\\\/labravaradiofm\\\/wp-content\\\/uploads\\\/sites\\\/5\\\/2025\\\/12\\\/tania_caballero.jpg\",\"datePublished\":\"2025-12-09T15:56:06+00:00\",\"dateModified\":\"2025-12-09T15:56:35+00:00\",\"author\":{\"@id\":\"https:\\\/\\\/www.bbmnoticias.com\\\/labravaradiofm\\\/#\\\/schema\\\/person\\\/68a9e9036ef3c5b55aeb2b71dc8bab45\"},\"breadcrumb\":{\"@id\":\"https:\\\/\\\/www.bbmnoticias.com\\\/paquete-fiscal-2026-muestra-un-crecimiento-responsable-sostenido-y-con-alto-contenido-social-diputada-tania-caballero-navarro\\\/#breadcrumb\"},\"inLanguage\":\"es\",\"potentialAction\":[{\"@type\":\"ReadAction\",\"target\":[\"https:\\\/\\\/www.bbmnoticias.com\\\/paquete-fiscal-2026-muestra-un-crecimiento-responsable-sostenido-y-con-alto-contenido-social-diputada-tania-caballero-navarro\\\/\"]}]},{\"@type\":\"ImageObject\",\"inLanguage\":\"es\",\"@id\":\"https:\\\/\\\/www.bbmnoticias.com\\\/paquete-fiscal-2026-muestra-un-crecimiento-responsable-sostenido-y-con-alto-contenido-social-diputada-tania-caballero-navarro\\\/#primaryimage\",\"url\":\"https:\\\/\\\/www.bbmnoticias.com\\\/labravaradiofm\\\/wp-content\\\/uploads\\\/sites\\\/5\\\/2025\\\/12\\\/tania_caballero.jpg\",\"contentUrl\":\"https:\\\/\\\/www.bbmnoticias.com\\\/labravaradiofm\\\/wp-content\\\/uploads\\\/sites\\\/5\\\/2025\\\/12\\\/tania_caballero.jpg\",\"width\":800,\"height\":512},{\"@type\":\"BreadcrumbList\",\"@id\":\"https:\\\/\\\/www.bbmnoticias.com\\\/paquete-fiscal-2026-muestra-un-crecimiento-responsable-sostenido-y-con-alto-contenido-social-diputada-tania-caballero-navarro\\\/#breadcrumb\",\"itemListElement\":[{\"@type\":\"ListItem\",\"position\":1,\"name\":\"Inicio\",\"item\":\"https:\\\/\\\/www.bbmnoticias.com\\\/labravaradiofm\\\/\"},{\"@type\":\"ListItem\",\"position\":2,\"name\":\"Paquete Fiscal 2026 muestra un crecimiento responsable, sostenido y con alto contenido social: diputada Tania Caballero Navarro\"}]},{\"@type\":\"WebSite\",\"@id\":\"https:\\\/\\\/www.bbmnoticias.com\\\/labravaradiofm\\\/#website\",\"url\":\"https:\\\/\\\/www.bbmnoticias.com\\\/labravaradiofm\\\/\",\"name\":\"LA BRAVA RADIO\",\"description\":\"Empresa productora de medios, Radiodifusi\u00f3n, Noticias, tendencias y todo lo que necesitas saber de la pol\u00edtica mexicana e internacional; entretenimiento, espect\u00e1culos, salud y mucho m\u00e1s.\",\"potentialAction\":[{\"@type\":\"SearchAction\",\"target\":{\"@type\":\"EntryPoint\",\"urlTemplate\":\"https:\\\/\\\/www.bbmnoticias.com\\\/labravaradiofm\\\/?s={search_term_string}\"},\"query-input\":{\"@type\":\"PropertyValueSpecification\",\"valueRequired\":true,\"valueName\":\"search_term_string\"}}],\"inLanguage\":\"es\"},{\"@type\":\"Person\",\"@id\":\"https:\\\/\\\/www.bbmnoticias.com\\\/labravaradiofm\\\/#\\\/schema\\\/person\\\/68a9e9036ef3c5b55aeb2b71dc8bab45\",\"name\":\"Staff\",\"image\":{\"@type\":\"ImageObject\",\"inLanguage\":\"es\",\"@id\":\"https:\\\/\\\/secure.gravatar.com\\\/avatar\\\/fdd21ad66fd8b98c407f9dee5b5e588cfe7f0d8579ec20fa6527cd59bab7f0f0?s=96&d=mm&r=g\",\"url\":\"https:\\\/\\\/secure.gravatar.com\\\/avatar\\\/fdd21ad66fd8b98c407f9dee5b5e588cfe7f0d8579ec20fa6527cd59bab7f0f0?s=96&d=mm&r=g\",\"contentUrl\":\"https:\\\/\\\/secure.gravatar.com\\\/avatar\\\/fdd21ad66fd8b98c407f9dee5b5e588cfe7f0d8579ec20fa6527cd59bab7f0f0?s=96&d=mm&r=g\",\"caption\":\"Staff\"},\"url\":\"https:\\\/\\\/www.bbmnoticias.com\\\/labravaradiofm\\\/author\\\/redaccion\\\/\"}]}<\/script>\n<!-- \/ Yoast SEO plugin. -->","yoast_head_json":{"title":"Paquete Fiscal 2026 muestra un crecimiento responsable, sostenido y con alto contenido social: diputada Tania Caballero Navarro - LA BRAVA RADIO","robots":{"index":"index","follow":"follow","max-snippet":"max-snippet:-1","max-image-preview":"max-image-preview:large","max-video-preview":"max-video-preview:-1"},"canonical":"https:\/\/www.bbmnoticias.com\/paquete-fiscal-2026-muestra-un-crecimiento-responsable-sostenido-y-con-alto-contenido-social-diputada-tania-caballero-navarro\/","og_locale":"es_MX","og_type":"article","og_title":"Paquete Fiscal 2026 muestra un crecimiento responsable, sostenido y con alto contenido social: diputada Tania Caballero Navarro - LA BRAVA RADIO","og_description":"San Raymundo Jalpan, Oax.- Ante la aprobaci\u00f3n del Paquete Econ\u00f3mico para el Ejercicio Fiscal 2026, la presidenta de la Junta de Coordinaci\u00f3n Pol\u00edtica (Jucopo), diputada Tania Caballero Navarro, manifest\u00f3 que este presupuesto es m\u00e1s que un conjunto de cifras, pues se trata de una decisi\u00f3n pol\u00edtica que marcar\u00e1 el rumbo del estado el pr\u00f3ximo a\u00f1o. [&hellip;]","og_url":"https:\/\/www.bbmnoticias.com\/paquete-fiscal-2026-muestra-un-crecimiento-responsable-sostenido-y-con-alto-contenido-social-diputada-tania-caballero-navarro\/","og_site_name":"LA BRAVA RADIO","article_published_time":"2025-12-09T15:56:06+00:00","article_modified_time":"2025-12-09T15:56:35+00:00","og_image":[{"width":800,"height":512,"url":"https:\/\/www.bbmnoticias.com\/labravaradiofm\/wp-content\/uploads\/sites\/5\/2025\/12\/tania_caballero.jpg","type":"image\/jpeg"}],"author":"Staff","twitter_card":"summary_large_image","twitter_misc":{"Escrito por":"Staff","Tiempo de lectura":"3 minutos"},"schema":{"@context":"https:\/\/schema.org","@graph":[{"@type":"Article","@id":"https:\/\/www.bbmnoticias.com\/paquete-fiscal-2026-muestra-un-crecimiento-responsable-sostenido-y-con-alto-contenido-social-diputada-tania-caballero-navarro\/#article","isPartOf":{"@id":"https:\/\/www.bbmnoticias.com\/labravaradiofm\/2025\/12\/09\/paquete-fiscal-2026-muestra-un-crecimiento-responsable-sostenido-y-con-alto-contenido-social-diputada-tania-caballero-navarro\/"},"author":{"name":"Staff","@id":"https:\/\/www.bbmnoticias.com\/labravaradiofm\/#\/schema\/person\/68a9e9036ef3c5b55aeb2b71dc8bab45"},"headline":"Paquete Fiscal 2026 muestra un crecimiento responsable, sostenido y con alto contenido social: diputada Tania Caballero Navarro","datePublished":"2025-12-09T15:56:06+00:00","dateModified":"2025-12-09T15:56:35+00:00","mainEntityOfPage":{"@id":"https:\/\/www.bbmnoticias.com\/labravaradiofm\/2025\/12\/09\/paquete-fiscal-2026-muestra-un-crecimiento-responsable-sostenido-y-con-alto-contenido-social-diputada-tania-caballero-navarro\/"},"wordCount":603,"image":{"@id":"https:\/\/www.bbmnoticias.com\/paquete-fiscal-2026-muestra-un-crecimiento-responsable-sostenido-y-con-alto-contenido-social-diputada-tania-caballero-navarro\/#primaryimage"},"thumbnailUrl":"https:\/\/www.bbmnoticias.com\/labravaradiofm\/wp-content\/uploads\/sites\/5\/2025\/12\/tania_caballero.jpg","articleSection":["LOCAL"],"inLanguage":"es"},{"@type":"WebPage","@id":"https:\/\/www.bbmnoticias.com\/labravaradiofm\/2025\/12\/09\/paquete-fiscal-2026-muestra-un-crecimiento-responsable-sostenido-y-con-alto-contenido-social-diputada-tania-caballero-navarro\/","url":"https:\/\/www.bbmnoticias.com\/paquete-fiscal-2026-muestra-un-crecimiento-responsable-sostenido-y-con-alto-contenido-social-diputada-tania-caballero-navarro\/","name":"Paquete Fiscal 2026 muestra un crecimiento responsable, sostenido y con alto contenido social: diputada Tania Caballero Navarro - LA BRAVA RADIO","isPartOf":{"@id":"https:\/\/www.bbmnoticias.com\/labravaradiofm\/#website"},"primaryImageOfPage":{"@id":"https:\/\/www.bbmnoticias.com\/paquete-fiscal-2026-muestra-un-crecimiento-responsable-sostenido-y-con-alto-contenido-social-diputada-tania-caballero-navarro\/#primaryimage"},"image":{"@id":"https:\/\/www.bbmnoticias.com\/paquete-fiscal-2026-muestra-un-crecimiento-responsable-sostenido-y-con-alto-contenido-social-diputada-tania-caballero-navarro\/#primaryimage"},"thumbnailUrl":"https:\/\/www.bbmnoticias.com\/labravaradiofm\/wp-content\/uploads\/sites\/5\/2025\/12\/tania_caballero.jpg","datePublished":"2025-12-09T15:56:06+00:00","dateModified":"2025-12-09T15:56:35+00:00","author":{"@id":"https:\/\/www.bbmnoticias.com\/labravaradiofm\/#\/schema\/person\/68a9e9036ef3c5b55aeb2b71dc8bab45"},"breadcrumb":{"@id":"https:\/\/www.bbmnoticias.com\/paquete-fiscal-2026-muestra-un-crecimiento-responsable-sostenido-y-con-alto-contenido-social-diputada-tania-caballero-navarro\/#breadcrumb"},"inLanguage":"es","potentialAction":[{"@type":"ReadAction","target":["https:\/\/www.bbmnoticias.com\/paquete-fiscal-2026-muestra-un-crecimiento-responsable-sostenido-y-con-alto-contenido-social-diputada-tania-caballero-navarro\/"]}]},{"@type":"ImageObject","inLanguage":"es","@id":"https:\/\/www.bbmnoticias.com\/paquete-fiscal-2026-muestra-un-crecimiento-responsable-sostenido-y-con-alto-contenido-social-diputada-tania-caballero-navarro\/#primaryimage","url":"https:\/\/www.bbmnoticias.com\/labravaradiofm\/wp-content\/uploads\/sites\/5\/2025\/12\/tania_caballero.jpg","contentUrl":"https:\/\/www.bbmnoticias.com\/labravaradiofm\/wp-content\/uploads\/sites\/5\/2025\/12\/tania_caballero.jpg","width":800,"height":512},{"@type":"BreadcrumbList","@id":"https:\/\/www.bbmnoticias.com\/paquete-fiscal-2026-muestra-un-crecimiento-responsable-sostenido-y-con-alto-contenido-social-diputada-tania-caballero-navarro\/#breadcrumb","itemListElement":[{"@type":"ListItem","position":1,"name":"Inicio","item":"https:\/\/www.bbmnoticias.com\/labravaradiofm\/"},{"@type":"ListItem","position":2,"name":"Paquete Fiscal 2026 muestra un crecimiento responsable, sostenido y con alto contenido social: diputada Tania Caballero Navarro"}]},{"@type":"WebSite","@id":"https:\/\/www.bbmnoticias.com\/labravaradiofm\/#website","url":"https:\/\/www.bbmnoticias.com\/labravaradiofm\/","name":"LA BRAVA RADIO","description":"Empresa productora de medios, Radiodifusi\u00f3n, Noticias, tendencias y todo lo que necesitas saber de la pol\u00edtica mexicana e internacional; entretenimiento, espect\u00e1culos, salud y mucho m\u00e1s.","potentialAction":[{"@type":"SearchAction","target":{"@type":"EntryPoint","urlTemplate":"https:\/\/www.bbmnoticias.com\/labravaradiofm\/?s={search_term_string}"},"query-input":{"@type":"PropertyValueSpecification","valueRequired":true,"valueName":"search_term_string"}}],"inLanguage":"es"},{"@type":"Person","@id":"https:\/\/www.bbmnoticias.com\/labravaradiofm\/#\/schema\/person\/68a9e9036ef3c5b55aeb2b71dc8bab45","name":"Staff","image":{"@type":"ImageObject","inLanguage":"es","@id":"https:\/\/secure.gravatar.com\/avatar\/fdd21ad66fd8b98c407f9dee5b5e588cfe7f0d8579ec20fa6527cd59bab7f0f0?s=96&d=mm&r=g","url":"https:\/\/secure.gravatar.com\/avatar\/fdd21ad66fd8b98c407f9dee5b5e588cfe7f0d8579ec20fa6527cd59bab7f0f0?s=96&d=mm&r=g","contentUrl":"https:\/\/secure.gravatar.com\/avatar\/fdd21ad66fd8b98c407f9dee5b5e588cfe7f0d8579ec20fa6527cd59bab7f0f0?s=96&d=mm&r=g","caption":"Staff"},"url":"https:\/\/www.bbmnoticias.com\/labravaradiofm\/author\/redaccion\/"}]}},"_links":{"self":[{"href":"https:\/\/www.bbmnoticias.com\/labravaradiofm\/wp-json\/wp\/v2\/posts\/71055","targetHints":{"allow":["GET"]}}],"collection":[{"href":"https:\/\/www.bbmnoticias.com\/labravaradiofm\/wp-json\/wp\/v2\/posts"}],"about":[{"href":"https:\/\/www.bbmnoticias.com\/labravaradiofm\/wp-json\/wp\/v2\/types\/post"}],"author":[{"embeddable":true,"href":"https:\/\/www.bbmnoticias.com\/labravaradiofm\/wp-json\/wp\/v2\/users\/2"}],"replies":[{"embeddable":true,"href":"https:\/\/www.bbmnoticias.com\/labravaradiofm\/wp-json\/wp\/v2\/comments?post=71055"}],"version-history":[{"count":0,"href":"https:\/\/www.bbmnoticias.com\/labravaradiofm\/wp-json\/wp\/v2\/posts\/71055\/revisions"}],"wp:featuredmedia":[{"embeddable":true,"href":"https:\/\/www.bbmnoticias.com\/labravaradiofm\/wp-json\/wp\/v2\/media\/71057"}],"wp:attachment":[{"href":"https:\/\/www.bbmnoticias.com\/labravaradiofm\/wp-json\/wp\/v2\/media?parent=71055"}],"wp:term":[{"taxonomy":"category","embeddable":true,"href":"https:\/\/www.bbmnoticias.com\/labravaradiofm\/wp-json\/wp\/v2\/categories?post=71055"},{"taxonomy":"post_tag","embeddable":true,"href":"https:\/\/www.bbmnoticias.com\/labravaradiofm\/wp-json\/wp\/v2\/tags?post=71055"}],"curies":[{"name":"wp","href":"https:\/\/api.w.org\/{rel}","templated":true}]}}