{"id":71032,"date":"2025-12-09T08:21:52","date_gmt":"2025-12-09T14:21:52","guid":{"rendered":"https:\/\/www.bbmnoticias.com\/labravaradiofm\/2025\/12\/09\/persistiran-lluvias-vientos-fuertes-y-bajas-temperaturas-en-oaxaca\/"},"modified":"2025-12-09T08:22:11","modified_gmt":"2025-12-09T14:22:11","slug":"persistiran-lluvias-vientos-fuertes-y-bajas-temperaturas-en-oaxaca","status":"publish","type":"post","link":"https:\/\/www.bbmnoticias.com\/labravaradiofm\/2025\/12\/09\/persistiran-lluvias-vientos-fuertes-y-bajas-temperaturas-en-oaxaca\/","title":{"rendered":"Persistir\u00e1n lluvias, vientos fuertes y bajas temperaturas en Oaxaca"},"content":{"rendered":"<div style=\"margin-top: 0px; margin-bottom: 0px;\" class=\"sharethis-inline-share-buttons\" ><\/div>\n<p>Oaxaca de Ju\u00e1rez, Oax.- La Coordinaci\u00f3n Estatal de Protecci\u00f3n Civil y Gesti\u00f3n de Riesgos informa que continuar\u00e1n las lluvias de intensidad variable, con mayor \u00e9nfasis en el norte del estado.<\/p>\n\n\n\n<figure class=\"wp-block-embed is-type-rich is-provider-twitter wp-block-embed-twitter\"><div class=\"wp-block-embed__wrapper\">\n<blockquote class=\"twitter-tweet\" data-width=\"550\" data-dnt=\"true\"><p lang=\"es\" dir=\"ltr\">Buenos d\u00edas. Consulta el <a href=\"https:\/\/twitter.com\/hashtag\/Pron%C3%B3sticoDelTiempo?src=hash&amp;ref_src=twsrc%5Etfw\">#Pron\u00f3sticoDelTiempo<\/a> para hoy en <a href=\"https:\/\/twitter.com\/hashtag\/M%C3%A9xico?src=hash&amp;ref_src=twsrc%5Etfw\">#M\u00e9xico<\/a> a trav\u00e9s de nuestro <a href=\"https:\/\/twitter.com\/hashtag\/VideoPron%C3%B3stico?src=hash&amp;ref_src=twsrc%5Etfw\">#VideoPron\u00f3stico<\/a> y toma tus precauciones <a href=\"https:\/\/t.co\/3HBBfNfllc\">pic.twitter.com\/3HBBfNfllc<\/a><\/p>&mdash; CONAGUA Clima (@conagua_clima) <a href=\"https:\/\/twitter.com\/conagua_clima\/status\/1998380624214667549?ref_src=twsrc%5Etfw\">December 9, 2025<\/a><\/blockquote><script async src=\"https:\/\/platform.twitter.com\/widgets.js\" charset=\"utf-8\"><\/script>\n<\/div><\/figure>\n\n\n\n<p>La masa de aire polar que impulsa estos sistemas seguir\u00e1 generando un evento de norte de fuerte a muy fuerte en el oriente del Istmo, particularmente en el tramo La Venta \u2013 La Ventosa; adem\u00e1s de oleaje elevado en aguas del Golfo de Tehuantepec; as\u00ed como condiciones de tiempo ventoso en el resto del estado,<\/p>\n\n\n\n<p>De acuerdo con el pron\u00f3stico del tiempo emitido por la Comisi\u00f3n Nacional del Agua (Conagua), las temperaturas continuar\u00e1n sensiblemente bajas, especialmente en las regiones de la Mixteca, Sierra de Ju\u00e1rez, Sierra Sur y Sierra de Flores Mag\u00f3n, donde no se descartan valores cercanos al nivel de congelaci\u00f3n durante el amanecer.<\/p>\n\n\n\n<p>Estas condiciones se derivan del frente fr\u00edo n\u00famero 19, que se mantendr\u00e1 casi estacionario sobre el sureste del pa\u00eds y la Pen\u00ednsula de Yucat\u00e1n.<\/p>\n\n\n\n<p>Las temperaturas para este d\u00eda son las siguientes:<\/p>\n\n\n\n<p>\u2022Valles Centrales, m\u00ednima de 7 y m\u00e1xima de 25 grados<br>\u2022Istmo de Tehuantepec, m\u00ednima de 18 y m\u00e1xima de 32 grados<br>\u2022Cuenca del Papaloapan, m\u00ednima de 15 y m\u00e1xima de 26 grados<br>\u2022Costa, m\u00ednima de 22 y m\u00e1xima de 32 grados<br>\u2022Mixteca, m\u00ednima de 6 y m\u00e1xima de 25 grados<br>\u2022Sierra de Flores Mag\u00f3n, m\u00ednima de 10 y m\u00e1xima de 30 grados<br>\u2022Sierra de Ju\u00e1rez, m\u00ednima de 5 y m\u00e1xima de 23 grados<br>\u2022Sierra Sur, m\u00ednima de 7 y m\u00e1xima de 25 grados<\/p>\n\n\n\n<p>Se exhorta a la poblaci\u00f3n atender las recomendaciones de Protecci\u00f3n Civil y Capitan\u00edas de Puerto, as\u00ed como a mantenerse informada de las condiciones meteorol\u00f3gicas a trav\u00e9s de los medios y redes sociales oficiales: Facebook @CEPCYGRGobOax y en X @CEPCyGR_GobOax.<\/p>\n","protected":false},"excerpt":{"rendered":"<p>Oaxaca de Ju\u00e1rez, Oax.- La Coordinaci\u00f3n Estatal de Protecci\u00f3n Civil y Gesti\u00f3n de Riesgos informa que continuar\u00e1n las lluvias de intensidad variable, con mayor \u00e9nfasis en el norte del estado. La masa de aire polar que impulsa estos sistemas seguir\u00e1 generando un evento de norte de fuerte a muy fuerte en el oriente del Istmo, [&hellip;]<\/p>\n","protected":false},"author":2,"featured_media":71034,"comment_status":"closed","ping_status":"","sticky":false,"template":"","format":"standard","meta":{"footnotes":""},"categories":[2],"tags":[],"class_list":{"0":"post-71032","1":"post","2":"type-post","3":"status-publish","4":"format-standard","5":"has-post-thumbnail","7":"category-oaxaca"},"yoast_head":"<!-- This site is optimized with the Yoast SEO plugin v27.4 - https:\/\/yoast.com\/product\/yoast-seo-wordpress\/ -->\n<title>Persistir\u00e1n lluvias, vientos fuertes y bajas temperaturas en Oaxaca - LA BRAVA RADIO<\/title>\n<meta name=\"robots\" content=\"index, follow, max-snippet:-1, max-image-preview:large, max-video-preview:-1\" \/>\n<link rel=\"canonical\" href=\"https:\/\/www.bbmnoticias.com\/persistiran-lluvias-vientos-fuertes-y-bajas-temperaturas-en-oaxaca\/\" \/>\n<meta property=\"og:locale\" content=\"es_MX\" \/>\n<meta property=\"og:type\" content=\"article\" \/>\n<meta property=\"og:title\" content=\"Persistir\u00e1n lluvias, vientos fuertes y bajas temperaturas en Oaxaca - LA BRAVA RADIO\" \/>\n<meta property=\"og:description\" content=\"Oaxaca de Ju\u00e1rez, Oax.- La Coordinaci\u00f3n Estatal de Protecci\u00f3n Civil y Gesti\u00f3n de Riesgos informa que continuar\u00e1n las lluvias de intensidad variable, con mayor \u00e9nfasis en el norte del estado. La masa de aire polar que impulsa estos sistemas seguir\u00e1 generando un evento de norte de fuerte a muy fuerte en el oriente del Istmo, [&hellip;]\" \/>\n<meta property=\"og:url\" content=\"https:\/\/www.bbmnoticias.com\/persistiran-lluvias-vientos-fuertes-y-bajas-temperaturas-en-oaxaca\/\" \/>\n<meta property=\"og:site_name\" content=\"LA BRAVA RADIO\" \/>\n<meta property=\"article:published_time\" content=\"2025-12-09T14:21:52+00:00\" \/>\n<meta property=\"article:modified_time\" content=\"2025-12-09T14:22:11+00:00\" \/>\n<meta property=\"og:image\" content=\"https:\/\/www.bbmnoticias.com\/labravaradiofm\/wp-content\/uploads\/sites\/5\/2025\/12\/clima_oaxaca-7.jpg\" \/>\n\t<meta property=\"og:image:width\" content=\"800\" \/>\n\t<meta property=\"og:image:height\" content=\"408\" \/>\n\t<meta property=\"og:image:type\" content=\"image\/jpeg\" \/>\n<meta name=\"author\" content=\"Staff\" \/>\n<meta name=\"twitter:card\" content=\"summary_large_image\" \/>\n<meta name=\"twitter:label1\" content=\"Escrito por\" \/>\n\t<meta name=\"twitter:data1\" content=\"Staff\" \/>\n\t<meta name=\"twitter:label2\" content=\"Tiempo de lectura\" \/>\n\t<meta name=\"twitter:data2\" content=\"2 minutos\" \/>\n<script type=\"application\/ld+json\" class=\"yoast-schema-graph\">{\"@context\":\"https:\\\/\\\/schema.org\",\"@graph\":[{\"@type\":\"Article\",\"@id\":\"https:\\\/\\\/www.bbmnoticias.com\\\/persistiran-lluvias-vientos-fuertes-y-bajas-temperaturas-en-oaxaca\\\/#article\",\"isPartOf\":{\"@id\":\"https:\\\/\\\/www.bbmnoticias.com\\\/labravaradiofm\\\/2025\\\/12\\\/09\\\/persistiran-lluvias-vientos-fuertes-y-bajas-temperaturas-en-oaxaca\\\/\"},\"author\":{\"name\":\"Staff\",\"@id\":\"https:\\\/\\\/www.bbmnoticias.com\\\/labravaradiofm\\\/#\\\/schema\\\/person\\\/68a9e9036ef3c5b55aeb2b71dc8bab45\"},\"headline\":\"Persistir\u00e1n lluvias, vientos fuertes y bajas temperaturas en Oaxaca\",\"datePublished\":\"2025-12-09T14:21:52+00:00\",\"dateModified\":\"2025-12-09T14:22:11+00:00\",\"mainEntityOfPage\":{\"@id\":\"https:\\\/\\\/www.bbmnoticias.com\\\/labravaradiofm\\\/2025\\\/12\\\/09\\\/persistiran-lluvias-vientos-fuertes-y-bajas-temperaturas-en-oaxaca\\\/\"},\"wordCount\":330,\"image\":{\"@id\":\"https:\\\/\\\/www.bbmnoticias.com\\\/persistiran-lluvias-vientos-fuertes-y-bajas-temperaturas-en-oaxaca\\\/#primaryimage\"},\"thumbnailUrl\":\"https:\\\/\\\/www.bbmnoticias.com\\\/labravaradiofm\\\/wp-content\\\/uploads\\\/sites\\\/5\\\/2025\\\/12\\\/clima_oaxaca-7.jpg\",\"articleSection\":[\"LOCAL\"],\"inLanguage\":\"es\"},{\"@type\":\"WebPage\",\"@id\":\"https:\\\/\\\/www.bbmnoticias.com\\\/labravaradiofm\\\/2025\\\/12\\\/09\\\/persistiran-lluvias-vientos-fuertes-y-bajas-temperaturas-en-oaxaca\\\/\",\"url\":\"https:\\\/\\\/www.bbmnoticias.com\\\/persistiran-lluvias-vientos-fuertes-y-bajas-temperaturas-en-oaxaca\\\/\",\"name\":\"Persistir\u00e1n lluvias, vientos fuertes y bajas temperaturas en Oaxaca - LA BRAVA RADIO\",\"isPartOf\":{\"@id\":\"https:\\\/\\\/www.bbmnoticias.com\\\/labravaradiofm\\\/#website\"},\"primaryImageOfPage\":{\"@id\":\"https:\\\/\\\/www.bbmnoticias.com\\\/persistiran-lluvias-vientos-fuertes-y-bajas-temperaturas-en-oaxaca\\\/#primaryimage\"},\"image\":{\"@id\":\"https:\\\/\\\/www.bbmnoticias.com\\\/persistiran-lluvias-vientos-fuertes-y-bajas-temperaturas-en-oaxaca\\\/#primaryimage\"},\"thumbnailUrl\":\"https:\\\/\\\/www.bbmnoticias.com\\\/labravaradiofm\\\/wp-content\\\/uploads\\\/sites\\\/5\\\/2025\\\/12\\\/clima_oaxaca-7.jpg\",\"datePublished\":\"2025-12-09T14:21:52+00:00\",\"dateModified\":\"2025-12-09T14:22:11+00:00\",\"author\":{\"@id\":\"https:\\\/\\\/www.bbmnoticias.com\\\/labravaradiofm\\\/#\\\/schema\\\/person\\\/68a9e9036ef3c5b55aeb2b71dc8bab45\"},\"breadcrumb\":{\"@id\":\"https:\\\/\\\/www.bbmnoticias.com\\\/persistiran-lluvias-vientos-fuertes-y-bajas-temperaturas-en-oaxaca\\\/#breadcrumb\"},\"inLanguage\":\"es\",\"potentialAction\":[{\"@type\":\"ReadAction\",\"target\":[\"https:\\\/\\\/www.bbmnoticias.com\\\/persistiran-lluvias-vientos-fuertes-y-bajas-temperaturas-en-oaxaca\\\/\"]}]},{\"@type\":\"ImageObject\",\"inLanguage\":\"es\",\"@id\":\"https:\\\/\\\/www.bbmnoticias.com\\\/persistiran-lluvias-vientos-fuertes-y-bajas-temperaturas-en-oaxaca\\\/#primaryimage\",\"url\":\"https:\\\/\\\/www.bbmnoticias.com\\\/labravaradiofm\\\/wp-content\\\/uploads\\\/sites\\\/5\\\/2025\\\/12\\\/clima_oaxaca-7.jpg\",\"contentUrl\":\"https:\\\/\\\/www.bbmnoticias.com\\\/labravaradiofm\\\/wp-content\\\/uploads\\\/sites\\\/5\\\/2025\\\/12\\\/clima_oaxaca-7.jpg\",\"width\":800,\"height\":408},{\"@type\":\"BreadcrumbList\",\"@id\":\"https:\\\/\\\/www.bbmnoticias.com\\\/persistiran-lluvias-vientos-fuertes-y-bajas-temperaturas-en-oaxaca\\\/#breadcrumb\",\"itemListElement\":[{\"@type\":\"ListItem\",\"position\":1,\"name\":\"Inicio\",\"item\":\"https:\\\/\\\/www.bbmnoticias.com\\\/labravaradiofm\\\/\"},{\"@type\":\"ListItem\",\"position\":2,\"name\":\"Persistir\u00e1n lluvias, vientos fuertes y bajas temperaturas en Oaxaca\"}]},{\"@type\":\"WebSite\",\"@id\":\"https:\\\/\\\/www.bbmnoticias.com\\\/labravaradiofm\\\/#website\",\"url\":\"https:\\\/\\\/www.bbmnoticias.com\\\/labravaradiofm\\\/\",\"name\":\"LA BRAVA RADIO\",\"description\":\"Empresa productora de medios, Radiodifusi\u00f3n, Noticias, tendencias y todo lo que necesitas saber de la pol\u00edtica mexicana e internacional; entretenimiento, espect\u00e1culos, salud y mucho m\u00e1s.\",\"potentialAction\":[{\"@type\":\"SearchAction\",\"target\":{\"@type\":\"EntryPoint\",\"urlTemplate\":\"https:\\\/\\\/www.bbmnoticias.com\\\/labravaradiofm\\\/?s={search_term_string}\"},\"query-input\":{\"@type\":\"PropertyValueSpecification\",\"valueRequired\":true,\"valueName\":\"search_term_string\"}}],\"inLanguage\":\"es\"},{\"@type\":\"Person\",\"@id\":\"https:\\\/\\\/www.bbmnoticias.com\\\/labravaradiofm\\\/#\\\/schema\\\/person\\\/68a9e9036ef3c5b55aeb2b71dc8bab45\",\"name\":\"Staff\",\"image\":{\"@type\":\"ImageObject\",\"inLanguage\":\"es\",\"@id\":\"https:\\\/\\\/secure.gravatar.com\\\/avatar\\\/fdd21ad66fd8b98c407f9dee5b5e588cfe7f0d8579ec20fa6527cd59bab7f0f0?s=96&d=mm&r=g\",\"url\":\"https:\\\/\\\/secure.gravatar.com\\\/avatar\\\/fdd21ad66fd8b98c407f9dee5b5e588cfe7f0d8579ec20fa6527cd59bab7f0f0?s=96&d=mm&r=g\",\"contentUrl\":\"https:\\\/\\\/secure.gravatar.com\\\/avatar\\\/fdd21ad66fd8b98c407f9dee5b5e588cfe7f0d8579ec20fa6527cd59bab7f0f0?s=96&d=mm&r=g\",\"caption\":\"Staff\"},\"url\":\"https:\\\/\\\/www.bbmnoticias.com\\\/labravaradiofm\\\/author\\\/redaccion\\\/\"}]}<\/script>\n<!-- \/ Yoast SEO plugin. -->","yoast_head_json":{"title":"Persistir\u00e1n lluvias, vientos fuertes y bajas temperaturas en Oaxaca - LA BRAVA RADIO","robots":{"index":"index","follow":"follow","max-snippet":"max-snippet:-1","max-image-preview":"max-image-preview:large","max-video-preview":"max-video-preview:-1"},"canonical":"https:\/\/www.bbmnoticias.com\/persistiran-lluvias-vientos-fuertes-y-bajas-temperaturas-en-oaxaca\/","og_locale":"es_MX","og_type":"article","og_title":"Persistir\u00e1n lluvias, vientos fuertes y bajas temperaturas en Oaxaca - LA BRAVA RADIO","og_description":"Oaxaca de Ju\u00e1rez, Oax.- La Coordinaci\u00f3n Estatal de Protecci\u00f3n Civil y Gesti\u00f3n de Riesgos informa que continuar\u00e1n las lluvias de intensidad variable, con mayor \u00e9nfasis en el norte del estado. La masa de aire polar que impulsa estos sistemas seguir\u00e1 generando un evento de norte de fuerte a muy fuerte en el oriente del Istmo, [&hellip;]","og_url":"https:\/\/www.bbmnoticias.com\/persistiran-lluvias-vientos-fuertes-y-bajas-temperaturas-en-oaxaca\/","og_site_name":"LA BRAVA RADIO","article_published_time":"2025-12-09T14:21:52+00:00","article_modified_time":"2025-12-09T14:22:11+00:00","og_image":[{"width":800,"height":408,"url":"https:\/\/www.bbmnoticias.com\/labravaradiofm\/wp-content\/uploads\/sites\/5\/2025\/12\/clima_oaxaca-7.jpg","type":"image\/jpeg"}],"author":"Staff","twitter_card":"summary_large_image","twitter_misc":{"Escrito por":"Staff","Tiempo de lectura":"2 minutos"},"schema":{"@context":"https:\/\/schema.org","@graph":[{"@type":"Article","@id":"https:\/\/www.bbmnoticias.com\/persistiran-lluvias-vientos-fuertes-y-bajas-temperaturas-en-oaxaca\/#article","isPartOf":{"@id":"https:\/\/www.bbmnoticias.com\/labravaradiofm\/2025\/12\/09\/persistiran-lluvias-vientos-fuertes-y-bajas-temperaturas-en-oaxaca\/"},"author":{"name":"Staff","@id":"https:\/\/www.bbmnoticias.com\/labravaradiofm\/#\/schema\/person\/68a9e9036ef3c5b55aeb2b71dc8bab45"},"headline":"Persistir\u00e1n lluvias, vientos fuertes y bajas temperaturas en Oaxaca","datePublished":"2025-12-09T14:21:52+00:00","dateModified":"2025-12-09T14:22:11+00:00","mainEntityOfPage":{"@id":"https:\/\/www.bbmnoticias.com\/labravaradiofm\/2025\/12\/09\/persistiran-lluvias-vientos-fuertes-y-bajas-temperaturas-en-oaxaca\/"},"wordCount":330,"image":{"@id":"https:\/\/www.bbmnoticias.com\/persistiran-lluvias-vientos-fuertes-y-bajas-temperaturas-en-oaxaca\/#primaryimage"},"thumbnailUrl":"https:\/\/www.bbmnoticias.com\/labravaradiofm\/wp-content\/uploads\/sites\/5\/2025\/12\/clima_oaxaca-7.jpg","articleSection":["LOCAL"],"inLanguage":"es"},{"@type":"WebPage","@id":"https:\/\/www.bbmnoticias.com\/labravaradiofm\/2025\/12\/09\/persistiran-lluvias-vientos-fuertes-y-bajas-temperaturas-en-oaxaca\/","url":"https:\/\/www.bbmnoticias.com\/persistiran-lluvias-vientos-fuertes-y-bajas-temperaturas-en-oaxaca\/","name":"Persistir\u00e1n lluvias, vientos fuertes y bajas temperaturas en Oaxaca - LA BRAVA RADIO","isPartOf":{"@id":"https:\/\/www.bbmnoticias.com\/labravaradiofm\/#website"},"primaryImageOfPage":{"@id":"https:\/\/www.bbmnoticias.com\/persistiran-lluvias-vientos-fuertes-y-bajas-temperaturas-en-oaxaca\/#primaryimage"},"image":{"@id":"https:\/\/www.bbmnoticias.com\/persistiran-lluvias-vientos-fuertes-y-bajas-temperaturas-en-oaxaca\/#primaryimage"},"thumbnailUrl":"https:\/\/www.bbmnoticias.com\/labravaradiofm\/wp-content\/uploads\/sites\/5\/2025\/12\/clima_oaxaca-7.jpg","datePublished":"2025-12-09T14:21:52+00:00","dateModified":"2025-12-09T14:22:11+00:00","author":{"@id":"https:\/\/www.bbmnoticias.com\/labravaradiofm\/#\/schema\/person\/68a9e9036ef3c5b55aeb2b71dc8bab45"},"breadcrumb":{"@id":"https:\/\/www.bbmnoticias.com\/persistiran-lluvias-vientos-fuertes-y-bajas-temperaturas-en-oaxaca\/#breadcrumb"},"inLanguage":"es","potentialAction":[{"@type":"ReadAction","target":["https:\/\/www.bbmnoticias.com\/persistiran-lluvias-vientos-fuertes-y-bajas-temperaturas-en-oaxaca\/"]}]},{"@type":"ImageObject","inLanguage":"es","@id":"https:\/\/www.bbmnoticias.com\/persistiran-lluvias-vientos-fuertes-y-bajas-temperaturas-en-oaxaca\/#primaryimage","url":"https:\/\/www.bbmnoticias.com\/labravaradiofm\/wp-content\/uploads\/sites\/5\/2025\/12\/clima_oaxaca-7.jpg","contentUrl":"https:\/\/www.bbmnoticias.com\/labravaradiofm\/wp-content\/uploads\/sites\/5\/2025\/12\/clima_oaxaca-7.jpg","width":800,"height":408},{"@type":"BreadcrumbList","@id":"https:\/\/www.bbmnoticias.com\/persistiran-lluvias-vientos-fuertes-y-bajas-temperaturas-en-oaxaca\/#breadcrumb","itemListElement":[{"@type":"ListItem","position":1,"name":"Inicio","item":"https:\/\/www.bbmnoticias.com\/labravaradiofm\/"},{"@type":"ListItem","position":2,"name":"Persistir\u00e1n lluvias, vientos fuertes y bajas temperaturas en Oaxaca"}]},{"@type":"WebSite","@id":"https:\/\/www.bbmnoticias.com\/labravaradiofm\/#website","url":"https:\/\/www.bbmnoticias.com\/labravaradiofm\/","name":"LA BRAVA RADIO","description":"Empresa productora de medios, Radiodifusi\u00f3n, Noticias, tendencias y todo lo que necesitas saber de la pol\u00edtica mexicana e internacional; entretenimiento, espect\u00e1culos, salud y mucho m\u00e1s.","potentialAction":[{"@type":"SearchAction","target":{"@type":"EntryPoint","urlTemplate":"https:\/\/www.bbmnoticias.com\/labravaradiofm\/?s={search_term_string}"},"query-input":{"@type":"PropertyValueSpecification","valueRequired":true,"valueName":"search_term_string"}}],"inLanguage":"es"},{"@type":"Person","@id":"https:\/\/www.bbmnoticias.com\/labravaradiofm\/#\/schema\/person\/68a9e9036ef3c5b55aeb2b71dc8bab45","name":"Staff","image":{"@type":"ImageObject","inLanguage":"es","@id":"https:\/\/secure.gravatar.com\/avatar\/fdd21ad66fd8b98c407f9dee5b5e588cfe7f0d8579ec20fa6527cd59bab7f0f0?s=96&d=mm&r=g","url":"https:\/\/secure.gravatar.com\/avatar\/fdd21ad66fd8b98c407f9dee5b5e588cfe7f0d8579ec20fa6527cd59bab7f0f0?s=96&d=mm&r=g","contentUrl":"https:\/\/secure.gravatar.com\/avatar\/fdd21ad66fd8b98c407f9dee5b5e588cfe7f0d8579ec20fa6527cd59bab7f0f0?s=96&d=mm&r=g","caption":"Staff"},"url":"https:\/\/www.bbmnoticias.com\/labravaradiofm\/author\/redaccion\/"}]}},"_links":{"self":[{"href":"https:\/\/www.bbmnoticias.com\/labravaradiofm\/wp-json\/wp\/v2\/posts\/71032","targetHints":{"allow":["GET"]}}],"collection":[{"href":"https:\/\/www.bbmnoticias.com\/labravaradiofm\/wp-json\/wp\/v2\/posts"}],"about":[{"href":"https:\/\/www.bbmnoticias.com\/labravaradiofm\/wp-json\/wp\/v2\/types\/post"}],"author":[{"embeddable":true,"href":"https:\/\/www.bbmnoticias.com\/labravaradiofm\/wp-json\/wp\/v2\/users\/2"}],"replies":[{"embeddable":true,"href":"https:\/\/www.bbmnoticias.com\/labravaradiofm\/wp-json\/wp\/v2\/comments?post=71032"}],"version-history":[{"count":0,"href":"https:\/\/www.bbmnoticias.com\/labravaradiofm\/wp-json\/wp\/v2\/posts\/71032\/revisions"}],"wp:featuredmedia":[{"embeddable":true,"href":"https:\/\/www.bbmnoticias.com\/labravaradiofm\/wp-json\/wp\/v2\/media\/71034"}],"wp:attachment":[{"href":"https:\/\/www.bbmnoticias.com\/labravaradiofm\/wp-json\/wp\/v2\/media?parent=71032"}],"wp:term":[{"taxonomy":"category","embeddable":true,"href":"https:\/\/www.bbmnoticias.com\/labravaradiofm\/wp-json\/wp\/v2\/categories?post=71032"},{"taxonomy":"post_tag","embeddable":true,"href":"https:\/\/www.bbmnoticias.com\/labravaradiofm\/wp-json\/wp\/v2\/tags?post=71032"}],"curies":[{"name":"wp","href":"https:\/\/api.w.org\/{rel}","templated":true}]}}