{"id":71017,"date":"2025-12-08T18:33:12","date_gmt":"2025-12-09T00:33:12","guid":{"rendered":"https:\/\/www.bbmnoticias.com\/labravaradiofm\/2025\/12\/08\/rinden-protesta-las-y-los-integrantes-de-la-comision-permanente-instructora-de-la-lxvi-legislatura\/"},"modified":"2025-12-08T18:33:14","modified_gmt":"2025-12-09T00:33:14","slug":"rinden-protesta-las-y-los-integrantes-de-la-comision-permanente-instructora-de-la-lxvi-legislatura","status":"publish","type":"post","link":"https:\/\/www.bbmnoticias.com\/labravaradiofm\/2025\/12\/08\/rinden-protesta-las-y-los-integrantes-de-la-comision-permanente-instructora-de-la-lxvi-legislatura\/","title":{"rendered":"Rinden protesta las y los integrantes de la Comisi\u00f3n Permanente Instructora de la LXVI Legislatura"},"content":{"rendered":"<div style=\"margin-top: 0px; margin-bottom: 0px;\" class=\"sharethis-inline-share-buttons\" ><\/div>\n<p>San Raymundo Jalpan, Oax.- En cumplimiento al Acuerdo Parlamentario aprobado por el Pleno el pasado 26 de noviembre del a\u00f1o en curso y conforme a lo establecido en el art\u00edculo 24 del Reglamento Interior del Congreso del Estado, se declar\u00f3 formalmente instalada la Comisi\u00f3n Permanente Instructora, \u00f3rgano encargado de prevenir, contener, erradicar y sancionar la corrupci\u00f3n, el abuso de poder y cualquier conducta indebida cometida por servidoras y servidores p\u00fablicos.<\/p>\n\n\n\n<p>Durante la sesi\u00f3n, la legisladora Elvia Gabriela P\u00e9rez L\u00f3pez rindi\u00f3 protesta como presidenta de la Comisi\u00f3n, junto con sus integrantes: las diputadas Cecilia Olivia Cruz Merl\u00edn y M\u00f3nica Bel\u00e9n L\u00f3pez Javier, as\u00ed como los diputados C\u00e9sar David Mateos Ben\u00edtez y Zeferino Garc\u00eda Jer\u00f3nimo, quienes se comprometieron a cumplir leal y patri\u00f3ticamente con las responsabilidades conferidas. Asimismo, Paola Rend\u00f3n Garc\u00eda tom\u00f3 protesta como secretaria t\u00e9cnica.<\/p>\n\n\n\n<p>En este acto, las y los legisladores destacaron la relevancia del trabajo que emprender\u00e1 este \u00f3rgano legislativo. El diputado Mateos Ben\u00edtez y la diputada L\u00f3pez Javier subrayaron la importancia de desarrollar las tareas con profesionalismo, responsabilidad y estricto apego a la ley. Desde una conexi\u00f3n a distancia, el diputado Garc\u00eda Jer\u00f3nimo reconoci\u00f3 el papel fundamental que esta instancia desempe\u00f1ar\u00e1 para el fortalecimiento institucional.<\/p>\n\n\n\n<p>Por su parte, la presidenta P\u00e9rez L\u00f3pez agradeci\u00f3 la colaboraci\u00f3n de quienes integran este \u00f3rgano legislativo y afirm\u00f3 que su desempe\u00f1o ser\u00e1 clave para fortalecer la confianza ciudadana en el servicio p\u00fablico y en las tareas de fiscalizaci\u00f3n y responsabilidad administrativa.<\/p>\n\n\n\n<p>Finalmente, informaron que se llevar\u00e1n a cabo diversas sesiones con la finalidad de garantizar mecanismos eficaces para sancionar a quienes, desde el servicio p\u00fablico, afecten gravemente los intereses del pueblo. Con ello, se busca consolidar pol\u00edticas orientadas a erradicar pr\u00e1cticas que debiliten los procesos administrativos, bajo los principios de legalidad, transparencia y respeto.<\/p>\n","protected":false},"excerpt":{"rendered":"<p>San Raymundo Jalpan, Oax.- En cumplimiento al Acuerdo Parlamentario aprobado por el Pleno el pasado 26 de noviembre del a\u00f1o en curso y conforme a lo establecido en el art\u00edculo 24 del Reglamento Interior del Congreso del Estado, se declar\u00f3 formalmente instalada la Comisi\u00f3n Permanente Instructora, \u00f3rgano encargado de prevenir, contener, erradicar y sancionar la [&hellip;]<\/p>\n","protected":false},"author":2,"featured_media":71019,"comment_status":"closed","ping_status":"","sticky":false,"template":"","format":"standard","meta":{"footnotes":""},"categories":[2],"tags":[],"class_list":{"0":"post-71017","1":"post","2":"type-post","3":"status-publish","4":"format-standard","5":"has-post-thumbnail","7":"category-oaxaca"},"yoast_head":"<!-- This site is optimized with the Yoast SEO plugin v27.4 - https:\/\/yoast.com\/product\/yoast-seo-wordpress\/ -->\n<title>Rinden protesta las y los integrantes de la Comisi\u00f3n Permanente Instructora de la LXVI Legislatura - LA BRAVA RADIO<\/title>\n<meta name=\"robots\" content=\"index, follow, max-snippet:-1, max-image-preview:large, max-video-preview:-1\" \/>\n<link rel=\"canonical\" href=\"https:\/\/www.bbmnoticias.com\/rinden-protesta-las-y-los-integrantes-de-la-comision-permanente-instructora-de-la-lxvi-legislatura\/\" \/>\n<meta property=\"og:locale\" content=\"es_MX\" \/>\n<meta property=\"og:type\" content=\"article\" \/>\n<meta property=\"og:title\" content=\"Rinden protesta las y los integrantes de la Comisi\u00f3n Permanente Instructora de la LXVI Legislatura - LA BRAVA RADIO\" \/>\n<meta property=\"og:description\" content=\"San Raymundo Jalpan, Oax.- En cumplimiento al Acuerdo Parlamentario aprobado por el Pleno el pasado 26 de noviembre del a\u00f1o en curso y conforme a lo establecido en el art\u00edculo 24 del Reglamento Interior del Congreso del Estado, se declar\u00f3 formalmente instalada la Comisi\u00f3n Permanente Instructora, \u00f3rgano encargado de prevenir, contener, erradicar y sancionar la [&hellip;]\" \/>\n<meta property=\"og:url\" content=\"https:\/\/www.bbmnoticias.com\/rinden-protesta-las-y-los-integrantes-de-la-comision-permanente-instructora-de-la-lxvi-legislatura\/\" \/>\n<meta property=\"og:site_name\" content=\"LA BRAVA RADIO\" \/>\n<meta property=\"article:published_time\" content=\"2025-12-09T00:33:12+00:00\" \/>\n<meta property=\"article:modified_time\" content=\"2025-12-09T00:33:14+00:00\" \/>\n<meta property=\"og:image\" content=\"https:\/\/www.bbmnoticias.com\/labravaradiofm\/wp-content\/uploads\/sites\/5\/2025\/12\/comision_permanente.jpg\" \/>\n\t<meta property=\"og:image:width\" content=\"800\" \/>\n\t<meta property=\"og:image:height\" content=\"533\" \/>\n\t<meta property=\"og:image:type\" content=\"image\/jpeg\" \/>\n<meta name=\"author\" content=\"Staff\" \/>\n<meta name=\"twitter:card\" content=\"summary_large_image\" \/>\n<meta name=\"twitter:label1\" content=\"Escrito por\" \/>\n\t<meta name=\"twitter:data1\" content=\"Staff\" \/>\n\t<meta name=\"twitter:label2\" content=\"Tiempo de lectura\" \/>\n\t<meta name=\"twitter:data2\" content=\"2 minutos\" \/>\n<script type=\"application\/ld+json\" class=\"yoast-schema-graph\">{\"@context\":\"https:\\\/\\\/schema.org\",\"@graph\":[{\"@type\":\"Article\",\"@id\":\"https:\\\/\\\/www.bbmnoticias.com\\\/rinden-protesta-las-y-los-integrantes-de-la-comision-permanente-instructora-de-la-lxvi-legislatura\\\/#article\",\"isPartOf\":{\"@id\":\"https:\\\/\\\/www.bbmnoticias.com\\\/labravaradiofm\\\/2025\\\/12\\\/08\\\/rinden-protesta-las-y-los-integrantes-de-la-comision-permanente-instructora-de-la-lxvi-legislatura\\\/\"},\"author\":{\"name\":\"Staff\",\"@id\":\"https:\\\/\\\/www.bbmnoticias.com\\\/labravaradiofm\\\/#\\\/schema\\\/person\\\/68a9e9036ef3c5b55aeb2b71dc8bab45\"},\"headline\":\"Rinden protesta las y los integrantes de la Comisi\u00f3n Permanente Instructora de la LXVI Legislatura\",\"datePublished\":\"2025-12-09T00:33:12+00:00\",\"dateModified\":\"2025-12-09T00:33:14+00:00\",\"mainEntityOfPage\":{\"@id\":\"https:\\\/\\\/www.bbmnoticias.com\\\/labravaradiofm\\\/2025\\\/12\\\/08\\\/rinden-protesta-las-y-los-integrantes-de-la-comision-permanente-instructora-de-la-lxvi-legislatura\\\/\"},\"wordCount\":343,\"image\":{\"@id\":\"https:\\\/\\\/www.bbmnoticias.com\\\/rinden-protesta-las-y-los-integrantes-de-la-comision-permanente-instructora-de-la-lxvi-legislatura\\\/#primaryimage\"},\"thumbnailUrl\":\"https:\\\/\\\/www.bbmnoticias.com\\\/labravaradiofm\\\/wp-content\\\/uploads\\\/sites\\\/5\\\/2025\\\/12\\\/comision_permanente.jpg\",\"articleSection\":[\"LOCAL\"],\"inLanguage\":\"es\"},{\"@type\":\"WebPage\",\"@id\":\"https:\\\/\\\/www.bbmnoticias.com\\\/labravaradiofm\\\/2025\\\/12\\\/08\\\/rinden-protesta-las-y-los-integrantes-de-la-comision-permanente-instructora-de-la-lxvi-legislatura\\\/\",\"url\":\"https:\\\/\\\/www.bbmnoticias.com\\\/rinden-protesta-las-y-los-integrantes-de-la-comision-permanente-instructora-de-la-lxvi-legislatura\\\/\",\"name\":\"Rinden protesta las y los integrantes de la Comisi\u00f3n Permanente Instructora de la LXVI Legislatura - LA BRAVA RADIO\",\"isPartOf\":{\"@id\":\"https:\\\/\\\/www.bbmnoticias.com\\\/labravaradiofm\\\/#website\"},\"primaryImageOfPage\":{\"@id\":\"https:\\\/\\\/www.bbmnoticias.com\\\/rinden-protesta-las-y-los-integrantes-de-la-comision-permanente-instructora-de-la-lxvi-legislatura\\\/#primaryimage\"},\"image\":{\"@id\":\"https:\\\/\\\/www.bbmnoticias.com\\\/rinden-protesta-las-y-los-integrantes-de-la-comision-permanente-instructora-de-la-lxvi-legislatura\\\/#primaryimage\"},\"thumbnailUrl\":\"https:\\\/\\\/www.bbmnoticias.com\\\/labravaradiofm\\\/wp-content\\\/uploads\\\/sites\\\/5\\\/2025\\\/12\\\/comision_permanente.jpg\",\"datePublished\":\"2025-12-09T00:33:12+00:00\",\"dateModified\":\"2025-12-09T00:33:14+00:00\",\"author\":{\"@id\":\"https:\\\/\\\/www.bbmnoticias.com\\\/labravaradiofm\\\/#\\\/schema\\\/person\\\/68a9e9036ef3c5b55aeb2b71dc8bab45\"},\"breadcrumb\":{\"@id\":\"https:\\\/\\\/www.bbmnoticias.com\\\/rinden-protesta-las-y-los-integrantes-de-la-comision-permanente-instructora-de-la-lxvi-legislatura\\\/#breadcrumb\"},\"inLanguage\":\"es\",\"potentialAction\":[{\"@type\":\"ReadAction\",\"target\":[\"https:\\\/\\\/www.bbmnoticias.com\\\/rinden-protesta-las-y-los-integrantes-de-la-comision-permanente-instructora-de-la-lxvi-legislatura\\\/\"]}]},{\"@type\":\"ImageObject\",\"inLanguage\":\"es\",\"@id\":\"https:\\\/\\\/www.bbmnoticias.com\\\/rinden-protesta-las-y-los-integrantes-de-la-comision-permanente-instructora-de-la-lxvi-legislatura\\\/#primaryimage\",\"url\":\"https:\\\/\\\/www.bbmnoticias.com\\\/labravaradiofm\\\/wp-content\\\/uploads\\\/sites\\\/5\\\/2025\\\/12\\\/comision_permanente.jpg\",\"contentUrl\":\"https:\\\/\\\/www.bbmnoticias.com\\\/labravaradiofm\\\/wp-content\\\/uploads\\\/sites\\\/5\\\/2025\\\/12\\\/comision_permanente.jpg\",\"width\":800,\"height\":533},{\"@type\":\"BreadcrumbList\",\"@id\":\"https:\\\/\\\/www.bbmnoticias.com\\\/rinden-protesta-las-y-los-integrantes-de-la-comision-permanente-instructora-de-la-lxvi-legislatura\\\/#breadcrumb\",\"itemListElement\":[{\"@type\":\"ListItem\",\"position\":1,\"name\":\"Inicio\",\"item\":\"https:\\\/\\\/www.bbmnoticias.com\\\/labravaradiofm\\\/\"},{\"@type\":\"ListItem\",\"position\":2,\"name\":\"Rinden protesta las y los integrantes de la Comisi\u00f3n Permanente Instructora de la LXVI Legislatura\"}]},{\"@type\":\"WebSite\",\"@id\":\"https:\\\/\\\/www.bbmnoticias.com\\\/labravaradiofm\\\/#website\",\"url\":\"https:\\\/\\\/www.bbmnoticias.com\\\/labravaradiofm\\\/\",\"name\":\"LA BRAVA RADIO\",\"description\":\"Empresa productora de medios, Radiodifusi\u00f3n, Noticias, tendencias y todo lo que necesitas saber de la pol\u00edtica mexicana e internacional; entretenimiento, espect\u00e1culos, salud y mucho m\u00e1s.\",\"potentialAction\":[{\"@type\":\"SearchAction\",\"target\":{\"@type\":\"EntryPoint\",\"urlTemplate\":\"https:\\\/\\\/www.bbmnoticias.com\\\/labravaradiofm\\\/?s={search_term_string}\"},\"query-input\":{\"@type\":\"PropertyValueSpecification\",\"valueRequired\":true,\"valueName\":\"search_term_string\"}}],\"inLanguage\":\"es\"},{\"@type\":\"Person\",\"@id\":\"https:\\\/\\\/www.bbmnoticias.com\\\/labravaradiofm\\\/#\\\/schema\\\/person\\\/68a9e9036ef3c5b55aeb2b71dc8bab45\",\"name\":\"Staff\",\"image\":{\"@type\":\"ImageObject\",\"inLanguage\":\"es\",\"@id\":\"https:\\\/\\\/secure.gravatar.com\\\/avatar\\\/fdd21ad66fd8b98c407f9dee5b5e588cfe7f0d8579ec20fa6527cd59bab7f0f0?s=96&d=mm&r=g\",\"url\":\"https:\\\/\\\/secure.gravatar.com\\\/avatar\\\/fdd21ad66fd8b98c407f9dee5b5e588cfe7f0d8579ec20fa6527cd59bab7f0f0?s=96&d=mm&r=g\",\"contentUrl\":\"https:\\\/\\\/secure.gravatar.com\\\/avatar\\\/fdd21ad66fd8b98c407f9dee5b5e588cfe7f0d8579ec20fa6527cd59bab7f0f0?s=96&d=mm&r=g\",\"caption\":\"Staff\"},\"url\":\"https:\\\/\\\/www.bbmnoticias.com\\\/labravaradiofm\\\/author\\\/redaccion\\\/\"}]}<\/script>\n<!-- \/ Yoast SEO plugin. -->","yoast_head_json":{"title":"Rinden protesta las y los integrantes de la Comisi\u00f3n Permanente Instructora de la LXVI Legislatura - LA BRAVA RADIO","robots":{"index":"index","follow":"follow","max-snippet":"max-snippet:-1","max-image-preview":"max-image-preview:large","max-video-preview":"max-video-preview:-1"},"canonical":"https:\/\/www.bbmnoticias.com\/rinden-protesta-las-y-los-integrantes-de-la-comision-permanente-instructora-de-la-lxvi-legislatura\/","og_locale":"es_MX","og_type":"article","og_title":"Rinden protesta las y los integrantes de la Comisi\u00f3n Permanente Instructora de la LXVI Legislatura - LA BRAVA RADIO","og_description":"San Raymundo Jalpan, Oax.- En cumplimiento al Acuerdo Parlamentario aprobado por el Pleno el pasado 26 de noviembre del a\u00f1o en curso y conforme a lo establecido en el art\u00edculo 24 del Reglamento Interior del Congreso del Estado, se declar\u00f3 formalmente instalada la Comisi\u00f3n Permanente Instructora, \u00f3rgano encargado de prevenir, contener, erradicar y sancionar la [&hellip;]","og_url":"https:\/\/www.bbmnoticias.com\/rinden-protesta-las-y-los-integrantes-de-la-comision-permanente-instructora-de-la-lxvi-legislatura\/","og_site_name":"LA BRAVA RADIO","article_published_time":"2025-12-09T00:33:12+00:00","article_modified_time":"2025-12-09T00:33:14+00:00","og_image":[{"width":800,"height":533,"url":"https:\/\/www.bbmnoticias.com\/labravaradiofm\/wp-content\/uploads\/sites\/5\/2025\/12\/comision_permanente.jpg","type":"image\/jpeg"}],"author":"Staff","twitter_card":"summary_large_image","twitter_misc":{"Escrito por":"Staff","Tiempo de lectura":"2 minutos"},"schema":{"@context":"https:\/\/schema.org","@graph":[{"@type":"Article","@id":"https:\/\/www.bbmnoticias.com\/rinden-protesta-las-y-los-integrantes-de-la-comision-permanente-instructora-de-la-lxvi-legislatura\/#article","isPartOf":{"@id":"https:\/\/www.bbmnoticias.com\/labravaradiofm\/2025\/12\/08\/rinden-protesta-las-y-los-integrantes-de-la-comision-permanente-instructora-de-la-lxvi-legislatura\/"},"author":{"name":"Staff","@id":"https:\/\/www.bbmnoticias.com\/labravaradiofm\/#\/schema\/person\/68a9e9036ef3c5b55aeb2b71dc8bab45"},"headline":"Rinden protesta las y los integrantes de la Comisi\u00f3n Permanente Instructora de la LXVI Legislatura","datePublished":"2025-12-09T00:33:12+00:00","dateModified":"2025-12-09T00:33:14+00:00","mainEntityOfPage":{"@id":"https:\/\/www.bbmnoticias.com\/labravaradiofm\/2025\/12\/08\/rinden-protesta-las-y-los-integrantes-de-la-comision-permanente-instructora-de-la-lxvi-legislatura\/"},"wordCount":343,"image":{"@id":"https:\/\/www.bbmnoticias.com\/rinden-protesta-las-y-los-integrantes-de-la-comision-permanente-instructora-de-la-lxvi-legislatura\/#primaryimage"},"thumbnailUrl":"https:\/\/www.bbmnoticias.com\/labravaradiofm\/wp-content\/uploads\/sites\/5\/2025\/12\/comision_permanente.jpg","articleSection":["LOCAL"],"inLanguage":"es"},{"@type":"WebPage","@id":"https:\/\/www.bbmnoticias.com\/labravaradiofm\/2025\/12\/08\/rinden-protesta-las-y-los-integrantes-de-la-comision-permanente-instructora-de-la-lxvi-legislatura\/","url":"https:\/\/www.bbmnoticias.com\/rinden-protesta-las-y-los-integrantes-de-la-comision-permanente-instructora-de-la-lxvi-legislatura\/","name":"Rinden protesta las y los integrantes de la Comisi\u00f3n Permanente Instructora de la LXVI Legislatura - LA BRAVA RADIO","isPartOf":{"@id":"https:\/\/www.bbmnoticias.com\/labravaradiofm\/#website"},"primaryImageOfPage":{"@id":"https:\/\/www.bbmnoticias.com\/rinden-protesta-las-y-los-integrantes-de-la-comision-permanente-instructora-de-la-lxvi-legislatura\/#primaryimage"},"image":{"@id":"https:\/\/www.bbmnoticias.com\/rinden-protesta-las-y-los-integrantes-de-la-comision-permanente-instructora-de-la-lxvi-legislatura\/#primaryimage"},"thumbnailUrl":"https:\/\/www.bbmnoticias.com\/labravaradiofm\/wp-content\/uploads\/sites\/5\/2025\/12\/comision_permanente.jpg","datePublished":"2025-12-09T00:33:12+00:00","dateModified":"2025-12-09T00:33:14+00:00","author":{"@id":"https:\/\/www.bbmnoticias.com\/labravaradiofm\/#\/schema\/person\/68a9e9036ef3c5b55aeb2b71dc8bab45"},"breadcrumb":{"@id":"https:\/\/www.bbmnoticias.com\/rinden-protesta-las-y-los-integrantes-de-la-comision-permanente-instructora-de-la-lxvi-legislatura\/#breadcrumb"},"inLanguage":"es","potentialAction":[{"@type":"ReadAction","target":["https:\/\/www.bbmnoticias.com\/rinden-protesta-las-y-los-integrantes-de-la-comision-permanente-instructora-de-la-lxvi-legislatura\/"]}]},{"@type":"ImageObject","inLanguage":"es","@id":"https:\/\/www.bbmnoticias.com\/rinden-protesta-las-y-los-integrantes-de-la-comision-permanente-instructora-de-la-lxvi-legislatura\/#primaryimage","url":"https:\/\/www.bbmnoticias.com\/labravaradiofm\/wp-content\/uploads\/sites\/5\/2025\/12\/comision_permanente.jpg","contentUrl":"https:\/\/www.bbmnoticias.com\/labravaradiofm\/wp-content\/uploads\/sites\/5\/2025\/12\/comision_permanente.jpg","width":800,"height":533},{"@type":"BreadcrumbList","@id":"https:\/\/www.bbmnoticias.com\/rinden-protesta-las-y-los-integrantes-de-la-comision-permanente-instructora-de-la-lxvi-legislatura\/#breadcrumb","itemListElement":[{"@type":"ListItem","position":1,"name":"Inicio","item":"https:\/\/www.bbmnoticias.com\/labravaradiofm\/"},{"@type":"ListItem","position":2,"name":"Rinden protesta las y los integrantes de la Comisi\u00f3n Permanente Instructora de la LXVI Legislatura"}]},{"@type":"WebSite","@id":"https:\/\/www.bbmnoticias.com\/labravaradiofm\/#website","url":"https:\/\/www.bbmnoticias.com\/labravaradiofm\/","name":"LA BRAVA RADIO","description":"Empresa productora de medios, Radiodifusi\u00f3n, Noticias, tendencias y todo lo que necesitas saber de la pol\u00edtica mexicana e internacional; entretenimiento, espect\u00e1culos, salud y mucho m\u00e1s.","potentialAction":[{"@type":"SearchAction","target":{"@type":"EntryPoint","urlTemplate":"https:\/\/www.bbmnoticias.com\/labravaradiofm\/?s={search_term_string}"},"query-input":{"@type":"PropertyValueSpecification","valueRequired":true,"valueName":"search_term_string"}}],"inLanguage":"es"},{"@type":"Person","@id":"https:\/\/www.bbmnoticias.com\/labravaradiofm\/#\/schema\/person\/68a9e9036ef3c5b55aeb2b71dc8bab45","name":"Staff","image":{"@type":"ImageObject","inLanguage":"es","@id":"https:\/\/secure.gravatar.com\/avatar\/fdd21ad66fd8b98c407f9dee5b5e588cfe7f0d8579ec20fa6527cd59bab7f0f0?s=96&d=mm&r=g","url":"https:\/\/secure.gravatar.com\/avatar\/fdd21ad66fd8b98c407f9dee5b5e588cfe7f0d8579ec20fa6527cd59bab7f0f0?s=96&d=mm&r=g","contentUrl":"https:\/\/secure.gravatar.com\/avatar\/fdd21ad66fd8b98c407f9dee5b5e588cfe7f0d8579ec20fa6527cd59bab7f0f0?s=96&d=mm&r=g","caption":"Staff"},"url":"https:\/\/www.bbmnoticias.com\/labravaradiofm\/author\/redaccion\/"}]}},"_links":{"self":[{"href":"https:\/\/www.bbmnoticias.com\/labravaradiofm\/wp-json\/wp\/v2\/posts\/71017","targetHints":{"allow":["GET"]}}],"collection":[{"href":"https:\/\/www.bbmnoticias.com\/labravaradiofm\/wp-json\/wp\/v2\/posts"}],"about":[{"href":"https:\/\/www.bbmnoticias.com\/labravaradiofm\/wp-json\/wp\/v2\/types\/post"}],"author":[{"embeddable":true,"href":"https:\/\/www.bbmnoticias.com\/labravaradiofm\/wp-json\/wp\/v2\/users\/2"}],"replies":[{"embeddable":true,"href":"https:\/\/www.bbmnoticias.com\/labravaradiofm\/wp-json\/wp\/v2\/comments?post=71017"}],"version-history":[{"count":0,"href":"https:\/\/www.bbmnoticias.com\/labravaradiofm\/wp-json\/wp\/v2\/posts\/71017\/revisions"}],"wp:featuredmedia":[{"embeddable":true,"href":"https:\/\/www.bbmnoticias.com\/labravaradiofm\/wp-json\/wp\/v2\/media\/71019"}],"wp:attachment":[{"href":"https:\/\/www.bbmnoticias.com\/labravaradiofm\/wp-json\/wp\/v2\/media?parent=71017"}],"wp:term":[{"taxonomy":"category","embeddable":true,"href":"https:\/\/www.bbmnoticias.com\/labravaradiofm\/wp-json\/wp\/v2\/categories?post=71017"},{"taxonomy":"post_tag","embeddable":true,"href":"https:\/\/www.bbmnoticias.com\/labravaradiofm\/wp-json\/wp\/v2\/tags?post=71017"}],"curies":[{"name":"wp","href":"https:\/\/api.w.org\/{rel}","templated":true}]}}