{"id":71005,"date":"2025-12-08T18:12:38","date_gmt":"2025-12-09T00:12:38","guid":{"rendered":"https:\/\/www.bbmnoticias.com\/labravaradiofm\/2025\/12\/08\/artista-plastico-del-centro-penitenciario-etla-autor-de-la-imagen-oficial-de-la-noche-de-rabanos-2025-sspc\/"},"modified":"2025-12-08T18:12:40","modified_gmt":"2025-12-09T00:12:40","slug":"artista-plastico-del-centro-penitenciario-etla-autor-de-la-imagen-oficial-de-la-noche-de-rabanos-2025-sspc","status":"publish","type":"post","link":"https:\/\/www.bbmnoticias.com\/labravaradiofm\/2025\/12\/08\/artista-plastico-del-centro-penitenciario-etla-autor-de-la-imagen-oficial-de-la-noche-de-rabanos-2025-sspc\/","title":{"rendered":"Artista pl\u00e1stico del Centro Penitenciario Etla: autor de la imagen oficial de la Noche de R\u00e1banos 2025: SSPC"},"content":{"rendered":"<div style=\"margin-top: 0px; margin-bottom: 0px;\" class=\"sharethis-inline-share-buttons\" ><\/div>\n<p><strong>Oaxaca de Ju\u00e1rez, Oax.-<\/strong> Una Persona Privada de la Libertad (PPL) del Centro Penitenciario Etla destacada por sus dotes en las artes pl\u00e1sticas, es autora de la obra que representar\u00e1 la imagen oficial de la Noche de R\u00e1banos 2025; una celebraci\u00f3n anual \u00fanica en Oaxaca, que tiene lugar el 23 de diciembre.<\/p>\n\n\n\n<p>La pintura ser\u00e1 difundida a nivel nacional e internacional, haciendo posible la proyecci\u00f3n del artista y de esta festividad tradicional realizada en la ciudad capital.<\/p>\n\n\n\n<p>Como parte del Modelo Integral de Reinserci\u00f3n Social, la Secretar\u00eda de Seguridad y Protecci\u00f3n Ciudadana (SSPC), a trav\u00e9s de la Subsecretar\u00eda de Prevenci\u00f3n y Reinserci\u00f3n Social (SPyRS), brind\u00f3 las facilidades para que este artista privado de la libertad realizara la pieza en t\u00e9cnica mixta. Esto, en estrecha colaboraci\u00f3n con el Ayuntamiento de Oaxaca de Ju\u00e1rez y la Secretar\u00eda de Turismo del Estado.<\/p>\n\n\n\n<p>El autor explica que su obra representa la cultura que enmarca esta festividad emblem\u00e1tica en la que participan vecinas y vecinos, adem\u00e1s, simboliza la energ\u00eda de la tierra, en la que se conjugan tradici\u00f3n, identidad e inclusi\u00f3n.<\/p>\n\n\n\n<p>El Gobierno de Oaxaca brinda en el arte una segunda oportunidad a la poblaci\u00f3n penitenciaria, al promover su proceso de reinserci\u00f3n social, fortalecer sus talentos y habilidades para un futuro pleno.<\/p>\n","protected":false},"excerpt":{"rendered":"<p>Oaxaca de Ju\u00e1rez, Oax.- Una Persona Privada de la Libertad (PPL) del Centro Penitenciario Etla destacada por sus dotes en las artes pl\u00e1sticas, es autora de la obra que representar\u00e1 la imagen oficial de la Noche de R\u00e1banos 2025; una celebraci\u00f3n anual \u00fanica en Oaxaca, que tiene lugar el 23 de diciembre. La pintura ser\u00e1 [&hellip;]<\/p>\n","protected":false},"author":2,"featured_media":71007,"comment_status":"closed","ping_status":"","sticky":false,"template":"","format":"standard","meta":{"footnotes":""},"categories":[2],"tags":[],"class_list":{"0":"post-71005","1":"post","2":"type-post","3":"status-publish","4":"format-standard","5":"has-post-thumbnail","7":"category-oaxaca"},"yoast_head":"<!-- This site is optimized with the Yoast SEO plugin v27.4 - https:\/\/yoast.com\/product\/yoast-seo-wordpress\/ -->\n<title>Artista pl\u00e1stico del Centro Penitenciario Etla: autor de la imagen oficial de la Noche de R\u00e1banos 2025: SSPC - LA BRAVA RADIO<\/title>\n<meta name=\"robots\" content=\"index, follow, max-snippet:-1, max-image-preview:large, max-video-preview:-1\" \/>\n<link rel=\"canonical\" href=\"https:\/\/www.bbmnoticias.com\/artista-plastico-del-centro-penitenciario-etla-autor-de-la-imagen-oficial-de-la-noche-de-rabanos-2025-sspc\/\" \/>\n<meta property=\"og:locale\" content=\"es_MX\" \/>\n<meta property=\"og:type\" content=\"article\" \/>\n<meta property=\"og:title\" content=\"Artista pl\u00e1stico del Centro Penitenciario Etla: autor de la imagen oficial de la Noche de R\u00e1banos 2025: SSPC - LA BRAVA RADIO\" \/>\n<meta property=\"og:description\" content=\"Oaxaca de Ju\u00e1rez, Oax.- Una Persona Privada de la Libertad (PPL) del Centro Penitenciario Etla destacada por sus dotes en las artes pl\u00e1sticas, es autora de la obra que representar\u00e1 la imagen oficial de la Noche de R\u00e1banos 2025; una celebraci\u00f3n anual \u00fanica en Oaxaca, que tiene lugar el 23 de diciembre. La pintura ser\u00e1 [&hellip;]\" \/>\n<meta property=\"og:url\" content=\"https:\/\/www.bbmnoticias.com\/artista-plastico-del-centro-penitenciario-etla-autor-de-la-imagen-oficial-de-la-noche-de-rabanos-2025-sspc\/\" \/>\n<meta property=\"og:site_name\" content=\"LA BRAVA RADIO\" \/>\n<meta property=\"article:published_time\" content=\"2025-12-09T00:12:38+00:00\" \/>\n<meta property=\"article:modified_time\" content=\"2025-12-09T00:12:40+00:00\" \/>\n<meta property=\"og:image\" content=\"https:\/\/www.bbmnoticias.com\/labravaradiofm\/wp-content\/uploads\/sites\/5\/2025\/12\/SSPC-Artista-Plastico-1.jpeg\" \/>\n\t<meta property=\"og:image:width\" content=\"1280\" \/>\n\t<meta property=\"og:image:height\" content=\"840\" \/>\n\t<meta property=\"og:image:type\" content=\"image\/jpeg\" \/>\n<meta name=\"author\" content=\"Staff\" \/>\n<meta name=\"twitter:card\" content=\"summary_large_image\" \/>\n<meta name=\"twitter:label1\" content=\"Escrito por\" \/>\n\t<meta name=\"twitter:data1\" content=\"Staff\" \/>\n\t<meta name=\"twitter:label2\" content=\"Tiempo de lectura\" \/>\n\t<meta name=\"twitter:data2\" content=\"1 minuto\" \/>\n<script type=\"application\/ld+json\" class=\"yoast-schema-graph\">{\"@context\":\"https:\\\/\\\/schema.org\",\"@graph\":[{\"@type\":\"Article\",\"@id\":\"https:\\\/\\\/www.bbmnoticias.com\\\/artista-plastico-del-centro-penitenciario-etla-autor-de-la-imagen-oficial-de-la-noche-de-rabanos-2025-sspc\\\/#article\",\"isPartOf\":{\"@id\":\"https:\\\/\\\/www.bbmnoticias.com\\\/labravaradiofm\\\/2025\\\/12\\\/08\\\/artista-plastico-del-centro-penitenciario-etla-autor-de-la-imagen-oficial-de-la-noche-de-rabanos-2025-sspc\\\/\"},\"author\":{\"name\":\"Staff\",\"@id\":\"https:\\\/\\\/www.bbmnoticias.com\\\/labravaradiofm\\\/#\\\/schema\\\/person\\\/68a9e9036ef3c5b55aeb2b71dc8bab45\"},\"headline\":\"Artista pl\u00e1stico del Centro Penitenciario Etla: autor de la imagen oficial de la Noche de R\u00e1banos 2025: SSPC\",\"datePublished\":\"2025-12-09T00:12:38+00:00\",\"dateModified\":\"2025-12-09T00:12:40+00:00\",\"mainEntityOfPage\":{\"@id\":\"https:\\\/\\\/www.bbmnoticias.com\\\/labravaradiofm\\\/2025\\\/12\\\/08\\\/artista-plastico-del-centro-penitenciario-etla-autor-de-la-imagen-oficial-de-la-noche-de-rabanos-2025-sspc\\\/\"},\"wordCount\":248,\"image\":{\"@id\":\"https:\\\/\\\/www.bbmnoticias.com\\\/artista-plastico-del-centro-penitenciario-etla-autor-de-la-imagen-oficial-de-la-noche-de-rabanos-2025-sspc\\\/#primaryimage\"},\"thumbnailUrl\":\"https:\\\/\\\/www.bbmnoticias.com\\\/labravaradiofm\\\/wp-content\\\/uploads\\\/sites\\\/5\\\/2025\\\/12\\\/SSPC-Artista-Plastico-1.jpeg\",\"articleSection\":[\"LOCAL\"],\"inLanguage\":\"es\"},{\"@type\":\"WebPage\",\"@id\":\"https:\\\/\\\/www.bbmnoticias.com\\\/labravaradiofm\\\/2025\\\/12\\\/08\\\/artista-plastico-del-centro-penitenciario-etla-autor-de-la-imagen-oficial-de-la-noche-de-rabanos-2025-sspc\\\/\",\"url\":\"https:\\\/\\\/www.bbmnoticias.com\\\/artista-plastico-del-centro-penitenciario-etla-autor-de-la-imagen-oficial-de-la-noche-de-rabanos-2025-sspc\\\/\",\"name\":\"Artista pl\u00e1stico del Centro Penitenciario Etla: autor de la imagen oficial de la Noche de R\u00e1banos 2025: SSPC - LA BRAVA RADIO\",\"isPartOf\":{\"@id\":\"https:\\\/\\\/www.bbmnoticias.com\\\/labravaradiofm\\\/#website\"},\"primaryImageOfPage\":{\"@id\":\"https:\\\/\\\/www.bbmnoticias.com\\\/artista-plastico-del-centro-penitenciario-etla-autor-de-la-imagen-oficial-de-la-noche-de-rabanos-2025-sspc\\\/#primaryimage\"},\"image\":{\"@id\":\"https:\\\/\\\/www.bbmnoticias.com\\\/artista-plastico-del-centro-penitenciario-etla-autor-de-la-imagen-oficial-de-la-noche-de-rabanos-2025-sspc\\\/#primaryimage\"},\"thumbnailUrl\":\"https:\\\/\\\/www.bbmnoticias.com\\\/labravaradiofm\\\/wp-content\\\/uploads\\\/sites\\\/5\\\/2025\\\/12\\\/SSPC-Artista-Plastico-1.jpeg\",\"datePublished\":\"2025-12-09T00:12:38+00:00\",\"dateModified\":\"2025-12-09T00:12:40+00:00\",\"author\":{\"@id\":\"https:\\\/\\\/www.bbmnoticias.com\\\/labravaradiofm\\\/#\\\/schema\\\/person\\\/68a9e9036ef3c5b55aeb2b71dc8bab45\"},\"breadcrumb\":{\"@id\":\"https:\\\/\\\/www.bbmnoticias.com\\\/artista-plastico-del-centro-penitenciario-etla-autor-de-la-imagen-oficial-de-la-noche-de-rabanos-2025-sspc\\\/#breadcrumb\"},\"inLanguage\":\"es\",\"potentialAction\":[{\"@type\":\"ReadAction\",\"target\":[\"https:\\\/\\\/www.bbmnoticias.com\\\/artista-plastico-del-centro-penitenciario-etla-autor-de-la-imagen-oficial-de-la-noche-de-rabanos-2025-sspc\\\/\"]}]},{\"@type\":\"ImageObject\",\"inLanguage\":\"es\",\"@id\":\"https:\\\/\\\/www.bbmnoticias.com\\\/artista-plastico-del-centro-penitenciario-etla-autor-de-la-imagen-oficial-de-la-noche-de-rabanos-2025-sspc\\\/#primaryimage\",\"url\":\"https:\\\/\\\/www.bbmnoticias.com\\\/labravaradiofm\\\/wp-content\\\/uploads\\\/sites\\\/5\\\/2025\\\/12\\\/SSPC-Artista-Plastico-1.jpeg\",\"contentUrl\":\"https:\\\/\\\/www.bbmnoticias.com\\\/labravaradiofm\\\/wp-content\\\/uploads\\\/sites\\\/5\\\/2025\\\/12\\\/SSPC-Artista-Plastico-1.jpeg\",\"width\":1280,\"height\":840},{\"@type\":\"BreadcrumbList\",\"@id\":\"https:\\\/\\\/www.bbmnoticias.com\\\/artista-plastico-del-centro-penitenciario-etla-autor-de-la-imagen-oficial-de-la-noche-de-rabanos-2025-sspc\\\/#breadcrumb\",\"itemListElement\":[{\"@type\":\"ListItem\",\"position\":1,\"name\":\"Inicio\",\"item\":\"https:\\\/\\\/www.bbmnoticias.com\\\/labravaradiofm\\\/\"},{\"@type\":\"ListItem\",\"position\":2,\"name\":\"Artista pl\u00e1stico del Centro Penitenciario Etla: autor de la imagen oficial de la Noche de R\u00e1banos 2025: SSPC\"}]},{\"@type\":\"WebSite\",\"@id\":\"https:\\\/\\\/www.bbmnoticias.com\\\/labravaradiofm\\\/#website\",\"url\":\"https:\\\/\\\/www.bbmnoticias.com\\\/labravaradiofm\\\/\",\"name\":\"LA BRAVA RADIO\",\"description\":\"Empresa productora de medios, Radiodifusi\u00f3n, Noticias, tendencias y todo lo que necesitas saber de la pol\u00edtica mexicana e internacional; entretenimiento, espect\u00e1culos, salud y mucho m\u00e1s.\",\"potentialAction\":[{\"@type\":\"SearchAction\",\"target\":{\"@type\":\"EntryPoint\",\"urlTemplate\":\"https:\\\/\\\/www.bbmnoticias.com\\\/labravaradiofm\\\/?s={search_term_string}\"},\"query-input\":{\"@type\":\"PropertyValueSpecification\",\"valueRequired\":true,\"valueName\":\"search_term_string\"}}],\"inLanguage\":\"es\"},{\"@type\":\"Person\",\"@id\":\"https:\\\/\\\/www.bbmnoticias.com\\\/labravaradiofm\\\/#\\\/schema\\\/person\\\/68a9e9036ef3c5b55aeb2b71dc8bab45\",\"name\":\"Staff\",\"image\":{\"@type\":\"ImageObject\",\"inLanguage\":\"es\",\"@id\":\"https:\\\/\\\/secure.gravatar.com\\\/avatar\\\/fdd21ad66fd8b98c407f9dee5b5e588cfe7f0d8579ec20fa6527cd59bab7f0f0?s=96&d=mm&r=g\",\"url\":\"https:\\\/\\\/secure.gravatar.com\\\/avatar\\\/fdd21ad66fd8b98c407f9dee5b5e588cfe7f0d8579ec20fa6527cd59bab7f0f0?s=96&d=mm&r=g\",\"contentUrl\":\"https:\\\/\\\/secure.gravatar.com\\\/avatar\\\/fdd21ad66fd8b98c407f9dee5b5e588cfe7f0d8579ec20fa6527cd59bab7f0f0?s=96&d=mm&r=g\",\"caption\":\"Staff\"},\"url\":\"https:\\\/\\\/www.bbmnoticias.com\\\/labravaradiofm\\\/author\\\/redaccion\\\/\"}]}<\/script>\n<!-- \/ Yoast SEO plugin. -->","yoast_head_json":{"title":"Artista pl\u00e1stico del Centro Penitenciario Etla: autor de la imagen oficial de la Noche de R\u00e1banos 2025: SSPC - LA BRAVA RADIO","robots":{"index":"index","follow":"follow","max-snippet":"max-snippet:-1","max-image-preview":"max-image-preview:large","max-video-preview":"max-video-preview:-1"},"canonical":"https:\/\/www.bbmnoticias.com\/artista-plastico-del-centro-penitenciario-etla-autor-de-la-imagen-oficial-de-la-noche-de-rabanos-2025-sspc\/","og_locale":"es_MX","og_type":"article","og_title":"Artista pl\u00e1stico del Centro Penitenciario Etla: autor de la imagen oficial de la Noche de R\u00e1banos 2025: SSPC - LA BRAVA RADIO","og_description":"Oaxaca de Ju\u00e1rez, Oax.- Una Persona Privada de la Libertad (PPL) del Centro Penitenciario Etla destacada por sus dotes en las artes pl\u00e1sticas, es autora de la obra que representar\u00e1 la imagen oficial de la Noche de R\u00e1banos 2025; una celebraci\u00f3n anual \u00fanica en Oaxaca, que tiene lugar el 23 de diciembre. La pintura ser\u00e1 [&hellip;]","og_url":"https:\/\/www.bbmnoticias.com\/artista-plastico-del-centro-penitenciario-etla-autor-de-la-imagen-oficial-de-la-noche-de-rabanos-2025-sspc\/","og_site_name":"LA BRAVA RADIO","article_published_time":"2025-12-09T00:12:38+00:00","article_modified_time":"2025-12-09T00:12:40+00:00","og_image":[{"width":1280,"height":840,"url":"https:\/\/www.bbmnoticias.com\/labravaradiofm\/wp-content\/uploads\/sites\/5\/2025\/12\/SSPC-Artista-Plastico-1.jpeg","type":"image\/jpeg"}],"author":"Staff","twitter_card":"summary_large_image","twitter_misc":{"Escrito por":"Staff","Tiempo de lectura":"1 minuto"},"schema":{"@context":"https:\/\/schema.org","@graph":[{"@type":"Article","@id":"https:\/\/www.bbmnoticias.com\/artista-plastico-del-centro-penitenciario-etla-autor-de-la-imagen-oficial-de-la-noche-de-rabanos-2025-sspc\/#article","isPartOf":{"@id":"https:\/\/www.bbmnoticias.com\/labravaradiofm\/2025\/12\/08\/artista-plastico-del-centro-penitenciario-etla-autor-de-la-imagen-oficial-de-la-noche-de-rabanos-2025-sspc\/"},"author":{"name":"Staff","@id":"https:\/\/www.bbmnoticias.com\/labravaradiofm\/#\/schema\/person\/68a9e9036ef3c5b55aeb2b71dc8bab45"},"headline":"Artista pl\u00e1stico del Centro Penitenciario Etla: autor de la imagen oficial de la Noche de R\u00e1banos 2025: SSPC","datePublished":"2025-12-09T00:12:38+00:00","dateModified":"2025-12-09T00:12:40+00:00","mainEntityOfPage":{"@id":"https:\/\/www.bbmnoticias.com\/labravaradiofm\/2025\/12\/08\/artista-plastico-del-centro-penitenciario-etla-autor-de-la-imagen-oficial-de-la-noche-de-rabanos-2025-sspc\/"},"wordCount":248,"image":{"@id":"https:\/\/www.bbmnoticias.com\/artista-plastico-del-centro-penitenciario-etla-autor-de-la-imagen-oficial-de-la-noche-de-rabanos-2025-sspc\/#primaryimage"},"thumbnailUrl":"https:\/\/www.bbmnoticias.com\/labravaradiofm\/wp-content\/uploads\/sites\/5\/2025\/12\/SSPC-Artista-Plastico-1.jpeg","articleSection":["LOCAL"],"inLanguage":"es"},{"@type":"WebPage","@id":"https:\/\/www.bbmnoticias.com\/labravaradiofm\/2025\/12\/08\/artista-plastico-del-centro-penitenciario-etla-autor-de-la-imagen-oficial-de-la-noche-de-rabanos-2025-sspc\/","url":"https:\/\/www.bbmnoticias.com\/artista-plastico-del-centro-penitenciario-etla-autor-de-la-imagen-oficial-de-la-noche-de-rabanos-2025-sspc\/","name":"Artista pl\u00e1stico del Centro Penitenciario Etla: autor de la imagen oficial de la Noche de R\u00e1banos 2025: SSPC - LA BRAVA RADIO","isPartOf":{"@id":"https:\/\/www.bbmnoticias.com\/labravaradiofm\/#website"},"primaryImageOfPage":{"@id":"https:\/\/www.bbmnoticias.com\/artista-plastico-del-centro-penitenciario-etla-autor-de-la-imagen-oficial-de-la-noche-de-rabanos-2025-sspc\/#primaryimage"},"image":{"@id":"https:\/\/www.bbmnoticias.com\/artista-plastico-del-centro-penitenciario-etla-autor-de-la-imagen-oficial-de-la-noche-de-rabanos-2025-sspc\/#primaryimage"},"thumbnailUrl":"https:\/\/www.bbmnoticias.com\/labravaradiofm\/wp-content\/uploads\/sites\/5\/2025\/12\/SSPC-Artista-Plastico-1.jpeg","datePublished":"2025-12-09T00:12:38+00:00","dateModified":"2025-12-09T00:12:40+00:00","author":{"@id":"https:\/\/www.bbmnoticias.com\/labravaradiofm\/#\/schema\/person\/68a9e9036ef3c5b55aeb2b71dc8bab45"},"breadcrumb":{"@id":"https:\/\/www.bbmnoticias.com\/artista-plastico-del-centro-penitenciario-etla-autor-de-la-imagen-oficial-de-la-noche-de-rabanos-2025-sspc\/#breadcrumb"},"inLanguage":"es","potentialAction":[{"@type":"ReadAction","target":["https:\/\/www.bbmnoticias.com\/artista-plastico-del-centro-penitenciario-etla-autor-de-la-imagen-oficial-de-la-noche-de-rabanos-2025-sspc\/"]}]},{"@type":"ImageObject","inLanguage":"es","@id":"https:\/\/www.bbmnoticias.com\/artista-plastico-del-centro-penitenciario-etla-autor-de-la-imagen-oficial-de-la-noche-de-rabanos-2025-sspc\/#primaryimage","url":"https:\/\/www.bbmnoticias.com\/labravaradiofm\/wp-content\/uploads\/sites\/5\/2025\/12\/SSPC-Artista-Plastico-1.jpeg","contentUrl":"https:\/\/www.bbmnoticias.com\/labravaradiofm\/wp-content\/uploads\/sites\/5\/2025\/12\/SSPC-Artista-Plastico-1.jpeg","width":1280,"height":840},{"@type":"BreadcrumbList","@id":"https:\/\/www.bbmnoticias.com\/artista-plastico-del-centro-penitenciario-etla-autor-de-la-imagen-oficial-de-la-noche-de-rabanos-2025-sspc\/#breadcrumb","itemListElement":[{"@type":"ListItem","position":1,"name":"Inicio","item":"https:\/\/www.bbmnoticias.com\/labravaradiofm\/"},{"@type":"ListItem","position":2,"name":"Artista pl\u00e1stico del Centro Penitenciario Etla: autor de la imagen oficial de la Noche de R\u00e1banos 2025: SSPC"}]},{"@type":"WebSite","@id":"https:\/\/www.bbmnoticias.com\/labravaradiofm\/#website","url":"https:\/\/www.bbmnoticias.com\/labravaradiofm\/","name":"LA BRAVA RADIO","description":"Empresa productora de medios, Radiodifusi\u00f3n, Noticias, tendencias y todo lo que necesitas saber de la pol\u00edtica mexicana e internacional; entretenimiento, espect\u00e1culos, salud y mucho m\u00e1s.","potentialAction":[{"@type":"SearchAction","target":{"@type":"EntryPoint","urlTemplate":"https:\/\/www.bbmnoticias.com\/labravaradiofm\/?s={search_term_string}"},"query-input":{"@type":"PropertyValueSpecification","valueRequired":true,"valueName":"search_term_string"}}],"inLanguage":"es"},{"@type":"Person","@id":"https:\/\/www.bbmnoticias.com\/labravaradiofm\/#\/schema\/person\/68a9e9036ef3c5b55aeb2b71dc8bab45","name":"Staff","image":{"@type":"ImageObject","inLanguage":"es","@id":"https:\/\/secure.gravatar.com\/avatar\/fdd21ad66fd8b98c407f9dee5b5e588cfe7f0d8579ec20fa6527cd59bab7f0f0?s=96&d=mm&r=g","url":"https:\/\/secure.gravatar.com\/avatar\/fdd21ad66fd8b98c407f9dee5b5e588cfe7f0d8579ec20fa6527cd59bab7f0f0?s=96&d=mm&r=g","contentUrl":"https:\/\/secure.gravatar.com\/avatar\/fdd21ad66fd8b98c407f9dee5b5e588cfe7f0d8579ec20fa6527cd59bab7f0f0?s=96&d=mm&r=g","caption":"Staff"},"url":"https:\/\/www.bbmnoticias.com\/labravaradiofm\/author\/redaccion\/"}]}},"_links":{"self":[{"href":"https:\/\/www.bbmnoticias.com\/labravaradiofm\/wp-json\/wp\/v2\/posts\/71005","targetHints":{"allow":["GET"]}}],"collection":[{"href":"https:\/\/www.bbmnoticias.com\/labravaradiofm\/wp-json\/wp\/v2\/posts"}],"about":[{"href":"https:\/\/www.bbmnoticias.com\/labravaradiofm\/wp-json\/wp\/v2\/types\/post"}],"author":[{"embeddable":true,"href":"https:\/\/www.bbmnoticias.com\/labravaradiofm\/wp-json\/wp\/v2\/users\/2"}],"replies":[{"embeddable":true,"href":"https:\/\/www.bbmnoticias.com\/labravaradiofm\/wp-json\/wp\/v2\/comments?post=71005"}],"version-history":[{"count":0,"href":"https:\/\/www.bbmnoticias.com\/labravaradiofm\/wp-json\/wp\/v2\/posts\/71005\/revisions"}],"wp:featuredmedia":[{"embeddable":true,"href":"https:\/\/www.bbmnoticias.com\/labravaradiofm\/wp-json\/wp\/v2\/media\/71007"}],"wp:attachment":[{"href":"https:\/\/www.bbmnoticias.com\/labravaradiofm\/wp-json\/wp\/v2\/media?parent=71005"}],"wp:term":[{"taxonomy":"category","embeddable":true,"href":"https:\/\/www.bbmnoticias.com\/labravaradiofm\/wp-json\/wp\/v2\/categories?post=71005"},{"taxonomy":"post_tag","embeddable":true,"href":"https:\/\/www.bbmnoticias.com\/labravaradiofm\/wp-json\/wp\/v2\/tags?post=71005"}],"curies":[{"name":"wp","href":"https:\/\/api.w.org\/{rel}","templated":true}]}}