{"id":70999,"date":"2025-12-08T18:09:56","date_gmt":"2025-12-09T00:09:56","guid":{"rendered":"https:\/\/www.bbmnoticias.com\/labravaradiofm\/2025\/12\/08\/devela-cadh-mural-de-las-personas-defensoras-por-la-inclusion-en-la-uabjo\/"},"modified":"2025-12-08T18:09:59","modified_gmt":"2025-12-09T00:09:59","slug":"devela-cadh-mural-de-las-personas-defensoras-por-la-inclusion-en-la-uabjo","status":"publish","type":"post","link":"https:\/\/www.bbmnoticias.com\/labravaradiofm\/2025\/12\/08\/devela-cadh-mural-de-las-personas-defensoras-por-la-inclusion-en-la-uabjo\/","title":{"rendered":"Devela CADH Mural de las Personas Defensoras por la Inclusi\u00f3n en la UABJO"},"content":{"rendered":"<div style=\"margin-top: 0px; margin-bottom: 0px;\" class=\"sharethis-inline-share-buttons\" ><\/div>\n<p><strong>Oaxaca de Ju\u00e1rez, Oax.-<\/strong> La Coordinaci\u00f3n para la Atenci\u00f3n de los Derechos Humanos (CADH), en colaboraci\u00f3n con el autor y artista oaxaque\u00f1o Pedro Miranda Gij\u00f3n, devel\u00f3 en la entrada del Instituto de Ciencias de la Educaci\u00f3n de la Universidad Aut\u00f3noma Benito Ju\u00e1rez de Oaxaca (UABJO) el Mural de las Personas Defensoras por la Inclusi\u00f3n.<\/p>\n\n\n\n<p>Esta pieza art\u00edstica, que podr\u00e1 ser apreciada por la comunidad estudiantil y ciudadan\u00eda, incorpor\u00f3 historias de diversas mujeres con discapacidad cuyas vivencias, resistencias y aportes fueron integrados en el proceso creativo, plasmando una narrativa colectiva que reconoce su papel fundamental y promueve sociedades libres de violencia.<\/p>\n\n\n\n<p>La obra es un homenaje a quienes defienden el derecho a la igualdad y dignidad de todas y todos; as\u00ed como de generar un espacio de reflexi\u00f3n sobre la importancia de garantizar la participaci\u00f3n plena y efectiva de este sector de la poblaci\u00f3n en todos los \u00e1mbitos de la sociedad.<\/p>\n\n\n\n<p>En su intervenci\u00f3n, la titular de la CADH, Flor Estela Morales reconoci\u00f3 y celebr\u00f3 la participaci\u00f3n de las personas involucradas en este proyecto, que recuerda el papel esencial de quienes defienden la transformaci\u00f3n social.<\/p>\n\n\n\n<p>Acudieron artistas, integrantes de colectivos de personas con discapacidad, estudiantes y funcionariado de dependencias del Gobierno del Estado.<\/p>\n","protected":false},"excerpt":{"rendered":"<p>Oaxaca de Ju\u00e1rez, Oax.- La Coordinaci\u00f3n para la Atenci\u00f3n de los Derechos Humanos (CADH), en colaboraci\u00f3n con el autor y artista oaxaque\u00f1o Pedro Miranda Gij\u00f3n, devel\u00f3 en la entrada del Instituto de Ciencias de la Educaci\u00f3n de la Universidad Aut\u00f3noma Benito Ju\u00e1rez de Oaxaca (UABJO) el Mural de las Personas Defensoras por la Inclusi\u00f3n. Esta [&hellip;]<\/p>\n","protected":false},"author":2,"featured_media":71001,"comment_status":"closed","ping_status":"","sticky":false,"template":"","format":"standard","meta":{"footnotes":""},"categories":[2],"tags":[],"class_list":{"0":"post-70999","1":"post","2":"type-post","3":"status-publish","4":"format-standard","5":"has-post-thumbnail","7":"category-oaxaca"},"yoast_head":"<!-- This site is optimized with the Yoast SEO plugin v27.4 - https:\/\/yoast.com\/product\/yoast-seo-wordpress\/ -->\n<title>Devela CADH Mural de las Personas Defensoras por la Inclusi\u00f3n en la UABJO - LA BRAVA RADIO<\/title>\n<meta name=\"robots\" content=\"index, follow, max-snippet:-1, max-image-preview:large, max-video-preview:-1\" \/>\n<link rel=\"canonical\" href=\"https:\/\/www.bbmnoticias.com\/devela-cadh-mural-de-las-personas-defensoras-por-la-inclusion-en-la-uabjo\/\" \/>\n<meta property=\"og:locale\" content=\"es_MX\" \/>\n<meta property=\"og:type\" content=\"article\" \/>\n<meta property=\"og:title\" content=\"Devela CADH Mural de las Personas Defensoras por la Inclusi\u00f3n en la UABJO - LA BRAVA RADIO\" \/>\n<meta property=\"og:description\" content=\"Oaxaca de Ju\u00e1rez, Oax.- La Coordinaci\u00f3n para la Atenci\u00f3n de los Derechos Humanos (CADH), en colaboraci\u00f3n con el autor y artista oaxaque\u00f1o Pedro Miranda Gij\u00f3n, devel\u00f3 en la entrada del Instituto de Ciencias de la Educaci\u00f3n de la Universidad Aut\u00f3noma Benito Ju\u00e1rez de Oaxaca (UABJO) el Mural de las Personas Defensoras por la Inclusi\u00f3n. Esta [&hellip;]\" \/>\n<meta property=\"og:url\" content=\"https:\/\/www.bbmnoticias.com\/devela-cadh-mural-de-las-personas-defensoras-por-la-inclusion-en-la-uabjo\/\" \/>\n<meta property=\"og:site_name\" content=\"LA BRAVA RADIO\" \/>\n<meta property=\"article:published_time\" content=\"2025-12-09T00:09:56+00:00\" \/>\n<meta property=\"article:modified_time\" content=\"2025-12-09T00:09:59+00:00\" \/>\n<meta property=\"og:image\" content=\"https:\/\/www.bbmnoticias.com\/labravaradiofm\/wp-content\/uploads\/sites\/5\/2025\/12\/Devela-CADH-Mural-de-las-Personas-Defensoras-por-la-Inclusion-en-la-UABJO-2.jpeg\" \/>\n\t<meta property=\"og:image:width\" content=\"1280\" \/>\n\t<meta property=\"og:image:height\" content=\"854\" \/>\n\t<meta property=\"og:image:type\" content=\"image\/jpeg\" \/>\n<meta name=\"author\" content=\"Staff\" \/>\n<meta name=\"twitter:card\" content=\"summary_large_image\" \/>\n<meta name=\"twitter:label1\" content=\"Escrito por\" \/>\n\t<meta name=\"twitter:data1\" content=\"Staff\" \/>\n\t<meta name=\"twitter:label2\" content=\"Tiempo de lectura\" \/>\n\t<meta name=\"twitter:data2\" content=\"1 minuto\" \/>\n<script type=\"application\/ld+json\" class=\"yoast-schema-graph\">{\"@context\":\"https:\\\/\\\/schema.org\",\"@graph\":[{\"@type\":\"Article\",\"@id\":\"https:\\\/\\\/www.bbmnoticias.com\\\/devela-cadh-mural-de-las-personas-defensoras-por-la-inclusion-en-la-uabjo\\\/#article\",\"isPartOf\":{\"@id\":\"https:\\\/\\\/www.bbmnoticias.com\\\/labravaradiofm\\\/2025\\\/12\\\/08\\\/devela-cadh-mural-de-las-personas-defensoras-por-la-inclusion-en-la-uabjo\\\/\"},\"author\":{\"name\":\"Staff\",\"@id\":\"https:\\\/\\\/www.bbmnoticias.com\\\/labravaradiofm\\\/#\\\/schema\\\/person\\\/68a9e9036ef3c5b55aeb2b71dc8bab45\"},\"headline\":\"Devela CADH Mural de las Personas Defensoras por la Inclusi\u00f3n en la UABJO\",\"datePublished\":\"2025-12-09T00:09:56+00:00\",\"dateModified\":\"2025-12-09T00:09:59+00:00\",\"mainEntityOfPage\":{\"@id\":\"https:\\\/\\\/www.bbmnoticias.com\\\/labravaradiofm\\\/2025\\\/12\\\/08\\\/devela-cadh-mural-de-las-personas-defensoras-por-la-inclusion-en-la-uabjo\\\/\"},\"wordCount\":235,\"image\":{\"@id\":\"https:\\\/\\\/www.bbmnoticias.com\\\/devela-cadh-mural-de-las-personas-defensoras-por-la-inclusion-en-la-uabjo\\\/#primaryimage\"},\"thumbnailUrl\":\"https:\\\/\\\/www.bbmnoticias.com\\\/labravaradiofm\\\/wp-content\\\/uploads\\\/sites\\\/5\\\/2025\\\/12\\\/Devela-CADH-Mural-de-las-Personas-Defensoras-por-la-Inclusion-en-la-UABJO-2.jpeg\",\"articleSection\":[\"LOCAL\"],\"inLanguage\":\"es\"},{\"@type\":\"WebPage\",\"@id\":\"https:\\\/\\\/www.bbmnoticias.com\\\/labravaradiofm\\\/2025\\\/12\\\/08\\\/devela-cadh-mural-de-las-personas-defensoras-por-la-inclusion-en-la-uabjo\\\/\",\"url\":\"https:\\\/\\\/www.bbmnoticias.com\\\/devela-cadh-mural-de-las-personas-defensoras-por-la-inclusion-en-la-uabjo\\\/\",\"name\":\"Devela CADH Mural de las Personas Defensoras por la Inclusi\u00f3n en la UABJO - LA BRAVA RADIO\",\"isPartOf\":{\"@id\":\"https:\\\/\\\/www.bbmnoticias.com\\\/labravaradiofm\\\/#website\"},\"primaryImageOfPage\":{\"@id\":\"https:\\\/\\\/www.bbmnoticias.com\\\/devela-cadh-mural-de-las-personas-defensoras-por-la-inclusion-en-la-uabjo\\\/#primaryimage\"},\"image\":{\"@id\":\"https:\\\/\\\/www.bbmnoticias.com\\\/devela-cadh-mural-de-las-personas-defensoras-por-la-inclusion-en-la-uabjo\\\/#primaryimage\"},\"thumbnailUrl\":\"https:\\\/\\\/www.bbmnoticias.com\\\/labravaradiofm\\\/wp-content\\\/uploads\\\/sites\\\/5\\\/2025\\\/12\\\/Devela-CADH-Mural-de-las-Personas-Defensoras-por-la-Inclusion-en-la-UABJO-2.jpeg\",\"datePublished\":\"2025-12-09T00:09:56+00:00\",\"dateModified\":\"2025-12-09T00:09:59+00:00\",\"author\":{\"@id\":\"https:\\\/\\\/www.bbmnoticias.com\\\/labravaradiofm\\\/#\\\/schema\\\/person\\\/68a9e9036ef3c5b55aeb2b71dc8bab45\"},\"breadcrumb\":{\"@id\":\"https:\\\/\\\/www.bbmnoticias.com\\\/devela-cadh-mural-de-las-personas-defensoras-por-la-inclusion-en-la-uabjo\\\/#breadcrumb\"},\"inLanguage\":\"es\",\"potentialAction\":[{\"@type\":\"ReadAction\",\"target\":[\"https:\\\/\\\/www.bbmnoticias.com\\\/devela-cadh-mural-de-las-personas-defensoras-por-la-inclusion-en-la-uabjo\\\/\"]}]},{\"@type\":\"ImageObject\",\"inLanguage\":\"es\",\"@id\":\"https:\\\/\\\/www.bbmnoticias.com\\\/devela-cadh-mural-de-las-personas-defensoras-por-la-inclusion-en-la-uabjo\\\/#primaryimage\",\"url\":\"https:\\\/\\\/www.bbmnoticias.com\\\/labravaradiofm\\\/wp-content\\\/uploads\\\/sites\\\/5\\\/2025\\\/12\\\/Devela-CADH-Mural-de-las-Personas-Defensoras-por-la-Inclusion-en-la-UABJO-2.jpeg\",\"contentUrl\":\"https:\\\/\\\/www.bbmnoticias.com\\\/labravaradiofm\\\/wp-content\\\/uploads\\\/sites\\\/5\\\/2025\\\/12\\\/Devela-CADH-Mural-de-las-Personas-Defensoras-por-la-Inclusion-en-la-UABJO-2.jpeg\",\"width\":1280,\"height\":854},{\"@type\":\"BreadcrumbList\",\"@id\":\"https:\\\/\\\/www.bbmnoticias.com\\\/devela-cadh-mural-de-las-personas-defensoras-por-la-inclusion-en-la-uabjo\\\/#breadcrumb\",\"itemListElement\":[{\"@type\":\"ListItem\",\"position\":1,\"name\":\"Inicio\",\"item\":\"https:\\\/\\\/www.bbmnoticias.com\\\/labravaradiofm\\\/\"},{\"@type\":\"ListItem\",\"position\":2,\"name\":\"Devela CADH Mural de las Personas Defensoras por la Inclusi\u00f3n en la UABJO\"}]},{\"@type\":\"WebSite\",\"@id\":\"https:\\\/\\\/www.bbmnoticias.com\\\/labravaradiofm\\\/#website\",\"url\":\"https:\\\/\\\/www.bbmnoticias.com\\\/labravaradiofm\\\/\",\"name\":\"LA BRAVA RADIO\",\"description\":\"Empresa productora de medios, Radiodifusi\u00f3n, Noticias, tendencias y todo lo que necesitas saber de la pol\u00edtica mexicana e internacional; entretenimiento, espect\u00e1culos, salud y mucho m\u00e1s.\",\"potentialAction\":[{\"@type\":\"SearchAction\",\"target\":{\"@type\":\"EntryPoint\",\"urlTemplate\":\"https:\\\/\\\/www.bbmnoticias.com\\\/labravaradiofm\\\/?s={search_term_string}\"},\"query-input\":{\"@type\":\"PropertyValueSpecification\",\"valueRequired\":true,\"valueName\":\"search_term_string\"}}],\"inLanguage\":\"es\"},{\"@type\":\"Person\",\"@id\":\"https:\\\/\\\/www.bbmnoticias.com\\\/labravaradiofm\\\/#\\\/schema\\\/person\\\/68a9e9036ef3c5b55aeb2b71dc8bab45\",\"name\":\"Staff\",\"image\":{\"@type\":\"ImageObject\",\"inLanguage\":\"es\",\"@id\":\"https:\\\/\\\/secure.gravatar.com\\\/avatar\\\/fdd21ad66fd8b98c407f9dee5b5e588cfe7f0d8579ec20fa6527cd59bab7f0f0?s=96&d=mm&r=g\",\"url\":\"https:\\\/\\\/secure.gravatar.com\\\/avatar\\\/fdd21ad66fd8b98c407f9dee5b5e588cfe7f0d8579ec20fa6527cd59bab7f0f0?s=96&d=mm&r=g\",\"contentUrl\":\"https:\\\/\\\/secure.gravatar.com\\\/avatar\\\/fdd21ad66fd8b98c407f9dee5b5e588cfe7f0d8579ec20fa6527cd59bab7f0f0?s=96&d=mm&r=g\",\"caption\":\"Staff\"},\"url\":\"https:\\\/\\\/www.bbmnoticias.com\\\/labravaradiofm\\\/author\\\/redaccion\\\/\"}]}<\/script>\n<!-- \/ Yoast SEO plugin. -->","yoast_head_json":{"title":"Devela CADH Mural de las Personas Defensoras por la Inclusi\u00f3n en la UABJO - LA BRAVA RADIO","robots":{"index":"index","follow":"follow","max-snippet":"max-snippet:-1","max-image-preview":"max-image-preview:large","max-video-preview":"max-video-preview:-1"},"canonical":"https:\/\/www.bbmnoticias.com\/devela-cadh-mural-de-las-personas-defensoras-por-la-inclusion-en-la-uabjo\/","og_locale":"es_MX","og_type":"article","og_title":"Devela CADH Mural de las Personas Defensoras por la Inclusi\u00f3n en la UABJO - LA BRAVA RADIO","og_description":"Oaxaca de Ju\u00e1rez, Oax.- La Coordinaci\u00f3n para la Atenci\u00f3n de los Derechos Humanos (CADH), en colaboraci\u00f3n con el autor y artista oaxaque\u00f1o Pedro Miranda Gij\u00f3n, devel\u00f3 en la entrada del Instituto de Ciencias de la Educaci\u00f3n de la Universidad Aut\u00f3noma Benito Ju\u00e1rez de Oaxaca (UABJO) el Mural de las Personas Defensoras por la Inclusi\u00f3n. Esta [&hellip;]","og_url":"https:\/\/www.bbmnoticias.com\/devela-cadh-mural-de-las-personas-defensoras-por-la-inclusion-en-la-uabjo\/","og_site_name":"LA BRAVA RADIO","article_published_time":"2025-12-09T00:09:56+00:00","article_modified_time":"2025-12-09T00:09:59+00:00","og_image":[{"width":1280,"height":854,"url":"https:\/\/www.bbmnoticias.com\/labravaradiofm\/wp-content\/uploads\/sites\/5\/2025\/12\/Devela-CADH-Mural-de-las-Personas-Defensoras-por-la-Inclusion-en-la-UABJO-2.jpeg","type":"image\/jpeg"}],"author":"Staff","twitter_card":"summary_large_image","twitter_misc":{"Escrito por":"Staff","Tiempo de lectura":"1 minuto"},"schema":{"@context":"https:\/\/schema.org","@graph":[{"@type":"Article","@id":"https:\/\/www.bbmnoticias.com\/devela-cadh-mural-de-las-personas-defensoras-por-la-inclusion-en-la-uabjo\/#article","isPartOf":{"@id":"https:\/\/www.bbmnoticias.com\/labravaradiofm\/2025\/12\/08\/devela-cadh-mural-de-las-personas-defensoras-por-la-inclusion-en-la-uabjo\/"},"author":{"name":"Staff","@id":"https:\/\/www.bbmnoticias.com\/labravaradiofm\/#\/schema\/person\/68a9e9036ef3c5b55aeb2b71dc8bab45"},"headline":"Devela CADH Mural de las Personas Defensoras por la Inclusi\u00f3n en la UABJO","datePublished":"2025-12-09T00:09:56+00:00","dateModified":"2025-12-09T00:09:59+00:00","mainEntityOfPage":{"@id":"https:\/\/www.bbmnoticias.com\/labravaradiofm\/2025\/12\/08\/devela-cadh-mural-de-las-personas-defensoras-por-la-inclusion-en-la-uabjo\/"},"wordCount":235,"image":{"@id":"https:\/\/www.bbmnoticias.com\/devela-cadh-mural-de-las-personas-defensoras-por-la-inclusion-en-la-uabjo\/#primaryimage"},"thumbnailUrl":"https:\/\/www.bbmnoticias.com\/labravaradiofm\/wp-content\/uploads\/sites\/5\/2025\/12\/Devela-CADH-Mural-de-las-Personas-Defensoras-por-la-Inclusion-en-la-UABJO-2.jpeg","articleSection":["LOCAL"],"inLanguage":"es"},{"@type":"WebPage","@id":"https:\/\/www.bbmnoticias.com\/labravaradiofm\/2025\/12\/08\/devela-cadh-mural-de-las-personas-defensoras-por-la-inclusion-en-la-uabjo\/","url":"https:\/\/www.bbmnoticias.com\/devela-cadh-mural-de-las-personas-defensoras-por-la-inclusion-en-la-uabjo\/","name":"Devela CADH Mural de las Personas Defensoras por la Inclusi\u00f3n en la UABJO - LA BRAVA RADIO","isPartOf":{"@id":"https:\/\/www.bbmnoticias.com\/labravaradiofm\/#website"},"primaryImageOfPage":{"@id":"https:\/\/www.bbmnoticias.com\/devela-cadh-mural-de-las-personas-defensoras-por-la-inclusion-en-la-uabjo\/#primaryimage"},"image":{"@id":"https:\/\/www.bbmnoticias.com\/devela-cadh-mural-de-las-personas-defensoras-por-la-inclusion-en-la-uabjo\/#primaryimage"},"thumbnailUrl":"https:\/\/www.bbmnoticias.com\/labravaradiofm\/wp-content\/uploads\/sites\/5\/2025\/12\/Devela-CADH-Mural-de-las-Personas-Defensoras-por-la-Inclusion-en-la-UABJO-2.jpeg","datePublished":"2025-12-09T00:09:56+00:00","dateModified":"2025-12-09T00:09:59+00:00","author":{"@id":"https:\/\/www.bbmnoticias.com\/labravaradiofm\/#\/schema\/person\/68a9e9036ef3c5b55aeb2b71dc8bab45"},"breadcrumb":{"@id":"https:\/\/www.bbmnoticias.com\/devela-cadh-mural-de-las-personas-defensoras-por-la-inclusion-en-la-uabjo\/#breadcrumb"},"inLanguage":"es","potentialAction":[{"@type":"ReadAction","target":["https:\/\/www.bbmnoticias.com\/devela-cadh-mural-de-las-personas-defensoras-por-la-inclusion-en-la-uabjo\/"]}]},{"@type":"ImageObject","inLanguage":"es","@id":"https:\/\/www.bbmnoticias.com\/devela-cadh-mural-de-las-personas-defensoras-por-la-inclusion-en-la-uabjo\/#primaryimage","url":"https:\/\/www.bbmnoticias.com\/labravaradiofm\/wp-content\/uploads\/sites\/5\/2025\/12\/Devela-CADH-Mural-de-las-Personas-Defensoras-por-la-Inclusion-en-la-UABJO-2.jpeg","contentUrl":"https:\/\/www.bbmnoticias.com\/labravaradiofm\/wp-content\/uploads\/sites\/5\/2025\/12\/Devela-CADH-Mural-de-las-Personas-Defensoras-por-la-Inclusion-en-la-UABJO-2.jpeg","width":1280,"height":854},{"@type":"BreadcrumbList","@id":"https:\/\/www.bbmnoticias.com\/devela-cadh-mural-de-las-personas-defensoras-por-la-inclusion-en-la-uabjo\/#breadcrumb","itemListElement":[{"@type":"ListItem","position":1,"name":"Inicio","item":"https:\/\/www.bbmnoticias.com\/labravaradiofm\/"},{"@type":"ListItem","position":2,"name":"Devela CADH Mural de las Personas Defensoras por la Inclusi\u00f3n en la UABJO"}]},{"@type":"WebSite","@id":"https:\/\/www.bbmnoticias.com\/labravaradiofm\/#website","url":"https:\/\/www.bbmnoticias.com\/labravaradiofm\/","name":"LA BRAVA RADIO","description":"Empresa productora de medios, Radiodifusi\u00f3n, Noticias, tendencias y todo lo que necesitas saber de la pol\u00edtica mexicana e internacional; entretenimiento, espect\u00e1culos, salud y mucho m\u00e1s.","potentialAction":[{"@type":"SearchAction","target":{"@type":"EntryPoint","urlTemplate":"https:\/\/www.bbmnoticias.com\/labravaradiofm\/?s={search_term_string}"},"query-input":{"@type":"PropertyValueSpecification","valueRequired":true,"valueName":"search_term_string"}}],"inLanguage":"es"},{"@type":"Person","@id":"https:\/\/www.bbmnoticias.com\/labravaradiofm\/#\/schema\/person\/68a9e9036ef3c5b55aeb2b71dc8bab45","name":"Staff","image":{"@type":"ImageObject","inLanguage":"es","@id":"https:\/\/secure.gravatar.com\/avatar\/fdd21ad66fd8b98c407f9dee5b5e588cfe7f0d8579ec20fa6527cd59bab7f0f0?s=96&d=mm&r=g","url":"https:\/\/secure.gravatar.com\/avatar\/fdd21ad66fd8b98c407f9dee5b5e588cfe7f0d8579ec20fa6527cd59bab7f0f0?s=96&d=mm&r=g","contentUrl":"https:\/\/secure.gravatar.com\/avatar\/fdd21ad66fd8b98c407f9dee5b5e588cfe7f0d8579ec20fa6527cd59bab7f0f0?s=96&d=mm&r=g","caption":"Staff"},"url":"https:\/\/www.bbmnoticias.com\/labravaradiofm\/author\/redaccion\/"}]}},"_links":{"self":[{"href":"https:\/\/www.bbmnoticias.com\/labravaradiofm\/wp-json\/wp\/v2\/posts\/70999","targetHints":{"allow":["GET"]}}],"collection":[{"href":"https:\/\/www.bbmnoticias.com\/labravaradiofm\/wp-json\/wp\/v2\/posts"}],"about":[{"href":"https:\/\/www.bbmnoticias.com\/labravaradiofm\/wp-json\/wp\/v2\/types\/post"}],"author":[{"embeddable":true,"href":"https:\/\/www.bbmnoticias.com\/labravaradiofm\/wp-json\/wp\/v2\/users\/2"}],"replies":[{"embeddable":true,"href":"https:\/\/www.bbmnoticias.com\/labravaradiofm\/wp-json\/wp\/v2\/comments?post=70999"}],"version-history":[{"count":0,"href":"https:\/\/www.bbmnoticias.com\/labravaradiofm\/wp-json\/wp\/v2\/posts\/70999\/revisions"}],"wp:featuredmedia":[{"embeddable":true,"href":"https:\/\/www.bbmnoticias.com\/labravaradiofm\/wp-json\/wp\/v2\/media\/71001"}],"wp:attachment":[{"href":"https:\/\/www.bbmnoticias.com\/labravaradiofm\/wp-json\/wp\/v2\/media?parent=70999"}],"wp:term":[{"taxonomy":"category","embeddable":true,"href":"https:\/\/www.bbmnoticias.com\/labravaradiofm\/wp-json\/wp\/v2\/categories?post=70999"},{"taxonomy":"post_tag","embeddable":true,"href":"https:\/\/www.bbmnoticias.com\/labravaradiofm\/wp-json\/wp\/v2\/tags?post=70999"}],"curies":[{"name":"wp","href":"https:\/\/api.w.org\/{rel}","templated":true}]}}