{"id":70975,"date":"2025-12-08T12:43:01","date_gmt":"2025-12-08T18:43:01","guid":{"rendered":"https:\/\/www.bbmnoticias.com\/labravaradiofm\/2025\/12\/08\/encuentro-de-titanes-sacristan-encarna-el-alma-del-gran-actor-fernan-gomez\/"},"modified":"2025-12-08T12:43:08","modified_gmt":"2025-12-08T18:43:08","slug":"encuentro-de-titanes-sacristan-encarna-el-alma-del-gran-actor-fernan-gomez","status":"publish","type":"post","link":"https:\/\/www.bbmnoticias.com\/labravaradiofm\/2025\/12\/08\/encuentro-de-titanes-sacristan-encarna-el-alma-del-gran-actor-fernan-gomez\/","title":{"rendered":"Encuentro de Titanes: Sacrist\u00e1n encarna\u00a0el alma del gran actor Fern\u00e1n-G\u00f3mez"},"content":{"rendered":"<div style=\"margin-top: 0px; margin-bottom: 0px;\" class=\"sharethis-inline-share-buttons\" ><\/div>\n<p><strong>M\u00e1laga, Espa\u00f1a &#8211; <\/strong>El Teatro Cervantes fue testigo de un acontecimiento cumbre de la escena espa\u00f1ola: el maestro de la actuaci\u00f3n, Jos\u00e9 Sacrist\u00e1n, se subi\u00f3 al escenario para dar vida al legado de otro pilar fundamental de la cultura espa\u00f1ola: Fernando Fern\u00e1n-G\u00f3mez. La obra, titulada &#8220;El hijo de la c\u00f3mica&#8221;, no es solo una representaci\u00f3n, sino un sentido y profundo homenaje que une a dos generaciones de genios.<\/p>\n\n\n\n<p>La obra que presenta en un mon\u00f3logo es un tributo al maestro Fernando Fern\u00e1n-G\u00f3mez. Con la frase \u201cHay que recordar, hay que recordar\u201d proyectada en una gran pantalla,daba inicio la historia que llevar\u00eda al p\u00fablico por una experiencia aut\u00e9ntica.<\/p>\n\n\n\n<p>Atravesado por la sombra de un personaje&nbsp; que avanza con su equipaje al ritmo del&nbsp; tango \u201cCaminito\u201d da inicia la puesta en escena se basa en &#8220;El Tiempo Amarillo&#8221;, la primera parte de las memorias de Fern\u00e1n-G\u00f3mez.&nbsp;<\/p>\n\n\n\n<p>Sacrist\u00e1n se desdobla con maestr\u00eda para encarnar la infancia, la juventud y el complejo entorno familiar del autor, director y actor, cuyo ingenio y car\u00e1cter dejaron una huella imborrable en el cine&nbsp; y el teatro espa\u00f1ol del siglo XX.<\/p>\n\n\n\n<p>El gui\u00f3n transporta al p\u00fablico a la vida de Fern\u00e1n-G\u00f3mez, criado en gran parte por su abuela, mientras su madre, la c\u00f3mica, recorr\u00eda los escenarios. Sacrist\u00e1n, con una econom\u00eda de gestos y una voz camale\u00f3nica, no solo interpreta a Fern\u00e1n-G\u00f3mez, sino tambi\u00e9n a la abuela y a la c\u00f3mica, demostrando porqu\u00e9 es considerado una leyenda de las artes esc\u00e9nicas viva.<\/p>\n\n\n\n<p>El montaje es sencillo. El p\u00fablico vive una lecci\u00f3n de Interpretaci\u00f3n minimalista.<\/p>\n\n\n\n<p>Lo que eleva a esta producci\u00f3n a la categor\u00eda de obra magistral es su escenograf\u00eda deliberadamente austera. La puesta en escena se apoya \u00fanicamente en la inmensa capacidad de Sacrist\u00e1n y objetos simb\u00f3licos. Sacrist\u00e1n, concentrado, interact\u00faa con una silla en el escenario, que simula ser un personaje. Una simple silla se transforma, en sus manos, en un personaje completo, permitiendo que la palabra y el cuerpo del actor sean los verdaderos protagonistas.<\/p>\n\n\n\n<p>La narrativa se enriquece con el uso de im\u00e1genes de archivo proyectadas, que muestran al propio Fern\u00e1n-G\u00f3mez desde su ni\u00f1ez hasta su madurez, as\u00ed como instant\u00e1neas de su madre c\u00f3mica en sus d\u00edas de gloria. Estos destellos visuales contextualizan la \u00e9poca y dan un rostro a los recuerdos que Sacrist\u00e1n narra.<\/p>\n\n\n\n<p>Collage de fotograf\u00edas, mostrando a una mujer joven y sonriente (la c\u00f3mica) junto a fotos de un ni\u00f1o creciendo hasta ser un joven adulto, representando a Fern\u00e1n-G\u00f3mez.&nbsp;<\/p>\n\n\n\n<p>Imperdonable&nbsp; y falta de respeto son los m\u00f3viles<\/p>\n\n\n\n<p>La profunda inmersi\u00f3n lograda por Sacrist\u00e1n se vio interrumpida anoche por la falta de civismo de algunos asistentes. En dos ocasiones, el actor detuvo la representaci\u00f3n con un gesto molesto y un silencio cortante, provocado por el sonido de dos tel\u00e9fonos m\u00f3viles.<\/p>\n\n\n\n<p>Este par\u00f3n sirvi\u00f3, no obstante, como un poderoso recordatorio de la fragilidad del acto teatral y la necesidad de un respeto absoluto por el arte que se est\u00e1 presenciando. Tras la pausa, Sacrist\u00e1n reanud\u00f3 la funci\u00f3n con el mismo rigor, reafirmando el triunfo del arte sobre la distracci\u00f3n.<\/p>\n\n\n\n<p>Al finalizar la funci\u00f3n, el p\u00fablico del Cervantes se puso en pie y el teatro estall\u00f3 en una gran ovaci\u00f3n que dur\u00f3 varios minutos. Sacrist\u00e1n sali\u00f3 varias veces a saludar, visiblemente emocionado por la respuesta. Al micr\u00f3fono, el maestro agradeci\u00f3 al p\u00fablico con sencillez y efusividad: &#8220;Gracias M\u00e1laga por su cari\u00f1o. Fue una noche especial&#8221;.<\/p>\n\n\n\n<p>El p\u00fablico abandon\u00f3 el recinto con una sonrisa, comentando tanto la brillantez de la interpretaci\u00f3n de Sacrist\u00e1n como el incidente de los m\u00f3viles, que solo sirvi\u00f3 para acentuar la pasi\u00f3n y el compromiso del actor con su arte.<\/p>\n\n\n\n<p>Pr\u00f3xima Parada para el &#8220;El hijo de la c\u00f3mica&#8221; contin\u00faa su periplo por la geograf\u00eda espa\u00f1ola. Si bien los detalles espec\u00edficos de las fechas est\u00e1n en constante actualizaci\u00f3n a trav\u00e9s de los circuitos de teatro, la obra forma parte de las programaciones en diversas ciudades espa\u00f1olas, siendo un evento ineludible para los amantes del teatro de alta calidad.<\/p>\n","protected":false},"excerpt":{"rendered":"<p>M\u00e1laga, Espa\u00f1a &#8211; El Teatro Cervantes fue testigo de un acontecimiento cumbre de la escena espa\u00f1ola: el maestro de la actuaci\u00f3n, Jos\u00e9 Sacrist\u00e1n, se subi\u00f3 al escenario para dar vida al legado de otro pilar fundamental de la cultura espa\u00f1ola: Fernando Fern\u00e1n-G\u00f3mez. La obra, titulada &#8220;El hijo de la c\u00f3mica&#8221;, no es solo una representaci\u00f3n, [&hellip;]<\/p>\n","protected":false},"author":6,"featured_media":70977,"comment_status":"closed","ping_status":"","sticky":false,"template":"","format":"standard","meta":{"footnotes":""},"categories":[949,2],"tags":[],"class_list":{"0":"post-70975","1":"post","2":"type-post","3":"status-publish","4":"format-standard","5":"has-post-thumbnail","7":"category-espectaculos","8":"category-oaxaca"},"yoast_head":"<!-- This site is optimized with the Yoast SEO plugin v27.4 - https:\/\/yoast.com\/product\/yoast-seo-wordpress\/ -->\n<title>Encuentro de Titanes: Sacrist\u00e1n encarna\u00a0el alma del gran actor Fern\u00e1n-G\u00f3mez - LA BRAVA RADIO<\/title>\n<meta name=\"robots\" content=\"index, follow, max-snippet:-1, max-image-preview:large, max-video-preview:-1\" \/>\n<link rel=\"canonical\" href=\"https:\/\/www.bbmnoticias.com\/encuentro-de-titanes-sacristan-encarna-el-alma-del-gran-actor-fernan-gomez\/\" \/>\n<meta property=\"og:locale\" content=\"es_MX\" \/>\n<meta property=\"og:type\" content=\"article\" \/>\n<meta property=\"og:title\" content=\"Encuentro de Titanes: Sacrist\u00e1n encarna\u00a0el alma del gran actor Fern\u00e1n-G\u00f3mez - LA BRAVA RADIO\" \/>\n<meta property=\"og:description\" content=\"M\u00e1laga, Espa\u00f1a &#8211; El Teatro Cervantes fue testigo de un acontecimiento cumbre de la escena espa\u00f1ola: el maestro de la actuaci\u00f3n, Jos\u00e9 Sacrist\u00e1n, se subi\u00f3 al escenario para dar vida al legado de otro pilar fundamental de la cultura espa\u00f1ola: Fernando Fern\u00e1n-G\u00f3mez. La obra, titulada &#8220;El hijo de la c\u00f3mica&#8221;, no es solo una representaci\u00f3n, [&hellip;]\" \/>\n<meta property=\"og:url\" content=\"https:\/\/www.bbmnoticias.com\/encuentro-de-titanes-sacristan-encarna-el-alma-del-gran-actor-fernan-gomez\/\" \/>\n<meta property=\"og:site_name\" content=\"LA BRAVA RADIO\" \/>\n<meta property=\"article:published_time\" content=\"2025-12-08T18:43:01+00:00\" \/>\n<meta property=\"article:modified_time\" content=\"2025-12-08T18:43:08+00:00\" \/>\n<meta property=\"og:image\" content=\"https:\/\/www.bbmnoticias.com\/labravaradiofm\/wp-content\/uploads\/sites\/5\/2025\/12\/encuentro_titanes.jpg\" \/>\n\t<meta property=\"og:image:width\" content=\"800\" \/>\n\t<meta property=\"og:image:height\" content=\"450\" \/>\n\t<meta property=\"og:image:type\" content=\"image\/jpeg\" \/>\n<meta name=\"author\" content=\"Mar\u00eda Esther Beltr\u00e1n Mart\u00ednez\" \/>\n<meta name=\"twitter:card\" content=\"summary_large_image\" \/>\n<meta name=\"twitter:label1\" content=\"Escrito por\" \/>\n\t<meta name=\"twitter:data1\" content=\"Mar\u00eda Esther Beltr\u00e1n Mart\u00ednez\" \/>\n\t<meta name=\"twitter:label2\" content=\"Tiempo de lectura\" \/>\n\t<meta name=\"twitter:data2\" content=\"4 minutos\" \/>\n<script type=\"application\/ld+json\" class=\"yoast-schema-graph\">{\"@context\":\"https:\\\/\\\/schema.org\",\"@graph\":[{\"@type\":\"Article\",\"@id\":\"https:\\\/\\\/www.bbmnoticias.com\\\/encuentro-de-titanes-sacristan-encarna-el-alma-del-gran-actor-fernan-gomez\\\/#article\",\"isPartOf\":{\"@id\":\"https:\\\/\\\/www.bbmnoticias.com\\\/labravaradiofm\\\/2025\\\/12\\\/08\\\/encuentro-de-titanes-sacristan-encarna-el-alma-del-gran-actor-fernan-gomez\\\/\"},\"author\":{\"name\":\"Mar\u00eda Esther Beltr\u00e1n Mart\u00ednez\",\"@id\":\"https:\\\/\\\/www.bbmnoticias.com\\\/labravaradiofm\\\/#\\\/schema\\\/person\\\/ff037dabcc375d1b25289b6fd3902bd6\"},\"headline\":\"Encuentro de Titanes: Sacrist\u00e1n encarna\u00a0el alma del gran actor Fern\u00e1n-G\u00f3mez\",\"datePublished\":\"2025-12-08T18:43:01+00:00\",\"dateModified\":\"2025-12-08T18:43:08+00:00\",\"mainEntityOfPage\":{\"@id\":\"https:\\\/\\\/www.bbmnoticias.com\\\/labravaradiofm\\\/2025\\\/12\\\/08\\\/encuentro-de-titanes-sacristan-encarna-el-alma-del-gran-actor-fernan-gomez\\\/\"},\"wordCount\":767,\"image\":{\"@id\":\"https:\\\/\\\/www.bbmnoticias.com\\\/encuentro-de-titanes-sacristan-encarna-el-alma-del-gran-actor-fernan-gomez\\\/#primaryimage\"},\"thumbnailUrl\":\"https:\\\/\\\/www.bbmnoticias.com\\\/labravaradiofm\\\/wp-content\\\/uploads\\\/sites\\\/5\\\/2025\\\/12\\\/encuentro_titanes.jpg\",\"articleSection\":[\"ESPECT\u00c1CULOS\",\"LOCAL\"],\"inLanguage\":\"es\"},{\"@type\":\"WebPage\",\"@id\":\"https:\\\/\\\/www.bbmnoticias.com\\\/labravaradiofm\\\/2025\\\/12\\\/08\\\/encuentro-de-titanes-sacristan-encarna-el-alma-del-gran-actor-fernan-gomez\\\/\",\"url\":\"https:\\\/\\\/www.bbmnoticias.com\\\/encuentro-de-titanes-sacristan-encarna-el-alma-del-gran-actor-fernan-gomez\\\/\",\"name\":\"Encuentro de Titanes: Sacrist\u00e1n encarna\u00a0el alma del gran actor Fern\u00e1n-G\u00f3mez - LA BRAVA RADIO\",\"isPartOf\":{\"@id\":\"https:\\\/\\\/www.bbmnoticias.com\\\/labravaradiofm\\\/#website\"},\"primaryImageOfPage\":{\"@id\":\"https:\\\/\\\/www.bbmnoticias.com\\\/encuentro-de-titanes-sacristan-encarna-el-alma-del-gran-actor-fernan-gomez\\\/#primaryimage\"},\"image\":{\"@id\":\"https:\\\/\\\/www.bbmnoticias.com\\\/encuentro-de-titanes-sacristan-encarna-el-alma-del-gran-actor-fernan-gomez\\\/#primaryimage\"},\"thumbnailUrl\":\"https:\\\/\\\/www.bbmnoticias.com\\\/labravaradiofm\\\/wp-content\\\/uploads\\\/sites\\\/5\\\/2025\\\/12\\\/encuentro_titanes.jpg\",\"datePublished\":\"2025-12-08T18:43:01+00:00\",\"dateModified\":\"2025-12-08T18:43:08+00:00\",\"author\":{\"@id\":\"https:\\\/\\\/www.bbmnoticias.com\\\/labravaradiofm\\\/#\\\/schema\\\/person\\\/ff037dabcc375d1b25289b6fd3902bd6\"},\"breadcrumb\":{\"@id\":\"https:\\\/\\\/www.bbmnoticias.com\\\/encuentro-de-titanes-sacristan-encarna-el-alma-del-gran-actor-fernan-gomez\\\/#breadcrumb\"},\"inLanguage\":\"es\",\"potentialAction\":[{\"@type\":\"ReadAction\",\"target\":[\"https:\\\/\\\/www.bbmnoticias.com\\\/encuentro-de-titanes-sacristan-encarna-el-alma-del-gran-actor-fernan-gomez\\\/\"]}]},{\"@type\":\"ImageObject\",\"inLanguage\":\"es\",\"@id\":\"https:\\\/\\\/www.bbmnoticias.com\\\/encuentro-de-titanes-sacristan-encarna-el-alma-del-gran-actor-fernan-gomez\\\/#primaryimage\",\"url\":\"https:\\\/\\\/www.bbmnoticias.com\\\/labravaradiofm\\\/wp-content\\\/uploads\\\/sites\\\/5\\\/2025\\\/12\\\/encuentro_titanes.jpg\",\"contentUrl\":\"https:\\\/\\\/www.bbmnoticias.com\\\/labravaradiofm\\\/wp-content\\\/uploads\\\/sites\\\/5\\\/2025\\\/12\\\/encuentro_titanes.jpg\",\"width\":800,\"height\":450},{\"@type\":\"BreadcrumbList\",\"@id\":\"https:\\\/\\\/www.bbmnoticias.com\\\/encuentro-de-titanes-sacristan-encarna-el-alma-del-gran-actor-fernan-gomez\\\/#breadcrumb\",\"itemListElement\":[{\"@type\":\"ListItem\",\"position\":1,\"name\":\"Inicio\",\"item\":\"https:\\\/\\\/www.bbmnoticias.com\\\/labravaradiofm\\\/\"},{\"@type\":\"ListItem\",\"position\":2,\"name\":\"Encuentro de Titanes: Sacrist\u00e1n encarna\u00a0el alma del gran actor Fern\u00e1n-G\u00f3mez\"}]},{\"@type\":\"WebSite\",\"@id\":\"https:\\\/\\\/www.bbmnoticias.com\\\/labravaradiofm\\\/#website\",\"url\":\"https:\\\/\\\/www.bbmnoticias.com\\\/labravaradiofm\\\/\",\"name\":\"LA BRAVA RADIO\",\"description\":\"Empresa productora de medios, Radiodifusi\u00f3n, Noticias, tendencias y todo lo que necesitas saber de la pol\u00edtica mexicana e internacional; entretenimiento, espect\u00e1culos, salud y mucho m\u00e1s.\",\"potentialAction\":[{\"@type\":\"SearchAction\",\"target\":{\"@type\":\"EntryPoint\",\"urlTemplate\":\"https:\\\/\\\/www.bbmnoticias.com\\\/labravaradiofm\\\/?s={search_term_string}\"},\"query-input\":{\"@type\":\"PropertyValueSpecification\",\"valueRequired\":true,\"valueName\":\"search_term_string\"}}],\"inLanguage\":\"es\"},{\"@type\":\"Person\",\"@id\":\"https:\\\/\\\/www.bbmnoticias.com\\\/labravaradiofm\\\/#\\\/schema\\\/person\\\/ff037dabcc375d1b25289b6fd3902bd6\",\"name\":\"Mar\u00eda Esther Beltr\u00e1n Mart\u00ednez\",\"image\":{\"@type\":\"ImageObject\",\"inLanguage\":\"es\",\"@id\":\"https:\\\/\\\/secure.gravatar.com\\\/avatar\\\/50efe5915c3eac137dcc550ff1c590bc6054705eb482a33520c9501c8eec550f?s=96&d=mm&r=g\",\"url\":\"https:\\\/\\\/secure.gravatar.com\\\/avatar\\\/50efe5915c3eac137dcc550ff1c590bc6054705eb482a33520c9501c8eec550f?s=96&d=mm&r=g\",\"contentUrl\":\"https:\\\/\\\/secure.gravatar.com\\\/avatar\\\/50efe5915c3eac137dcc550ff1c590bc6054705eb482a33520c9501c8eec550f?s=96&d=mm&r=g\",\"caption\":\"Mar\u00eda Esther Beltr\u00e1n Mart\u00ednez\"},\"url\":\"https:\\\/\\\/www.bbmnoticias.com\\\/labravaradiofm\\\/author\\\/maria\\\/\"}]}<\/script>\n<!-- \/ Yoast SEO plugin. -->","yoast_head_json":{"title":"Encuentro de Titanes: Sacrist\u00e1n encarna\u00a0el alma del gran actor Fern\u00e1n-G\u00f3mez - LA BRAVA RADIO","robots":{"index":"index","follow":"follow","max-snippet":"max-snippet:-1","max-image-preview":"max-image-preview:large","max-video-preview":"max-video-preview:-1"},"canonical":"https:\/\/www.bbmnoticias.com\/encuentro-de-titanes-sacristan-encarna-el-alma-del-gran-actor-fernan-gomez\/","og_locale":"es_MX","og_type":"article","og_title":"Encuentro de Titanes: Sacrist\u00e1n encarna\u00a0el alma del gran actor Fern\u00e1n-G\u00f3mez - LA BRAVA RADIO","og_description":"M\u00e1laga, Espa\u00f1a &#8211; El Teatro Cervantes fue testigo de un acontecimiento cumbre de la escena espa\u00f1ola: el maestro de la actuaci\u00f3n, Jos\u00e9 Sacrist\u00e1n, se subi\u00f3 al escenario para dar vida al legado de otro pilar fundamental de la cultura espa\u00f1ola: Fernando Fern\u00e1n-G\u00f3mez. La obra, titulada &#8220;El hijo de la c\u00f3mica&#8221;, no es solo una representaci\u00f3n, [&hellip;]","og_url":"https:\/\/www.bbmnoticias.com\/encuentro-de-titanes-sacristan-encarna-el-alma-del-gran-actor-fernan-gomez\/","og_site_name":"LA BRAVA RADIO","article_published_time":"2025-12-08T18:43:01+00:00","article_modified_time":"2025-12-08T18:43:08+00:00","og_image":[{"width":800,"height":450,"url":"https:\/\/www.bbmnoticias.com\/labravaradiofm\/wp-content\/uploads\/sites\/5\/2025\/12\/encuentro_titanes.jpg","type":"image\/jpeg"}],"author":"Mar\u00eda Esther Beltr\u00e1n Mart\u00ednez","twitter_card":"summary_large_image","twitter_misc":{"Escrito por":"Mar\u00eda Esther Beltr\u00e1n Mart\u00ednez","Tiempo de lectura":"4 minutos"},"schema":{"@context":"https:\/\/schema.org","@graph":[{"@type":"Article","@id":"https:\/\/www.bbmnoticias.com\/encuentro-de-titanes-sacristan-encarna-el-alma-del-gran-actor-fernan-gomez\/#article","isPartOf":{"@id":"https:\/\/www.bbmnoticias.com\/labravaradiofm\/2025\/12\/08\/encuentro-de-titanes-sacristan-encarna-el-alma-del-gran-actor-fernan-gomez\/"},"author":{"name":"Mar\u00eda Esther Beltr\u00e1n Mart\u00ednez","@id":"https:\/\/www.bbmnoticias.com\/labravaradiofm\/#\/schema\/person\/ff037dabcc375d1b25289b6fd3902bd6"},"headline":"Encuentro de Titanes: Sacrist\u00e1n encarna\u00a0el alma del gran actor Fern\u00e1n-G\u00f3mez","datePublished":"2025-12-08T18:43:01+00:00","dateModified":"2025-12-08T18:43:08+00:00","mainEntityOfPage":{"@id":"https:\/\/www.bbmnoticias.com\/labravaradiofm\/2025\/12\/08\/encuentro-de-titanes-sacristan-encarna-el-alma-del-gran-actor-fernan-gomez\/"},"wordCount":767,"image":{"@id":"https:\/\/www.bbmnoticias.com\/encuentro-de-titanes-sacristan-encarna-el-alma-del-gran-actor-fernan-gomez\/#primaryimage"},"thumbnailUrl":"https:\/\/www.bbmnoticias.com\/labravaradiofm\/wp-content\/uploads\/sites\/5\/2025\/12\/encuentro_titanes.jpg","articleSection":["ESPECT\u00c1CULOS","LOCAL"],"inLanguage":"es"},{"@type":"WebPage","@id":"https:\/\/www.bbmnoticias.com\/labravaradiofm\/2025\/12\/08\/encuentro-de-titanes-sacristan-encarna-el-alma-del-gran-actor-fernan-gomez\/","url":"https:\/\/www.bbmnoticias.com\/encuentro-de-titanes-sacristan-encarna-el-alma-del-gran-actor-fernan-gomez\/","name":"Encuentro de Titanes: Sacrist\u00e1n encarna\u00a0el alma del gran actor Fern\u00e1n-G\u00f3mez - LA BRAVA RADIO","isPartOf":{"@id":"https:\/\/www.bbmnoticias.com\/labravaradiofm\/#website"},"primaryImageOfPage":{"@id":"https:\/\/www.bbmnoticias.com\/encuentro-de-titanes-sacristan-encarna-el-alma-del-gran-actor-fernan-gomez\/#primaryimage"},"image":{"@id":"https:\/\/www.bbmnoticias.com\/encuentro-de-titanes-sacristan-encarna-el-alma-del-gran-actor-fernan-gomez\/#primaryimage"},"thumbnailUrl":"https:\/\/www.bbmnoticias.com\/labravaradiofm\/wp-content\/uploads\/sites\/5\/2025\/12\/encuentro_titanes.jpg","datePublished":"2025-12-08T18:43:01+00:00","dateModified":"2025-12-08T18:43:08+00:00","author":{"@id":"https:\/\/www.bbmnoticias.com\/labravaradiofm\/#\/schema\/person\/ff037dabcc375d1b25289b6fd3902bd6"},"breadcrumb":{"@id":"https:\/\/www.bbmnoticias.com\/encuentro-de-titanes-sacristan-encarna-el-alma-del-gran-actor-fernan-gomez\/#breadcrumb"},"inLanguage":"es","potentialAction":[{"@type":"ReadAction","target":["https:\/\/www.bbmnoticias.com\/encuentro-de-titanes-sacristan-encarna-el-alma-del-gran-actor-fernan-gomez\/"]}]},{"@type":"ImageObject","inLanguage":"es","@id":"https:\/\/www.bbmnoticias.com\/encuentro-de-titanes-sacristan-encarna-el-alma-del-gran-actor-fernan-gomez\/#primaryimage","url":"https:\/\/www.bbmnoticias.com\/labravaradiofm\/wp-content\/uploads\/sites\/5\/2025\/12\/encuentro_titanes.jpg","contentUrl":"https:\/\/www.bbmnoticias.com\/labravaradiofm\/wp-content\/uploads\/sites\/5\/2025\/12\/encuentro_titanes.jpg","width":800,"height":450},{"@type":"BreadcrumbList","@id":"https:\/\/www.bbmnoticias.com\/encuentro-de-titanes-sacristan-encarna-el-alma-del-gran-actor-fernan-gomez\/#breadcrumb","itemListElement":[{"@type":"ListItem","position":1,"name":"Inicio","item":"https:\/\/www.bbmnoticias.com\/labravaradiofm\/"},{"@type":"ListItem","position":2,"name":"Encuentro de Titanes: Sacrist\u00e1n encarna\u00a0el alma del gran actor Fern\u00e1n-G\u00f3mez"}]},{"@type":"WebSite","@id":"https:\/\/www.bbmnoticias.com\/labravaradiofm\/#website","url":"https:\/\/www.bbmnoticias.com\/labravaradiofm\/","name":"LA BRAVA RADIO","description":"Empresa productora de medios, Radiodifusi\u00f3n, Noticias, tendencias y todo lo que necesitas saber de la pol\u00edtica mexicana e internacional; entretenimiento, espect\u00e1culos, salud y mucho m\u00e1s.","potentialAction":[{"@type":"SearchAction","target":{"@type":"EntryPoint","urlTemplate":"https:\/\/www.bbmnoticias.com\/labravaradiofm\/?s={search_term_string}"},"query-input":{"@type":"PropertyValueSpecification","valueRequired":true,"valueName":"search_term_string"}}],"inLanguage":"es"},{"@type":"Person","@id":"https:\/\/www.bbmnoticias.com\/labravaradiofm\/#\/schema\/person\/ff037dabcc375d1b25289b6fd3902bd6","name":"Mar\u00eda Esther Beltr\u00e1n Mart\u00ednez","image":{"@type":"ImageObject","inLanguage":"es","@id":"https:\/\/secure.gravatar.com\/avatar\/50efe5915c3eac137dcc550ff1c590bc6054705eb482a33520c9501c8eec550f?s=96&d=mm&r=g","url":"https:\/\/secure.gravatar.com\/avatar\/50efe5915c3eac137dcc550ff1c590bc6054705eb482a33520c9501c8eec550f?s=96&d=mm&r=g","contentUrl":"https:\/\/secure.gravatar.com\/avatar\/50efe5915c3eac137dcc550ff1c590bc6054705eb482a33520c9501c8eec550f?s=96&d=mm&r=g","caption":"Mar\u00eda Esther Beltr\u00e1n Mart\u00ednez"},"url":"https:\/\/www.bbmnoticias.com\/labravaradiofm\/author\/maria\/"}]}},"_links":{"self":[{"href":"https:\/\/www.bbmnoticias.com\/labravaradiofm\/wp-json\/wp\/v2\/posts\/70975","targetHints":{"allow":["GET"]}}],"collection":[{"href":"https:\/\/www.bbmnoticias.com\/labravaradiofm\/wp-json\/wp\/v2\/posts"}],"about":[{"href":"https:\/\/www.bbmnoticias.com\/labravaradiofm\/wp-json\/wp\/v2\/types\/post"}],"author":[{"embeddable":true,"href":"https:\/\/www.bbmnoticias.com\/labravaradiofm\/wp-json\/wp\/v2\/users\/6"}],"replies":[{"embeddable":true,"href":"https:\/\/www.bbmnoticias.com\/labravaradiofm\/wp-json\/wp\/v2\/comments?post=70975"}],"version-history":[{"count":0,"href":"https:\/\/www.bbmnoticias.com\/labravaradiofm\/wp-json\/wp\/v2\/posts\/70975\/revisions"}],"wp:featuredmedia":[{"embeddable":true,"href":"https:\/\/www.bbmnoticias.com\/labravaradiofm\/wp-json\/wp\/v2\/media\/70977"}],"wp:attachment":[{"href":"https:\/\/www.bbmnoticias.com\/labravaradiofm\/wp-json\/wp\/v2\/media?parent=70975"}],"wp:term":[{"taxonomy":"category","embeddable":true,"href":"https:\/\/www.bbmnoticias.com\/labravaradiofm\/wp-json\/wp\/v2\/categories?post=70975"},{"taxonomy":"post_tag","embeddable":true,"href":"https:\/\/www.bbmnoticias.com\/labravaradiofm\/wp-json\/wp\/v2\/tags?post=70975"}],"curies":[{"name":"wp","href":"https:\/\/api.w.org\/{rel}","templated":true}]}}