{"id":70972,"date":"2025-12-08T12:39:42","date_gmt":"2025-12-08T18:39:42","guid":{"rendered":"https:\/\/www.bbmnoticias.com\/labravaradiofm\/2025\/12\/08\/hasta-ahorita-no-hay-tercera-entrega-de-capos-sheinbaum\/"},"modified":"2025-12-08T12:39:48","modified_gmt":"2025-12-08T18:39:48","slug":"hasta-ahorita-no-hay-tercera-entrega-de-capos-sheinbaum","status":"publish","type":"post","link":"https:\/\/www.bbmnoticias.com\/labravaradiofm\/2025\/12\/08\/hasta-ahorita-no-hay-tercera-entrega-de-capos-sheinbaum\/","title":{"rendered":"\u201cHasta ahorita\u201d, no hay tercera entrega de capos: Sheinbaum"},"content":{"rendered":"<div style=\"margin-top: 0px; margin-bottom: 0px;\" class=\"sharethis-inline-share-buttons\" ><\/div>\n<p>La presidenta <strong>Claudia Sheinbaum Pardo<\/strong> manifest\u00f3 que, \u201chasta ahorita\u201d, no se contempla una <strong>tercera entrega de narcotraficantes<\/strong> a <strong>Estados Unidos<\/strong>. En la conferencia de prensa, explic\u00f3 que este tipo de determinaciones corresponden al Consejo de Seguridad.<\/p>\n\n\n\n<p>\u2014Y sobre esta informaci\u00f3n con <strong>Estados Unidos<\/strong>, se ha dado a conocer que M\u00e9xico va a entregar otro bloque de presuntos delincuentes a <strong>Estados Unidos<\/strong>. \u00bfEsto ya est\u00e1 confirmado? \u00bfEs as\u00ed? \u2014se le cuestion\u00f3.<\/p>\n\n\n\n<h2 class=\"wp-block-heading\">Gobierno de M\u00e9xico ha entregado a Estados Unidos m\u00e1s de 50 criminales<\/h2>\n\n\n\n<figure class=\"wp-block-image\"><img decoding=\"async\" src=\"https:\/\/heraldodemexico.com.mx\/u\/fotografias\/m\/2025\/12\/8\/f768x1-1219303_1219430_5050.png\" alt=\"\"\/><figcaption class=\"wp-element-caption\">No se descarta otra posible entrega | Freepik<\/figcaption><\/figure>\n\n\n\n<p>\u2014No, no. Lo que hay es que, cuando existe una petici\u00f3n de extradici\u00f3n y se detiene a una persona que, por ejemplo, no tiene orden de aprehensi\u00f3n aqu\u00ed, normalmente se deporta; eso es lo que ha ocurrido en este tiempo. Y si no, pues ya se realiza todo el proceso de extradici\u00f3n. Pero no, no se tiene contemplado en este momento, por parte del Consejo de Seguridad, alg\u00fan otro env\u00edo masivo\u2026 Hasta ahorita. Eso no quiere decir que no pueda ocurrir despu\u00e9s \u2014afirm\u00f3.<\/p>\n\n\n\n<p>En lo que va del a\u00f1o, el <strong>Gobierno de M\u00e9xico ha entregado<\/strong> a Estados Unidos m\u00e1s de <strong>50 criminales y narcotraficantes<\/strong>.<\/p>\n\n\n\n<h2 class=\"wp-block-heading\">FGR pedir\u00eda informaci\u00f3n sobre &#8220;El Mayo&#8221;&nbsp;<\/h2>\n\n\n\n<p>La <strong>presidenta Claudia Sheinbaum Pardo<\/strong> afirm\u00f3 que le corresponder\u00eda a la nueva <strong>fiscal general de la Rep\u00fablica<\/strong>, <strong>Ernestina Godoy<\/strong>, solicitar informar a Estados Unidos despu\u00e9s de que Joaqu\u00edn Guzm\u00e1n L\u00f3pez \u2014uno de los hijos del \u201cChapo Guzm\u00e1n\u2014 declar\u00f3 que secuestr\u00f3 a <strong>Ismael \u201cEl Mayo\u201d Zambada<\/strong> y que no estuvieron involucradas autoridades de ese pa\u00eds.<\/p>\n\n\n\n<p>En la conferencia de prensa, se\u00f1al\u00f3 que no se trat\u00f3 el tema de seguridad durante la reuni\u00f3n con su hom\u00f3logo <strong>estadounidense Donald Trump<\/strong>, este viernes.<\/p>\n\n\n\n<blockquote class=\"wp-block-quote is-layout-flow wp-block-quote-is-layout-flow\">\n<p>&#8220;Pues ahora le tocar\u00e1 a la nueva fiscal, y no, no hablamos de ese tema\u201d, acot\u00f3.<\/p>\n<\/blockquote>\n\n\n\n<p>La titular del Ejecutivo Federal dijo que con <strong>Donald Trump <\/strong>se dialog\u00f3 principalmente de comercio.<\/p>\n\n\n\n<p>\u201cHablamos de muchas cosas, y particularmente de comercio, de lo que tiene que ver con el <strong>T-MEC<\/strong> hacia adelante. Y ah\u00ed quedamos de seguir trabajando, y se nombraron, pues, responsables para seguir trabajando, distintas \u00e1reas del gobierno de Estados Unidos que participan, del gobierno de M\u00e9xico y del gobierno de Canad\u00e1. Pero no hablamos de este tema\u201d, afirm\u00f3.<\/p>\n","protected":false},"excerpt":{"rendered":"<p>La presidenta Claudia Sheinbaum Pardo manifest\u00f3 que, \u201chasta ahorita\u201d, no se contempla una tercera entrega de narcotraficantes a Estados Unidos. En la conferencia de prensa, explic\u00f3 que este tipo de determinaciones corresponden al Consejo de Seguridad. \u2014Y sobre esta informaci\u00f3n con Estados Unidos, se ha dado a conocer que M\u00e9xico va a entregar otro bloque [&hellip;]<\/p>\n","protected":false},"author":2,"featured_media":70974,"comment_status":"closed","ping_status":"","sticky":false,"template":"","format":"standard","meta":{"footnotes":""},"categories":[2,19],"tags":[],"class_list":{"0":"post-70972","1":"post","2":"type-post","3":"status-publish","4":"format-standard","5":"has-post-thumbnail","7":"category-oaxaca","8":"category-nacional"},"yoast_head":"<!-- This site is optimized with the Yoast SEO plugin v27.4 - https:\/\/yoast.com\/product\/yoast-seo-wordpress\/ -->\n<title>\u201cHasta ahorita\u201d, no hay tercera entrega de capos: Sheinbaum - LA BRAVA RADIO<\/title>\n<meta name=\"robots\" content=\"index, follow, max-snippet:-1, max-image-preview:large, max-video-preview:-1\" \/>\n<link rel=\"canonical\" href=\"https:\/\/www.bbmnoticias.com\/hasta-ahorita-no-hay-tercera-entrega-de-capos-sheinbaum\/\" \/>\n<meta property=\"og:locale\" content=\"es_MX\" \/>\n<meta property=\"og:type\" content=\"article\" \/>\n<meta property=\"og:title\" content=\"\u201cHasta ahorita\u201d, no hay tercera entrega de capos: Sheinbaum - LA BRAVA RADIO\" \/>\n<meta property=\"og:description\" content=\"La presidenta Claudia Sheinbaum Pardo manifest\u00f3 que, \u201chasta ahorita\u201d, no se contempla una tercera entrega de narcotraficantes a Estados Unidos. En la conferencia de prensa, explic\u00f3 que este tipo de determinaciones corresponden al Consejo de Seguridad. \u2014Y sobre esta informaci\u00f3n con Estados Unidos, se ha dado a conocer que M\u00e9xico va a entregar otro bloque [&hellip;]\" \/>\n<meta property=\"og:url\" content=\"https:\/\/www.bbmnoticias.com\/hasta-ahorita-no-hay-tercera-entrega-de-capos-sheinbaum\/\" \/>\n<meta property=\"og:site_name\" content=\"LA BRAVA RADIO\" \/>\n<meta property=\"article:published_time\" content=\"2025-12-08T18:39:42+00:00\" \/>\n<meta property=\"article:modified_time\" content=\"2025-12-08T18:39:48+00:00\" \/>\n<meta property=\"og:image\" content=\"https:\/\/www.bbmnoticias.com\/labravaradiofm\/wp-content\/uploads\/sites\/5\/2025\/12\/claudia_sheinbaum-2.jpg\" \/>\n\t<meta property=\"og:image:width\" content=\"848\" \/>\n\t<meta property=\"og:image:height\" content=\"477\" \/>\n\t<meta property=\"og:image:type\" content=\"image\/jpeg\" \/>\n<meta name=\"author\" content=\"Staff\" \/>\n<meta name=\"twitter:card\" content=\"summary_large_image\" \/>\n<meta name=\"twitter:label1\" content=\"Escrito por\" \/>\n\t<meta name=\"twitter:data1\" content=\"Staff\" \/>\n\t<meta name=\"twitter:label2\" content=\"Tiempo de lectura\" \/>\n\t<meta name=\"twitter:data2\" content=\"2 minutos\" \/>\n<script type=\"application\/ld+json\" class=\"yoast-schema-graph\">{\"@context\":\"https:\\\/\\\/schema.org\",\"@graph\":[{\"@type\":\"Article\",\"@id\":\"https:\\\/\\\/www.bbmnoticias.com\\\/hasta-ahorita-no-hay-tercera-entrega-de-capos-sheinbaum\\\/#article\",\"isPartOf\":{\"@id\":\"https:\\\/\\\/www.bbmnoticias.com\\\/labravaradiofm\\\/2025\\\/12\\\/08\\\/hasta-ahorita-no-hay-tercera-entrega-de-capos-sheinbaum\\\/\"},\"author\":{\"name\":\"Staff\",\"@id\":\"https:\\\/\\\/www.bbmnoticias.com\\\/labravaradiofm\\\/#\\\/schema\\\/person\\\/68a9e9036ef3c5b55aeb2b71dc8bab45\"},\"headline\":\"\u201cHasta ahorita\u201d, no hay tercera entrega de capos: Sheinbaum\",\"datePublished\":\"2025-12-08T18:39:42+00:00\",\"dateModified\":\"2025-12-08T18:39:48+00:00\",\"mainEntityOfPage\":{\"@id\":\"https:\\\/\\\/www.bbmnoticias.com\\\/labravaradiofm\\\/2025\\\/12\\\/08\\\/hasta-ahorita-no-hay-tercera-entrega-de-capos-sheinbaum\\\/\"},\"wordCount\":403,\"image\":{\"@id\":\"https:\\\/\\\/www.bbmnoticias.com\\\/hasta-ahorita-no-hay-tercera-entrega-de-capos-sheinbaum\\\/#primaryimage\"},\"thumbnailUrl\":\"https:\\\/\\\/www.bbmnoticias.com\\\/labravaradiofm\\\/wp-content\\\/uploads\\\/sites\\\/5\\\/2025\\\/12\\\/claudia_sheinbaum-2.jpg\",\"articleSection\":[\"LOCAL\",\"NACIONAL\"],\"inLanguage\":\"es\"},{\"@type\":\"WebPage\",\"@id\":\"https:\\\/\\\/www.bbmnoticias.com\\\/labravaradiofm\\\/2025\\\/12\\\/08\\\/hasta-ahorita-no-hay-tercera-entrega-de-capos-sheinbaum\\\/\",\"url\":\"https:\\\/\\\/www.bbmnoticias.com\\\/hasta-ahorita-no-hay-tercera-entrega-de-capos-sheinbaum\\\/\",\"name\":\"\u201cHasta ahorita\u201d, no hay tercera entrega de capos: Sheinbaum - LA BRAVA RADIO\",\"isPartOf\":{\"@id\":\"https:\\\/\\\/www.bbmnoticias.com\\\/labravaradiofm\\\/#website\"},\"primaryImageOfPage\":{\"@id\":\"https:\\\/\\\/www.bbmnoticias.com\\\/hasta-ahorita-no-hay-tercera-entrega-de-capos-sheinbaum\\\/#primaryimage\"},\"image\":{\"@id\":\"https:\\\/\\\/www.bbmnoticias.com\\\/hasta-ahorita-no-hay-tercera-entrega-de-capos-sheinbaum\\\/#primaryimage\"},\"thumbnailUrl\":\"https:\\\/\\\/www.bbmnoticias.com\\\/labravaradiofm\\\/wp-content\\\/uploads\\\/sites\\\/5\\\/2025\\\/12\\\/claudia_sheinbaum-2.jpg\",\"datePublished\":\"2025-12-08T18:39:42+00:00\",\"dateModified\":\"2025-12-08T18:39:48+00:00\",\"author\":{\"@id\":\"https:\\\/\\\/www.bbmnoticias.com\\\/labravaradiofm\\\/#\\\/schema\\\/person\\\/68a9e9036ef3c5b55aeb2b71dc8bab45\"},\"breadcrumb\":{\"@id\":\"https:\\\/\\\/www.bbmnoticias.com\\\/hasta-ahorita-no-hay-tercera-entrega-de-capos-sheinbaum\\\/#breadcrumb\"},\"inLanguage\":\"es\",\"potentialAction\":[{\"@type\":\"ReadAction\",\"target\":[\"https:\\\/\\\/www.bbmnoticias.com\\\/hasta-ahorita-no-hay-tercera-entrega-de-capos-sheinbaum\\\/\"]}]},{\"@type\":\"ImageObject\",\"inLanguage\":\"es\",\"@id\":\"https:\\\/\\\/www.bbmnoticias.com\\\/hasta-ahorita-no-hay-tercera-entrega-de-capos-sheinbaum\\\/#primaryimage\",\"url\":\"https:\\\/\\\/www.bbmnoticias.com\\\/labravaradiofm\\\/wp-content\\\/uploads\\\/sites\\\/5\\\/2025\\\/12\\\/claudia_sheinbaum-2.jpg\",\"contentUrl\":\"https:\\\/\\\/www.bbmnoticias.com\\\/labravaradiofm\\\/wp-content\\\/uploads\\\/sites\\\/5\\\/2025\\\/12\\\/claudia_sheinbaum-2.jpg\",\"width\":848,\"height\":477},{\"@type\":\"BreadcrumbList\",\"@id\":\"https:\\\/\\\/www.bbmnoticias.com\\\/hasta-ahorita-no-hay-tercera-entrega-de-capos-sheinbaum\\\/#breadcrumb\",\"itemListElement\":[{\"@type\":\"ListItem\",\"position\":1,\"name\":\"Inicio\",\"item\":\"https:\\\/\\\/www.bbmnoticias.com\\\/labravaradiofm\\\/\"},{\"@type\":\"ListItem\",\"position\":2,\"name\":\"\u201cHasta ahorita\u201d, no hay tercera entrega de capos: Sheinbaum\"}]},{\"@type\":\"WebSite\",\"@id\":\"https:\\\/\\\/www.bbmnoticias.com\\\/labravaradiofm\\\/#website\",\"url\":\"https:\\\/\\\/www.bbmnoticias.com\\\/labravaradiofm\\\/\",\"name\":\"LA BRAVA RADIO\",\"description\":\"Empresa productora de medios, Radiodifusi\u00f3n, Noticias, tendencias y todo lo que necesitas saber de la pol\u00edtica mexicana e internacional; entretenimiento, espect\u00e1culos, salud y mucho m\u00e1s.\",\"potentialAction\":[{\"@type\":\"SearchAction\",\"target\":{\"@type\":\"EntryPoint\",\"urlTemplate\":\"https:\\\/\\\/www.bbmnoticias.com\\\/labravaradiofm\\\/?s={search_term_string}\"},\"query-input\":{\"@type\":\"PropertyValueSpecification\",\"valueRequired\":true,\"valueName\":\"search_term_string\"}}],\"inLanguage\":\"es\"},{\"@type\":\"Person\",\"@id\":\"https:\\\/\\\/www.bbmnoticias.com\\\/labravaradiofm\\\/#\\\/schema\\\/person\\\/68a9e9036ef3c5b55aeb2b71dc8bab45\",\"name\":\"Staff\",\"image\":{\"@type\":\"ImageObject\",\"inLanguage\":\"es\",\"@id\":\"https:\\\/\\\/secure.gravatar.com\\\/avatar\\\/fdd21ad66fd8b98c407f9dee5b5e588cfe7f0d8579ec20fa6527cd59bab7f0f0?s=96&d=mm&r=g\",\"url\":\"https:\\\/\\\/secure.gravatar.com\\\/avatar\\\/fdd21ad66fd8b98c407f9dee5b5e588cfe7f0d8579ec20fa6527cd59bab7f0f0?s=96&d=mm&r=g\",\"contentUrl\":\"https:\\\/\\\/secure.gravatar.com\\\/avatar\\\/fdd21ad66fd8b98c407f9dee5b5e588cfe7f0d8579ec20fa6527cd59bab7f0f0?s=96&d=mm&r=g\",\"caption\":\"Staff\"},\"url\":\"https:\\\/\\\/www.bbmnoticias.com\\\/labravaradiofm\\\/author\\\/redaccion\\\/\"}]}<\/script>\n<!-- \/ Yoast SEO plugin. -->","yoast_head_json":{"title":"\u201cHasta ahorita\u201d, no hay tercera entrega de capos: Sheinbaum - LA BRAVA RADIO","robots":{"index":"index","follow":"follow","max-snippet":"max-snippet:-1","max-image-preview":"max-image-preview:large","max-video-preview":"max-video-preview:-1"},"canonical":"https:\/\/www.bbmnoticias.com\/hasta-ahorita-no-hay-tercera-entrega-de-capos-sheinbaum\/","og_locale":"es_MX","og_type":"article","og_title":"\u201cHasta ahorita\u201d, no hay tercera entrega de capos: Sheinbaum - LA BRAVA RADIO","og_description":"La presidenta Claudia Sheinbaum Pardo manifest\u00f3 que, \u201chasta ahorita\u201d, no se contempla una tercera entrega de narcotraficantes a Estados Unidos. En la conferencia de prensa, explic\u00f3 que este tipo de determinaciones corresponden al Consejo de Seguridad. \u2014Y sobre esta informaci\u00f3n con Estados Unidos, se ha dado a conocer que M\u00e9xico va a entregar otro bloque [&hellip;]","og_url":"https:\/\/www.bbmnoticias.com\/hasta-ahorita-no-hay-tercera-entrega-de-capos-sheinbaum\/","og_site_name":"LA BRAVA RADIO","article_published_time":"2025-12-08T18:39:42+00:00","article_modified_time":"2025-12-08T18:39:48+00:00","og_image":[{"width":848,"height":477,"url":"https:\/\/www.bbmnoticias.com\/labravaradiofm\/wp-content\/uploads\/sites\/5\/2025\/12\/claudia_sheinbaum-2.jpg","type":"image\/jpeg"}],"author":"Staff","twitter_card":"summary_large_image","twitter_misc":{"Escrito por":"Staff","Tiempo de lectura":"2 minutos"},"schema":{"@context":"https:\/\/schema.org","@graph":[{"@type":"Article","@id":"https:\/\/www.bbmnoticias.com\/hasta-ahorita-no-hay-tercera-entrega-de-capos-sheinbaum\/#article","isPartOf":{"@id":"https:\/\/www.bbmnoticias.com\/labravaradiofm\/2025\/12\/08\/hasta-ahorita-no-hay-tercera-entrega-de-capos-sheinbaum\/"},"author":{"name":"Staff","@id":"https:\/\/www.bbmnoticias.com\/labravaradiofm\/#\/schema\/person\/68a9e9036ef3c5b55aeb2b71dc8bab45"},"headline":"\u201cHasta ahorita\u201d, no hay tercera entrega de capos: Sheinbaum","datePublished":"2025-12-08T18:39:42+00:00","dateModified":"2025-12-08T18:39:48+00:00","mainEntityOfPage":{"@id":"https:\/\/www.bbmnoticias.com\/labravaradiofm\/2025\/12\/08\/hasta-ahorita-no-hay-tercera-entrega-de-capos-sheinbaum\/"},"wordCount":403,"image":{"@id":"https:\/\/www.bbmnoticias.com\/hasta-ahorita-no-hay-tercera-entrega-de-capos-sheinbaum\/#primaryimage"},"thumbnailUrl":"https:\/\/www.bbmnoticias.com\/labravaradiofm\/wp-content\/uploads\/sites\/5\/2025\/12\/claudia_sheinbaum-2.jpg","articleSection":["LOCAL","NACIONAL"],"inLanguage":"es"},{"@type":"WebPage","@id":"https:\/\/www.bbmnoticias.com\/labravaradiofm\/2025\/12\/08\/hasta-ahorita-no-hay-tercera-entrega-de-capos-sheinbaum\/","url":"https:\/\/www.bbmnoticias.com\/hasta-ahorita-no-hay-tercera-entrega-de-capos-sheinbaum\/","name":"\u201cHasta ahorita\u201d, no hay tercera entrega de capos: Sheinbaum - LA BRAVA RADIO","isPartOf":{"@id":"https:\/\/www.bbmnoticias.com\/labravaradiofm\/#website"},"primaryImageOfPage":{"@id":"https:\/\/www.bbmnoticias.com\/hasta-ahorita-no-hay-tercera-entrega-de-capos-sheinbaum\/#primaryimage"},"image":{"@id":"https:\/\/www.bbmnoticias.com\/hasta-ahorita-no-hay-tercera-entrega-de-capos-sheinbaum\/#primaryimage"},"thumbnailUrl":"https:\/\/www.bbmnoticias.com\/labravaradiofm\/wp-content\/uploads\/sites\/5\/2025\/12\/claudia_sheinbaum-2.jpg","datePublished":"2025-12-08T18:39:42+00:00","dateModified":"2025-12-08T18:39:48+00:00","author":{"@id":"https:\/\/www.bbmnoticias.com\/labravaradiofm\/#\/schema\/person\/68a9e9036ef3c5b55aeb2b71dc8bab45"},"breadcrumb":{"@id":"https:\/\/www.bbmnoticias.com\/hasta-ahorita-no-hay-tercera-entrega-de-capos-sheinbaum\/#breadcrumb"},"inLanguage":"es","potentialAction":[{"@type":"ReadAction","target":["https:\/\/www.bbmnoticias.com\/hasta-ahorita-no-hay-tercera-entrega-de-capos-sheinbaum\/"]}]},{"@type":"ImageObject","inLanguage":"es","@id":"https:\/\/www.bbmnoticias.com\/hasta-ahorita-no-hay-tercera-entrega-de-capos-sheinbaum\/#primaryimage","url":"https:\/\/www.bbmnoticias.com\/labravaradiofm\/wp-content\/uploads\/sites\/5\/2025\/12\/claudia_sheinbaum-2.jpg","contentUrl":"https:\/\/www.bbmnoticias.com\/labravaradiofm\/wp-content\/uploads\/sites\/5\/2025\/12\/claudia_sheinbaum-2.jpg","width":848,"height":477},{"@type":"BreadcrumbList","@id":"https:\/\/www.bbmnoticias.com\/hasta-ahorita-no-hay-tercera-entrega-de-capos-sheinbaum\/#breadcrumb","itemListElement":[{"@type":"ListItem","position":1,"name":"Inicio","item":"https:\/\/www.bbmnoticias.com\/labravaradiofm\/"},{"@type":"ListItem","position":2,"name":"\u201cHasta ahorita\u201d, no hay tercera entrega de capos: Sheinbaum"}]},{"@type":"WebSite","@id":"https:\/\/www.bbmnoticias.com\/labravaradiofm\/#website","url":"https:\/\/www.bbmnoticias.com\/labravaradiofm\/","name":"LA BRAVA RADIO","description":"Empresa productora de medios, Radiodifusi\u00f3n, Noticias, tendencias y todo lo que necesitas saber de la pol\u00edtica mexicana e internacional; entretenimiento, espect\u00e1culos, salud y mucho m\u00e1s.","potentialAction":[{"@type":"SearchAction","target":{"@type":"EntryPoint","urlTemplate":"https:\/\/www.bbmnoticias.com\/labravaradiofm\/?s={search_term_string}"},"query-input":{"@type":"PropertyValueSpecification","valueRequired":true,"valueName":"search_term_string"}}],"inLanguage":"es"},{"@type":"Person","@id":"https:\/\/www.bbmnoticias.com\/labravaradiofm\/#\/schema\/person\/68a9e9036ef3c5b55aeb2b71dc8bab45","name":"Staff","image":{"@type":"ImageObject","inLanguage":"es","@id":"https:\/\/secure.gravatar.com\/avatar\/fdd21ad66fd8b98c407f9dee5b5e588cfe7f0d8579ec20fa6527cd59bab7f0f0?s=96&d=mm&r=g","url":"https:\/\/secure.gravatar.com\/avatar\/fdd21ad66fd8b98c407f9dee5b5e588cfe7f0d8579ec20fa6527cd59bab7f0f0?s=96&d=mm&r=g","contentUrl":"https:\/\/secure.gravatar.com\/avatar\/fdd21ad66fd8b98c407f9dee5b5e588cfe7f0d8579ec20fa6527cd59bab7f0f0?s=96&d=mm&r=g","caption":"Staff"},"url":"https:\/\/www.bbmnoticias.com\/labravaradiofm\/author\/redaccion\/"}]}},"_links":{"self":[{"href":"https:\/\/www.bbmnoticias.com\/labravaradiofm\/wp-json\/wp\/v2\/posts\/70972","targetHints":{"allow":["GET"]}}],"collection":[{"href":"https:\/\/www.bbmnoticias.com\/labravaradiofm\/wp-json\/wp\/v2\/posts"}],"about":[{"href":"https:\/\/www.bbmnoticias.com\/labravaradiofm\/wp-json\/wp\/v2\/types\/post"}],"author":[{"embeddable":true,"href":"https:\/\/www.bbmnoticias.com\/labravaradiofm\/wp-json\/wp\/v2\/users\/2"}],"replies":[{"embeddable":true,"href":"https:\/\/www.bbmnoticias.com\/labravaradiofm\/wp-json\/wp\/v2\/comments?post=70972"}],"version-history":[{"count":0,"href":"https:\/\/www.bbmnoticias.com\/labravaradiofm\/wp-json\/wp\/v2\/posts\/70972\/revisions"}],"wp:featuredmedia":[{"embeddable":true,"href":"https:\/\/www.bbmnoticias.com\/labravaradiofm\/wp-json\/wp\/v2\/media\/70974"}],"wp:attachment":[{"href":"https:\/\/www.bbmnoticias.com\/labravaradiofm\/wp-json\/wp\/v2\/media?parent=70972"}],"wp:term":[{"taxonomy":"category","embeddable":true,"href":"https:\/\/www.bbmnoticias.com\/labravaradiofm\/wp-json\/wp\/v2\/categories?post=70972"},{"taxonomy":"post_tag","embeddable":true,"href":"https:\/\/www.bbmnoticias.com\/labravaradiofm\/wp-json\/wp\/v2\/tags?post=70972"}],"curies":[{"name":"wp","href":"https:\/\/api.w.org\/{rel}","templated":true}]}}