{"id":70966,"date":"2025-12-08T11:06:46","date_gmt":"2025-12-08T17:06:46","guid":{"rendered":"https:\/\/www.bbmnoticias.com\/labravaradiofm\/2025\/12\/08\/fgr-dara-detalles-del-coche-bomba-en-michoacan-dice-sheinbaum\/"},"modified":"2025-12-08T11:06:49","modified_gmt":"2025-12-08T17:06:49","slug":"fgr-dara-detalles-del-coche-bomba-en-michoacan-dice-sheinbaum","status":"publish","type":"post","link":"https:\/\/www.bbmnoticias.com\/labravaradiofm\/2025\/12\/08\/fgr-dara-detalles-del-coche-bomba-en-michoacan-dice-sheinbaum\/","title":{"rendered":"FGR dar\u00e1 detalles del coche bomba en Michoac\u00e1n, dice Sheinbaum"},"content":{"rendered":"<div style=\"margin-top: 0px; margin-bottom: 0px;\" class=\"sharethis-inline-share-buttons\" ><\/div>\n<p><br><p>Ma\u00f1ana 9\u00a0de diciembre, que estar\u00e1 el <strong>Gabinete de Seguridad<\/strong> en la conferencia matutina, se dar\u00e1n detalles del <strong>coche bomba<\/strong> en <strong>Michoac\u00e1n<\/strong>. En la Ma\u00f1anera de hoy, la presidenta <strong>Claudia Sheinbaum<\/strong> explic\u00f3 que ser\u00e1 la <strong>Fiscal\u00eda General de la Rep\u00fablica<\/strong>.<\/p><\/p>\n\n\n\n<p>\u201cEl d\u00eda de ma\u00f1ana viene el gabinete de seguridad y les pueden<br>informar, siguen las investigaciones, est\u00e1n en investigaci\u00f3n para dar<br>una explicaci\u00f3n de lo que pas\u00f3. Tiene que explicarlo Fiscal\u00eda, tiene que<br>ver c\u00f3mo se clasifica un delito de terrorismo en M\u00e9xico\u201d, explic\u00f3.<\/p>\n\n\n\n<p>La Fiscal\u00eda General de la Rep\u00fablica (FGR), en coordinaci\u00f3n con el Gabinete de Seguridad del Gobierno de M\u00e9xico y autoridades estatales de Michoac\u00e1n, realizan diligencias en torno a la carpeta de investigaci\u00f3n iniciada por delincuencia organizada luego de la explosi\u00f3n de un autom\u00f3vil ayer en Coahuayana.<\/p>\n\n\n\n<p>En el lugar se encuentran 15 peritos del Centro Federal Pericial Forense (CFPF) y 11 polic\u00edas federales ministeriales, ambos de la Agencia de Investigaci\u00f3n Criminal<br>(AIC), de la FGR, especializados en criminal\u00edstica de campo,<br>fotograf\u00eda, medicina, gen\u00e9tica y lofoscopia forense; adem\u00e1s en<br>telecomunicaciones, tr\u00e1nsito terrestre, en ingenier\u00eda y arquitectura,<br>incendios y explosivos, qu\u00edmica y bal\u00edstica forense.<\/p>\n\n\n\n<p>Al respecto, se informa que tras los lamentables hechos, perdieron la<br>vida cinco personas, y existen 12 lesionados. La investigaci\u00f3n la<br>llevar\u00e1 a cabo la Fiscal\u00eda Especializada en materia de Delincuencia<br>Organizada (FEMDO), en coordinaci\u00f3n permanente con los trabajos<br>realizados por el Gabinete de Seguridad del Gobierno de M\u00e9xico, a trav\u00e9s<br>de la Secretar\u00eda de la Defensa Nacional (Defensa), Secretar\u00eda de Marina<br>(Marina), Secretar\u00eda de Seguridad y Protecci\u00f3n Ciudadana (SSPC), y<br>Guardia Nacional (GN).<\/p>\n\n\n\n<h2 class=\"wp-block-heading\">FGR pedir\u00eda informaci\u00f3n sobre &#8220;El Mayo&#8221;&nbsp;<\/h2>\n\n\n\n<p>La <strong>presidenta Claudia Sheinbaum Pardo<\/strong> afirm\u00f3 que le corresponder\u00eda a la nueva fiscal general de la Rep\u00fablica, <strong>Ernestina Godoy<\/strong>, solicitar informar a Estados Unidos despu\u00e9s de que <strong>Joaqu\u00edn Guzm\u00e1n L\u00f3pez<\/strong> \u2014uno de los hijos del \u201c<strong>Chapo Guzm\u00e1n<\/strong>\u2014 declar\u00f3 que secuestr\u00f3 a <strong>Ismael<\/strong> \u201c<strong>El Mayo\u201d Zambada<\/strong> y que no estuvieron involucradas autoridades de ese pa\u00eds.<\/p>\n\n\n\n<p>En la conferencia de prensa, se\u00f1al\u00f3 que no se trat\u00f3 el tema de seguridad durante la reuni\u00f3n con su hom\u00f3logo <strong>estadounidense Donald Trump<\/strong>, este viernes.<\/p>\n\n\n\n<p>&#8220;Pues ahora le tocar\u00e1 a la nueva fiscal, y no, no hablamos de ese tema\u201d, acot\u00f3.<\/p>\n\n\n\n<p>La titular del Ejecutivo Federal dijo que con <strong>Donald Trump<\/strong> se dialog\u00f3 principalmente de comercio.<\/p>\n\n\n\n<p>\u201cHablamos de muchas cosas, y particularmente de comercio, de lo que tiene que ver con el T-MEC hacia adelante. Y ah\u00ed quedamos de seguir trabajando, y se nombraron, pues, responsables para seguir trabajando, distintas \u00e1reas del gobierno de Estados Unidos que participan, del gobierno de M\u00e9xico y del gobierno de Canad\u00e1. Pero no hablamos de este tema\u201d, afirm\u00f3.<\/p>\n\n\n\n<h2 class=\"wp-block-heading\">En proceso, aceptaci\u00f3n de Gertz Manero, dice Sheinbaum<\/h2>\n\n\n\n<p>Sheinbaum Pardo se\u00f1al\u00f3 que est\u00e1n esperando el benepl\u00e1cito del pa\u00eds al que se ir\u00e1 como embajador de <strong>M\u00e9xico<\/strong> el<strong> exfiscal general de la Rep\u00fablica<\/strong>, <strong>Alejandro Gertz Manero<\/strong>, para darlo a conocer. En la conferencia de prensa, dijo que son proceso normales que llevan tiempo.&nbsp;<\/p>\n\n\n\n<p>&#8220;Se hacen las peticiones al pa\u00eds, y hasta que el pa\u00eds sede, no lo, son tiempos, son, no es, es normal, pues, se lleva su tiempo en que el pa\u00eds al que se est\u00e1 proponiendo acepta las credenciales, y entonces, ya se hace p\u00fablico, es algo normal en Relaciones Exteriores&#8221;, afirm\u00f3.<\/p>\n\n\n\n<p>La presidenta explic\u00f3 que cada pa\u00eds, antes de recibir a un nuevo embajador, se revisan sus cartas credenciales.<\/p>\n\n\n\n<p>&#8220;Es parte del proceso que lleva Relaciones Exteriores. M\u00e9xico o cuando proponen de otro pa\u00eds una embajador a M\u00e9xico, relaciones exteriores hace la revisi\u00f3n del embajador o de la persona que est\u00e1n proponiendo, se aceptan las credenciales, y despu\u00e9s ya el pa\u00eds lo hace p\u00fablico, as\u00ed se hace normalmente&#8221;, asegur\u00f3.<\/p>\n","protected":false},"excerpt":{"rendered":"<p>Ma\u00f1ana 9\u00a0de diciembre, que estar\u00e1 el Gabinete de Seguridad en la conferencia matutina, se dar\u00e1n detalles del coche bomba en Michoac\u00e1n. En la Ma\u00f1anera de hoy, la presidenta Claudia Sheinbaum explic\u00f3 que ser\u00e1 la Fiscal\u00eda General de la Rep\u00fablica. \u201cEl d\u00eda de ma\u00f1ana viene el gabinete de seguridad y les puedeninformar, siguen las investigaciones, est\u00e1n [&hellip;]<\/p>\n","protected":false},"author":15,"featured_media":70968,"comment_status":"closed","ping_status":"","sticky":false,"template":"","format":"standard","meta":{"footnotes":""},"categories":[2,19],"tags":[],"class_list":{"0":"post-70966","1":"post","2":"type-post","3":"status-publish","4":"format-standard","5":"has-post-thumbnail","7":"category-oaxaca","8":"category-nacional"},"yoast_head":"<!-- This site is optimized with the Yoast SEO plugin v27.4 - https:\/\/yoast.com\/product\/yoast-seo-wordpress\/ -->\n<title>FGR dar\u00e1 detalles del coche bomba en Michoac\u00e1n, dice Sheinbaum - LA BRAVA RADIO<\/title>\n<meta name=\"robots\" content=\"index, follow, max-snippet:-1, max-image-preview:large, max-video-preview:-1\" \/>\n<link rel=\"canonical\" href=\"https:\/\/www.bbmnoticias.com\/fgr-dara-detalles-del-coche-bomba-en-michoacan-dice-sheinbaum\/\" \/>\n<meta property=\"og:locale\" content=\"es_MX\" \/>\n<meta property=\"og:type\" content=\"article\" \/>\n<meta property=\"og:title\" content=\"FGR dar\u00e1 detalles del coche bomba en Michoac\u00e1n, dice Sheinbaum - LA BRAVA RADIO\" \/>\n<meta property=\"og:description\" content=\"Ma\u00f1ana 9\u00a0de diciembre, que estar\u00e1 el Gabinete de Seguridad en la conferencia matutina, se dar\u00e1n detalles del coche bomba en Michoac\u00e1n. En la Ma\u00f1anera de hoy, la presidenta Claudia Sheinbaum explic\u00f3 que ser\u00e1 la Fiscal\u00eda General de la Rep\u00fablica. \u201cEl d\u00eda de ma\u00f1ana viene el gabinete de seguridad y les puedeninformar, siguen las investigaciones, est\u00e1n [&hellip;]\" \/>\n<meta property=\"og:url\" content=\"https:\/\/www.bbmnoticias.com\/fgr-dara-detalles-del-coche-bomba-en-michoacan-dice-sheinbaum\/\" \/>\n<meta property=\"og:site_name\" content=\"LA BRAVA RADIO\" \/>\n<meta property=\"article:published_time\" content=\"2025-12-08T17:06:46+00:00\" \/>\n<meta property=\"article:modified_time\" content=\"2025-12-08T17:06:49+00:00\" \/>\n<meta property=\"og:image\" content=\"https:\/\/www.bbmnoticias.com\/labravaradiofm\/wp-content\/uploads\/sites\/5\/2025\/12\/7CrH82Uf.jpg\" \/>\n\t<meta property=\"og:image:width\" content=\"680\" \/>\n\t<meta property=\"og:image:height\" content=\"352\" \/>\n\t<meta property=\"og:image:type\" content=\"image\/jpeg\" \/>\n<meta name=\"author\" content=\"El Heraldo\" \/>\n<meta name=\"twitter:card\" content=\"summary_large_image\" \/>\n<meta name=\"twitter:label1\" content=\"Escrito por\" \/>\n\t<meta name=\"twitter:data1\" content=\"El Heraldo\" \/>\n\t<meta name=\"twitter:label2\" content=\"Tiempo de lectura\" \/>\n\t<meta name=\"twitter:data2\" content=\"3 minutos\" \/>\n<script type=\"application\/ld+json\" class=\"yoast-schema-graph\">{\"@context\":\"https:\\\/\\\/schema.org\",\"@graph\":[{\"@type\":\"Article\",\"@id\":\"https:\\\/\\\/www.bbmnoticias.com\\\/fgr-dara-detalles-del-coche-bomba-en-michoacan-dice-sheinbaum\\\/#article\",\"isPartOf\":{\"@id\":\"https:\\\/\\\/www.bbmnoticias.com\\\/labravaradiofm\\\/2025\\\/12\\\/08\\\/fgr-dara-detalles-del-coche-bomba-en-michoacan-dice-sheinbaum\\\/\"},\"author\":{\"name\":\"El Heraldo\",\"@id\":\"https:\\\/\\\/www.bbmnoticias.com\\\/labravaradiofm\\\/#\\\/schema\\\/person\\\/78ff63fb371c799850071f4b5feb0b7a\"},\"headline\":\"FGR dar\u00e1 detalles del coche bomba en Michoac\u00e1n, dice Sheinbaum\",\"datePublished\":\"2025-12-08T17:06:46+00:00\",\"dateModified\":\"2025-12-08T17:06:49+00:00\",\"mainEntityOfPage\":{\"@id\":\"https:\\\/\\\/www.bbmnoticias.com\\\/labravaradiofm\\\/2025\\\/12\\\/08\\\/fgr-dara-detalles-del-coche-bomba-en-michoacan-dice-sheinbaum\\\/\"},\"wordCount\":679,\"image\":{\"@id\":\"https:\\\/\\\/www.bbmnoticias.com\\\/fgr-dara-detalles-del-coche-bomba-en-michoacan-dice-sheinbaum\\\/#primaryimage\"},\"thumbnailUrl\":\"https:\\\/\\\/www.bbmnoticias.com\\\/labravaradiofm\\\/wp-content\\\/uploads\\\/sites\\\/5\\\/2025\\\/12\\\/7CrH82Uf.jpg\",\"articleSection\":[\"LOCAL\",\"NACIONAL\"],\"inLanguage\":\"es\"},{\"@type\":\"WebPage\",\"@id\":\"https:\\\/\\\/www.bbmnoticias.com\\\/labravaradiofm\\\/2025\\\/12\\\/08\\\/fgr-dara-detalles-del-coche-bomba-en-michoacan-dice-sheinbaum\\\/\",\"url\":\"https:\\\/\\\/www.bbmnoticias.com\\\/fgr-dara-detalles-del-coche-bomba-en-michoacan-dice-sheinbaum\\\/\",\"name\":\"FGR dar\u00e1 detalles del coche bomba en Michoac\u00e1n, dice Sheinbaum - LA BRAVA RADIO\",\"isPartOf\":{\"@id\":\"https:\\\/\\\/www.bbmnoticias.com\\\/labravaradiofm\\\/#website\"},\"primaryImageOfPage\":{\"@id\":\"https:\\\/\\\/www.bbmnoticias.com\\\/fgr-dara-detalles-del-coche-bomba-en-michoacan-dice-sheinbaum\\\/#primaryimage\"},\"image\":{\"@id\":\"https:\\\/\\\/www.bbmnoticias.com\\\/fgr-dara-detalles-del-coche-bomba-en-michoacan-dice-sheinbaum\\\/#primaryimage\"},\"thumbnailUrl\":\"https:\\\/\\\/www.bbmnoticias.com\\\/labravaradiofm\\\/wp-content\\\/uploads\\\/sites\\\/5\\\/2025\\\/12\\\/7CrH82Uf.jpg\",\"datePublished\":\"2025-12-08T17:06:46+00:00\",\"dateModified\":\"2025-12-08T17:06:49+00:00\",\"author\":{\"@id\":\"https:\\\/\\\/www.bbmnoticias.com\\\/labravaradiofm\\\/#\\\/schema\\\/person\\\/78ff63fb371c799850071f4b5feb0b7a\"},\"breadcrumb\":{\"@id\":\"https:\\\/\\\/www.bbmnoticias.com\\\/fgr-dara-detalles-del-coche-bomba-en-michoacan-dice-sheinbaum\\\/#breadcrumb\"},\"inLanguage\":\"es\",\"potentialAction\":[{\"@type\":\"ReadAction\",\"target\":[\"https:\\\/\\\/www.bbmnoticias.com\\\/fgr-dara-detalles-del-coche-bomba-en-michoacan-dice-sheinbaum\\\/\"]}]},{\"@type\":\"ImageObject\",\"inLanguage\":\"es\",\"@id\":\"https:\\\/\\\/www.bbmnoticias.com\\\/fgr-dara-detalles-del-coche-bomba-en-michoacan-dice-sheinbaum\\\/#primaryimage\",\"url\":\"https:\\\/\\\/www.bbmnoticias.com\\\/labravaradiofm\\\/wp-content\\\/uploads\\\/sites\\\/5\\\/2025\\\/12\\\/7CrH82Uf.jpg\",\"contentUrl\":\"https:\\\/\\\/www.bbmnoticias.com\\\/labravaradiofm\\\/wp-content\\\/uploads\\\/sites\\\/5\\\/2025\\\/12\\\/7CrH82Uf.jpg\",\"width\":680,\"height\":352},{\"@type\":\"BreadcrumbList\",\"@id\":\"https:\\\/\\\/www.bbmnoticias.com\\\/fgr-dara-detalles-del-coche-bomba-en-michoacan-dice-sheinbaum\\\/#breadcrumb\",\"itemListElement\":[{\"@type\":\"ListItem\",\"position\":1,\"name\":\"Inicio\",\"item\":\"https:\\\/\\\/www.bbmnoticias.com\\\/labravaradiofm\\\/\"},{\"@type\":\"ListItem\",\"position\":2,\"name\":\"FGR dar\u00e1 detalles del coche bomba en Michoac\u00e1n, dice Sheinbaum\"}]},{\"@type\":\"WebSite\",\"@id\":\"https:\\\/\\\/www.bbmnoticias.com\\\/labravaradiofm\\\/#website\",\"url\":\"https:\\\/\\\/www.bbmnoticias.com\\\/labravaradiofm\\\/\",\"name\":\"LA BRAVA RADIO\",\"description\":\"Empresa productora de medios, Radiodifusi\u00f3n, Noticias, tendencias y todo lo que necesitas saber de la pol\u00edtica mexicana e internacional; entretenimiento, espect\u00e1culos, salud y mucho m\u00e1s.\",\"potentialAction\":[{\"@type\":\"SearchAction\",\"target\":{\"@type\":\"EntryPoint\",\"urlTemplate\":\"https:\\\/\\\/www.bbmnoticias.com\\\/labravaradiofm\\\/?s={search_term_string}\"},\"query-input\":{\"@type\":\"PropertyValueSpecification\",\"valueRequired\":true,\"valueName\":\"search_term_string\"}}],\"inLanguage\":\"es\"},{\"@type\":\"Person\",\"@id\":\"https:\\\/\\\/www.bbmnoticias.com\\\/labravaradiofm\\\/#\\\/schema\\\/person\\\/78ff63fb371c799850071f4b5feb0b7a\",\"name\":\"El Heraldo\",\"image\":{\"@type\":\"ImageObject\",\"inLanguage\":\"es\",\"@id\":\"https:\\\/\\\/secure.gravatar.com\\\/avatar\\\/463017be041288b5a196814ef7242bd62699b857f306e4b5b61b533e8a87f404?s=96&d=mm&r=g\",\"url\":\"https:\\\/\\\/secure.gravatar.com\\\/avatar\\\/463017be041288b5a196814ef7242bd62699b857f306e4b5b61b533e8a87f404?s=96&d=mm&r=g\",\"contentUrl\":\"https:\\\/\\\/secure.gravatar.com\\\/avatar\\\/463017be041288b5a196814ef7242bd62699b857f306e4b5b61b533e8a87f404?s=96&d=mm&r=g\",\"caption\":\"El Heraldo\"},\"url\":\"https:\\\/\\\/www.bbmnoticias.com\\\/labravaradiofm\\\/author\\\/heraldo\\\/\"}]}<\/script>\n<!-- \/ Yoast SEO plugin. -->","yoast_head_json":{"title":"FGR dar\u00e1 detalles del coche bomba en Michoac\u00e1n, dice Sheinbaum - LA BRAVA RADIO","robots":{"index":"index","follow":"follow","max-snippet":"max-snippet:-1","max-image-preview":"max-image-preview:large","max-video-preview":"max-video-preview:-1"},"canonical":"https:\/\/www.bbmnoticias.com\/fgr-dara-detalles-del-coche-bomba-en-michoacan-dice-sheinbaum\/","og_locale":"es_MX","og_type":"article","og_title":"FGR dar\u00e1 detalles del coche bomba en Michoac\u00e1n, dice Sheinbaum - LA BRAVA RADIO","og_description":"Ma\u00f1ana 9\u00a0de diciembre, que estar\u00e1 el Gabinete de Seguridad en la conferencia matutina, se dar\u00e1n detalles del coche bomba en Michoac\u00e1n. En la Ma\u00f1anera de hoy, la presidenta Claudia Sheinbaum explic\u00f3 que ser\u00e1 la Fiscal\u00eda General de la Rep\u00fablica. \u201cEl d\u00eda de ma\u00f1ana viene el gabinete de seguridad y les puedeninformar, siguen las investigaciones, est\u00e1n [&hellip;]","og_url":"https:\/\/www.bbmnoticias.com\/fgr-dara-detalles-del-coche-bomba-en-michoacan-dice-sheinbaum\/","og_site_name":"LA BRAVA RADIO","article_published_time":"2025-12-08T17:06:46+00:00","article_modified_time":"2025-12-08T17:06:49+00:00","og_image":[{"width":680,"height":352,"url":"https:\/\/www.bbmnoticias.com\/labravaradiofm\/wp-content\/uploads\/sites\/5\/2025\/12\/7CrH82Uf.jpg","type":"image\/jpeg"}],"author":"El Heraldo","twitter_card":"summary_large_image","twitter_misc":{"Escrito por":"El Heraldo","Tiempo de lectura":"3 minutos"},"schema":{"@context":"https:\/\/schema.org","@graph":[{"@type":"Article","@id":"https:\/\/www.bbmnoticias.com\/fgr-dara-detalles-del-coche-bomba-en-michoacan-dice-sheinbaum\/#article","isPartOf":{"@id":"https:\/\/www.bbmnoticias.com\/labravaradiofm\/2025\/12\/08\/fgr-dara-detalles-del-coche-bomba-en-michoacan-dice-sheinbaum\/"},"author":{"name":"El Heraldo","@id":"https:\/\/www.bbmnoticias.com\/labravaradiofm\/#\/schema\/person\/78ff63fb371c799850071f4b5feb0b7a"},"headline":"FGR dar\u00e1 detalles del coche bomba en Michoac\u00e1n, dice Sheinbaum","datePublished":"2025-12-08T17:06:46+00:00","dateModified":"2025-12-08T17:06:49+00:00","mainEntityOfPage":{"@id":"https:\/\/www.bbmnoticias.com\/labravaradiofm\/2025\/12\/08\/fgr-dara-detalles-del-coche-bomba-en-michoacan-dice-sheinbaum\/"},"wordCount":679,"image":{"@id":"https:\/\/www.bbmnoticias.com\/fgr-dara-detalles-del-coche-bomba-en-michoacan-dice-sheinbaum\/#primaryimage"},"thumbnailUrl":"https:\/\/www.bbmnoticias.com\/labravaradiofm\/wp-content\/uploads\/sites\/5\/2025\/12\/7CrH82Uf.jpg","articleSection":["LOCAL","NACIONAL"],"inLanguage":"es"},{"@type":"WebPage","@id":"https:\/\/www.bbmnoticias.com\/labravaradiofm\/2025\/12\/08\/fgr-dara-detalles-del-coche-bomba-en-michoacan-dice-sheinbaum\/","url":"https:\/\/www.bbmnoticias.com\/fgr-dara-detalles-del-coche-bomba-en-michoacan-dice-sheinbaum\/","name":"FGR dar\u00e1 detalles del coche bomba en Michoac\u00e1n, dice Sheinbaum - LA BRAVA RADIO","isPartOf":{"@id":"https:\/\/www.bbmnoticias.com\/labravaradiofm\/#website"},"primaryImageOfPage":{"@id":"https:\/\/www.bbmnoticias.com\/fgr-dara-detalles-del-coche-bomba-en-michoacan-dice-sheinbaum\/#primaryimage"},"image":{"@id":"https:\/\/www.bbmnoticias.com\/fgr-dara-detalles-del-coche-bomba-en-michoacan-dice-sheinbaum\/#primaryimage"},"thumbnailUrl":"https:\/\/www.bbmnoticias.com\/labravaradiofm\/wp-content\/uploads\/sites\/5\/2025\/12\/7CrH82Uf.jpg","datePublished":"2025-12-08T17:06:46+00:00","dateModified":"2025-12-08T17:06:49+00:00","author":{"@id":"https:\/\/www.bbmnoticias.com\/labravaradiofm\/#\/schema\/person\/78ff63fb371c799850071f4b5feb0b7a"},"breadcrumb":{"@id":"https:\/\/www.bbmnoticias.com\/fgr-dara-detalles-del-coche-bomba-en-michoacan-dice-sheinbaum\/#breadcrumb"},"inLanguage":"es","potentialAction":[{"@type":"ReadAction","target":["https:\/\/www.bbmnoticias.com\/fgr-dara-detalles-del-coche-bomba-en-michoacan-dice-sheinbaum\/"]}]},{"@type":"ImageObject","inLanguage":"es","@id":"https:\/\/www.bbmnoticias.com\/fgr-dara-detalles-del-coche-bomba-en-michoacan-dice-sheinbaum\/#primaryimage","url":"https:\/\/www.bbmnoticias.com\/labravaradiofm\/wp-content\/uploads\/sites\/5\/2025\/12\/7CrH82Uf.jpg","contentUrl":"https:\/\/www.bbmnoticias.com\/labravaradiofm\/wp-content\/uploads\/sites\/5\/2025\/12\/7CrH82Uf.jpg","width":680,"height":352},{"@type":"BreadcrumbList","@id":"https:\/\/www.bbmnoticias.com\/fgr-dara-detalles-del-coche-bomba-en-michoacan-dice-sheinbaum\/#breadcrumb","itemListElement":[{"@type":"ListItem","position":1,"name":"Inicio","item":"https:\/\/www.bbmnoticias.com\/labravaradiofm\/"},{"@type":"ListItem","position":2,"name":"FGR dar\u00e1 detalles del coche bomba en Michoac\u00e1n, dice Sheinbaum"}]},{"@type":"WebSite","@id":"https:\/\/www.bbmnoticias.com\/labravaradiofm\/#website","url":"https:\/\/www.bbmnoticias.com\/labravaradiofm\/","name":"LA BRAVA RADIO","description":"Empresa productora de medios, Radiodifusi\u00f3n, Noticias, tendencias y todo lo que necesitas saber de la pol\u00edtica mexicana e internacional; entretenimiento, espect\u00e1culos, salud y mucho m\u00e1s.","potentialAction":[{"@type":"SearchAction","target":{"@type":"EntryPoint","urlTemplate":"https:\/\/www.bbmnoticias.com\/labravaradiofm\/?s={search_term_string}"},"query-input":{"@type":"PropertyValueSpecification","valueRequired":true,"valueName":"search_term_string"}}],"inLanguage":"es"},{"@type":"Person","@id":"https:\/\/www.bbmnoticias.com\/labravaradiofm\/#\/schema\/person\/78ff63fb371c799850071f4b5feb0b7a","name":"El Heraldo","image":{"@type":"ImageObject","inLanguage":"es","@id":"https:\/\/secure.gravatar.com\/avatar\/463017be041288b5a196814ef7242bd62699b857f306e4b5b61b533e8a87f404?s=96&d=mm&r=g","url":"https:\/\/secure.gravatar.com\/avatar\/463017be041288b5a196814ef7242bd62699b857f306e4b5b61b533e8a87f404?s=96&d=mm&r=g","contentUrl":"https:\/\/secure.gravatar.com\/avatar\/463017be041288b5a196814ef7242bd62699b857f306e4b5b61b533e8a87f404?s=96&d=mm&r=g","caption":"El Heraldo"},"url":"https:\/\/www.bbmnoticias.com\/labravaradiofm\/author\/heraldo\/"}]}},"_links":{"self":[{"href":"https:\/\/www.bbmnoticias.com\/labravaradiofm\/wp-json\/wp\/v2\/posts\/70966","targetHints":{"allow":["GET"]}}],"collection":[{"href":"https:\/\/www.bbmnoticias.com\/labravaradiofm\/wp-json\/wp\/v2\/posts"}],"about":[{"href":"https:\/\/www.bbmnoticias.com\/labravaradiofm\/wp-json\/wp\/v2\/types\/post"}],"author":[{"embeddable":true,"href":"https:\/\/www.bbmnoticias.com\/labravaradiofm\/wp-json\/wp\/v2\/users\/15"}],"replies":[{"embeddable":true,"href":"https:\/\/www.bbmnoticias.com\/labravaradiofm\/wp-json\/wp\/v2\/comments?post=70966"}],"version-history":[{"count":0,"href":"https:\/\/www.bbmnoticias.com\/labravaradiofm\/wp-json\/wp\/v2\/posts\/70966\/revisions"}],"wp:featuredmedia":[{"embeddable":true,"href":"https:\/\/www.bbmnoticias.com\/labravaradiofm\/wp-json\/wp\/v2\/media\/70968"}],"wp:attachment":[{"href":"https:\/\/www.bbmnoticias.com\/labravaradiofm\/wp-json\/wp\/v2\/media?parent=70966"}],"wp:term":[{"taxonomy":"category","embeddable":true,"href":"https:\/\/www.bbmnoticias.com\/labravaradiofm\/wp-json\/wp\/v2\/categories?post=70966"},{"taxonomy":"post_tag","embeddable":true,"href":"https:\/\/www.bbmnoticias.com\/labravaradiofm\/wp-json\/wp\/v2\/tags?post=70966"}],"curies":[{"name":"wp","href":"https:\/\/api.w.org\/{rel}","templated":true}]}}