{"id":70951,"date":"2025-12-08T09:07:34","date_gmt":"2025-12-08T15:07:34","guid":{"rendered":"https:\/\/www.bbmnoticias.com\/labravaradiofm\/2025\/12\/08\/destaca-imss-aumento-de-600-mil-empleos-formales-en-segundo-trimestre-de-2025\/"},"modified":"2025-12-08T09:07:38","modified_gmt":"2025-12-08T15:07:38","slug":"destaca-imss-aumento-de-600-mil-empleos-formales-en-segundo-trimestre-de-2025","status":"publish","type":"post","link":"https:\/\/www.bbmnoticias.com\/labravaradiofm\/2025\/12\/08\/destaca-imss-aumento-de-600-mil-empleos-formales-en-segundo-trimestre-de-2025\/","title":{"rendered":"Destaca IMSS aumento de 600 mil empleos formales en segundo trimestre de 2025"},"content":{"rendered":"<div style=\"margin-top: 0px; margin-bottom: 0px;\" class=\"sharethis-inline-share-buttons\" ><\/div>\n<p>Los saldos positivos en distintos indicadores laborales fueron destacados por el director del <strong>Instituto Mexicano del Seguro Social (IMSS)<\/strong>, <strong>Zo\u00e9 Robledo<\/strong>.<\/p>\n\n\n\n<p>Durante la Ma\u00f1anera de este 8 de diciembre, el funcionario explic\u00f3 que en el segundo trimestre de este a\u00f1o se crearon 600 mil empleos formales, seg\u00fan el <strong>INEGI<\/strong>.&nbsp;<\/p>\n\n\n\n<blockquote class=\"wp-block-quote is-layout-flow wp-block-quote-is-layout-flow\">\n<p>\u201cPara el segundo trimestre de 2025 se crearon 600 mil puestos de trabajo remunerados adicionales, esto representa 1.3 por ciento m\u00e1s que en el segundo trimestre de 2025, respecto al primero, en el primer trimestre fueron 39.4 millones de empleos remunerados y en el segundo trimestre fueron 40 millones\u201d, inform\u00f3 ante la presidenta Claudia Sheinbaum Pardo.<\/p>\n<\/blockquote>\n\n\n\n<figure class=\"wp-block-image\"><img decoding=\"async\" src=\"https:\/\/heraldodemexico.com.mx\/u\/fotografias\/m\/2025\/12\/4\/f768x1-1217943_1218070_5050.jpg\" alt=\"\"\/><figcaption class=\"wp-element-caption\">Robledo destac\u00f3 las cifras de empleo ante Sheinbaum | Cuartoscuro<\/figcaption><\/figure>\n\n\n\n<h2 class=\"wp-block-heading\">Las remuneraciones tambi\u00e9n se incrementaron<\/h2>\n\n\n\n<p>Incluso, los pagos por los servicios brindados representaron un incremento, de acuerdo con cifras oficiales.<\/p>\n\n\n\n<p>\u201cLas remuneraciones tambi\u00e9n se incrementaron, hoy se tiene un registro de 298 mil 61 millones de pesos respecto al primer trimestre, es un incremento del 6.5 por ciento, en comparaci\u00f3n con los dos primeros trimestres del a\u00f1o\u201d, report\u00f3.<\/p>\n","protected":false},"excerpt":{"rendered":"<p>Los saldos positivos en distintos indicadores laborales fueron destacados por el director del Instituto Mexicano del Seguro Social (IMSS), Zo\u00e9 Robledo. Durante la Ma\u00f1anera de este 8 de diciembre, el funcionario explic\u00f3 que en el segundo trimestre de este a\u00f1o se crearon 600 mil empleos formales, seg\u00fan el INEGI.&nbsp; \u201cPara el segundo trimestre de 2025 [&hellip;]<\/p>\n","protected":false},"author":4,"featured_media":70953,"comment_status":"closed","ping_status":"","sticky":false,"template":"","format":"standard","meta":{"footnotes":""},"categories":[2,19],"tags":[],"class_list":{"0":"post-70951","1":"post","2":"type-post","3":"status-publish","4":"format-standard","5":"has-post-thumbnail","7":"category-oaxaca","8":"category-nacional"},"yoast_head":"<!-- This site is optimized with the Yoast SEO plugin v27.4 - https:\/\/yoast.com\/product\/yoast-seo-wordpress\/ -->\n<title>Destaca IMSS aumento de 600 mil empleos formales en segundo trimestre de 2025 - LA BRAVA RADIO<\/title>\n<meta name=\"robots\" content=\"index, follow, max-snippet:-1, max-image-preview:large, max-video-preview:-1\" \/>\n<link rel=\"canonical\" href=\"https:\/\/www.bbmnoticias.com\/destaca-imss-aumento-de-600-mil-empleos-formales-en-segundo-trimestre-de-2025\/\" \/>\n<meta property=\"og:locale\" content=\"es_MX\" \/>\n<meta property=\"og:type\" content=\"article\" \/>\n<meta property=\"og:title\" content=\"Destaca IMSS aumento de 600 mil empleos formales en segundo trimestre de 2025 - LA BRAVA RADIO\" \/>\n<meta property=\"og:description\" content=\"Los saldos positivos en distintos indicadores laborales fueron destacados por el director del Instituto Mexicano del Seguro Social (IMSS), Zo\u00e9 Robledo. Durante la Ma\u00f1anera de este 8 de diciembre, el funcionario explic\u00f3 que en el segundo trimestre de este a\u00f1o se crearon 600 mil empleos formales, seg\u00fan el INEGI.&nbsp; \u201cPara el segundo trimestre de 2025 [&hellip;]\" \/>\n<meta property=\"og:url\" content=\"https:\/\/www.bbmnoticias.com\/destaca-imss-aumento-de-600-mil-empleos-formales-en-segundo-trimestre-de-2025\/\" \/>\n<meta property=\"og:site_name\" content=\"LA BRAVA RADIO\" \/>\n<meta property=\"article:published_time\" content=\"2025-12-08T15:07:34+00:00\" \/>\n<meta property=\"article:modified_time\" content=\"2025-12-08T15:07:38+00:00\" \/>\n<meta property=\"og:image\" content=\"https:\/\/www.bbmnoticias.com\/labravaradiofm\/wp-content\/uploads\/sites\/5\/2025\/12\/zoe_robledo.jpg\" \/>\n\t<meta property=\"og:image:width\" content=\"848\" \/>\n\t<meta property=\"og:image:height\" content=\"477\" \/>\n\t<meta property=\"og:image:type\" content=\"image\/jpeg\" \/>\n<meta name=\"author\" content=\"Agencias\" \/>\n<meta name=\"twitter:card\" content=\"summary_large_image\" \/>\n<meta name=\"twitter:label1\" content=\"Escrito por\" \/>\n\t<meta name=\"twitter:data1\" content=\"Agencias\" \/>\n\t<meta name=\"twitter:label2\" content=\"Tiempo de lectura\" \/>\n\t<meta name=\"twitter:data2\" content=\"1 minuto\" \/>\n<script type=\"application\/ld+json\" class=\"yoast-schema-graph\">{\"@context\":\"https:\\\/\\\/schema.org\",\"@graph\":[{\"@type\":\"Article\",\"@id\":\"https:\\\/\\\/www.bbmnoticias.com\\\/destaca-imss-aumento-de-600-mil-empleos-formales-en-segundo-trimestre-de-2025\\\/#article\",\"isPartOf\":{\"@id\":\"https:\\\/\\\/www.bbmnoticias.com\\\/labravaradiofm\\\/2025\\\/12\\\/08\\\/destaca-imss-aumento-de-600-mil-empleos-formales-en-segundo-trimestre-de-2025\\\/\"},\"author\":{\"name\":\"Agencias\",\"@id\":\"https:\\\/\\\/www.bbmnoticias.com\\\/labravaradiofm\\\/#\\\/schema\\\/person\\\/000bdaf0a8fb5bff0d537c4d0778e33f\"},\"headline\":\"Destaca IMSS aumento de 600 mil empleos formales en segundo trimestre de 2025\",\"datePublished\":\"2025-12-08T15:07:34+00:00\",\"dateModified\":\"2025-12-08T15:07:38+00:00\",\"mainEntityOfPage\":{\"@id\":\"https:\\\/\\\/www.bbmnoticias.com\\\/labravaradiofm\\\/2025\\\/12\\\/08\\\/destaca-imss-aumento-de-600-mil-empleos-formales-en-segundo-trimestre-de-2025\\\/\"},\"wordCount\":181,\"image\":{\"@id\":\"https:\\\/\\\/www.bbmnoticias.com\\\/destaca-imss-aumento-de-600-mil-empleos-formales-en-segundo-trimestre-de-2025\\\/#primaryimage\"},\"thumbnailUrl\":\"https:\\\/\\\/www.bbmnoticias.com\\\/labravaradiofm\\\/wp-content\\\/uploads\\\/sites\\\/5\\\/2025\\\/12\\\/zoe_robledo.jpg\",\"articleSection\":[\"LOCAL\",\"NACIONAL\"],\"inLanguage\":\"es\"},{\"@type\":\"WebPage\",\"@id\":\"https:\\\/\\\/www.bbmnoticias.com\\\/labravaradiofm\\\/2025\\\/12\\\/08\\\/destaca-imss-aumento-de-600-mil-empleos-formales-en-segundo-trimestre-de-2025\\\/\",\"url\":\"https:\\\/\\\/www.bbmnoticias.com\\\/destaca-imss-aumento-de-600-mil-empleos-formales-en-segundo-trimestre-de-2025\\\/\",\"name\":\"Destaca IMSS aumento de 600 mil empleos formales en segundo trimestre de 2025 - LA BRAVA RADIO\",\"isPartOf\":{\"@id\":\"https:\\\/\\\/www.bbmnoticias.com\\\/labravaradiofm\\\/#website\"},\"primaryImageOfPage\":{\"@id\":\"https:\\\/\\\/www.bbmnoticias.com\\\/destaca-imss-aumento-de-600-mil-empleos-formales-en-segundo-trimestre-de-2025\\\/#primaryimage\"},\"image\":{\"@id\":\"https:\\\/\\\/www.bbmnoticias.com\\\/destaca-imss-aumento-de-600-mil-empleos-formales-en-segundo-trimestre-de-2025\\\/#primaryimage\"},\"thumbnailUrl\":\"https:\\\/\\\/www.bbmnoticias.com\\\/labravaradiofm\\\/wp-content\\\/uploads\\\/sites\\\/5\\\/2025\\\/12\\\/zoe_robledo.jpg\",\"datePublished\":\"2025-12-08T15:07:34+00:00\",\"dateModified\":\"2025-12-08T15:07:38+00:00\",\"author\":{\"@id\":\"https:\\\/\\\/www.bbmnoticias.com\\\/labravaradiofm\\\/#\\\/schema\\\/person\\\/000bdaf0a8fb5bff0d537c4d0778e33f\"},\"breadcrumb\":{\"@id\":\"https:\\\/\\\/www.bbmnoticias.com\\\/destaca-imss-aumento-de-600-mil-empleos-formales-en-segundo-trimestre-de-2025\\\/#breadcrumb\"},\"inLanguage\":\"es\",\"potentialAction\":[{\"@type\":\"ReadAction\",\"target\":[\"https:\\\/\\\/www.bbmnoticias.com\\\/destaca-imss-aumento-de-600-mil-empleos-formales-en-segundo-trimestre-de-2025\\\/\"]}]},{\"@type\":\"ImageObject\",\"inLanguage\":\"es\",\"@id\":\"https:\\\/\\\/www.bbmnoticias.com\\\/destaca-imss-aumento-de-600-mil-empleos-formales-en-segundo-trimestre-de-2025\\\/#primaryimage\",\"url\":\"https:\\\/\\\/www.bbmnoticias.com\\\/labravaradiofm\\\/wp-content\\\/uploads\\\/sites\\\/5\\\/2025\\\/12\\\/zoe_robledo.jpg\",\"contentUrl\":\"https:\\\/\\\/www.bbmnoticias.com\\\/labravaradiofm\\\/wp-content\\\/uploads\\\/sites\\\/5\\\/2025\\\/12\\\/zoe_robledo.jpg\",\"width\":848,\"height\":477},{\"@type\":\"BreadcrumbList\",\"@id\":\"https:\\\/\\\/www.bbmnoticias.com\\\/destaca-imss-aumento-de-600-mil-empleos-formales-en-segundo-trimestre-de-2025\\\/#breadcrumb\",\"itemListElement\":[{\"@type\":\"ListItem\",\"position\":1,\"name\":\"Inicio\",\"item\":\"https:\\\/\\\/www.bbmnoticias.com\\\/labravaradiofm\\\/\"},{\"@type\":\"ListItem\",\"position\":2,\"name\":\"Destaca IMSS aumento de 600 mil empleos formales en segundo trimestre de 2025\"}]},{\"@type\":\"WebSite\",\"@id\":\"https:\\\/\\\/www.bbmnoticias.com\\\/labravaradiofm\\\/#website\",\"url\":\"https:\\\/\\\/www.bbmnoticias.com\\\/labravaradiofm\\\/\",\"name\":\"LA BRAVA RADIO\",\"description\":\"Empresa productora de medios, Radiodifusi\u00f3n, Noticias, tendencias y todo lo que necesitas saber de la pol\u00edtica mexicana e internacional; entretenimiento, espect\u00e1culos, salud y mucho m\u00e1s.\",\"potentialAction\":[{\"@type\":\"SearchAction\",\"target\":{\"@type\":\"EntryPoint\",\"urlTemplate\":\"https:\\\/\\\/www.bbmnoticias.com\\\/labravaradiofm\\\/?s={search_term_string}\"},\"query-input\":{\"@type\":\"PropertyValueSpecification\",\"valueRequired\":true,\"valueName\":\"search_term_string\"}}],\"inLanguage\":\"es\"},{\"@type\":\"Person\",\"@id\":\"https:\\\/\\\/www.bbmnoticias.com\\\/labravaradiofm\\\/#\\\/schema\\\/person\\\/000bdaf0a8fb5bff0d537c4d0778e33f\",\"name\":\"Agencias\",\"image\":{\"@type\":\"ImageObject\",\"inLanguage\":\"es\",\"@id\":\"https:\\\/\\\/secure.gravatar.com\\\/avatar\\\/739e0b61adf9e398b425c36718c8752286da0e8cd90f20ce9a86678abc26aa0d?s=96&d=mm&r=g\",\"url\":\"https:\\\/\\\/secure.gravatar.com\\\/avatar\\\/739e0b61adf9e398b425c36718c8752286da0e8cd90f20ce9a86678abc26aa0d?s=96&d=mm&r=g\",\"contentUrl\":\"https:\\\/\\\/secure.gravatar.com\\\/avatar\\\/739e0b61adf9e398b425c36718c8752286da0e8cd90f20ce9a86678abc26aa0d?s=96&d=mm&r=g\",\"caption\":\"Agencias\"},\"url\":\"https:\\\/\\\/www.bbmnoticias.com\\\/labravaradiofm\\\/author\\\/agencias\\\/\"}]}<\/script>\n<!-- \/ Yoast SEO plugin. -->","yoast_head_json":{"title":"Destaca IMSS aumento de 600 mil empleos formales en segundo trimestre de 2025 - LA BRAVA RADIO","robots":{"index":"index","follow":"follow","max-snippet":"max-snippet:-1","max-image-preview":"max-image-preview:large","max-video-preview":"max-video-preview:-1"},"canonical":"https:\/\/www.bbmnoticias.com\/destaca-imss-aumento-de-600-mil-empleos-formales-en-segundo-trimestre-de-2025\/","og_locale":"es_MX","og_type":"article","og_title":"Destaca IMSS aumento de 600 mil empleos formales en segundo trimestre de 2025 - LA BRAVA RADIO","og_description":"Los saldos positivos en distintos indicadores laborales fueron destacados por el director del Instituto Mexicano del Seguro Social (IMSS), Zo\u00e9 Robledo. Durante la Ma\u00f1anera de este 8 de diciembre, el funcionario explic\u00f3 que en el segundo trimestre de este a\u00f1o se crearon 600 mil empleos formales, seg\u00fan el INEGI.&nbsp; \u201cPara el segundo trimestre de 2025 [&hellip;]","og_url":"https:\/\/www.bbmnoticias.com\/destaca-imss-aumento-de-600-mil-empleos-formales-en-segundo-trimestre-de-2025\/","og_site_name":"LA BRAVA RADIO","article_published_time":"2025-12-08T15:07:34+00:00","article_modified_time":"2025-12-08T15:07:38+00:00","og_image":[{"width":848,"height":477,"url":"https:\/\/www.bbmnoticias.com\/labravaradiofm\/wp-content\/uploads\/sites\/5\/2025\/12\/zoe_robledo.jpg","type":"image\/jpeg"}],"author":"Agencias","twitter_card":"summary_large_image","twitter_misc":{"Escrito por":"Agencias","Tiempo de lectura":"1 minuto"},"schema":{"@context":"https:\/\/schema.org","@graph":[{"@type":"Article","@id":"https:\/\/www.bbmnoticias.com\/destaca-imss-aumento-de-600-mil-empleos-formales-en-segundo-trimestre-de-2025\/#article","isPartOf":{"@id":"https:\/\/www.bbmnoticias.com\/labravaradiofm\/2025\/12\/08\/destaca-imss-aumento-de-600-mil-empleos-formales-en-segundo-trimestre-de-2025\/"},"author":{"name":"Agencias","@id":"https:\/\/www.bbmnoticias.com\/labravaradiofm\/#\/schema\/person\/000bdaf0a8fb5bff0d537c4d0778e33f"},"headline":"Destaca IMSS aumento de 600 mil empleos formales en segundo trimestre de 2025","datePublished":"2025-12-08T15:07:34+00:00","dateModified":"2025-12-08T15:07:38+00:00","mainEntityOfPage":{"@id":"https:\/\/www.bbmnoticias.com\/labravaradiofm\/2025\/12\/08\/destaca-imss-aumento-de-600-mil-empleos-formales-en-segundo-trimestre-de-2025\/"},"wordCount":181,"image":{"@id":"https:\/\/www.bbmnoticias.com\/destaca-imss-aumento-de-600-mil-empleos-formales-en-segundo-trimestre-de-2025\/#primaryimage"},"thumbnailUrl":"https:\/\/www.bbmnoticias.com\/labravaradiofm\/wp-content\/uploads\/sites\/5\/2025\/12\/zoe_robledo.jpg","articleSection":["LOCAL","NACIONAL"],"inLanguage":"es"},{"@type":"WebPage","@id":"https:\/\/www.bbmnoticias.com\/labravaradiofm\/2025\/12\/08\/destaca-imss-aumento-de-600-mil-empleos-formales-en-segundo-trimestre-de-2025\/","url":"https:\/\/www.bbmnoticias.com\/destaca-imss-aumento-de-600-mil-empleos-formales-en-segundo-trimestre-de-2025\/","name":"Destaca IMSS aumento de 600 mil empleos formales en segundo trimestre de 2025 - LA BRAVA RADIO","isPartOf":{"@id":"https:\/\/www.bbmnoticias.com\/labravaradiofm\/#website"},"primaryImageOfPage":{"@id":"https:\/\/www.bbmnoticias.com\/destaca-imss-aumento-de-600-mil-empleos-formales-en-segundo-trimestre-de-2025\/#primaryimage"},"image":{"@id":"https:\/\/www.bbmnoticias.com\/destaca-imss-aumento-de-600-mil-empleos-formales-en-segundo-trimestre-de-2025\/#primaryimage"},"thumbnailUrl":"https:\/\/www.bbmnoticias.com\/labravaradiofm\/wp-content\/uploads\/sites\/5\/2025\/12\/zoe_robledo.jpg","datePublished":"2025-12-08T15:07:34+00:00","dateModified":"2025-12-08T15:07:38+00:00","author":{"@id":"https:\/\/www.bbmnoticias.com\/labravaradiofm\/#\/schema\/person\/000bdaf0a8fb5bff0d537c4d0778e33f"},"breadcrumb":{"@id":"https:\/\/www.bbmnoticias.com\/destaca-imss-aumento-de-600-mil-empleos-formales-en-segundo-trimestre-de-2025\/#breadcrumb"},"inLanguage":"es","potentialAction":[{"@type":"ReadAction","target":["https:\/\/www.bbmnoticias.com\/destaca-imss-aumento-de-600-mil-empleos-formales-en-segundo-trimestre-de-2025\/"]}]},{"@type":"ImageObject","inLanguage":"es","@id":"https:\/\/www.bbmnoticias.com\/destaca-imss-aumento-de-600-mil-empleos-formales-en-segundo-trimestre-de-2025\/#primaryimage","url":"https:\/\/www.bbmnoticias.com\/labravaradiofm\/wp-content\/uploads\/sites\/5\/2025\/12\/zoe_robledo.jpg","contentUrl":"https:\/\/www.bbmnoticias.com\/labravaradiofm\/wp-content\/uploads\/sites\/5\/2025\/12\/zoe_robledo.jpg","width":848,"height":477},{"@type":"BreadcrumbList","@id":"https:\/\/www.bbmnoticias.com\/destaca-imss-aumento-de-600-mil-empleos-formales-en-segundo-trimestre-de-2025\/#breadcrumb","itemListElement":[{"@type":"ListItem","position":1,"name":"Inicio","item":"https:\/\/www.bbmnoticias.com\/labravaradiofm\/"},{"@type":"ListItem","position":2,"name":"Destaca IMSS aumento de 600 mil empleos formales en segundo trimestre de 2025"}]},{"@type":"WebSite","@id":"https:\/\/www.bbmnoticias.com\/labravaradiofm\/#website","url":"https:\/\/www.bbmnoticias.com\/labravaradiofm\/","name":"LA BRAVA RADIO","description":"Empresa productora de medios, Radiodifusi\u00f3n, Noticias, tendencias y todo lo que necesitas saber de la pol\u00edtica mexicana e internacional; entretenimiento, espect\u00e1culos, salud y mucho m\u00e1s.","potentialAction":[{"@type":"SearchAction","target":{"@type":"EntryPoint","urlTemplate":"https:\/\/www.bbmnoticias.com\/labravaradiofm\/?s={search_term_string}"},"query-input":{"@type":"PropertyValueSpecification","valueRequired":true,"valueName":"search_term_string"}}],"inLanguage":"es"},{"@type":"Person","@id":"https:\/\/www.bbmnoticias.com\/labravaradiofm\/#\/schema\/person\/000bdaf0a8fb5bff0d537c4d0778e33f","name":"Agencias","image":{"@type":"ImageObject","inLanguage":"es","@id":"https:\/\/secure.gravatar.com\/avatar\/739e0b61adf9e398b425c36718c8752286da0e8cd90f20ce9a86678abc26aa0d?s=96&d=mm&r=g","url":"https:\/\/secure.gravatar.com\/avatar\/739e0b61adf9e398b425c36718c8752286da0e8cd90f20ce9a86678abc26aa0d?s=96&d=mm&r=g","contentUrl":"https:\/\/secure.gravatar.com\/avatar\/739e0b61adf9e398b425c36718c8752286da0e8cd90f20ce9a86678abc26aa0d?s=96&d=mm&r=g","caption":"Agencias"},"url":"https:\/\/www.bbmnoticias.com\/labravaradiofm\/author\/agencias\/"}]}},"_links":{"self":[{"href":"https:\/\/www.bbmnoticias.com\/labravaradiofm\/wp-json\/wp\/v2\/posts\/70951","targetHints":{"allow":["GET"]}}],"collection":[{"href":"https:\/\/www.bbmnoticias.com\/labravaradiofm\/wp-json\/wp\/v2\/posts"}],"about":[{"href":"https:\/\/www.bbmnoticias.com\/labravaradiofm\/wp-json\/wp\/v2\/types\/post"}],"author":[{"embeddable":true,"href":"https:\/\/www.bbmnoticias.com\/labravaradiofm\/wp-json\/wp\/v2\/users\/4"}],"replies":[{"embeddable":true,"href":"https:\/\/www.bbmnoticias.com\/labravaradiofm\/wp-json\/wp\/v2\/comments?post=70951"}],"version-history":[{"count":0,"href":"https:\/\/www.bbmnoticias.com\/labravaradiofm\/wp-json\/wp\/v2\/posts\/70951\/revisions"}],"wp:featuredmedia":[{"embeddable":true,"href":"https:\/\/www.bbmnoticias.com\/labravaradiofm\/wp-json\/wp\/v2\/media\/70953"}],"wp:attachment":[{"href":"https:\/\/www.bbmnoticias.com\/labravaradiofm\/wp-json\/wp\/v2\/media?parent=70951"}],"wp:term":[{"taxonomy":"category","embeddable":true,"href":"https:\/\/www.bbmnoticias.com\/labravaradiofm\/wp-json\/wp\/v2\/categories?post=70951"},{"taxonomy":"post_tag","embeddable":true,"href":"https:\/\/www.bbmnoticias.com\/labravaradiofm\/wp-json\/wp\/v2\/tags?post=70951"}],"curies":[{"name":"wp","href":"https:\/\/api.w.org\/{rel}","templated":true}]}}