{"id":70948,"date":"2025-12-08T09:01:58","date_gmt":"2025-12-08T15:01:58","guid":{"rendered":"https:\/\/www.bbmnoticias.com\/labravaradiofm\/2025\/12\/08\/llega-a-huatulco-el-nuevo-vuelo-invernal-desde-vancouver-canada-sectur-oaxaca\/"},"modified":"2025-12-08T09:02:03","modified_gmt":"2025-12-08T15:02:03","slug":"llega-a-huatulco-el-nuevo-vuelo-invernal-desde-vancouver-canada-sectur-oaxaca","status":"publish","type":"post","link":"https:\/\/www.bbmnoticias.com\/labravaradiofm\/2025\/12\/08\/llega-a-huatulco-el-nuevo-vuelo-invernal-desde-vancouver-canada-sectur-oaxaca\/","title":{"rendered":"Llega a Huatulco el nuevo vuelo invernal desde Vancouver, Canad\u00e1: Sectur Oaxaca"},"content":{"rendered":"<div style=\"margin-top: 0px; margin-bottom: 0px;\" class=\"sharethis-inline-share-buttons\" ><\/div>\n<p><strong>Santa Mar\u00eda Huatulco, Oax.-<\/strong> El Gobierno de Oaxaca recibi\u00f3 en Bah\u00edas de Huatulco el nuevo vuelo de la temporada invernal procedente de Vancouver, Canad\u00e1; el cual tendr\u00e1 una frecuencia semanal los d\u00edas domingos.<\/p>\n\n\n\n<p>El director de Comercializaci\u00f3n de la Secretar\u00eda de Turismo (Sectur Oaxaca), \u00c1ngel Norberto Osorio Morales inform\u00f3 que este trayecto de la aerol\u00ednea Air Canada, con vigencia hasta el 12 de abril de 2026, representa la llegada de m\u00e1s visitantes de este pa\u00eds, un mercado estrat\u00e9gico que hist\u00f3ricamente ha mostrado afinidad por este destino de la Costa oaxaque\u00f1a durante el invierno.<\/p>\n\n\n\n<p>Asimismo, dio a conocer que la aeronave que realizar\u00e1 estos viajes cuenta con 189 plazas, lo que genera 2 mil 835 asientos internacionales disponibles y se suma al ya existente desde Vancouver a trav\u00e9s de West Jet con tres frecuencias semanales, la cual se encuentra activa desde octubre y permanecer\u00e1 hasta abril de 2026.<\/p>\n\n\n\n<p>Adem\u00e1s, detall\u00f3 que Huatulco acumula 2.11 puntos porcentuales m\u00e1s en ocupaci\u00f3n a\u00e9rea, al tiempo que destac\u00f3 el trabajo de la Primavera Oaxaque\u00f1a para hacer que cada ruta a\u00e9rea se convierta en un puente de desarrollo y bienestar.<\/p>\n\n\n\n<p><\/p>\n","protected":false},"excerpt":{"rendered":"<p>Santa Mar\u00eda Huatulco, Oax.- El Gobierno de Oaxaca recibi\u00f3 en Bah\u00edas de Huatulco el nuevo vuelo de la temporada invernal procedente de Vancouver, Canad\u00e1; el cual tendr\u00e1 una frecuencia semanal los d\u00edas domingos. El director de Comercializaci\u00f3n de la Secretar\u00eda de Turismo (Sectur Oaxaca), \u00c1ngel Norberto Osorio Morales inform\u00f3 que este trayecto de la aerol\u00ednea [&hellip;]<\/p>\n","protected":false},"author":2,"featured_media":70950,"comment_status":"closed","ping_status":"","sticky":false,"template":"","format":"standard","meta":{"footnotes":""},"categories":[2],"tags":[],"class_list":{"0":"post-70948","1":"post","2":"type-post","3":"status-publish","4":"format-standard","5":"has-post-thumbnail","7":"category-oaxaca"},"yoast_head":"<!-- This site is optimized with the Yoast SEO plugin v27.4 - https:\/\/yoast.com\/product\/yoast-seo-wordpress\/ -->\n<title>Llega a Huatulco el nuevo vuelo invernal desde Vancouver, Canad\u00e1: Sectur Oaxaca - LA BRAVA RADIO<\/title>\n<meta name=\"robots\" content=\"index, follow, max-snippet:-1, max-image-preview:large, max-video-preview:-1\" \/>\n<link rel=\"canonical\" href=\"https:\/\/www.bbmnoticias.com\/llega-a-huatulco-el-nuevo-vuelo-invernal-desde-vancouver-canada-sectur-oaxaca\/\" \/>\n<meta property=\"og:locale\" content=\"es_MX\" \/>\n<meta property=\"og:type\" content=\"article\" \/>\n<meta property=\"og:title\" content=\"Llega a Huatulco el nuevo vuelo invernal desde Vancouver, Canad\u00e1: Sectur Oaxaca - LA BRAVA RADIO\" \/>\n<meta property=\"og:description\" content=\"Santa Mar\u00eda Huatulco, Oax.- El Gobierno de Oaxaca recibi\u00f3 en Bah\u00edas de Huatulco el nuevo vuelo de la temporada invernal procedente de Vancouver, Canad\u00e1; el cual tendr\u00e1 una frecuencia semanal los d\u00edas domingos. El director de Comercializaci\u00f3n de la Secretar\u00eda de Turismo (Sectur Oaxaca), \u00c1ngel Norberto Osorio Morales inform\u00f3 que este trayecto de la aerol\u00ednea [&hellip;]\" \/>\n<meta property=\"og:url\" content=\"https:\/\/www.bbmnoticias.com\/llega-a-huatulco-el-nuevo-vuelo-invernal-desde-vancouver-canada-sectur-oaxaca\/\" \/>\n<meta property=\"og:site_name\" content=\"LA BRAVA RADIO\" \/>\n<meta property=\"article:published_time\" content=\"2025-12-08T15:01:58+00:00\" \/>\n<meta property=\"article:modified_time\" content=\"2025-12-08T15:02:03+00:00\" \/>\n<meta property=\"og:image\" content=\"https:\/\/www.bbmnoticias.com\/labravaradiofm\/wp-content\/uploads\/sites\/5\/2025\/12\/vuelo_vancouver_canada.jpg\" \/>\n\t<meta property=\"og:image:width\" content=\"800\" \/>\n\t<meta property=\"og:image:height\" content=\"523\" \/>\n\t<meta property=\"og:image:type\" content=\"image\/jpeg\" \/>\n<meta name=\"author\" content=\"Staff\" \/>\n<meta name=\"twitter:card\" content=\"summary_large_image\" \/>\n<meta name=\"twitter:label1\" content=\"Escrito por\" \/>\n\t<meta name=\"twitter:data1\" content=\"Staff\" \/>\n\t<meta name=\"twitter:label2\" content=\"Tiempo de lectura\" \/>\n\t<meta name=\"twitter:data2\" content=\"1 minuto\" \/>\n<script type=\"application\/ld+json\" class=\"yoast-schema-graph\">{\"@context\":\"https:\\\/\\\/schema.org\",\"@graph\":[{\"@type\":\"Article\",\"@id\":\"https:\\\/\\\/www.bbmnoticias.com\\\/llega-a-huatulco-el-nuevo-vuelo-invernal-desde-vancouver-canada-sectur-oaxaca\\\/#article\",\"isPartOf\":{\"@id\":\"https:\\\/\\\/www.bbmnoticias.com\\\/labravaradiofm\\\/2025\\\/12\\\/08\\\/llega-a-huatulco-el-nuevo-vuelo-invernal-desde-vancouver-canada-sectur-oaxaca\\\/\"},\"author\":{\"name\":\"Staff\",\"@id\":\"https:\\\/\\\/www.bbmnoticias.com\\\/labravaradiofm\\\/#\\\/schema\\\/person\\\/68a9e9036ef3c5b55aeb2b71dc8bab45\"},\"headline\":\"Llega a Huatulco el nuevo vuelo invernal desde Vancouver, Canad\u00e1: Sectur Oaxaca\",\"datePublished\":\"2025-12-08T15:01:58+00:00\",\"dateModified\":\"2025-12-08T15:02:03+00:00\",\"mainEntityOfPage\":{\"@id\":\"https:\\\/\\\/www.bbmnoticias.com\\\/labravaradiofm\\\/2025\\\/12\\\/08\\\/llega-a-huatulco-el-nuevo-vuelo-invernal-desde-vancouver-canada-sectur-oaxaca\\\/\"},\"wordCount\":208,\"image\":{\"@id\":\"https:\\\/\\\/www.bbmnoticias.com\\\/llega-a-huatulco-el-nuevo-vuelo-invernal-desde-vancouver-canada-sectur-oaxaca\\\/#primaryimage\"},\"thumbnailUrl\":\"https:\\\/\\\/www.bbmnoticias.com\\\/labravaradiofm\\\/wp-content\\\/uploads\\\/sites\\\/5\\\/2025\\\/12\\\/vuelo_vancouver_canada.jpg\",\"articleSection\":[\"LOCAL\"],\"inLanguage\":\"es\"},{\"@type\":\"WebPage\",\"@id\":\"https:\\\/\\\/www.bbmnoticias.com\\\/labravaradiofm\\\/2025\\\/12\\\/08\\\/llega-a-huatulco-el-nuevo-vuelo-invernal-desde-vancouver-canada-sectur-oaxaca\\\/\",\"url\":\"https:\\\/\\\/www.bbmnoticias.com\\\/llega-a-huatulco-el-nuevo-vuelo-invernal-desde-vancouver-canada-sectur-oaxaca\\\/\",\"name\":\"Llega a Huatulco el nuevo vuelo invernal desde Vancouver, Canad\u00e1: Sectur Oaxaca - LA BRAVA RADIO\",\"isPartOf\":{\"@id\":\"https:\\\/\\\/www.bbmnoticias.com\\\/labravaradiofm\\\/#website\"},\"primaryImageOfPage\":{\"@id\":\"https:\\\/\\\/www.bbmnoticias.com\\\/llega-a-huatulco-el-nuevo-vuelo-invernal-desde-vancouver-canada-sectur-oaxaca\\\/#primaryimage\"},\"image\":{\"@id\":\"https:\\\/\\\/www.bbmnoticias.com\\\/llega-a-huatulco-el-nuevo-vuelo-invernal-desde-vancouver-canada-sectur-oaxaca\\\/#primaryimage\"},\"thumbnailUrl\":\"https:\\\/\\\/www.bbmnoticias.com\\\/labravaradiofm\\\/wp-content\\\/uploads\\\/sites\\\/5\\\/2025\\\/12\\\/vuelo_vancouver_canada.jpg\",\"datePublished\":\"2025-12-08T15:01:58+00:00\",\"dateModified\":\"2025-12-08T15:02:03+00:00\",\"author\":{\"@id\":\"https:\\\/\\\/www.bbmnoticias.com\\\/labravaradiofm\\\/#\\\/schema\\\/person\\\/68a9e9036ef3c5b55aeb2b71dc8bab45\"},\"breadcrumb\":{\"@id\":\"https:\\\/\\\/www.bbmnoticias.com\\\/llega-a-huatulco-el-nuevo-vuelo-invernal-desde-vancouver-canada-sectur-oaxaca\\\/#breadcrumb\"},\"inLanguage\":\"es\",\"potentialAction\":[{\"@type\":\"ReadAction\",\"target\":[\"https:\\\/\\\/www.bbmnoticias.com\\\/llega-a-huatulco-el-nuevo-vuelo-invernal-desde-vancouver-canada-sectur-oaxaca\\\/\"]}]},{\"@type\":\"ImageObject\",\"inLanguage\":\"es\",\"@id\":\"https:\\\/\\\/www.bbmnoticias.com\\\/llega-a-huatulco-el-nuevo-vuelo-invernal-desde-vancouver-canada-sectur-oaxaca\\\/#primaryimage\",\"url\":\"https:\\\/\\\/www.bbmnoticias.com\\\/labravaradiofm\\\/wp-content\\\/uploads\\\/sites\\\/5\\\/2025\\\/12\\\/vuelo_vancouver_canada.jpg\",\"contentUrl\":\"https:\\\/\\\/www.bbmnoticias.com\\\/labravaradiofm\\\/wp-content\\\/uploads\\\/sites\\\/5\\\/2025\\\/12\\\/vuelo_vancouver_canada.jpg\",\"width\":800,\"height\":523},{\"@type\":\"BreadcrumbList\",\"@id\":\"https:\\\/\\\/www.bbmnoticias.com\\\/llega-a-huatulco-el-nuevo-vuelo-invernal-desde-vancouver-canada-sectur-oaxaca\\\/#breadcrumb\",\"itemListElement\":[{\"@type\":\"ListItem\",\"position\":1,\"name\":\"Inicio\",\"item\":\"https:\\\/\\\/www.bbmnoticias.com\\\/labravaradiofm\\\/\"},{\"@type\":\"ListItem\",\"position\":2,\"name\":\"Llega a Huatulco el nuevo vuelo invernal desde Vancouver, Canad\u00e1: Sectur Oaxaca\"}]},{\"@type\":\"WebSite\",\"@id\":\"https:\\\/\\\/www.bbmnoticias.com\\\/labravaradiofm\\\/#website\",\"url\":\"https:\\\/\\\/www.bbmnoticias.com\\\/labravaradiofm\\\/\",\"name\":\"LA BRAVA RADIO\",\"description\":\"Empresa productora de medios, Radiodifusi\u00f3n, Noticias, tendencias y todo lo que necesitas saber de la pol\u00edtica mexicana e internacional; entretenimiento, espect\u00e1culos, salud y mucho m\u00e1s.\",\"potentialAction\":[{\"@type\":\"SearchAction\",\"target\":{\"@type\":\"EntryPoint\",\"urlTemplate\":\"https:\\\/\\\/www.bbmnoticias.com\\\/labravaradiofm\\\/?s={search_term_string}\"},\"query-input\":{\"@type\":\"PropertyValueSpecification\",\"valueRequired\":true,\"valueName\":\"search_term_string\"}}],\"inLanguage\":\"es\"},{\"@type\":\"Person\",\"@id\":\"https:\\\/\\\/www.bbmnoticias.com\\\/labravaradiofm\\\/#\\\/schema\\\/person\\\/68a9e9036ef3c5b55aeb2b71dc8bab45\",\"name\":\"Staff\",\"image\":{\"@type\":\"ImageObject\",\"inLanguage\":\"es\",\"@id\":\"https:\\\/\\\/secure.gravatar.com\\\/avatar\\\/fdd21ad66fd8b98c407f9dee5b5e588cfe7f0d8579ec20fa6527cd59bab7f0f0?s=96&d=mm&r=g\",\"url\":\"https:\\\/\\\/secure.gravatar.com\\\/avatar\\\/fdd21ad66fd8b98c407f9dee5b5e588cfe7f0d8579ec20fa6527cd59bab7f0f0?s=96&d=mm&r=g\",\"contentUrl\":\"https:\\\/\\\/secure.gravatar.com\\\/avatar\\\/fdd21ad66fd8b98c407f9dee5b5e588cfe7f0d8579ec20fa6527cd59bab7f0f0?s=96&d=mm&r=g\",\"caption\":\"Staff\"},\"url\":\"https:\\\/\\\/www.bbmnoticias.com\\\/labravaradiofm\\\/author\\\/redaccion\\\/\"}]}<\/script>\n<!-- \/ Yoast SEO plugin. -->","yoast_head_json":{"title":"Llega a Huatulco el nuevo vuelo invernal desde Vancouver, Canad\u00e1: Sectur Oaxaca - LA BRAVA RADIO","robots":{"index":"index","follow":"follow","max-snippet":"max-snippet:-1","max-image-preview":"max-image-preview:large","max-video-preview":"max-video-preview:-1"},"canonical":"https:\/\/www.bbmnoticias.com\/llega-a-huatulco-el-nuevo-vuelo-invernal-desde-vancouver-canada-sectur-oaxaca\/","og_locale":"es_MX","og_type":"article","og_title":"Llega a Huatulco el nuevo vuelo invernal desde Vancouver, Canad\u00e1: Sectur Oaxaca - LA BRAVA RADIO","og_description":"Santa Mar\u00eda Huatulco, Oax.- El Gobierno de Oaxaca recibi\u00f3 en Bah\u00edas de Huatulco el nuevo vuelo de la temporada invernal procedente de Vancouver, Canad\u00e1; el cual tendr\u00e1 una frecuencia semanal los d\u00edas domingos. El director de Comercializaci\u00f3n de la Secretar\u00eda de Turismo (Sectur Oaxaca), \u00c1ngel Norberto Osorio Morales inform\u00f3 que este trayecto de la aerol\u00ednea [&hellip;]","og_url":"https:\/\/www.bbmnoticias.com\/llega-a-huatulco-el-nuevo-vuelo-invernal-desde-vancouver-canada-sectur-oaxaca\/","og_site_name":"LA BRAVA RADIO","article_published_time":"2025-12-08T15:01:58+00:00","article_modified_time":"2025-12-08T15:02:03+00:00","og_image":[{"width":800,"height":523,"url":"https:\/\/www.bbmnoticias.com\/labravaradiofm\/wp-content\/uploads\/sites\/5\/2025\/12\/vuelo_vancouver_canada.jpg","type":"image\/jpeg"}],"author":"Staff","twitter_card":"summary_large_image","twitter_misc":{"Escrito por":"Staff","Tiempo de lectura":"1 minuto"},"schema":{"@context":"https:\/\/schema.org","@graph":[{"@type":"Article","@id":"https:\/\/www.bbmnoticias.com\/llega-a-huatulco-el-nuevo-vuelo-invernal-desde-vancouver-canada-sectur-oaxaca\/#article","isPartOf":{"@id":"https:\/\/www.bbmnoticias.com\/labravaradiofm\/2025\/12\/08\/llega-a-huatulco-el-nuevo-vuelo-invernal-desde-vancouver-canada-sectur-oaxaca\/"},"author":{"name":"Staff","@id":"https:\/\/www.bbmnoticias.com\/labravaradiofm\/#\/schema\/person\/68a9e9036ef3c5b55aeb2b71dc8bab45"},"headline":"Llega a Huatulco el nuevo vuelo invernal desde Vancouver, Canad\u00e1: Sectur Oaxaca","datePublished":"2025-12-08T15:01:58+00:00","dateModified":"2025-12-08T15:02:03+00:00","mainEntityOfPage":{"@id":"https:\/\/www.bbmnoticias.com\/labravaradiofm\/2025\/12\/08\/llega-a-huatulco-el-nuevo-vuelo-invernal-desde-vancouver-canada-sectur-oaxaca\/"},"wordCount":208,"image":{"@id":"https:\/\/www.bbmnoticias.com\/llega-a-huatulco-el-nuevo-vuelo-invernal-desde-vancouver-canada-sectur-oaxaca\/#primaryimage"},"thumbnailUrl":"https:\/\/www.bbmnoticias.com\/labravaradiofm\/wp-content\/uploads\/sites\/5\/2025\/12\/vuelo_vancouver_canada.jpg","articleSection":["LOCAL"],"inLanguage":"es"},{"@type":"WebPage","@id":"https:\/\/www.bbmnoticias.com\/labravaradiofm\/2025\/12\/08\/llega-a-huatulco-el-nuevo-vuelo-invernal-desde-vancouver-canada-sectur-oaxaca\/","url":"https:\/\/www.bbmnoticias.com\/llega-a-huatulco-el-nuevo-vuelo-invernal-desde-vancouver-canada-sectur-oaxaca\/","name":"Llega a Huatulco el nuevo vuelo invernal desde Vancouver, Canad\u00e1: Sectur Oaxaca - LA BRAVA RADIO","isPartOf":{"@id":"https:\/\/www.bbmnoticias.com\/labravaradiofm\/#website"},"primaryImageOfPage":{"@id":"https:\/\/www.bbmnoticias.com\/llega-a-huatulco-el-nuevo-vuelo-invernal-desde-vancouver-canada-sectur-oaxaca\/#primaryimage"},"image":{"@id":"https:\/\/www.bbmnoticias.com\/llega-a-huatulco-el-nuevo-vuelo-invernal-desde-vancouver-canada-sectur-oaxaca\/#primaryimage"},"thumbnailUrl":"https:\/\/www.bbmnoticias.com\/labravaradiofm\/wp-content\/uploads\/sites\/5\/2025\/12\/vuelo_vancouver_canada.jpg","datePublished":"2025-12-08T15:01:58+00:00","dateModified":"2025-12-08T15:02:03+00:00","author":{"@id":"https:\/\/www.bbmnoticias.com\/labravaradiofm\/#\/schema\/person\/68a9e9036ef3c5b55aeb2b71dc8bab45"},"breadcrumb":{"@id":"https:\/\/www.bbmnoticias.com\/llega-a-huatulco-el-nuevo-vuelo-invernal-desde-vancouver-canada-sectur-oaxaca\/#breadcrumb"},"inLanguage":"es","potentialAction":[{"@type":"ReadAction","target":["https:\/\/www.bbmnoticias.com\/llega-a-huatulco-el-nuevo-vuelo-invernal-desde-vancouver-canada-sectur-oaxaca\/"]}]},{"@type":"ImageObject","inLanguage":"es","@id":"https:\/\/www.bbmnoticias.com\/llega-a-huatulco-el-nuevo-vuelo-invernal-desde-vancouver-canada-sectur-oaxaca\/#primaryimage","url":"https:\/\/www.bbmnoticias.com\/labravaradiofm\/wp-content\/uploads\/sites\/5\/2025\/12\/vuelo_vancouver_canada.jpg","contentUrl":"https:\/\/www.bbmnoticias.com\/labravaradiofm\/wp-content\/uploads\/sites\/5\/2025\/12\/vuelo_vancouver_canada.jpg","width":800,"height":523},{"@type":"BreadcrumbList","@id":"https:\/\/www.bbmnoticias.com\/llega-a-huatulco-el-nuevo-vuelo-invernal-desde-vancouver-canada-sectur-oaxaca\/#breadcrumb","itemListElement":[{"@type":"ListItem","position":1,"name":"Inicio","item":"https:\/\/www.bbmnoticias.com\/labravaradiofm\/"},{"@type":"ListItem","position":2,"name":"Llega a Huatulco el nuevo vuelo invernal desde Vancouver, Canad\u00e1: Sectur Oaxaca"}]},{"@type":"WebSite","@id":"https:\/\/www.bbmnoticias.com\/labravaradiofm\/#website","url":"https:\/\/www.bbmnoticias.com\/labravaradiofm\/","name":"LA BRAVA RADIO","description":"Empresa productora de medios, Radiodifusi\u00f3n, Noticias, tendencias y todo lo que necesitas saber de la pol\u00edtica mexicana e internacional; entretenimiento, espect\u00e1culos, salud y mucho m\u00e1s.","potentialAction":[{"@type":"SearchAction","target":{"@type":"EntryPoint","urlTemplate":"https:\/\/www.bbmnoticias.com\/labravaradiofm\/?s={search_term_string}"},"query-input":{"@type":"PropertyValueSpecification","valueRequired":true,"valueName":"search_term_string"}}],"inLanguage":"es"},{"@type":"Person","@id":"https:\/\/www.bbmnoticias.com\/labravaradiofm\/#\/schema\/person\/68a9e9036ef3c5b55aeb2b71dc8bab45","name":"Staff","image":{"@type":"ImageObject","inLanguage":"es","@id":"https:\/\/secure.gravatar.com\/avatar\/fdd21ad66fd8b98c407f9dee5b5e588cfe7f0d8579ec20fa6527cd59bab7f0f0?s=96&d=mm&r=g","url":"https:\/\/secure.gravatar.com\/avatar\/fdd21ad66fd8b98c407f9dee5b5e588cfe7f0d8579ec20fa6527cd59bab7f0f0?s=96&d=mm&r=g","contentUrl":"https:\/\/secure.gravatar.com\/avatar\/fdd21ad66fd8b98c407f9dee5b5e588cfe7f0d8579ec20fa6527cd59bab7f0f0?s=96&d=mm&r=g","caption":"Staff"},"url":"https:\/\/www.bbmnoticias.com\/labravaradiofm\/author\/redaccion\/"}]}},"_links":{"self":[{"href":"https:\/\/www.bbmnoticias.com\/labravaradiofm\/wp-json\/wp\/v2\/posts\/70948","targetHints":{"allow":["GET"]}}],"collection":[{"href":"https:\/\/www.bbmnoticias.com\/labravaradiofm\/wp-json\/wp\/v2\/posts"}],"about":[{"href":"https:\/\/www.bbmnoticias.com\/labravaradiofm\/wp-json\/wp\/v2\/types\/post"}],"author":[{"embeddable":true,"href":"https:\/\/www.bbmnoticias.com\/labravaradiofm\/wp-json\/wp\/v2\/users\/2"}],"replies":[{"embeddable":true,"href":"https:\/\/www.bbmnoticias.com\/labravaradiofm\/wp-json\/wp\/v2\/comments?post=70948"}],"version-history":[{"count":0,"href":"https:\/\/www.bbmnoticias.com\/labravaradiofm\/wp-json\/wp\/v2\/posts\/70948\/revisions"}],"wp:featuredmedia":[{"embeddable":true,"href":"https:\/\/www.bbmnoticias.com\/labravaradiofm\/wp-json\/wp\/v2\/media\/70950"}],"wp:attachment":[{"href":"https:\/\/www.bbmnoticias.com\/labravaradiofm\/wp-json\/wp\/v2\/media?parent=70948"}],"wp:term":[{"taxonomy":"category","embeddable":true,"href":"https:\/\/www.bbmnoticias.com\/labravaradiofm\/wp-json\/wp\/v2\/categories?post=70948"},{"taxonomy":"post_tag","embeddable":true,"href":"https:\/\/www.bbmnoticias.com\/labravaradiofm\/wp-json\/wp\/v2\/tags?post=70948"}],"curies":[{"name":"wp","href":"https:\/\/api.w.org\/{rel}","templated":true}]}}