{"id":70945,"date":"2025-12-08T08:54:57","date_gmt":"2025-12-08T14:54:57","guid":{"rendered":"https:\/\/www.bbmnoticias.com\/labravaradiofm\/2025\/12\/08\/se-preve-condiciones-de-tiempo-adverso-por-frente-frio-numero-19-en-oaxaca\/"},"modified":"2025-12-08T08:55:06","modified_gmt":"2025-12-08T14:55:06","slug":"se-preve-condiciones-de-tiempo-adverso-por-frente-frio-numero-19-en-oaxaca","status":"publish","type":"post","link":"https:\/\/www.bbmnoticias.com\/labravaradiofm\/2025\/12\/08\/se-preve-condiciones-de-tiempo-adverso-por-frente-frio-numero-19-en-oaxaca\/","title":{"rendered":"Se prev\u00e9 condiciones de tiempo adverso por frente fr\u00edo n\u00famero 19 en Oaxaca"},"content":{"rendered":"<div style=\"margin-top: 0px; margin-bottom: 0px;\" class=\"sharethis-inline-share-buttons\" ><\/div>\n<p><strong>Oaxaca de Ju\u00e1rez, Oax.-<\/strong> La Coordinaci\u00f3n Estatal de Protecci\u00f3n Civil y Gesti\u00f3n de Riesgos (CEPCyGR) informa que se prev\u00e9 un incremento de nubosidad y lluvias en la Cuenca del Papaloapan, el norte del Istmo de Tehuantepec, la Sierra de Flores Mag\u00f3n y algunas zonas de la Sierra de Ju\u00e1rez, acompa\u00f1adas de niebla densa al amanecer.<\/p>\n\n\n\n<figure class=\"wp-block-embed is-type-rich is-provider-twitter wp-block-embed-twitter\"><div class=\"wp-block-embed__wrapper\">\n<blockquote class=\"twitter-tweet\" data-width=\"550\" data-dnt=\"true\"><p lang=\"es\" dir=\"ltr\">\ud83d\ude00 Comienza la semana bien informado sobre las condiciones del tiempo con nuestro <a href=\"https:\/\/twitter.com\/hashtag\/VideoPron%C3%B3stico?src=hash&amp;ref_src=twsrc%5Etfw\">#VideoPron\u00f3stico<\/a> matutino.<br><br>\u00a1Excelente lunes! <a href=\"https:\/\/t.co\/yD96gIjPOk\">pic.twitter.com\/yD96gIjPOk<\/a><\/p>&mdash; CONAGUA Clima (@conagua_clima) <a href=\"https:\/\/twitter.com\/conagua_clima\/status\/1998023507461239181?ref_src=twsrc%5Etfw\">December 8, 2025<\/a><\/blockquote><script async src=\"https:\/\/platform.twitter.com\/widgets.js\" charset=\"utf-8\"><\/script>\n<\/div><\/figure>\n\n\n\n<p>Estas condiciones se deben al frente fr\u00edo n\u00famero 19, ubicado sobre el Golfo de M\u00e9xico, el cual continuar\u00e1 su desplazamiento hacia el sureste, alcanzando la Pen\u00ednsula de Yucat\u00e1n durante la noche.<\/p>\n\n\n\n<p>De acuerdo con el pron\u00f3stico del tiempo emitido por la Comisi\u00f3n Nacional del Agua (Conagua), la masa de aire fr\u00edo que impulsa este sistema provocar\u00e1 un descenso en la temperatura, as\u00ed como evento de norte de fuerte a muy fuerte en el Istmo y Golfo de Tehuantepec, con oleaje elevado y baja sensaci\u00f3n t\u00e9rmica debido a las condiciones ventosas.<\/p>\n\n\n\n<p>Las temperaturas para este d\u00eda son las siguientes:<\/p>\n\n\n\n<p>\u2022&nbsp;&nbsp;&nbsp;&nbsp;&nbsp;&nbsp;&nbsp;&nbsp;&nbsp; Valles Centrales, m\u00ednima de 8 y m\u00e1xima de 27 grados<\/p>\n\n\n\n<p>\u2022&nbsp;&nbsp;&nbsp;&nbsp;&nbsp;&nbsp;&nbsp;&nbsp;&nbsp; Istmo de Tehuantepec, m\u00ednima de 18 y m\u00e1xima de 32 grados<\/p>\n\n\n\n<p>\u2022&nbsp;&nbsp;&nbsp;&nbsp;&nbsp;&nbsp;&nbsp;&nbsp;&nbsp; Cuenca del Papaloapan, m\u00ednima de 15 y m\u00e1xima de 28 grados<\/p>\n\n\n\n<p>\u2022&nbsp;&nbsp;&nbsp;&nbsp;&nbsp;&nbsp;&nbsp;&nbsp;&nbsp; Costa, m\u00ednima de 22 y m\u00e1xima de 32 grados<\/p>\n\n\n\n<p>\u2022&nbsp;&nbsp;&nbsp;&nbsp;&nbsp;&nbsp;&nbsp;&nbsp;&nbsp; Mixteca, m\u00ednima de 6 y m\u00e1xima de 25 grados<\/p>\n\n\n\n<p>\u2022&nbsp;&nbsp;&nbsp;&nbsp;&nbsp;&nbsp;&nbsp;&nbsp;&nbsp; Sierra de Flores Mag\u00f3n, m\u00ednima de 12 y m\u00e1xima de 30 grados<\/p>\n\n\n\n<p>\u2022&nbsp;&nbsp;&nbsp;&nbsp;&nbsp;&nbsp;&nbsp;&nbsp;&nbsp; Sierra de Ju\u00e1rez, m\u00ednima de 5 y m\u00e1xima de 23 grados<\/p>\n\n\n\n<p>\u2022&nbsp;&nbsp;&nbsp;&nbsp;&nbsp;&nbsp;&nbsp;&nbsp;&nbsp; Sierra Sur, m\u00ednima de 7 y m\u00e1xima de 25 grados<\/p>\n\n\n\n<p>Se exhorta a la poblaci\u00f3n atender las recomendaciones de Protecci\u00f3n Civil y Capitan\u00edas de Puerto, as\u00ed como a mantenerse informada de las condiciones meteorol\u00f3gicas a trav\u00e9s de los medios y redes sociales oficiales: Facebook @CEPCYGRGobOax y en X @CEPCyGR_GobOax.<\/p>\n","protected":false},"excerpt":{"rendered":"<p>Oaxaca de Ju\u00e1rez, Oax.- La Coordinaci\u00f3n Estatal de Protecci\u00f3n Civil y Gesti\u00f3n de Riesgos (CEPCyGR) informa que se prev\u00e9 un incremento de nubosidad y lluvias en la Cuenca del Papaloapan, el norte del Istmo de Tehuantepec, la Sierra de Flores Mag\u00f3n y algunas zonas de la Sierra de Ju\u00e1rez, acompa\u00f1adas de niebla densa al amanecer. [&hellip;]<\/p>\n","protected":false},"author":2,"featured_media":70947,"comment_status":"closed","ping_status":"","sticky":false,"template":"","format":"standard","meta":{"footnotes":""},"categories":[2],"tags":[],"class_list":{"0":"post-70945","1":"post","2":"type-post","3":"status-publish","4":"format-standard","5":"has-post-thumbnail","7":"category-oaxaca"},"yoast_head":"<!-- This site is optimized with the Yoast SEO plugin v27.4 - https:\/\/yoast.com\/product\/yoast-seo-wordpress\/ -->\n<title>Se prev\u00e9 condiciones de tiempo adverso por frente fr\u00edo n\u00famero 19 en Oaxaca - LA BRAVA RADIO<\/title>\n<meta name=\"robots\" content=\"index, follow, max-snippet:-1, max-image-preview:large, max-video-preview:-1\" \/>\n<link rel=\"canonical\" href=\"https:\/\/www.bbmnoticias.com\/se-preve-condiciones-de-tiempo-adverso-por-frente-frio-numero-19-en-oaxaca\/\" \/>\n<meta property=\"og:locale\" content=\"es_MX\" \/>\n<meta property=\"og:type\" content=\"article\" \/>\n<meta property=\"og:title\" content=\"Se prev\u00e9 condiciones de tiempo adverso por frente fr\u00edo n\u00famero 19 en Oaxaca - LA BRAVA RADIO\" \/>\n<meta property=\"og:description\" content=\"Oaxaca de Ju\u00e1rez, Oax.- La Coordinaci\u00f3n Estatal de Protecci\u00f3n Civil y Gesti\u00f3n de Riesgos (CEPCyGR) informa que se prev\u00e9 un incremento de nubosidad y lluvias en la Cuenca del Papaloapan, el norte del Istmo de Tehuantepec, la Sierra de Flores Mag\u00f3n y algunas zonas de la Sierra de Ju\u00e1rez, acompa\u00f1adas de niebla densa al amanecer. [&hellip;]\" \/>\n<meta property=\"og:url\" content=\"https:\/\/www.bbmnoticias.com\/se-preve-condiciones-de-tiempo-adverso-por-frente-frio-numero-19-en-oaxaca\/\" \/>\n<meta property=\"og:site_name\" content=\"LA BRAVA RADIO\" \/>\n<meta property=\"article:published_time\" content=\"2025-12-08T14:54:57+00:00\" \/>\n<meta property=\"article:modified_time\" content=\"2025-12-08T14:55:06+00:00\" \/>\n<meta property=\"og:image\" content=\"https:\/\/www.bbmnoticias.com\/labravaradiofm\/wp-content\/uploads\/sites\/5\/2025\/12\/clima_oaxaca-6.jpg\" \/>\n\t<meta property=\"og:image:width\" content=\"800\" \/>\n\t<meta property=\"og:image:height\" content=\"409\" \/>\n\t<meta property=\"og:image:type\" content=\"image\/jpeg\" \/>\n<meta name=\"author\" content=\"Staff\" \/>\n<meta name=\"twitter:card\" content=\"summary_large_image\" \/>\n<meta name=\"twitter:label1\" content=\"Escrito por\" \/>\n\t<meta name=\"twitter:data1\" content=\"Staff\" \/>\n\t<meta name=\"twitter:label2\" content=\"Tiempo de lectura\" \/>\n\t<meta name=\"twitter:data2\" content=\"2 minutos\" \/>\n<script type=\"application\/ld+json\" class=\"yoast-schema-graph\">{\"@context\":\"https:\\\/\\\/schema.org\",\"@graph\":[{\"@type\":\"Article\",\"@id\":\"https:\\\/\\\/www.bbmnoticias.com\\\/se-preve-condiciones-de-tiempo-adverso-por-frente-frio-numero-19-en-oaxaca\\\/#article\",\"isPartOf\":{\"@id\":\"https:\\\/\\\/www.bbmnoticias.com\\\/labravaradiofm\\\/2025\\\/12\\\/08\\\/se-preve-condiciones-de-tiempo-adverso-por-frente-frio-numero-19-en-oaxaca\\\/\"},\"author\":{\"name\":\"Staff\",\"@id\":\"https:\\\/\\\/www.bbmnoticias.com\\\/labravaradiofm\\\/#\\\/schema\\\/person\\\/68a9e9036ef3c5b55aeb2b71dc8bab45\"},\"headline\":\"Se prev\u00e9 condiciones de tiempo adverso por frente fr\u00edo n\u00famero 19 en Oaxaca\",\"datePublished\":\"2025-12-08T14:54:57+00:00\",\"dateModified\":\"2025-12-08T14:55:06+00:00\",\"mainEntityOfPage\":{\"@id\":\"https:\\\/\\\/www.bbmnoticias.com\\\/labravaradiofm\\\/2025\\\/12\\\/08\\\/se-preve-condiciones-de-tiempo-adverso-por-frente-frio-numero-19-en-oaxaca\\\/\"},\"wordCount\":393,\"image\":{\"@id\":\"https:\\\/\\\/www.bbmnoticias.com\\\/se-preve-condiciones-de-tiempo-adverso-por-frente-frio-numero-19-en-oaxaca\\\/#primaryimage\"},\"thumbnailUrl\":\"https:\\\/\\\/www.bbmnoticias.com\\\/labravaradiofm\\\/wp-content\\\/uploads\\\/sites\\\/5\\\/2025\\\/12\\\/clima_oaxaca-6.jpg\",\"articleSection\":[\"LOCAL\"],\"inLanguage\":\"es\"},{\"@type\":\"WebPage\",\"@id\":\"https:\\\/\\\/www.bbmnoticias.com\\\/labravaradiofm\\\/2025\\\/12\\\/08\\\/se-preve-condiciones-de-tiempo-adverso-por-frente-frio-numero-19-en-oaxaca\\\/\",\"url\":\"https:\\\/\\\/www.bbmnoticias.com\\\/se-preve-condiciones-de-tiempo-adverso-por-frente-frio-numero-19-en-oaxaca\\\/\",\"name\":\"Se prev\u00e9 condiciones de tiempo adverso por frente fr\u00edo n\u00famero 19 en Oaxaca - LA BRAVA RADIO\",\"isPartOf\":{\"@id\":\"https:\\\/\\\/www.bbmnoticias.com\\\/labravaradiofm\\\/#website\"},\"primaryImageOfPage\":{\"@id\":\"https:\\\/\\\/www.bbmnoticias.com\\\/se-preve-condiciones-de-tiempo-adverso-por-frente-frio-numero-19-en-oaxaca\\\/#primaryimage\"},\"image\":{\"@id\":\"https:\\\/\\\/www.bbmnoticias.com\\\/se-preve-condiciones-de-tiempo-adverso-por-frente-frio-numero-19-en-oaxaca\\\/#primaryimage\"},\"thumbnailUrl\":\"https:\\\/\\\/www.bbmnoticias.com\\\/labravaradiofm\\\/wp-content\\\/uploads\\\/sites\\\/5\\\/2025\\\/12\\\/clima_oaxaca-6.jpg\",\"datePublished\":\"2025-12-08T14:54:57+00:00\",\"dateModified\":\"2025-12-08T14:55:06+00:00\",\"author\":{\"@id\":\"https:\\\/\\\/www.bbmnoticias.com\\\/labravaradiofm\\\/#\\\/schema\\\/person\\\/68a9e9036ef3c5b55aeb2b71dc8bab45\"},\"breadcrumb\":{\"@id\":\"https:\\\/\\\/www.bbmnoticias.com\\\/se-preve-condiciones-de-tiempo-adverso-por-frente-frio-numero-19-en-oaxaca\\\/#breadcrumb\"},\"inLanguage\":\"es\",\"potentialAction\":[{\"@type\":\"ReadAction\",\"target\":[\"https:\\\/\\\/www.bbmnoticias.com\\\/se-preve-condiciones-de-tiempo-adverso-por-frente-frio-numero-19-en-oaxaca\\\/\"]}]},{\"@type\":\"ImageObject\",\"inLanguage\":\"es\",\"@id\":\"https:\\\/\\\/www.bbmnoticias.com\\\/se-preve-condiciones-de-tiempo-adverso-por-frente-frio-numero-19-en-oaxaca\\\/#primaryimage\",\"url\":\"https:\\\/\\\/www.bbmnoticias.com\\\/labravaradiofm\\\/wp-content\\\/uploads\\\/sites\\\/5\\\/2025\\\/12\\\/clima_oaxaca-6.jpg\",\"contentUrl\":\"https:\\\/\\\/www.bbmnoticias.com\\\/labravaradiofm\\\/wp-content\\\/uploads\\\/sites\\\/5\\\/2025\\\/12\\\/clima_oaxaca-6.jpg\",\"width\":800,\"height\":409},{\"@type\":\"BreadcrumbList\",\"@id\":\"https:\\\/\\\/www.bbmnoticias.com\\\/se-preve-condiciones-de-tiempo-adverso-por-frente-frio-numero-19-en-oaxaca\\\/#breadcrumb\",\"itemListElement\":[{\"@type\":\"ListItem\",\"position\":1,\"name\":\"Inicio\",\"item\":\"https:\\\/\\\/www.bbmnoticias.com\\\/labravaradiofm\\\/\"},{\"@type\":\"ListItem\",\"position\":2,\"name\":\"Se prev\u00e9 condiciones de tiempo adverso por frente fr\u00edo n\u00famero 19 en Oaxaca\"}]},{\"@type\":\"WebSite\",\"@id\":\"https:\\\/\\\/www.bbmnoticias.com\\\/labravaradiofm\\\/#website\",\"url\":\"https:\\\/\\\/www.bbmnoticias.com\\\/labravaradiofm\\\/\",\"name\":\"LA BRAVA RADIO\",\"description\":\"Empresa productora de medios, Radiodifusi\u00f3n, Noticias, tendencias y todo lo que necesitas saber de la pol\u00edtica mexicana e internacional; entretenimiento, espect\u00e1culos, salud y mucho m\u00e1s.\",\"potentialAction\":[{\"@type\":\"SearchAction\",\"target\":{\"@type\":\"EntryPoint\",\"urlTemplate\":\"https:\\\/\\\/www.bbmnoticias.com\\\/labravaradiofm\\\/?s={search_term_string}\"},\"query-input\":{\"@type\":\"PropertyValueSpecification\",\"valueRequired\":true,\"valueName\":\"search_term_string\"}}],\"inLanguage\":\"es\"},{\"@type\":\"Person\",\"@id\":\"https:\\\/\\\/www.bbmnoticias.com\\\/labravaradiofm\\\/#\\\/schema\\\/person\\\/68a9e9036ef3c5b55aeb2b71dc8bab45\",\"name\":\"Staff\",\"image\":{\"@type\":\"ImageObject\",\"inLanguage\":\"es\",\"@id\":\"https:\\\/\\\/secure.gravatar.com\\\/avatar\\\/fdd21ad66fd8b98c407f9dee5b5e588cfe7f0d8579ec20fa6527cd59bab7f0f0?s=96&d=mm&r=g\",\"url\":\"https:\\\/\\\/secure.gravatar.com\\\/avatar\\\/fdd21ad66fd8b98c407f9dee5b5e588cfe7f0d8579ec20fa6527cd59bab7f0f0?s=96&d=mm&r=g\",\"contentUrl\":\"https:\\\/\\\/secure.gravatar.com\\\/avatar\\\/fdd21ad66fd8b98c407f9dee5b5e588cfe7f0d8579ec20fa6527cd59bab7f0f0?s=96&d=mm&r=g\",\"caption\":\"Staff\"},\"url\":\"https:\\\/\\\/www.bbmnoticias.com\\\/labravaradiofm\\\/author\\\/redaccion\\\/\"}]}<\/script>\n<!-- \/ Yoast SEO plugin. -->","yoast_head_json":{"title":"Se prev\u00e9 condiciones de tiempo adverso por frente fr\u00edo n\u00famero 19 en Oaxaca - LA BRAVA RADIO","robots":{"index":"index","follow":"follow","max-snippet":"max-snippet:-1","max-image-preview":"max-image-preview:large","max-video-preview":"max-video-preview:-1"},"canonical":"https:\/\/www.bbmnoticias.com\/se-preve-condiciones-de-tiempo-adverso-por-frente-frio-numero-19-en-oaxaca\/","og_locale":"es_MX","og_type":"article","og_title":"Se prev\u00e9 condiciones de tiempo adverso por frente fr\u00edo n\u00famero 19 en Oaxaca - LA BRAVA RADIO","og_description":"Oaxaca de Ju\u00e1rez, Oax.- La Coordinaci\u00f3n Estatal de Protecci\u00f3n Civil y Gesti\u00f3n de Riesgos (CEPCyGR) informa que se prev\u00e9 un incremento de nubosidad y lluvias en la Cuenca del Papaloapan, el norte del Istmo de Tehuantepec, la Sierra de Flores Mag\u00f3n y algunas zonas de la Sierra de Ju\u00e1rez, acompa\u00f1adas de niebla densa al amanecer. [&hellip;]","og_url":"https:\/\/www.bbmnoticias.com\/se-preve-condiciones-de-tiempo-adverso-por-frente-frio-numero-19-en-oaxaca\/","og_site_name":"LA BRAVA RADIO","article_published_time":"2025-12-08T14:54:57+00:00","article_modified_time":"2025-12-08T14:55:06+00:00","og_image":[{"width":800,"height":409,"url":"https:\/\/www.bbmnoticias.com\/labravaradiofm\/wp-content\/uploads\/sites\/5\/2025\/12\/clima_oaxaca-6.jpg","type":"image\/jpeg"}],"author":"Staff","twitter_card":"summary_large_image","twitter_misc":{"Escrito por":"Staff","Tiempo de lectura":"2 minutos"},"schema":{"@context":"https:\/\/schema.org","@graph":[{"@type":"Article","@id":"https:\/\/www.bbmnoticias.com\/se-preve-condiciones-de-tiempo-adverso-por-frente-frio-numero-19-en-oaxaca\/#article","isPartOf":{"@id":"https:\/\/www.bbmnoticias.com\/labravaradiofm\/2025\/12\/08\/se-preve-condiciones-de-tiempo-adverso-por-frente-frio-numero-19-en-oaxaca\/"},"author":{"name":"Staff","@id":"https:\/\/www.bbmnoticias.com\/labravaradiofm\/#\/schema\/person\/68a9e9036ef3c5b55aeb2b71dc8bab45"},"headline":"Se prev\u00e9 condiciones de tiempo adverso por frente fr\u00edo n\u00famero 19 en Oaxaca","datePublished":"2025-12-08T14:54:57+00:00","dateModified":"2025-12-08T14:55:06+00:00","mainEntityOfPage":{"@id":"https:\/\/www.bbmnoticias.com\/labravaradiofm\/2025\/12\/08\/se-preve-condiciones-de-tiempo-adverso-por-frente-frio-numero-19-en-oaxaca\/"},"wordCount":393,"image":{"@id":"https:\/\/www.bbmnoticias.com\/se-preve-condiciones-de-tiempo-adverso-por-frente-frio-numero-19-en-oaxaca\/#primaryimage"},"thumbnailUrl":"https:\/\/www.bbmnoticias.com\/labravaradiofm\/wp-content\/uploads\/sites\/5\/2025\/12\/clima_oaxaca-6.jpg","articleSection":["LOCAL"],"inLanguage":"es"},{"@type":"WebPage","@id":"https:\/\/www.bbmnoticias.com\/labravaradiofm\/2025\/12\/08\/se-preve-condiciones-de-tiempo-adverso-por-frente-frio-numero-19-en-oaxaca\/","url":"https:\/\/www.bbmnoticias.com\/se-preve-condiciones-de-tiempo-adverso-por-frente-frio-numero-19-en-oaxaca\/","name":"Se prev\u00e9 condiciones de tiempo adverso por frente fr\u00edo n\u00famero 19 en Oaxaca - LA BRAVA RADIO","isPartOf":{"@id":"https:\/\/www.bbmnoticias.com\/labravaradiofm\/#website"},"primaryImageOfPage":{"@id":"https:\/\/www.bbmnoticias.com\/se-preve-condiciones-de-tiempo-adverso-por-frente-frio-numero-19-en-oaxaca\/#primaryimage"},"image":{"@id":"https:\/\/www.bbmnoticias.com\/se-preve-condiciones-de-tiempo-adverso-por-frente-frio-numero-19-en-oaxaca\/#primaryimage"},"thumbnailUrl":"https:\/\/www.bbmnoticias.com\/labravaradiofm\/wp-content\/uploads\/sites\/5\/2025\/12\/clima_oaxaca-6.jpg","datePublished":"2025-12-08T14:54:57+00:00","dateModified":"2025-12-08T14:55:06+00:00","author":{"@id":"https:\/\/www.bbmnoticias.com\/labravaradiofm\/#\/schema\/person\/68a9e9036ef3c5b55aeb2b71dc8bab45"},"breadcrumb":{"@id":"https:\/\/www.bbmnoticias.com\/se-preve-condiciones-de-tiempo-adverso-por-frente-frio-numero-19-en-oaxaca\/#breadcrumb"},"inLanguage":"es","potentialAction":[{"@type":"ReadAction","target":["https:\/\/www.bbmnoticias.com\/se-preve-condiciones-de-tiempo-adverso-por-frente-frio-numero-19-en-oaxaca\/"]}]},{"@type":"ImageObject","inLanguage":"es","@id":"https:\/\/www.bbmnoticias.com\/se-preve-condiciones-de-tiempo-adverso-por-frente-frio-numero-19-en-oaxaca\/#primaryimage","url":"https:\/\/www.bbmnoticias.com\/labravaradiofm\/wp-content\/uploads\/sites\/5\/2025\/12\/clima_oaxaca-6.jpg","contentUrl":"https:\/\/www.bbmnoticias.com\/labravaradiofm\/wp-content\/uploads\/sites\/5\/2025\/12\/clima_oaxaca-6.jpg","width":800,"height":409},{"@type":"BreadcrumbList","@id":"https:\/\/www.bbmnoticias.com\/se-preve-condiciones-de-tiempo-adverso-por-frente-frio-numero-19-en-oaxaca\/#breadcrumb","itemListElement":[{"@type":"ListItem","position":1,"name":"Inicio","item":"https:\/\/www.bbmnoticias.com\/labravaradiofm\/"},{"@type":"ListItem","position":2,"name":"Se prev\u00e9 condiciones de tiempo adverso por frente fr\u00edo n\u00famero 19 en Oaxaca"}]},{"@type":"WebSite","@id":"https:\/\/www.bbmnoticias.com\/labravaradiofm\/#website","url":"https:\/\/www.bbmnoticias.com\/labravaradiofm\/","name":"LA BRAVA RADIO","description":"Empresa productora de medios, Radiodifusi\u00f3n, Noticias, tendencias y todo lo que necesitas saber de la pol\u00edtica mexicana e internacional; entretenimiento, espect\u00e1culos, salud y mucho m\u00e1s.","potentialAction":[{"@type":"SearchAction","target":{"@type":"EntryPoint","urlTemplate":"https:\/\/www.bbmnoticias.com\/labravaradiofm\/?s={search_term_string}"},"query-input":{"@type":"PropertyValueSpecification","valueRequired":true,"valueName":"search_term_string"}}],"inLanguage":"es"},{"@type":"Person","@id":"https:\/\/www.bbmnoticias.com\/labravaradiofm\/#\/schema\/person\/68a9e9036ef3c5b55aeb2b71dc8bab45","name":"Staff","image":{"@type":"ImageObject","inLanguage":"es","@id":"https:\/\/secure.gravatar.com\/avatar\/fdd21ad66fd8b98c407f9dee5b5e588cfe7f0d8579ec20fa6527cd59bab7f0f0?s=96&d=mm&r=g","url":"https:\/\/secure.gravatar.com\/avatar\/fdd21ad66fd8b98c407f9dee5b5e588cfe7f0d8579ec20fa6527cd59bab7f0f0?s=96&d=mm&r=g","contentUrl":"https:\/\/secure.gravatar.com\/avatar\/fdd21ad66fd8b98c407f9dee5b5e588cfe7f0d8579ec20fa6527cd59bab7f0f0?s=96&d=mm&r=g","caption":"Staff"},"url":"https:\/\/www.bbmnoticias.com\/labravaradiofm\/author\/redaccion\/"}]}},"_links":{"self":[{"href":"https:\/\/www.bbmnoticias.com\/labravaradiofm\/wp-json\/wp\/v2\/posts\/70945","targetHints":{"allow":["GET"]}}],"collection":[{"href":"https:\/\/www.bbmnoticias.com\/labravaradiofm\/wp-json\/wp\/v2\/posts"}],"about":[{"href":"https:\/\/www.bbmnoticias.com\/labravaradiofm\/wp-json\/wp\/v2\/types\/post"}],"author":[{"embeddable":true,"href":"https:\/\/www.bbmnoticias.com\/labravaradiofm\/wp-json\/wp\/v2\/users\/2"}],"replies":[{"embeddable":true,"href":"https:\/\/www.bbmnoticias.com\/labravaradiofm\/wp-json\/wp\/v2\/comments?post=70945"}],"version-history":[{"count":0,"href":"https:\/\/www.bbmnoticias.com\/labravaradiofm\/wp-json\/wp\/v2\/posts\/70945\/revisions"}],"wp:featuredmedia":[{"embeddable":true,"href":"https:\/\/www.bbmnoticias.com\/labravaradiofm\/wp-json\/wp\/v2\/media\/70947"}],"wp:attachment":[{"href":"https:\/\/www.bbmnoticias.com\/labravaradiofm\/wp-json\/wp\/v2\/media?parent=70945"}],"wp:term":[{"taxonomy":"category","embeddable":true,"href":"https:\/\/www.bbmnoticias.com\/labravaradiofm\/wp-json\/wp\/v2\/categories?post=70945"},{"taxonomy":"post_tag","embeddable":true,"href":"https:\/\/www.bbmnoticias.com\/labravaradiofm\/wp-json\/wp\/v2\/tags?post=70945"}],"curies":[{"name":"wp","href":"https:\/\/api.w.org\/{rel}","templated":true}]}}