{"id":70912,"date":"2025-12-05T15:27:21","date_gmt":"2025-12-05T21:27:21","guid":{"rendered":"https:\/\/www.bbmnoticias.com\/labravaradiofm\/2025\/12\/05\/fiscalia-de-oaxaca-rescata-a-kira-ante-probable-maltrato-animal-y-activa-medidas-de-proteccion\/"},"modified":"2025-12-05T15:27:31","modified_gmt":"2025-12-05T21:27:31","slug":"fiscalia-de-oaxaca-rescata-a-kira-ante-probable-maltrato-animal-y-activa-medidas-de-proteccion","status":"publish","type":"post","link":"https:\/\/www.bbmnoticias.com\/labravaradiofm\/2025\/12\/05\/fiscalia-de-oaxaca-rescata-a-kira-ante-probable-maltrato-animal-y-activa-medidas-de-proteccion\/","title":{"rendered":"Fiscal\u00eda de Oaxaca rescata a Kira ante probable maltrato animal y activa medidas de protecci\u00f3n"},"content":{"rendered":"<div style=\"margin-top: 0px; margin-bottom: 0px;\" class=\"sharethis-inline-share-buttons\" ><\/div>\n<p><strong>Oaxaca de Ju\u00e1rez, Oax.-<\/strong> La Fiscal\u00eda General del Estado de Oaxaca (FGEO), a trav\u00e9s de la Unidad de Rescate Animal, inici\u00f3 acciones de atenci\u00f3n y protecci\u00f3n tras tener conocimiento de un caso de presunto maltrato animal ocurrido en la regi\u00f3n de los Valles Centrales.<\/p>\n\n\n\n<p>Derivado de una denuncia ciudadana, personal especializado de la FGEO acudi\u00f3 al domicilio ubicado en la calle Emiliano Zapata, en el Ejido Guadalupe Victoria, perteneciente al municipio de Oaxaca de Ju\u00e1rez, en donde fue localizada una perrita identificada como \u201cKira\u201d, la cual se encontraba amarrada y en condiciones que compromet\u00edan su bienestar.<\/p>\n\n\n\n<p>En tanto, la Fiscal\u00eda de Oaxaca integr\u00f3 la carpeta de investigaci\u00f3n correspondiente y se realizan las primeras investigaciones a trav\u00e9s de la Vicefiscal\u00eda de Valles Centrales para determinar las medidas apegadas a lo establecido en el C\u00f3digo Penal de Oaxaca.<\/p>\n\n\n\n<p>Como parte de las medidas de protecci\u00f3n para salvaguardar la integridad, Kira fue asegurada y trasladada con el perito veterinario de la Fiscal\u00eda de Oaxaca, para su valoraci\u00f3n m\u00e9dica y el dictamen pericial correspondiente sobre su estado de salud.<\/p>\n","protected":false},"excerpt":{"rendered":"<p>Oaxaca de Ju\u00e1rez, Oax.- La Fiscal\u00eda General del Estado de Oaxaca (FGEO), a trav\u00e9s de la Unidad de Rescate Animal, inici\u00f3 acciones de atenci\u00f3n y protecci\u00f3n tras tener conocimiento de un caso de presunto maltrato animal ocurrido en la regi\u00f3n de los Valles Centrales. Derivado de una denuncia ciudadana, personal especializado de la FGEO acudi\u00f3 [&hellip;]<\/p>\n","protected":false},"author":2,"featured_media":70914,"comment_status":"closed","ping_status":"","sticky":false,"template":"","format":"standard","meta":{"footnotes":""},"categories":[2],"tags":[],"class_list":{"0":"post-70912","1":"post","2":"type-post","3":"status-publish","4":"format-standard","5":"has-post-thumbnail","7":"category-oaxaca"},"yoast_head":"<!-- This site is optimized with the Yoast SEO plugin v27.4 - https:\/\/yoast.com\/product\/yoast-seo-wordpress\/ -->\n<title>Fiscal\u00eda de Oaxaca rescata a Kira ante probable maltrato animal y activa medidas de protecci\u00f3n - LA BRAVA RADIO<\/title>\n<meta name=\"robots\" content=\"index, follow, max-snippet:-1, max-image-preview:large, max-video-preview:-1\" \/>\n<link rel=\"canonical\" href=\"https:\/\/www.bbmnoticias.com\/fiscalia-de-oaxaca-rescata-a-kira-ante-probable-maltrato-animal-y-activa-medidas-de-proteccion\/\" \/>\n<meta property=\"og:locale\" content=\"es_MX\" \/>\n<meta property=\"og:type\" content=\"article\" \/>\n<meta property=\"og:title\" content=\"Fiscal\u00eda de Oaxaca rescata a Kira ante probable maltrato animal y activa medidas de protecci\u00f3n - LA BRAVA RADIO\" \/>\n<meta property=\"og:description\" content=\"Oaxaca de Ju\u00e1rez, Oax.- La Fiscal\u00eda General del Estado de Oaxaca (FGEO), a trav\u00e9s de la Unidad de Rescate Animal, inici\u00f3 acciones de atenci\u00f3n y protecci\u00f3n tras tener conocimiento de un caso de presunto maltrato animal ocurrido en la regi\u00f3n de los Valles Centrales. Derivado de una denuncia ciudadana, personal especializado de la FGEO acudi\u00f3 [&hellip;]\" \/>\n<meta property=\"og:url\" content=\"https:\/\/www.bbmnoticias.com\/fiscalia-de-oaxaca-rescata-a-kira-ante-probable-maltrato-animal-y-activa-medidas-de-proteccion\/\" \/>\n<meta property=\"og:site_name\" content=\"LA BRAVA RADIO\" \/>\n<meta property=\"article:published_time\" content=\"2025-12-05T21:27:21+00:00\" \/>\n<meta property=\"article:modified_time\" content=\"2025-12-05T21:27:31+00:00\" \/>\n<meta property=\"og:image\" content=\"https:\/\/www.bbmnoticias.com\/labravaradiofm\/wp-content\/uploads\/sites\/5\/2025\/12\/fiscalia_kira.jpg\" \/>\n\t<meta property=\"og:image:width\" content=\"800\" \/>\n\t<meta property=\"og:image:height\" content=\"531\" \/>\n\t<meta property=\"og:image:type\" content=\"image\/jpeg\" \/>\n<meta name=\"author\" content=\"Staff\" \/>\n<meta name=\"twitter:card\" content=\"summary_large_image\" \/>\n<meta name=\"twitter:label1\" content=\"Escrito por\" \/>\n\t<meta name=\"twitter:data1\" content=\"Staff\" \/>\n\t<meta name=\"twitter:label2\" content=\"Tiempo de lectura\" \/>\n\t<meta name=\"twitter:data2\" content=\"1 minuto\" \/>\n<script type=\"application\/ld+json\" class=\"yoast-schema-graph\">{\"@context\":\"https:\\\/\\\/schema.org\",\"@graph\":[{\"@type\":\"Article\",\"@id\":\"https:\\\/\\\/www.bbmnoticias.com\\\/fiscalia-de-oaxaca-rescata-a-kira-ante-probable-maltrato-animal-y-activa-medidas-de-proteccion\\\/#article\",\"isPartOf\":{\"@id\":\"https:\\\/\\\/www.bbmnoticias.com\\\/labravaradiofm\\\/2025\\\/12\\\/05\\\/fiscalia-de-oaxaca-rescata-a-kira-ante-probable-maltrato-animal-y-activa-medidas-de-proteccion\\\/\"},\"author\":{\"name\":\"Staff\",\"@id\":\"https:\\\/\\\/www.bbmnoticias.com\\\/labravaradiofm\\\/#\\\/schema\\\/person\\\/68a9e9036ef3c5b55aeb2b71dc8bab45\"},\"headline\":\"Fiscal\u00eda de Oaxaca rescata a Kira ante probable maltrato animal y activa medidas de protecci\u00f3n\",\"datePublished\":\"2025-12-05T21:27:21+00:00\",\"dateModified\":\"2025-12-05T21:27:31+00:00\",\"mainEntityOfPage\":{\"@id\":\"https:\\\/\\\/www.bbmnoticias.com\\\/labravaradiofm\\\/2025\\\/12\\\/05\\\/fiscalia-de-oaxaca-rescata-a-kira-ante-probable-maltrato-animal-y-activa-medidas-de-proteccion\\\/\"},\"wordCount\":210,\"image\":{\"@id\":\"https:\\\/\\\/www.bbmnoticias.com\\\/fiscalia-de-oaxaca-rescata-a-kira-ante-probable-maltrato-animal-y-activa-medidas-de-proteccion\\\/#primaryimage\"},\"thumbnailUrl\":\"https:\\\/\\\/www.bbmnoticias.com\\\/labravaradiofm\\\/wp-content\\\/uploads\\\/sites\\\/5\\\/2025\\\/12\\\/fiscalia_kira.jpg\",\"articleSection\":[\"LOCAL\"],\"inLanguage\":\"es\"},{\"@type\":\"WebPage\",\"@id\":\"https:\\\/\\\/www.bbmnoticias.com\\\/labravaradiofm\\\/2025\\\/12\\\/05\\\/fiscalia-de-oaxaca-rescata-a-kira-ante-probable-maltrato-animal-y-activa-medidas-de-proteccion\\\/\",\"url\":\"https:\\\/\\\/www.bbmnoticias.com\\\/fiscalia-de-oaxaca-rescata-a-kira-ante-probable-maltrato-animal-y-activa-medidas-de-proteccion\\\/\",\"name\":\"Fiscal\u00eda de Oaxaca rescata a Kira ante probable maltrato animal y activa medidas de protecci\u00f3n - LA BRAVA RADIO\",\"isPartOf\":{\"@id\":\"https:\\\/\\\/www.bbmnoticias.com\\\/labravaradiofm\\\/#website\"},\"primaryImageOfPage\":{\"@id\":\"https:\\\/\\\/www.bbmnoticias.com\\\/fiscalia-de-oaxaca-rescata-a-kira-ante-probable-maltrato-animal-y-activa-medidas-de-proteccion\\\/#primaryimage\"},\"image\":{\"@id\":\"https:\\\/\\\/www.bbmnoticias.com\\\/fiscalia-de-oaxaca-rescata-a-kira-ante-probable-maltrato-animal-y-activa-medidas-de-proteccion\\\/#primaryimage\"},\"thumbnailUrl\":\"https:\\\/\\\/www.bbmnoticias.com\\\/labravaradiofm\\\/wp-content\\\/uploads\\\/sites\\\/5\\\/2025\\\/12\\\/fiscalia_kira.jpg\",\"datePublished\":\"2025-12-05T21:27:21+00:00\",\"dateModified\":\"2025-12-05T21:27:31+00:00\",\"author\":{\"@id\":\"https:\\\/\\\/www.bbmnoticias.com\\\/labravaradiofm\\\/#\\\/schema\\\/person\\\/68a9e9036ef3c5b55aeb2b71dc8bab45\"},\"breadcrumb\":{\"@id\":\"https:\\\/\\\/www.bbmnoticias.com\\\/fiscalia-de-oaxaca-rescata-a-kira-ante-probable-maltrato-animal-y-activa-medidas-de-proteccion\\\/#breadcrumb\"},\"inLanguage\":\"es\",\"potentialAction\":[{\"@type\":\"ReadAction\",\"target\":[\"https:\\\/\\\/www.bbmnoticias.com\\\/fiscalia-de-oaxaca-rescata-a-kira-ante-probable-maltrato-animal-y-activa-medidas-de-proteccion\\\/\"]}]},{\"@type\":\"ImageObject\",\"inLanguage\":\"es\",\"@id\":\"https:\\\/\\\/www.bbmnoticias.com\\\/fiscalia-de-oaxaca-rescata-a-kira-ante-probable-maltrato-animal-y-activa-medidas-de-proteccion\\\/#primaryimage\",\"url\":\"https:\\\/\\\/www.bbmnoticias.com\\\/labravaradiofm\\\/wp-content\\\/uploads\\\/sites\\\/5\\\/2025\\\/12\\\/fiscalia_kira.jpg\",\"contentUrl\":\"https:\\\/\\\/www.bbmnoticias.com\\\/labravaradiofm\\\/wp-content\\\/uploads\\\/sites\\\/5\\\/2025\\\/12\\\/fiscalia_kira.jpg\",\"width\":800,\"height\":531},{\"@type\":\"BreadcrumbList\",\"@id\":\"https:\\\/\\\/www.bbmnoticias.com\\\/fiscalia-de-oaxaca-rescata-a-kira-ante-probable-maltrato-animal-y-activa-medidas-de-proteccion\\\/#breadcrumb\",\"itemListElement\":[{\"@type\":\"ListItem\",\"position\":1,\"name\":\"Inicio\",\"item\":\"https:\\\/\\\/www.bbmnoticias.com\\\/labravaradiofm\\\/\"},{\"@type\":\"ListItem\",\"position\":2,\"name\":\"Fiscal\u00eda de Oaxaca rescata a Kira ante probable maltrato animal y activa medidas de protecci\u00f3n\"}]},{\"@type\":\"WebSite\",\"@id\":\"https:\\\/\\\/www.bbmnoticias.com\\\/labravaradiofm\\\/#website\",\"url\":\"https:\\\/\\\/www.bbmnoticias.com\\\/labravaradiofm\\\/\",\"name\":\"LA BRAVA RADIO\",\"description\":\"Empresa productora de medios, Radiodifusi\u00f3n, Noticias, tendencias y todo lo que necesitas saber de la pol\u00edtica mexicana e internacional; entretenimiento, espect\u00e1culos, salud y mucho m\u00e1s.\",\"potentialAction\":[{\"@type\":\"SearchAction\",\"target\":{\"@type\":\"EntryPoint\",\"urlTemplate\":\"https:\\\/\\\/www.bbmnoticias.com\\\/labravaradiofm\\\/?s={search_term_string}\"},\"query-input\":{\"@type\":\"PropertyValueSpecification\",\"valueRequired\":true,\"valueName\":\"search_term_string\"}}],\"inLanguage\":\"es\"},{\"@type\":\"Person\",\"@id\":\"https:\\\/\\\/www.bbmnoticias.com\\\/labravaradiofm\\\/#\\\/schema\\\/person\\\/68a9e9036ef3c5b55aeb2b71dc8bab45\",\"name\":\"Staff\",\"image\":{\"@type\":\"ImageObject\",\"inLanguage\":\"es\",\"@id\":\"https:\\\/\\\/secure.gravatar.com\\\/avatar\\\/fdd21ad66fd8b98c407f9dee5b5e588cfe7f0d8579ec20fa6527cd59bab7f0f0?s=96&d=mm&r=g\",\"url\":\"https:\\\/\\\/secure.gravatar.com\\\/avatar\\\/fdd21ad66fd8b98c407f9dee5b5e588cfe7f0d8579ec20fa6527cd59bab7f0f0?s=96&d=mm&r=g\",\"contentUrl\":\"https:\\\/\\\/secure.gravatar.com\\\/avatar\\\/fdd21ad66fd8b98c407f9dee5b5e588cfe7f0d8579ec20fa6527cd59bab7f0f0?s=96&d=mm&r=g\",\"caption\":\"Staff\"},\"url\":\"https:\\\/\\\/www.bbmnoticias.com\\\/labravaradiofm\\\/author\\\/redaccion\\\/\"}]}<\/script>\n<!-- \/ Yoast SEO plugin. -->","yoast_head_json":{"title":"Fiscal\u00eda de Oaxaca rescata a Kira ante probable maltrato animal y activa medidas de protecci\u00f3n - LA BRAVA RADIO","robots":{"index":"index","follow":"follow","max-snippet":"max-snippet:-1","max-image-preview":"max-image-preview:large","max-video-preview":"max-video-preview:-1"},"canonical":"https:\/\/www.bbmnoticias.com\/fiscalia-de-oaxaca-rescata-a-kira-ante-probable-maltrato-animal-y-activa-medidas-de-proteccion\/","og_locale":"es_MX","og_type":"article","og_title":"Fiscal\u00eda de Oaxaca rescata a Kira ante probable maltrato animal y activa medidas de protecci\u00f3n - LA BRAVA RADIO","og_description":"Oaxaca de Ju\u00e1rez, Oax.- La Fiscal\u00eda General del Estado de Oaxaca (FGEO), a trav\u00e9s de la Unidad de Rescate Animal, inici\u00f3 acciones de atenci\u00f3n y protecci\u00f3n tras tener conocimiento de un caso de presunto maltrato animal ocurrido en la regi\u00f3n de los Valles Centrales. Derivado de una denuncia ciudadana, personal especializado de la FGEO acudi\u00f3 [&hellip;]","og_url":"https:\/\/www.bbmnoticias.com\/fiscalia-de-oaxaca-rescata-a-kira-ante-probable-maltrato-animal-y-activa-medidas-de-proteccion\/","og_site_name":"LA BRAVA RADIO","article_published_time":"2025-12-05T21:27:21+00:00","article_modified_time":"2025-12-05T21:27:31+00:00","og_image":[{"width":800,"height":531,"url":"https:\/\/www.bbmnoticias.com\/labravaradiofm\/wp-content\/uploads\/sites\/5\/2025\/12\/fiscalia_kira.jpg","type":"image\/jpeg"}],"author":"Staff","twitter_card":"summary_large_image","twitter_misc":{"Escrito por":"Staff","Tiempo de lectura":"1 minuto"},"schema":{"@context":"https:\/\/schema.org","@graph":[{"@type":"Article","@id":"https:\/\/www.bbmnoticias.com\/fiscalia-de-oaxaca-rescata-a-kira-ante-probable-maltrato-animal-y-activa-medidas-de-proteccion\/#article","isPartOf":{"@id":"https:\/\/www.bbmnoticias.com\/labravaradiofm\/2025\/12\/05\/fiscalia-de-oaxaca-rescata-a-kira-ante-probable-maltrato-animal-y-activa-medidas-de-proteccion\/"},"author":{"name":"Staff","@id":"https:\/\/www.bbmnoticias.com\/labravaradiofm\/#\/schema\/person\/68a9e9036ef3c5b55aeb2b71dc8bab45"},"headline":"Fiscal\u00eda de Oaxaca rescata a Kira ante probable maltrato animal y activa medidas de protecci\u00f3n","datePublished":"2025-12-05T21:27:21+00:00","dateModified":"2025-12-05T21:27:31+00:00","mainEntityOfPage":{"@id":"https:\/\/www.bbmnoticias.com\/labravaradiofm\/2025\/12\/05\/fiscalia-de-oaxaca-rescata-a-kira-ante-probable-maltrato-animal-y-activa-medidas-de-proteccion\/"},"wordCount":210,"image":{"@id":"https:\/\/www.bbmnoticias.com\/fiscalia-de-oaxaca-rescata-a-kira-ante-probable-maltrato-animal-y-activa-medidas-de-proteccion\/#primaryimage"},"thumbnailUrl":"https:\/\/www.bbmnoticias.com\/labravaradiofm\/wp-content\/uploads\/sites\/5\/2025\/12\/fiscalia_kira.jpg","articleSection":["LOCAL"],"inLanguage":"es"},{"@type":"WebPage","@id":"https:\/\/www.bbmnoticias.com\/labravaradiofm\/2025\/12\/05\/fiscalia-de-oaxaca-rescata-a-kira-ante-probable-maltrato-animal-y-activa-medidas-de-proteccion\/","url":"https:\/\/www.bbmnoticias.com\/fiscalia-de-oaxaca-rescata-a-kira-ante-probable-maltrato-animal-y-activa-medidas-de-proteccion\/","name":"Fiscal\u00eda de Oaxaca rescata a Kira ante probable maltrato animal y activa medidas de protecci\u00f3n - LA BRAVA RADIO","isPartOf":{"@id":"https:\/\/www.bbmnoticias.com\/labravaradiofm\/#website"},"primaryImageOfPage":{"@id":"https:\/\/www.bbmnoticias.com\/fiscalia-de-oaxaca-rescata-a-kira-ante-probable-maltrato-animal-y-activa-medidas-de-proteccion\/#primaryimage"},"image":{"@id":"https:\/\/www.bbmnoticias.com\/fiscalia-de-oaxaca-rescata-a-kira-ante-probable-maltrato-animal-y-activa-medidas-de-proteccion\/#primaryimage"},"thumbnailUrl":"https:\/\/www.bbmnoticias.com\/labravaradiofm\/wp-content\/uploads\/sites\/5\/2025\/12\/fiscalia_kira.jpg","datePublished":"2025-12-05T21:27:21+00:00","dateModified":"2025-12-05T21:27:31+00:00","author":{"@id":"https:\/\/www.bbmnoticias.com\/labravaradiofm\/#\/schema\/person\/68a9e9036ef3c5b55aeb2b71dc8bab45"},"breadcrumb":{"@id":"https:\/\/www.bbmnoticias.com\/fiscalia-de-oaxaca-rescata-a-kira-ante-probable-maltrato-animal-y-activa-medidas-de-proteccion\/#breadcrumb"},"inLanguage":"es","potentialAction":[{"@type":"ReadAction","target":["https:\/\/www.bbmnoticias.com\/fiscalia-de-oaxaca-rescata-a-kira-ante-probable-maltrato-animal-y-activa-medidas-de-proteccion\/"]}]},{"@type":"ImageObject","inLanguage":"es","@id":"https:\/\/www.bbmnoticias.com\/fiscalia-de-oaxaca-rescata-a-kira-ante-probable-maltrato-animal-y-activa-medidas-de-proteccion\/#primaryimage","url":"https:\/\/www.bbmnoticias.com\/labravaradiofm\/wp-content\/uploads\/sites\/5\/2025\/12\/fiscalia_kira.jpg","contentUrl":"https:\/\/www.bbmnoticias.com\/labravaradiofm\/wp-content\/uploads\/sites\/5\/2025\/12\/fiscalia_kira.jpg","width":800,"height":531},{"@type":"BreadcrumbList","@id":"https:\/\/www.bbmnoticias.com\/fiscalia-de-oaxaca-rescata-a-kira-ante-probable-maltrato-animal-y-activa-medidas-de-proteccion\/#breadcrumb","itemListElement":[{"@type":"ListItem","position":1,"name":"Inicio","item":"https:\/\/www.bbmnoticias.com\/labravaradiofm\/"},{"@type":"ListItem","position":2,"name":"Fiscal\u00eda de Oaxaca rescata a Kira ante probable maltrato animal y activa medidas de protecci\u00f3n"}]},{"@type":"WebSite","@id":"https:\/\/www.bbmnoticias.com\/labravaradiofm\/#website","url":"https:\/\/www.bbmnoticias.com\/labravaradiofm\/","name":"LA BRAVA RADIO","description":"Empresa productora de medios, Radiodifusi\u00f3n, Noticias, tendencias y todo lo que necesitas saber de la pol\u00edtica mexicana e internacional; entretenimiento, espect\u00e1culos, salud y mucho m\u00e1s.","potentialAction":[{"@type":"SearchAction","target":{"@type":"EntryPoint","urlTemplate":"https:\/\/www.bbmnoticias.com\/labravaradiofm\/?s={search_term_string}"},"query-input":{"@type":"PropertyValueSpecification","valueRequired":true,"valueName":"search_term_string"}}],"inLanguage":"es"},{"@type":"Person","@id":"https:\/\/www.bbmnoticias.com\/labravaradiofm\/#\/schema\/person\/68a9e9036ef3c5b55aeb2b71dc8bab45","name":"Staff","image":{"@type":"ImageObject","inLanguage":"es","@id":"https:\/\/secure.gravatar.com\/avatar\/fdd21ad66fd8b98c407f9dee5b5e588cfe7f0d8579ec20fa6527cd59bab7f0f0?s=96&d=mm&r=g","url":"https:\/\/secure.gravatar.com\/avatar\/fdd21ad66fd8b98c407f9dee5b5e588cfe7f0d8579ec20fa6527cd59bab7f0f0?s=96&d=mm&r=g","contentUrl":"https:\/\/secure.gravatar.com\/avatar\/fdd21ad66fd8b98c407f9dee5b5e588cfe7f0d8579ec20fa6527cd59bab7f0f0?s=96&d=mm&r=g","caption":"Staff"},"url":"https:\/\/www.bbmnoticias.com\/labravaradiofm\/author\/redaccion\/"}]}},"_links":{"self":[{"href":"https:\/\/www.bbmnoticias.com\/labravaradiofm\/wp-json\/wp\/v2\/posts\/70912","targetHints":{"allow":["GET"]}}],"collection":[{"href":"https:\/\/www.bbmnoticias.com\/labravaradiofm\/wp-json\/wp\/v2\/posts"}],"about":[{"href":"https:\/\/www.bbmnoticias.com\/labravaradiofm\/wp-json\/wp\/v2\/types\/post"}],"author":[{"embeddable":true,"href":"https:\/\/www.bbmnoticias.com\/labravaradiofm\/wp-json\/wp\/v2\/users\/2"}],"replies":[{"embeddable":true,"href":"https:\/\/www.bbmnoticias.com\/labravaradiofm\/wp-json\/wp\/v2\/comments?post=70912"}],"version-history":[{"count":0,"href":"https:\/\/www.bbmnoticias.com\/labravaradiofm\/wp-json\/wp\/v2\/posts\/70912\/revisions"}],"wp:featuredmedia":[{"embeddable":true,"href":"https:\/\/www.bbmnoticias.com\/labravaradiofm\/wp-json\/wp\/v2\/media\/70914"}],"wp:attachment":[{"href":"https:\/\/www.bbmnoticias.com\/labravaradiofm\/wp-json\/wp\/v2\/media?parent=70912"}],"wp:term":[{"taxonomy":"category","embeddable":true,"href":"https:\/\/www.bbmnoticias.com\/labravaradiofm\/wp-json\/wp\/v2\/categories?post=70912"},{"taxonomy":"post_tag","embeddable":true,"href":"https:\/\/www.bbmnoticias.com\/labravaradiofm\/wp-json\/wp\/v2\/tags?post=70912"}],"curies":[{"name":"wp","href":"https:\/\/api.w.org\/{rel}","templated":true}]}}